{"id":1005,"date":"2020-02-04T22:11:37","date_gmt":"2020-02-04T21:11:37","guid":{"rendered":"https:\/\/www.fotografo-profesional.net\/diario\/?p=1005"},"modified":"2020-02-05T16:42:26","modified_gmt":"2020-02-05T15:42:26","slug":"exposicion-de-steve-mccurry-en-madrid","status":"publish","type":"post","link":"https:\/\/www.fotografo-profesional.net\/diario\/2020\/02\/04\/exposicion-de-steve-mccurry-en-madrid\/","title":{"rendered":"Exposici\u00f3n de Steve McCurry en Madrid"},"content":{"rendered":"<p><img decoding=\"async\" class=\"alignnone size-full wp-image-1012\" src=\"https:\/\/www.fotografo-profesional.net\/diario\/wp-content\/uploads\/2020\/02\/Fot\u00f3grafo-profesional-en-Madrid-LMC-0064-2.jpg\" alt=\"\" width=\"600\" height=\"400\" srcset=\"https:\/\/www.fotografo-profesional.net\/diario\/wp-content\/uploads\/2020\/02\/Fot\u00f3grafo-profesional-en-Madrid-LMC-0064-2.jpg 600w, https:\/\/www.fotografo-profesional.net\/diario\/wp-content\/uploads\/2020\/02\/Fot\u00f3grafo-profesional-en-Madrid-LMC-0064-2-300x200.jpg 300w\" sizes=\"(max-width: 600px) 100vw, 600px\" \/><\/p>\n<p>En la exposici\u00f3n de Steve McCurry que ahora mismo hay en Madrid se puede contemplar su famosa <strong>fotograf\u00eda de la ni\u00f1a afgana, que fuera portada de la revista Nacional Geographic en 1985.<\/strong><br \/>\n\u00bfD\u00f3nde? En la Leica Store de Madrid, que se encuentra en el n\u00famero 34 de la calle de Ortega y Gasset (metro Nu\u00f1ez de Balboa). No es \u00fanicamente una tienda de fotograf\u00eda, adem\u00e1s ofrece exposiciones que cualquier profesional, aficionado o curioso puede visitar de forma gratuita.<\/p>\n<p><img decoding=\"async\" class=\"alignnone size-full wp-image-1011\" src=\"https:\/\/www.fotografo-profesional.net\/diario\/wp-content\/uploads\/2020\/02\/Fot\u00f3grafo-profesional-en-Madrid-LMC-0064-1.jpg\" alt=\"Rtratos de Steve McCurry\" width=\"600\" height=\"400\" srcset=\"https:\/\/www.fotografo-profesional.net\/diario\/wp-content\/uploads\/2020\/02\/Fot\u00f3grafo-profesional-en-Madrid-LMC-0064-1.jpg 600w, https:\/\/www.fotografo-profesional.net\/diario\/wp-content\/uploads\/2020\/02\/Fot\u00f3grafo-profesional-en-Madrid-LMC-0064-1-300x200.jpg 300w\" sizes=\"(max-width: 600px) 100vw, 600px\" \/><\/p>\n<p>El personal de este espacio informa amablemente a toda persona interesada en ver las distintas exposiciones de <a href=\"https:\/\/www.fotografo-profesional.net\/diario\/2019\/08\/19\/exposicion-de-berenice-abbott\/\"><span style=\"color: #33cccc;\"><em>maestros internacionales<\/em><\/span><\/a> de la fotograf\u00eda que vienen programando desde el pasado mes de noviembre para dejarle disfrutar de ellas posteriormente mientras ellos se dedican a atender a las personas interesadas en las c\u00e1maras y el equipo fotogr\u00e1fico.<br \/>\nAdem\u00e1s de la zona dedicada a la tienda y las de las galer\u00edas de exposiciones <strong>hay un espacio denominado Leica Akademie<\/strong>, habilitado en la planta baja para poder impartir charlas, eventos, clases maestras o seminarios.<\/p>\n<p><img decoding=\"async\" class=\"alignnone size-full wp-image-1013\" src=\"https:\/\/www.fotografo-profesional.net\/diario\/wp-content\/uploads\/2020\/02\/Fot\u00f3grafo-profesional-en-Madrid-LMC-0064-3.jpg\" alt=\"Exposici\u00f3n de Steve McCurry en Madrid\" width=\"600\" height=\"400\" srcset=\"https:\/\/www.fotografo-profesional.net\/diario\/wp-content\/uploads\/2020\/02\/Fot\u00f3grafo-profesional-en-Madrid-LMC-0064-3.jpg 600w, https:\/\/www.fotografo-profesional.net\/diario\/wp-content\/uploads\/2020\/02\/Fot\u00f3grafo-profesional-en-Madrid-LMC-0064-3-300x200.jpg 300w\" sizes=\"(max-width: 600px) 100vw, 600px\" \/><\/p>\n<p>Hoy en d\u00eda, el fot\u00f3grafo americano de la agencia Magnum est\u00e1 considerado como uno de los grandes maestros de la fotograf\u00eda, a pesar de la pol\u00e9mica que hubo en su momento al descubrirse que eliminaba detalles en la edici\u00f3n de sus fotograf\u00edas.<\/p>\n<p><img decoding=\"async\" class=\"alignnone size-full wp-image-1014\" src=\"https:\/\/www.fotografo-profesional.net\/diario\/wp-content\/uploads\/2020\/02\/Fot\u00f3grafo-profesional-en-Madrid-LMC-0064-4.jpg\" alt=\"Exposici\u00f3n de Steve McCurry\" width=\"600\" height=\"400\" srcset=\"https:\/\/www.fotografo-profesional.net\/diario\/wp-content\/uploads\/2020\/02\/Fot\u00f3grafo-profesional-en-Madrid-LMC-0064-4.jpg 600w, https:\/\/www.fotografo-profesional.net\/diario\/wp-content\/uploads\/2020\/02\/Fot\u00f3grafo-profesional-en-Madrid-LMC-0064-4-300x200.jpg 300w\" sizes=\"(max-width: 600px) 100vw, 600px\" \/><\/p>\n<p>La mayor\u00eda de las fotograf\u00edas que hay en la exposici\u00f3n de Steve McCurry la forman retratos, tanto el de ni\u00f1os como de adultos. Todos son cl\u00e1sicos: solo muestran el torso de los fotografiados en formato vertical y mirando directamente a c\u00e1mara, con poca profundidad de campo y generalmente de frente.<\/p>\n<p><img decoding=\"async\" class=\"alignnone size-full wp-image-1015\" src=\"https:\/\/www.fotografo-profesional.net\/diario\/wp-content\/uploads\/2020\/02\/Fot\u00f3grafo-profesional-en-Madrid-LMC-0064-5.jpg\" alt=\"Galer\u00eda con la exposici\u00f3n de Steve McCurry\" width=\"600\" height=\"400\" srcset=\"https:\/\/www.fotografo-profesional.net\/diario\/wp-content\/uploads\/2020\/02\/Fot\u00f3grafo-profesional-en-Madrid-LMC-0064-5.jpg 600w, https:\/\/www.fotografo-profesional.net\/diario\/wp-content\/uploads\/2020\/02\/Fot\u00f3grafo-profesional-en-Madrid-LMC-0064-5-300x200.jpg 300w\" sizes=\"(max-width: 600px) 100vw, 600px\" \/><br \/>\nLas personas retratadas mantienen una actitud digna frente a la c\u00e1mara, por muy desarrapadas que est\u00e9n \u2013hasta el ni\u00f1o que llora. En otra de ellas hay un joven de clase popular con porte tan digna como si fuera un pr\u00edncipe.<\/p>\n<p><img decoding=\"async\" class=\"alignnone size-full wp-image-1016\" src=\"https:\/\/www.fotografo-profesional.net\/diario\/wp-content\/uploads\/2020\/02\/Fot\u00f3grafo-profesional-en-Madrid-LMC-0064-6.jpg\" alt=\"Exposici\u00f3n con documental de Steve McCurry\" width=\"600\" height=\"400\" srcset=\"https:\/\/www.fotografo-profesional.net\/diario\/wp-content\/uploads\/2020\/02\/Fot\u00f3grafo-profesional-en-Madrid-LMC-0064-6.jpg 600w, https:\/\/www.fotografo-profesional.net\/diario\/wp-content\/uploads\/2020\/02\/Fot\u00f3grafo-profesional-en-Madrid-LMC-0064-6-300x200.jpg 300w\" sizes=\"(max-width: 600px) 100vw, 600px\" \/><br \/>\n<strong>Contemplando el v\u00eddeo que muestra la forma de trabajo de Steve McCurry se comprende la actitud de los modelos<\/strong>: dispara de cerca, despu\u00e9s de hablar con ellos, desde poco m\u00e1s de un metro de distancia y nunca antes de que miren a c\u00e1mara.<\/p>\n<p><img decoding=\"async\" class=\"alignnone size-full wp-image-1017\" src=\"https:\/\/www.fotografo-profesional.net\/diario\/wp-content\/uploads\/2020\/02\/Fot\u00f3grafo-profesional-en-Madrid-LMC-0064-7.jpg\" alt=\"Espacio Leica Akademie en Madrid\" width=\"600\" height=\"400\" srcset=\"https:\/\/www.fotografo-profesional.net\/diario\/wp-content\/uploads\/2020\/02\/Fot\u00f3grafo-profesional-en-Madrid-LMC-0064-7.jpg 600w, https:\/\/www.fotografo-profesional.net\/diario\/wp-content\/uploads\/2020\/02\/Fot\u00f3grafo-profesional-en-Madrid-LMC-0064-7-300x200.jpg 300w\" sizes=\"(max-width: 600px) 100vw, 600px\" \/><\/p>\n<p>Adem\u00e1s, utiliza el grano (ahora llamado ruido) para dar calidez; y aqu\u00e9l y el acabado de su edici\u00f3n son reconocibles, son parte de su estilo.<\/p>\n<p><img decoding=\"async\" class=\"alignnone wp-image-1018 size-full\" src=\"https:\/\/www.fotografo-profesional.net\/diario\/wp-content\/uploads\/2020\/02\/Fot\u00f3grafo-profesional-en-Madrid-LMC-0064-9.jpg\" alt=\"Detalle del grano de un retrato\" width=\"600\" height=\"400\" srcset=\"https:\/\/www.fotografo-profesional.net\/diario\/wp-content\/uploads\/2020\/02\/Fot\u00f3grafo-profesional-en-Madrid-LMC-0064-9.jpg 600w, https:\/\/www.fotografo-profesional.net\/diario\/wp-content\/uploads\/2020\/02\/Fot\u00f3grafo-profesional-en-Madrid-LMC-0064-9-300x200.jpg 300w\" sizes=\"(max-width: 600px) 100vw, 600px\" \/><\/p>\n<p>En la plata baja hay una segunda exposici\u00f3n de Steve McCurry, que muestra algunas de sus im\u00e1genes tomadas en China. Retratos y estampas cotidianas del entrenamiento de los j\u00f3venes y la vida de los monjes.<\/p>\n<p><img decoding=\"async\" class=\"alignnone size-full wp-image-1019\" src=\"https:\/\/www.fotografo-profesional.net\/diario\/wp-content\/uploads\/2020\/02\/Fot\u00f3grafo-profesional-en-Madrid-LMC-0064-8.jpg\" alt=\"Exposici\u00f3n de Steve McCurry en Madrid\" width=\"600\" height=\"400\" srcset=\"https:\/\/www.fotografo-profesional.net\/diario\/wp-content\/uploads\/2020\/02\/Fot\u00f3grafo-profesional-en-Madrid-LMC-0064-8.jpg 600w, https:\/\/www.fotografo-profesional.net\/diario\/wp-content\/uploads\/2020\/02\/Fot\u00f3grafo-profesional-en-Madrid-LMC-0064-8-300x200.jpg 300w\" sizes=\"(max-width: 600px) 100vw, 600px\" \/><\/p>\n<p>Quedan pocos d\u00edas para poder ver la muestra. A pesar de que Leica sea una marca exclusiva y de que la tienda est\u00e9 situada en el Barrio de Salamanca de Madrid no hay que amedrentarse: la entrada es gratuita.<\/p>\n","protected":false},"excerpt":{"rendered":"<p>En la exposici\u00f3n de Steve McCurry que ahora mismo hay en Madrid se puede contemplar su famosa fotograf\u00eda de la ni\u00f1a afgana, que fuera portada de la revista Nacional Geographic en 1985. \u00bfD\u00f3nde? En la Leica Store de Madrid, que se encuentra en el n\u00famero 34 de la calle de Ortega y Gasset (metro Nu\u00f1ez [&hellip;]<\/p>\n","protected":false},"author":2,"featured_media":1012,"comment_status":"closed","ping_status":"open","sticky":false,"template":"","format":"standard","meta":[],"categories":[330,188,189,172,207,257,262,116],"tags":[354,117,348,119,120,307,356,347,355],"yoast_head":"<!-- This site is optimized with the Yoast SEO plugin v20.8 - https:\/\/yoast.com\/wordpress\/plugins\/seo\/ -->\n<title>Exposici\u00f3n de Steve McCurry en Madrid - Luis Miguel del Campo<\/title>\n<meta name=\"description\" content=\"Todav\u00eda est\u00e1s a tiempo de ver la exposici\u00f3n de Steve McCurry en la Leica Store de Madrid, con la ic\u00f3nica fotograf\u00eda de la ni\u00f1a afgana.\" \/>\n<meta name=\"robots\" content=\"index, follow, max-snippet:-1, max-image-preview:large, max-video-preview:-1\" \/>\n<link rel=\"canonical\" href=\"https:\/\/www.fotografo-profesional.net\/diario\/2020\/02\/04\/exposicion-de-steve-mccurry-en-madrid\/\" \/>\n<meta property=\"og:locale\" content=\"es_ES\" \/>\n<meta property=\"og:type\" content=\"article\" \/>\n<meta property=\"og:title\" content=\"Exposici\u00f3n de Steve McCurry en Madrid - Luis Miguel del Campo\" \/>\n<meta property=\"og:description\" content=\"Todav\u00eda est\u00e1s a tiempo de ver la exposici\u00f3n de Steve McCurry en la Leica Store de Madrid, con la ic\u00f3nica fotograf\u00eda de la ni\u00f1a afgana.\" \/>\n<meta property=\"og:url\" content=\"https:\/\/www.fotografo-profesional.net\/diario\/2020\/02\/04\/exposicion-de-steve-mccurry-en-madrid\/\" \/>\n<meta property=\"og:site_name\" content=\"Luis Miguel del Campo\" \/>\n<meta property=\"article:published_time\" content=\"2020-02-04T21:11:37+00:00\" \/>\n<meta property=\"article:modified_time\" content=\"2020-02-05T15:42:26+00:00\" \/>\n<meta property=\"og:image\" content=\"https:\/\/www.fotografo-profesional.net\/diario\/wp-content\/uploads\/2020\/02\/Fot\u00f3grafo-profesional-en-Madrid-LMC-0064-2.jpg\" \/>\n\t<meta property=\"og:image:width\" content=\"600\" \/>\n\t<meta property=\"og:image:height\" content=\"400\" \/>\n\t<meta property=\"og:image:type\" content=\"image\/jpeg\" \/>\n<meta name=\"author\" content=\"Luis Miguel del Campo\" \/>\n<meta name=\"twitter:card\" content=\"summary_large_image\" \/>\n<meta name=\"twitter:label1\" content=\"Escrito por\" \/>\n\t<meta name=\"twitter:data1\" content=\"Luis Miguel del Campo\" \/>\n\t<meta name=\"twitter:label2\" content=\"Tiempo de lectura\" \/>\n\t<meta name=\"twitter:data2\" content=\"2 minutos\" \/>\n<script type=\"application\/ld+json\" class=\"yoast-schema-graph\">{\"@context\":\"https:\/\/schema.org\",\"@graph\":[{\"@type\":\"WebPage\",\"@id\":\"https:\/\/www.fotografo-profesional.net\/diario\/2020\/02\/04\/exposicion-de-steve-mccurry-en-madrid\/\",\"url\":\"https:\/\/www.fotografo-profesional.net\/diario\/2020\/02\/04\/exposicion-de-steve-mccurry-en-madrid\/\",\"name\":\"Exposici\u00f3n de Steve McCurry en Madrid - Luis Miguel del Campo\",\"isPartOf\":{\"@id\":\"https:\/\/www.fotografo-profesional.net\/diario\/#website\"},\"datePublished\":\"2020-02-04T21:11:37+00:00\",\"dateModified\":\"2020-02-05T15:42:26+00:00\",\"author\":{\"@id\":\"https:\/\/www.fotografo-profesional.net\/diario\/#\/schema\/person\/220504871d765b4c30a0af1d2fe93533\"},\"description\":\"Todav\u00eda est\u00e1s a tiempo de ver la exposici\u00f3n de Steve McCurry en la Leica Store de Madrid, con la ic\u00f3nica fotograf\u00eda de la ni\u00f1a afgana.\",\"breadcrumb\":{\"@id\":\"https:\/\/www.fotografo-profesional.net\/diario\/2020\/02\/04\/exposicion-de-steve-mccurry-en-madrid\/#breadcrumb\"},\"inLanguage\":\"es\",\"potentialAction\":[{\"@type\":\"ReadAction\",\"target\":[\"https:\/\/www.fotografo-profesional.net\/diario\/2020\/02\/04\/exposicion-de-steve-mccurry-en-madrid\/\"]}]},{\"@type\":\"BreadcrumbList\",\"@id\":\"https:\/\/www.fotografo-profesional.net\/diario\/2020\/02\/04\/exposicion-de-steve-mccurry-en-madrid\/#breadcrumb\",\"itemListElement\":[{\"@type\":\"ListItem\",\"position\":1,\"name\":\"Inicio\",\"item\":\"https:\/\/www.fotografo-profesional.net\/diario\/\"},{\"@type\":\"ListItem\",\"position\":2,\"name\":\"Exposici\u00f3n de Steve McCurry en Madrid\"}]},{\"@type\":\"WebSite\",\"@id\":\"https:\/\/www.fotografo-profesional.net\/diario\/#website\",\"url\":\"https:\/\/www.fotografo-profesional.net\/diario\/\",\"name\":\"Luis Miguel del Campo\",\"description\":\"Blog de un fot\u00f3grafo profesional\",\"potentialAction\":[{\"@type\":\"SearchAction\",\"target\":{\"@type\":\"EntryPoint\",\"urlTemplate\":\"https:\/\/www.fotografo-profesional.net\/diario\/?s={search_term_string}\"},\"query-input\":\"required name=search_term_string\"}],\"inLanguage\":\"es\"},{\"@type\":\"Person\",\"@id\":\"https:\/\/www.fotografo-profesional.net\/diario\/#\/schema\/person\/220504871d765b4c30a0af1d2fe93533\",\"name\":\"Luis Miguel del Campo\",\"image\":{\"@type\":\"ImageObject\",\"inLanguage\":\"es\",\"@id\":\"https:\/\/www.fotografo-profesional.net\/diario\/#\/schema\/person\/image\/\",\"url\":\"https:\/\/secure.gravatar.com\/avatar\/84bb1120095136de86f122a882a42d61?s=96&d=mm&r=g\",\"contentUrl\":\"https:\/\/secure.gravatar.com\/avatar\/84bb1120095136de86f122a882a42d61?s=96&d=mm&r=g\",\"caption\":\"Luis Miguel del Campo\"},\"url\":\"https:\/\/www.fotografo-profesional.net\/diario\/author\/admin_lmdc\/\"}]}<\/script>\n<!-- \/ Yoast SEO plugin. -->","yoast_head_json":{"title":"Exposici\u00f3n de Steve McCurry en Madrid - Luis Miguel del Campo","description":"Todav\u00eda est\u00e1s a tiempo de ver la exposici\u00f3n de Steve McCurry en la Leica Store de Madrid, con la ic\u00f3nica fotograf\u00eda de la ni\u00f1a afgana.","robots":{"index":"index","follow":"follow","max-snippet":"max-snippet:-1","max-image-preview":"max-image-preview:large","max-video-preview":"max-video-preview:-1"},"canonical":"https:\/\/www.fotografo-profesional.net\/diario\/2020\/02\/04\/exposicion-de-steve-mccurry-en-madrid\/","og_locale":"es_ES","og_type":"article","og_title":"Exposici\u00f3n de Steve McCurry en Madrid - Luis Miguel del Campo","og_description":"Todav\u00eda est\u00e1s a tiempo de ver la exposici\u00f3n de Steve McCurry en la Leica Store de Madrid, con la ic\u00f3nica fotograf\u00eda de la ni\u00f1a afgana.","og_url":"https:\/\/www.fotografo-profesional.net\/diario\/2020\/02\/04\/exposicion-de-steve-mccurry-en-madrid\/","og_site_name":"Luis Miguel del Campo","article_published_time":"2020-02-04T21:11:37+00:00","article_modified_time":"2020-02-05T15:42:26+00:00","og_image":[{"width":600,"height":400,"url":"https:\/\/www.fotografo-profesional.net\/diario\/wp-content\/uploads\/2020\/02\/Fot\u00f3grafo-profesional-en-Madrid-LMC-0064-2.jpg","type":"image\/jpeg"}],"author":"Luis Miguel del Campo","twitter_card":"summary_large_image","twitter_misc":{"Escrito por":"Luis Miguel del Campo","Tiempo de lectura":"2 minutos"},"schema":{"@context":"https:\/\/schema.org","@graph":[{"@type":"WebPage","@id":"https:\/\/www.fotografo-profesional.net\/diario\/2020\/02\/04\/exposicion-de-steve-mccurry-en-madrid\/","url":"https:\/\/www.fotografo-profesional.net\/diario\/2020\/02\/04\/exposicion-de-steve-mccurry-en-madrid\/","name":"Exposici\u00f3n de Steve McCurry en Madrid - Luis Miguel del Campo","isPartOf":{"@id":"https:\/\/www.fotografo-profesional.net\/diario\/#website"},"datePublished":"2020-02-04T21:11:37+00:00","dateModified":"2020-02-05T15:42:26+00:00","author":{"@id":"https:\/\/www.fotografo-profesional.net\/diario\/#\/schema\/person\/220504871d765b4c30a0af1d2fe93533"},"description":"Todav\u00eda est\u00e1s a tiempo de ver la exposici\u00f3n de Steve McCurry en la Leica Store de Madrid, con la ic\u00f3nica fotograf\u00eda de la ni\u00f1a afgana.","breadcrumb":{"@id":"https:\/\/www.fotografo-profesional.net\/diario\/2020\/02\/04\/exposicion-de-steve-mccurry-en-madrid\/#breadcrumb"},"inLanguage":"es","potentialAction":[{"@type":"ReadAction","target":["https:\/\/www.fotografo-profesional.net\/diario\/2020\/02\/04\/exposicion-de-steve-mccurry-en-madrid\/"]}]},{"@type":"BreadcrumbList","@id":"https:\/\/www.fotografo-profesional.net\/diario\/2020\/02\/04\/exposicion-de-steve-mccurry-en-madrid\/#breadcrumb","itemListElement":[{"@type":"ListItem","position":1,"name":"Inicio","item":"https:\/\/www.fotografo-profesional.net\/diario\/"},{"@type":"ListItem","position":2,"name":"Exposici\u00f3n de Steve McCurry en Madrid"}]},{"@type":"WebSite","@id":"https:\/\/www.fotografo-profesional.net\/diario\/#website","url":"https:\/\/www.fotografo-profesional.net\/diario\/","name":"Luis Miguel del Campo","description":"Blog de un fot\u00f3grafo profesional","potentialAction":[{"@type":"SearchAction","target":{"@type":"EntryPoint","urlTemplate":"https:\/\/www.fotografo-profesional.net\/diario\/?s={search_term_string}"},"query-input":"required name=search_term_string"}],"inLanguage":"es"},{"@type":"Person","@id":"https:\/\/www.fotografo-profesional.net\/diario\/#\/schema\/person\/220504871d765b4c30a0af1d2fe93533","name":"Luis Miguel del Campo","image":{"@type":"ImageObject","inLanguage":"es","@id":"https:\/\/www.fotografo-profesional.net\/diario\/#\/schema\/person\/image\/","url":"https:\/\/secure.gravatar.com\/avatar\/84bb1120095136de86f122a882a42d61?s=96&d=mm&r=g","contentUrl":"https:\/\/secure.gravatar.com\/avatar\/84bb1120095136de86f122a882a42d61?s=96&d=mm&r=g","caption":"Luis Miguel del Campo"},"url":"https:\/\/www.fotografo-profesional.net\/diario\/author\/admin_lmdc\/"}]}},"_links":{"self":[{"href":"https:\/\/www.fotografo-profesional.net\/diario\/wp-json\/wp\/v2\/posts\/1005"}],"collection":[{"href":"https:\/\/www.fotografo-profesional.net\/diario\/wp-json\/wp\/v2\/posts"}],"about":[{"href":"https:\/\/www.fotografo-profesional.net\/diario\/wp-json\/wp\/v2\/types\/post"}],"author":[{"embeddable":true,"href":"https:\/\/www.fotografo-profesional.net\/diario\/wp-json\/wp\/v2\/users\/2"}],"replies":[{"embeddable":true,"href":"https:\/\/www.fotografo-profesional.net\/diario\/wp-json\/wp\/v2\/comments?post=1005"}],"version-history":[{"count":3,"href":"https:\/\/www.fotografo-profesional.net\/diario\/wp-json\/wp\/v2\/posts\/1005\/revisions"}],"predecessor-version":[{"id":1021,"href":"https:\/\/www.fotografo-profesional.net\/diario\/wp-json\/wp\/v2\/posts\/1005\/revisions\/1021"}],"wp:featuredmedia":[{"embeddable":true,"href":"https:\/\/www.fotografo-profesional.net\/diario\/wp-json\/wp\/v2\/media\/1012"}],"wp:attachment":[{"href":"https:\/\/www.fotografo-profesional.net\/diario\/wp-json\/wp\/v2\/media?parent=1005"}],"wp:term":[{"taxonomy":"category","embeddable":true,"href":"https:\/\/www.fotografo-profesional.net\/diario\/wp-json\/wp\/v2\/categories?post=1005"},{"taxonomy":"post_tag","embeddable":true,"href":"https:\/\/www.fotografo-profesional.net\/diario\/wp-json\/wp\/v2\/tags?post=1005"}],"curies":[{"name":"wp","href":"https:\/\/api.w.org\/{rel}","templated":true}]}}