{"id":1036,"date":"2020-02-21T16:52:05","date_gmt":"2020-02-21T15:52:05","guid":{"rendered":"https:\/\/www.fotografo-profesional.net\/diario\/?p=1036"},"modified":"2020-02-21T17:49:27","modified_gmt":"2020-02-21T16:49:27","slug":"mision-fotografiar-los-suenos","status":"publish","type":"post","link":"https:\/\/www.fotografo-profesional.net\/diario\/2020\/02\/21\/mision-fotografiar-los-suenos\/","title":{"rendered":"Misi\u00f3n: fotografiar los sue\u00f1os"},"content":{"rendered":"<p><img decoding=\"async\" class=\"alignnone size-full wp-image-1042\" src=\"https:\/\/www.fotografo-profesional.net\/diario\/wp-content\/uploads\/2020\/02\/Fot\u00f3grafo-profesional-en-Madrid-LMC-0069.jpg\" alt=\"Fotografiar los sue\u00f1os\" width=\"600\" height=\"400\" srcset=\"https:\/\/www.fotografo-profesional.net\/diario\/wp-content\/uploads\/2020\/02\/Fot\u00f3grafo-profesional-en-Madrid-LMC-0069.jpg 600w, https:\/\/www.fotografo-profesional.net\/diario\/wp-content\/uploads\/2020\/02\/Fot\u00f3grafo-profesional-en-Madrid-LMC-0069-300x200.jpg 300w\" sizes=\"(max-width: 600px) 100vw, 600px\" \/><\/p>\n<p>\u00bfC\u00f3mo se pueden fotografiar los sue\u00f1os?, querr\u00e1 saber m\u00e1s de un lector.<\/p>\n<p>Sin duda no resulta nada f\u00e1cil responder a esa cuesti\u00f3n y no s\u00e9 si lo conseguir\u00e9. Menos, si alguna vez he conseguido o conseguir\u00e9 fotografiar alguno. Intentarlo, lo he intentado.<br \/>Ese empe\u00f1o puede parecer muy metaf\u00edsico, pero puedo asegurar que ya hace casi cuarenta a\u00f1os se hac\u00edan preguntas similares y se requer\u00eda a los alumnos de carreras t\u00e9cnicas que resolvieran problemas similares, aunque pueda parecer algo muy alejado de ese campo del conocimiento humano.<\/p>\n<p>A m\u00ed en particular, que estudi\u00e9 ingenier\u00eda aunque no llegara a acabar la carrera, <strong>nunca me encomendaron la dif\u00edcil tarea de fotografiar los sue\u00f1os<\/strong>. (Mi trayectoria personal se resume perfectamente en esa canci\u00f3n que en la d\u00e9cada de 1980 compusieron Bulldog y que dec\u00eda: \u201cel estudiaba para ingeniero,\/ pero algo se torci\u00f3 y se hizo rockero\u201d. Y tambi\u00e9n, de paso, fot\u00f3grafo profesional.)<\/p>\n<p>Sin embargo, amigos que estudiaron Arquitectura comentaban sorprendidos por aquel entonces que en su Escuela les encomendaban trabajos tan creativos como dibujar el alma de una gallina. Bien es cierto que a los arquitectos siempre se les ha considerado los artistas de las carreras t\u00e9cnicas. Y se les ha preparado para que al acabar sus estudios estuviesen preparados para comportarse como tales y ser conscientes de ello.<\/p>\n<p>El caso es que todos los que nos dedicamos a<a href=\"https:\/\/www.fotografo-profesional.net\/diario\/2019\/11\/12\/fotografia-profesional-en-madrid\/\"><span style=\"color: #33cccc;\"><em> capturar im\u00e1genes<\/em><\/span><\/a>, de una forma u otra, lo que hacemos no deja de ser fotografiar los sue\u00f1os. Los propios y los de los dem\u00e1s.<br \/>Con mayor o menor fortuna, desde el fot\u00f3grafo de bodas barato que solo se dedica a los enlaces matrimoniales hasta el m\u00e1s reconocido de los <a href=\"https:\/\/www.fotografo-profesional.net\/diario\/2018\/10\/28\/jornada-de-fotoperiodismo-en-madrid\/\"><span style=\"color: #33cccc;\"><em>fotorreporteros<\/em><\/span><\/a> que cubre conflictos b\u00e9licos en todos los confines del planeta, no hacemos otra cosa que fotografiar los sue\u00f1os; y las pesadillas, las esperanzas, los sentimientos, los anhelos&#8230; La felicidad fugaz de haber cumplido alguno de ellos y todos los sentimientos que afloran de las personas que pueblan las fotograf\u00edas de todo fot\u00f3grafo, sea profesional o aficionado.<\/p>\n<p><strong>Cuando hice la fotograf\u00eda superior pens\u00e9 que pod\u00eda estar fotografiando un sue\u00f1o en su representaci\u00f3n m\u00e1s simple y abstracta<\/strong>. Algo agradable pero tan fr\u00e1gil y delicado que en cualquier momento puede desaparecer. No s\u00e9 si estaba en lo cierto.<\/p>\n\n\n<p><\/p>\n","protected":false},"excerpt":{"rendered":"<p>\u00bfC\u00f3mo se pueden fotografiar los sue\u00f1os?, querr\u00e1 saber m\u00e1s de un lector. Sin duda no resulta nada f\u00e1cil responder a esa cuesti\u00f3n y no s\u00e9 si lo conseguir\u00e9. Menos, si alguna vez he conseguido o conseguir\u00e9 fotografiar alguno. Intentarlo, lo he intentado.Ese empe\u00f1o puede parecer muy metaf\u00edsico, pero puedo asegurar que ya hace casi cuarenta [&hellip;]<\/p>\n","protected":false},"author":2,"featured_media":1042,"comment_status":"closed","ping_status":"open","sticky":false,"template":"","format":"standard","meta":[],"categories":[319,171,255,188,189,172,207],"tags":[358,117,59,284,120,307],"yoast_head":"<!-- This site is optimized with the Yoast SEO plugin v20.8 - https:\/\/yoast.com\/wordpress\/plugins\/seo\/ -->\n<title>Misi\u00f3n: fotografiar los sue\u00f1os - Luis Miguel del Campo<\/title>\n<meta name=\"description\" content=\"Habr\u00e1 quien se pregunte si realmente se pueden fotografiar los sue\u00f1os de forma fidedigna. Intentarlo se puede. Conseguirlo, no s\u00e9.\" \/>\n<meta name=\"robots\" content=\"index, follow, max-snippet:-1, max-image-preview:large, max-video-preview:-1\" \/>\n<link rel=\"canonical\" href=\"https:\/\/www.fotografo-profesional.net\/diario\/2020\/02\/21\/mision-fotografiar-los-suenos\/\" \/>\n<meta property=\"og:locale\" content=\"es_ES\" \/>\n<meta property=\"og:type\" content=\"article\" \/>\n<meta property=\"og:title\" content=\"Misi\u00f3n: fotografiar los sue\u00f1os - Luis Miguel del Campo\" \/>\n<meta property=\"og:description\" content=\"Habr\u00e1 quien se pregunte si realmente se pueden fotografiar los sue\u00f1os de forma fidedigna. Intentarlo se puede. Conseguirlo, no s\u00e9.\" \/>\n<meta property=\"og:url\" content=\"https:\/\/www.fotografo-profesional.net\/diario\/2020\/02\/21\/mision-fotografiar-los-suenos\/\" \/>\n<meta property=\"og:site_name\" content=\"Luis Miguel del Campo\" \/>\n<meta property=\"article:published_time\" content=\"2020-02-21T15:52:05+00:00\" \/>\n<meta property=\"article:modified_time\" content=\"2020-02-21T16:49:27+00:00\" \/>\n<meta property=\"og:image\" content=\"https:\/\/www.fotografo-profesional.net\/diario\/wp-content\/uploads\/2020\/02\/Fot\u00f3grafo-profesional-en-Madrid-LMC-0069.jpg\" \/>\n\t<meta property=\"og:image:width\" content=\"600\" \/>\n\t<meta property=\"og:image:height\" content=\"400\" \/>\n\t<meta property=\"og:image:type\" content=\"image\/jpeg\" \/>\n<meta name=\"author\" content=\"Luis Miguel del Campo\" \/>\n<meta name=\"twitter:card\" content=\"summary_large_image\" \/>\n<meta name=\"twitter:label1\" content=\"Escrito por\" \/>\n\t<meta name=\"twitter:data1\" content=\"Luis Miguel del Campo\" \/>\n\t<meta name=\"twitter:label2\" content=\"Tiempo de lectura\" \/>\n\t<meta name=\"twitter:data2\" content=\"2 minutos\" \/>\n<script type=\"application\/ld+json\" class=\"yoast-schema-graph\">{\"@context\":\"https:\/\/schema.org\",\"@graph\":[{\"@type\":\"WebPage\",\"@id\":\"https:\/\/www.fotografo-profesional.net\/diario\/2020\/02\/21\/mision-fotografiar-los-suenos\/\",\"url\":\"https:\/\/www.fotografo-profesional.net\/diario\/2020\/02\/21\/mision-fotografiar-los-suenos\/\",\"name\":\"Misi\u00f3n: fotografiar los sue\u00f1os - Luis Miguel del Campo\",\"isPartOf\":{\"@id\":\"https:\/\/www.fotografo-profesional.net\/diario\/#website\"},\"datePublished\":\"2020-02-21T15:52:05+00:00\",\"dateModified\":\"2020-02-21T16:49:27+00:00\",\"author\":{\"@id\":\"https:\/\/www.fotografo-profesional.net\/diario\/#\/schema\/person\/220504871d765b4c30a0af1d2fe93533\"},\"description\":\"Habr\u00e1 quien se pregunte si realmente se pueden fotografiar los sue\u00f1os de forma fidedigna. Intentarlo se puede. Conseguirlo, no s\u00e9.\",\"breadcrumb\":{\"@id\":\"https:\/\/www.fotografo-profesional.net\/diario\/2020\/02\/21\/mision-fotografiar-los-suenos\/#breadcrumb\"},\"inLanguage\":\"es\",\"potentialAction\":[{\"@type\":\"ReadAction\",\"target\":[\"https:\/\/www.fotografo-profesional.net\/diario\/2020\/02\/21\/mision-fotografiar-los-suenos\/\"]}]},{\"@type\":\"BreadcrumbList\",\"@id\":\"https:\/\/www.fotografo-profesional.net\/diario\/2020\/02\/21\/mision-fotografiar-los-suenos\/#breadcrumb\",\"itemListElement\":[{\"@type\":\"ListItem\",\"position\":1,\"name\":\"Inicio\",\"item\":\"https:\/\/www.fotografo-profesional.net\/diario\/\"},{\"@type\":\"ListItem\",\"position\":2,\"name\":\"Misi\u00f3n: fotografiar los sue\u00f1os\"}]},{\"@type\":\"WebSite\",\"@id\":\"https:\/\/www.fotografo-profesional.net\/diario\/#website\",\"url\":\"https:\/\/www.fotografo-profesional.net\/diario\/\",\"name\":\"Luis Miguel del Campo\",\"description\":\"Blog de un fot\u00f3grafo profesional\",\"potentialAction\":[{\"@type\":\"SearchAction\",\"target\":{\"@type\":\"EntryPoint\",\"urlTemplate\":\"https:\/\/www.fotografo-profesional.net\/diario\/?s={search_term_string}\"},\"query-input\":\"required name=search_term_string\"}],\"inLanguage\":\"es\"},{\"@type\":\"Person\",\"@id\":\"https:\/\/www.fotografo-profesional.net\/diario\/#\/schema\/person\/220504871d765b4c30a0af1d2fe93533\",\"name\":\"Luis Miguel del Campo\",\"image\":{\"@type\":\"ImageObject\",\"inLanguage\":\"es\",\"@id\":\"https:\/\/www.fotografo-profesional.net\/diario\/#\/schema\/person\/image\/\",\"url\":\"https:\/\/secure.gravatar.com\/avatar\/84bb1120095136de86f122a882a42d61?s=96&d=mm&r=g\",\"contentUrl\":\"https:\/\/secure.gravatar.com\/avatar\/84bb1120095136de86f122a882a42d61?s=96&d=mm&r=g\",\"caption\":\"Luis Miguel del Campo\"},\"url\":\"https:\/\/www.fotografo-profesional.net\/diario\/author\/admin_lmdc\/\"}]}<\/script>\n<!-- \/ Yoast SEO plugin. -->","yoast_head_json":{"title":"Misi\u00f3n: fotografiar los sue\u00f1os - Luis Miguel del Campo","description":"Habr\u00e1 quien se pregunte si realmente se pueden fotografiar los sue\u00f1os de forma fidedigna. Intentarlo se puede. Conseguirlo, no s\u00e9.","robots":{"index":"index","follow":"follow","max-snippet":"max-snippet:-1","max-image-preview":"max-image-preview:large","max-video-preview":"max-video-preview:-1"},"canonical":"https:\/\/www.fotografo-profesional.net\/diario\/2020\/02\/21\/mision-fotografiar-los-suenos\/","og_locale":"es_ES","og_type":"article","og_title":"Misi\u00f3n: fotografiar los sue\u00f1os - Luis Miguel del Campo","og_description":"Habr\u00e1 quien se pregunte si realmente se pueden fotografiar los sue\u00f1os de forma fidedigna. Intentarlo se puede. Conseguirlo, no s\u00e9.","og_url":"https:\/\/www.fotografo-profesional.net\/diario\/2020\/02\/21\/mision-fotografiar-los-suenos\/","og_site_name":"Luis Miguel del Campo","article_published_time":"2020-02-21T15:52:05+00:00","article_modified_time":"2020-02-21T16:49:27+00:00","og_image":[{"width":600,"height":400,"url":"https:\/\/www.fotografo-profesional.net\/diario\/wp-content\/uploads\/2020\/02\/Fot\u00f3grafo-profesional-en-Madrid-LMC-0069.jpg","type":"image\/jpeg"}],"author":"Luis Miguel del Campo","twitter_card":"summary_large_image","twitter_misc":{"Escrito por":"Luis Miguel del Campo","Tiempo de lectura":"2 minutos"},"schema":{"@context":"https:\/\/schema.org","@graph":[{"@type":"WebPage","@id":"https:\/\/www.fotografo-profesional.net\/diario\/2020\/02\/21\/mision-fotografiar-los-suenos\/","url":"https:\/\/www.fotografo-profesional.net\/diario\/2020\/02\/21\/mision-fotografiar-los-suenos\/","name":"Misi\u00f3n: fotografiar los sue\u00f1os - Luis Miguel del Campo","isPartOf":{"@id":"https:\/\/www.fotografo-profesional.net\/diario\/#website"},"datePublished":"2020-02-21T15:52:05+00:00","dateModified":"2020-02-21T16:49:27+00:00","author":{"@id":"https:\/\/www.fotografo-profesional.net\/diario\/#\/schema\/person\/220504871d765b4c30a0af1d2fe93533"},"description":"Habr\u00e1 quien se pregunte si realmente se pueden fotografiar los sue\u00f1os de forma fidedigna. Intentarlo se puede. Conseguirlo, no s\u00e9.","breadcrumb":{"@id":"https:\/\/www.fotografo-profesional.net\/diario\/2020\/02\/21\/mision-fotografiar-los-suenos\/#breadcrumb"},"inLanguage":"es","potentialAction":[{"@type":"ReadAction","target":["https:\/\/www.fotografo-profesional.net\/diario\/2020\/02\/21\/mision-fotografiar-los-suenos\/"]}]},{"@type":"BreadcrumbList","@id":"https:\/\/www.fotografo-profesional.net\/diario\/2020\/02\/21\/mision-fotografiar-los-suenos\/#breadcrumb","itemListElement":[{"@type":"ListItem","position":1,"name":"Inicio","item":"https:\/\/www.fotografo-profesional.net\/diario\/"},{"@type":"ListItem","position":2,"name":"Misi\u00f3n: fotografiar los sue\u00f1os"}]},{"@type":"WebSite","@id":"https:\/\/www.fotografo-profesional.net\/diario\/#website","url":"https:\/\/www.fotografo-profesional.net\/diario\/","name":"Luis Miguel del Campo","description":"Blog de un fot\u00f3grafo profesional","potentialAction":[{"@type":"SearchAction","target":{"@type":"EntryPoint","urlTemplate":"https:\/\/www.fotografo-profesional.net\/diario\/?s={search_term_string}"},"query-input":"required name=search_term_string"}],"inLanguage":"es"},{"@type":"Person","@id":"https:\/\/www.fotografo-profesional.net\/diario\/#\/schema\/person\/220504871d765b4c30a0af1d2fe93533","name":"Luis Miguel del Campo","image":{"@type":"ImageObject","inLanguage":"es","@id":"https:\/\/www.fotografo-profesional.net\/diario\/#\/schema\/person\/image\/","url":"https:\/\/secure.gravatar.com\/avatar\/84bb1120095136de86f122a882a42d61?s=96&d=mm&r=g","contentUrl":"https:\/\/secure.gravatar.com\/avatar\/84bb1120095136de86f122a882a42d61?s=96&d=mm&r=g","caption":"Luis Miguel del Campo"},"url":"https:\/\/www.fotografo-profesional.net\/diario\/author\/admin_lmdc\/"}]}},"_links":{"self":[{"href":"https:\/\/www.fotografo-profesional.net\/diario\/wp-json\/wp\/v2\/posts\/1036"}],"collection":[{"href":"https:\/\/www.fotografo-profesional.net\/diario\/wp-json\/wp\/v2\/posts"}],"about":[{"href":"https:\/\/www.fotografo-profesional.net\/diario\/wp-json\/wp\/v2\/types\/post"}],"author":[{"embeddable":true,"href":"https:\/\/www.fotografo-profesional.net\/diario\/wp-json\/wp\/v2\/users\/2"}],"replies":[{"embeddable":true,"href":"https:\/\/www.fotografo-profesional.net\/diario\/wp-json\/wp\/v2\/comments?post=1036"}],"version-history":[{"count":3,"href":"https:\/\/www.fotografo-profesional.net\/diario\/wp-json\/wp\/v2\/posts\/1036\/revisions"}],"predecessor-version":[{"id":1044,"href":"https:\/\/www.fotografo-profesional.net\/diario\/wp-json\/wp\/v2\/posts\/1036\/revisions\/1044"}],"wp:featuredmedia":[{"embeddable":true,"href":"https:\/\/www.fotografo-profesional.net\/diario\/wp-json\/wp\/v2\/media\/1042"}],"wp:attachment":[{"href":"https:\/\/www.fotografo-profesional.net\/diario\/wp-json\/wp\/v2\/media?parent=1036"}],"wp:term":[{"taxonomy":"category","embeddable":true,"href":"https:\/\/www.fotografo-profesional.net\/diario\/wp-json\/wp\/v2\/categories?post=1036"},{"taxonomy":"post_tag","embeddable":true,"href":"https:\/\/www.fotografo-profesional.net\/diario\/wp-json\/wp\/v2\/tags?post=1036"}],"curies":[{"name":"wp","href":"https:\/\/api.w.org\/{rel}","templated":true}]}}