{"id":1085,"date":"2020-03-04T13:24:51","date_gmt":"2020-03-04T12:24:51","guid":{"rendered":"https:\/\/www.fotografo-profesional.net\/diario\/?p=1085"},"modified":"2020-03-04T13:24:54","modified_gmt":"2020-03-04T12:24:54","slug":"la-importancia-del-color-en-publicidad","status":"publish","type":"post","link":"https:\/\/www.fotografo-profesional.net\/diario\/2020\/03\/04\/la-importancia-del-color-en-publicidad\/","title":{"rendered":"La importancia del color en publicidad"},"content":{"rendered":"<p><img decoding=\"async\" class=\"alignnone size-full wp-image-1091\" src=\"https:\/\/www.fotografo-profesional.net\/diario\/wp-content\/uploads\/2020\/03\/Fot\u00f3grafo-profesional-en-Madrid-LMC-0071.jpg\" alt=\"La importancia del color en publicidad\" width=\"600\" height=\"399\" srcset=\"https:\/\/www.fotografo-profesional.net\/diario\/wp-content\/uploads\/2020\/03\/Fot\u00f3grafo-profesional-en-Madrid-LMC-0071.jpg 600w, https:\/\/www.fotografo-profesional.net\/diario\/wp-content\/uploads\/2020\/03\/Fot\u00f3grafo-profesional-en-Madrid-LMC-0071-300x200.jpg 300w\" sizes=\"(max-width: 600px) 100vw, 600px\" \/><\/p>\n<p>Todo fot\u00f3grafo profesional sabe de la importancia del color en publicidad. De su uso. No es lo \u00fanico, pero es fundamental.<br \/><strong>Hay ocasiones en que la fuerza de una imagen se basa \u00fanicamente en ello<\/strong>. Es el caso de la fotograf\u00eda superior. La idea es sencilla. La iluminaci\u00f3n, nada espectacular o dificultosa; tanto que pasa totalmente desapercibida. La composici\u00f3n no est\u00e1 demasiado elaborada, ya que las frutas simplemente se encuentran alineadas; tan solo en el punto de vista se ha buscado que se salga de lo com\u00fan. Pero lo que realmente hace que llame la atenci\u00f3n es el cromatismo de todas las frutas.<\/p>\n<p>Para alguna campa\u00f1a publicitaria se opta por el acabado en blanco y negro porque se considera la mejor opci\u00f3n para resaltar los <a href=\"https:\/\/www.fotografo-profesional.net\/diario\/2018\/11\/11\/fotografia-de-producto-iii\/\"><span style=\"color: #33cccc;\"><em>valores del producto<\/em><\/span><\/a>, la est\u00e9tica de esa gama o la intenci\u00f3n de transmitir la idea de clasicismo como sin\u00f3nimo de perfecci\u00f3n, de confianza o de durabilidad del art\u00edculo que se ofrece; como si existiera desde toda la vida. Son decisiones que se toman por los anunciantes una vez que los creativos les han ofrecido diferentes opciones. La labor del fot\u00f3grafo publicitario es plasmar la idea en im\u00e1genes lo m\u00e1s brillantemente posible.<\/p>\n<p>Por ello es aconsejable elegir un fot\u00f3grafo profesional adecuado. Alguien con oficio pero con talento creativo. A veces, dependiendo del encargo, no conviene elegir al m\u00e1s cotizado porque no es necesario y porque el toque excesivamente personal en ocasiones puede arruinar la campa\u00f1a. Y tambi\u00e9n el bolsillo.<\/p>\n<p><strong>La importancia del color en publicidad tambi\u00e9n se demuestra con su ausencia<\/strong>. Pero si la decisi\u00f3n es que las fotograf\u00edas a tomar han de ser en color (algo l\u00f3gico si se trata de un<span style=\"color: #33cccc;\"><em> cat\u00e1logo de una empresa alimenticia<\/em><\/span>, por ejemplo) su uso ha de enriquecer el resultado final. Nunca debe ser insulso, a menos que sea buscado premeditadamente por el enfoque y la estrategia publicitaria que se le va a dar.<\/p>\n<p>Las empresas que contraten la realizaci\u00f3n de im\u00e1genes publicitarias han de tener claro la importancia del color en la publicidad de su marca para as\u00ed elegir el tratamiento adecuado que se debe hacer.<\/p>\n\n\n<p><\/p>\n","protected":false},"excerpt":{"rendered":"<p>Todo fot\u00f3grafo profesional sabe de la importancia del color en publicidad. De su uso. No es lo \u00fanico, pero es fundamental.Hay ocasiones en que la fuerza de una imagen se basa \u00fanicamente en ello. Es el caso de la fotograf\u00eda superior. La idea es sencilla. La iluminaci\u00f3n, nada espectacular o dificultosa; tanto que pasa totalmente [&hellip;]<\/p>\n","protected":false},"author":2,"featured_media":1091,"comment_status":"closed","ping_status":"open","sticky":false,"template":"","format":"standard","meta":[],"categories":[88,365,237,188,189,172,207],"tags":[366,238,89,99,348,119,120,307],"yoast_head":"<!-- This site is optimized with the Yoast SEO plugin v20.8 - https:\/\/yoast.com\/wordpress\/plugins\/seo\/ -->\n<title>La importancia del color en publicidad - Luis Miguel del Campo<\/title>\n<meta name=\"description\" content=\"Uno de los factores que siempre se tiene muy en cuenta a la hora de crear im\u00e1genes de producto es la importncia del color en publicidad.\" \/>\n<meta name=\"robots\" content=\"index, follow, max-snippet:-1, max-image-preview:large, max-video-preview:-1\" \/>\n<link rel=\"canonical\" href=\"https:\/\/www.fotografo-profesional.net\/diario\/2020\/03\/04\/la-importancia-del-color-en-publicidad\/\" \/>\n<meta property=\"og:locale\" content=\"es_ES\" \/>\n<meta property=\"og:type\" content=\"article\" \/>\n<meta property=\"og:title\" content=\"La importancia del color en publicidad - Luis Miguel del Campo\" \/>\n<meta property=\"og:description\" content=\"Uno de los factores que siempre se tiene muy en cuenta a la hora de crear im\u00e1genes de producto es la importncia del color en publicidad.\" \/>\n<meta property=\"og:url\" content=\"https:\/\/www.fotografo-profesional.net\/diario\/2020\/03\/04\/la-importancia-del-color-en-publicidad\/\" \/>\n<meta property=\"og:site_name\" content=\"Luis Miguel del Campo\" \/>\n<meta property=\"article:published_time\" content=\"2020-03-04T12:24:51+00:00\" \/>\n<meta property=\"article:modified_time\" content=\"2020-03-04T12:24:54+00:00\" \/>\n<meta property=\"og:image\" content=\"https:\/\/www.fotografo-profesional.net\/diario\/wp-content\/uploads\/2020\/03\/Fot\u00f3grafo-profesional-en-Madrid-LMC-0071.jpg\" \/>\n\t<meta property=\"og:image:width\" content=\"600\" \/>\n\t<meta property=\"og:image:height\" content=\"399\" \/>\n\t<meta property=\"og:image:type\" content=\"image\/jpeg\" \/>\n<meta name=\"author\" content=\"Luis Miguel del Campo\" \/>\n<meta name=\"twitter:card\" content=\"summary_large_image\" \/>\n<meta name=\"twitter:label1\" content=\"Escrito por\" \/>\n\t<meta name=\"twitter:data1\" content=\"Luis Miguel del Campo\" \/>\n\t<meta name=\"twitter:label2\" content=\"Tiempo de lectura\" \/>\n\t<meta name=\"twitter:data2\" content=\"2 minutos\" \/>\n<script type=\"application\/ld+json\" class=\"yoast-schema-graph\">{\"@context\":\"https:\/\/schema.org\",\"@graph\":[{\"@type\":\"WebPage\",\"@id\":\"https:\/\/www.fotografo-profesional.net\/diario\/2020\/03\/04\/la-importancia-del-color-en-publicidad\/\",\"url\":\"https:\/\/www.fotografo-profesional.net\/diario\/2020\/03\/04\/la-importancia-del-color-en-publicidad\/\",\"name\":\"La importancia del color en publicidad - Luis Miguel del Campo\",\"isPartOf\":{\"@id\":\"https:\/\/www.fotografo-profesional.net\/diario\/#website\"},\"datePublished\":\"2020-03-04T12:24:51+00:00\",\"dateModified\":\"2020-03-04T12:24:54+00:00\",\"author\":{\"@id\":\"https:\/\/www.fotografo-profesional.net\/diario\/#\/schema\/person\/220504871d765b4c30a0af1d2fe93533\"},\"description\":\"Uno de los factores que siempre se tiene muy en cuenta a la hora de crear im\u00e1genes de producto es la importncia del color en publicidad.\",\"breadcrumb\":{\"@id\":\"https:\/\/www.fotografo-profesional.net\/diario\/2020\/03\/04\/la-importancia-del-color-en-publicidad\/#breadcrumb\"},\"inLanguage\":\"es\",\"potentialAction\":[{\"@type\":\"ReadAction\",\"target\":[\"https:\/\/www.fotografo-profesional.net\/diario\/2020\/03\/04\/la-importancia-del-color-en-publicidad\/\"]}]},{\"@type\":\"BreadcrumbList\",\"@id\":\"https:\/\/www.fotografo-profesional.net\/diario\/2020\/03\/04\/la-importancia-del-color-en-publicidad\/#breadcrumb\",\"itemListElement\":[{\"@type\":\"ListItem\",\"position\":1,\"name\":\"Inicio\",\"item\":\"https:\/\/www.fotografo-profesional.net\/diario\/\"},{\"@type\":\"ListItem\",\"position\":2,\"name\":\"La importancia del color en publicidad\"}]},{\"@type\":\"WebSite\",\"@id\":\"https:\/\/www.fotografo-profesional.net\/diario\/#website\",\"url\":\"https:\/\/www.fotografo-profesional.net\/diario\/\",\"name\":\"Luis Miguel del Campo\",\"description\":\"Blog de un fot\u00f3grafo profesional\",\"potentialAction\":[{\"@type\":\"SearchAction\",\"target\":{\"@type\":\"EntryPoint\",\"urlTemplate\":\"https:\/\/www.fotografo-profesional.net\/diario\/?s={search_term_string}\"},\"query-input\":\"required name=search_term_string\"}],\"inLanguage\":\"es\"},{\"@type\":\"Person\",\"@id\":\"https:\/\/www.fotografo-profesional.net\/diario\/#\/schema\/person\/220504871d765b4c30a0af1d2fe93533\",\"name\":\"Luis Miguel del Campo\",\"image\":{\"@type\":\"ImageObject\",\"inLanguage\":\"es\",\"@id\":\"https:\/\/www.fotografo-profesional.net\/diario\/#\/schema\/person\/image\/\",\"url\":\"https:\/\/secure.gravatar.com\/avatar\/84bb1120095136de86f122a882a42d61?s=96&d=mm&r=g\",\"contentUrl\":\"https:\/\/secure.gravatar.com\/avatar\/84bb1120095136de86f122a882a42d61?s=96&d=mm&r=g\",\"caption\":\"Luis Miguel del Campo\"},\"url\":\"https:\/\/www.fotografo-profesional.net\/diario\/author\/admin_lmdc\/\"}]}<\/script>\n<!-- \/ Yoast SEO plugin. -->","yoast_head_json":{"title":"La importancia del color en publicidad - Luis Miguel del Campo","description":"Uno de los factores que siempre se tiene muy en cuenta a la hora de crear im\u00e1genes de producto es la importncia del color en publicidad.","robots":{"index":"index","follow":"follow","max-snippet":"max-snippet:-1","max-image-preview":"max-image-preview:large","max-video-preview":"max-video-preview:-1"},"canonical":"https:\/\/www.fotografo-profesional.net\/diario\/2020\/03\/04\/la-importancia-del-color-en-publicidad\/","og_locale":"es_ES","og_type":"article","og_title":"La importancia del color en publicidad - Luis Miguel del Campo","og_description":"Uno de los factores que siempre se tiene muy en cuenta a la hora de crear im\u00e1genes de producto es la importncia del color en publicidad.","og_url":"https:\/\/www.fotografo-profesional.net\/diario\/2020\/03\/04\/la-importancia-del-color-en-publicidad\/","og_site_name":"Luis Miguel del Campo","article_published_time":"2020-03-04T12:24:51+00:00","article_modified_time":"2020-03-04T12:24:54+00:00","og_image":[{"width":600,"height":399,"url":"https:\/\/www.fotografo-profesional.net\/diario\/wp-content\/uploads\/2020\/03\/Fot\u00f3grafo-profesional-en-Madrid-LMC-0071.jpg","type":"image\/jpeg"}],"author":"Luis Miguel del Campo","twitter_card":"summary_large_image","twitter_misc":{"Escrito por":"Luis Miguel del Campo","Tiempo de lectura":"2 minutos"},"schema":{"@context":"https:\/\/schema.org","@graph":[{"@type":"WebPage","@id":"https:\/\/www.fotografo-profesional.net\/diario\/2020\/03\/04\/la-importancia-del-color-en-publicidad\/","url":"https:\/\/www.fotografo-profesional.net\/diario\/2020\/03\/04\/la-importancia-del-color-en-publicidad\/","name":"La importancia del color en publicidad - Luis Miguel del Campo","isPartOf":{"@id":"https:\/\/www.fotografo-profesional.net\/diario\/#website"},"datePublished":"2020-03-04T12:24:51+00:00","dateModified":"2020-03-04T12:24:54+00:00","author":{"@id":"https:\/\/www.fotografo-profesional.net\/diario\/#\/schema\/person\/220504871d765b4c30a0af1d2fe93533"},"description":"Uno de los factores que siempre se tiene muy en cuenta a la hora de crear im\u00e1genes de producto es la importncia del color en publicidad.","breadcrumb":{"@id":"https:\/\/www.fotografo-profesional.net\/diario\/2020\/03\/04\/la-importancia-del-color-en-publicidad\/#breadcrumb"},"inLanguage":"es","potentialAction":[{"@type":"ReadAction","target":["https:\/\/www.fotografo-profesional.net\/diario\/2020\/03\/04\/la-importancia-del-color-en-publicidad\/"]}]},{"@type":"BreadcrumbList","@id":"https:\/\/www.fotografo-profesional.net\/diario\/2020\/03\/04\/la-importancia-del-color-en-publicidad\/#breadcrumb","itemListElement":[{"@type":"ListItem","position":1,"name":"Inicio","item":"https:\/\/www.fotografo-profesional.net\/diario\/"},{"@type":"ListItem","position":2,"name":"La importancia del color en publicidad"}]},{"@type":"WebSite","@id":"https:\/\/www.fotografo-profesional.net\/diario\/#website","url":"https:\/\/www.fotografo-profesional.net\/diario\/","name":"Luis Miguel del Campo","description":"Blog de un fot\u00f3grafo profesional","potentialAction":[{"@type":"SearchAction","target":{"@type":"EntryPoint","urlTemplate":"https:\/\/www.fotografo-profesional.net\/diario\/?s={search_term_string}"},"query-input":"required name=search_term_string"}],"inLanguage":"es"},{"@type":"Person","@id":"https:\/\/www.fotografo-profesional.net\/diario\/#\/schema\/person\/220504871d765b4c30a0af1d2fe93533","name":"Luis Miguel del Campo","image":{"@type":"ImageObject","inLanguage":"es","@id":"https:\/\/www.fotografo-profesional.net\/diario\/#\/schema\/person\/image\/","url":"https:\/\/secure.gravatar.com\/avatar\/84bb1120095136de86f122a882a42d61?s=96&d=mm&r=g","contentUrl":"https:\/\/secure.gravatar.com\/avatar\/84bb1120095136de86f122a882a42d61?s=96&d=mm&r=g","caption":"Luis Miguel del Campo"},"url":"https:\/\/www.fotografo-profesional.net\/diario\/author\/admin_lmdc\/"}]}},"_links":{"self":[{"href":"https:\/\/www.fotografo-profesional.net\/diario\/wp-json\/wp\/v2\/posts\/1085"}],"collection":[{"href":"https:\/\/www.fotografo-profesional.net\/diario\/wp-json\/wp\/v2\/posts"}],"about":[{"href":"https:\/\/www.fotografo-profesional.net\/diario\/wp-json\/wp\/v2\/types\/post"}],"author":[{"embeddable":true,"href":"https:\/\/www.fotografo-profesional.net\/diario\/wp-json\/wp\/v2\/users\/2"}],"replies":[{"embeddable":true,"href":"https:\/\/www.fotografo-profesional.net\/diario\/wp-json\/wp\/v2\/comments?post=1085"}],"version-history":[{"count":2,"href":"https:\/\/www.fotografo-profesional.net\/diario\/wp-json\/wp\/v2\/posts\/1085\/revisions"}],"predecessor-version":[{"id":1092,"href":"https:\/\/www.fotografo-profesional.net\/diario\/wp-json\/wp\/v2\/posts\/1085\/revisions\/1092"}],"wp:featuredmedia":[{"embeddable":true,"href":"https:\/\/www.fotografo-profesional.net\/diario\/wp-json\/wp\/v2\/media\/1091"}],"wp:attachment":[{"href":"https:\/\/www.fotografo-profesional.net\/diario\/wp-json\/wp\/v2\/media?parent=1085"}],"wp:term":[{"taxonomy":"category","embeddable":true,"href":"https:\/\/www.fotografo-profesional.net\/diario\/wp-json\/wp\/v2\/categories?post=1085"},{"taxonomy":"post_tag","embeddable":true,"href":"https:\/\/www.fotografo-profesional.net\/diario\/wp-json\/wp\/v2\/tags?post=1085"}],"curies":[{"name":"wp","href":"https:\/\/api.w.org\/{rel}","templated":true}]}}