{"id":1136,"date":"2020-03-18T07:36:39","date_gmt":"2020-03-18T06:36:39","guid":{"rendered":"https:\/\/www.fotografo-profesional.net\/diario\/?p=1136"},"modified":"2020-03-18T07:36:41","modified_gmt":"2020-03-18T06:36:41","slug":"el-peligro-para-los-fotografos-de-rock","status":"publish","type":"post","link":"https:\/\/www.fotografo-profesional.net\/diario\/2020\/03\/18\/el-peligro-para-los-fotografos-de-rock\/","title":{"rendered":"El peligro para los fot\u00f3grafos de rock"},"content":{"rendered":"<p><img decoding=\"async\" class=\"alignnone size-full wp-image-1222\" src=\"https:\/\/www.fotografo-profesional.net\/diario\/wp-content\/uploads\/2020\/03\/Fot\u00f3grafo-profesional-en-Madrid-LMC-0076.jpg\" alt=\"Fot\u00f3grafos de rock en Madrid\" width=\"600\" height=\"400\" srcset=\"https:\/\/www.fotografo-profesional.net\/diario\/wp-content\/uploads\/2020\/03\/Fot\u00f3grafo-profesional-en-Madrid-LMC-0076.jpg 600w, https:\/\/www.fotografo-profesional.net\/diario\/wp-content\/uploads\/2020\/03\/Fot\u00f3grafo-profesional-en-Madrid-LMC-0076-300x200.jpg 300w\" sizes=\"(max-width: 600px) 100vw, 600px\" \/><\/p>\n<p>Desde hace algunos a\u00f1os vengo siendo <strong>uno de los fot\u00f3grafos de rock que captura im\u00e1genes de conciertos<\/strong> en Madrid para publicarlas en medios musicales. A veces, cuando las circunstancias as\u00ed lo requieren, tambi\u00e9n me desplazo a otras provincias para <a href=\"https:\/\/www.fotografo-profesional.net\/diario\/2019\/08\/26\/fotografo-de-rock-en-madrid\/\"><span style=\"color: #0000ff;\"><em><u>cubrir conciertos<\/u><\/em><\/span><\/a> o festivales. Aunque no es lo m\u00e1s frecuente.<\/p>\n<p>Esta faceta me viene muy bien para desengrasar de la fotograf\u00eda comercial que suelo hacer por encargo como fot\u00f3grafo profesional. No hay nada mejor despu\u00e9s de haber hecho el <a href=\"https:\/\/www.fotografo-profesional.net\/portfolio\/fotografia-de-eventos\/\"><span style=\"color: #0000ff;\"><em><u>reportaje de un congreso empresarial<\/u><\/em> <\/span><\/a>durante los d\u00edas laborables anteriores que fotografiar un concierto de rock (o varios) el fin de semana. Ni que decir tiene si es de punk. Me ayuda a cambiar de registro y no acostumbrarme a hacer siempre un tipo de fotograf\u00eda convencional, agradable; sin riesgo.<\/p>\n<p>Nos sucede a varios fot\u00f3grafos de rock: pasamos de la obligaci\u00f3n del traje o vestuario formal de los d\u00edas laborables a la chupa de cuero del fin de semana. Este cambio ayuda a ponerte en situaci\u00f3n m\u00e1s r\u00e1pidamente durante<a href=\"https:\/\/www.fotografo-profesional.net\/diario\/2018\/07\/27\/reportajes-de-conciertos-de-rock-i\/\"><span style=\"color: #3366ff;\"> <em><u>el transcurso del concierto<\/u><\/em><\/span><\/a>. Aunque hay grupos que enseguida te ponen en situaci\u00f3n por muy desmotivado que llegaras a su actuaci\u00f3n. Tal es el caso de <strong>Gatillazo<\/strong>.<\/p>\n<p>De eso se encarga Evaristo P\u00e1ramos, quien tiene sobrada habilidad y experiencia para llevar al p\u00fablico por donde \u00e9l quiere mientras sus compa\u00f1eros tocan sin tregua.<\/p>\n<p>Es un maestro de la puesta en escena. M\u00e1s<a href=\"https:\/\/www.fotografo-profesional.net\/diario\/2019\/10\/16\/reportajes-de-rock-en-salas\/\"><span style=\"color: #0000ff;\"> <em><u>en una sala<\/u><\/em><\/span><\/a> -como fue el caso en la fotograf\u00eda superior-, donde las sensaciones se multiplican.<\/p>\n<p><strong>Hacer fotograf\u00edas en un concierto de Gatillazo entre el p\u00fablico siempre se convierte en un deporte de riesgo<\/strong>. A veces, de alto riesgo.<\/p>\n<p>No importa. Suelo ser una persona muy tranquila, consciente y responsable; pero con una c\u00e1mara en la mano me convierto en un fot\u00f3grafo kamikaze. Es la \u00fanica forma de conseguir fotograf\u00edas de conciertos interesantes. No soy el \u00fanico, ya que por lo general el aguante a los golpes y empujones por parte de los fot\u00f3grafos de rock es infinito.<\/p>\n<p>Aunque en todo momento abunden los pogos y los empujones, <strong>lo m\u00e1s peligroso para el fot\u00f3grafo en este tipo de conciertos es la gente que sube al escenario<\/strong>.<\/p>\n<p>El peligro se presenta cuando bajan. Es decir, cuando se lanzan sobre el resto del p\u00fablico; pudi\u00e9ndote encontrar con que una bota te golpee en la c\u00e1mara o en la cara. O en ambas partes, como fue el caso en este concierto.<\/p>\n<p>Pero los resultados merecieron la pena ya que no hubo desperfectos.<\/p>\n","protected":false},"excerpt":{"rendered":"<p>Desde hace algunos a\u00f1os vengo siendo uno de los fot\u00f3grafos de rock que captura im\u00e1genes de conciertos en Madrid para publicarlas en medios musicales. A veces, cuando las circunstancias as\u00ed lo requieren, tambi\u00e9n me desplazo a otras provincias para cubrir conciertos o festivales. Aunque no es lo m\u00e1s frecuente. Esta faceta me viene muy bien [&hellip;]<\/p>\n","protected":false},"author":2,"featured_media":1222,"comment_status":"closed","ping_status":"open","sticky":false,"template":"","format":"standard","meta":[],"categories":[43,65,67,52,45,189,172,207],"tags":[83,69,165,81,117,59,119,120,307],"yoast_head":"<!-- This site is optimized with the Yoast SEO plugin v20.8 - https:\/\/yoast.com\/wordpress\/plugins\/seo\/ -->\n<title>El peligro para los fot\u00f3grafos de rock - Luis Miguel del Campo<\/title>\n<meta name=\"description\" content=\"A veces la labor de los fot\u00f3grafos de rock se convierte en un deporte de riesgo. De alto riesgo. \u00bfTe parece exagerado? Pues haz clic y sigue leyendo.\" \/>\n<meta name=\"robots\" content=\"index, follow, max-snippet:-1, max-image-preview:large, max-video-preview:-1\" \/>\n<link rel=\"canonical\" href=\"https:\/\/www.fotografo-profesional.net\/diario\/2020\/03\/18\/el-peligro-para-los-fotografos-de-rock\/\" \/>\n<meta property=\"og:locale\" content=\"es_ES\" \/>\n<meta property=\"og:type\" content=\"article\" \/>\n<meta property=\"og:title\" content=\"El peligro para los fot\u00f3grafos de rock - Luis Miguel del Campo\" \/>\n<meta property=\"og:description\" content=\"A veces la labor de los fot\u00f3grafos de rock se convierte en un deporte de riesgo. De alto riesgo. \u00bfTe parece exagerado? Pues haz clic y sigue leyendo.\" \/>\n<meta property=\"og:url\" content=\"https:\/\/www.fotografo-profesional.net\/diario\/2020\/03\/18\/el-peligro-para-los-fotografos-de-rock\/\" \/>\n<meta property=\"og:site_name\" content=\"Luis Miguel del Campo\" \/>\n<meta property=\"article:published_time\" content=\"2020-03-18T06:36:39+00:00\" \/>\n<meta property=\"article:modified_time\" content=\"2020-03-18T06:36:41+00:00\" \/>\n<meta property=\"og:image\" content=\"https:\/\/www.fotografo-profesional.net\/diario\/wp-content\/uploads\/2020\/03\/Fot\u00f3grafo-profesional-en-Madrid-LMC-0076.jpg\" \/>\n\t<meta property=\"og:image:width\" content=\"600\" \/>\n\t<meta property=\"og:image:height\" content=\"400\" \/>\n\t<meta property=\"og:image:type\" content=\"image\/jpeg\" \/>\n<meta name=\"author\" content=\"Luis Miguel del Campo\" \/>\n<meta name=\"twitter:card\" content=\"summary_large_image\" \/>\n<meta name=\"twitter:label1\" content=\"Escrito por\" \/>\n\t<meta name=\"twitter:data1\" content=\"Luis Miguel del Campo\" \/>\n\t<meta name=\"twitter:label2\" content=\"Tiempo de lectura\" \/>\n\t<meta name=\"twitter:data2\" content=\"2 minutos\" \/>\n<script type=\"application\/ld+json\" class=\"yoast-schema-graph\">{\"@context\":\"https:\/\/schema.org\",\"@graph\":[{\"@type\":\"WebPage\",\"@id\":\"https:\/\/www.fotografo-profesional.net\/diario\/2020\/03\/18\/el-peligro-para-los-fotografos-de-rock\/\",\"url\":\"https:\/\/www.fotografo-profesional.net\/diario\/2020\/03\/18\/el-peligro-para-los-fotografos-de-rock\/\",\"name\":\"El peligro para los fot\u00f3grafos de rock - Luis Miguel del Campo\",\"isPartOf\":{\"@id\":\"https:\/\/www.fotografo-profesional.net\/diario\/#website\"},\"datePublished\":\"2020-03-18T06:36:39+00:00\",\"dateModified\":\"2020-03-18T06:36:41+00:00\",\"author\":{\"@id\":\"https:\/\/www.fotografo-profesional.net\/diario\/#\/schema\/person\/220504871d765b4c30a0af1d2fe93533\"},\"description\":\"A veces la labor de los fot\u00f3grafos de rock se convierte en un deporte de riesgo. De alto riesgo. \u00bfTe parece exagerado? Pues haz clic y sigue leyendo.\",\"breadcrumb\":{\"@id\":\"https:\/\/www.fotografo-profesional.net\/diario\/2020\/03\/18\/el-peligro-para-los-fotografos-de-rock\/#breadcrumb\"},\"inLanguage\":\"es\",\"potentialAction\":[{\"@type\":\"ReadAction\",\"target\":[\"https:\/\/www.fotografo-profesional.net\/diario\/2020\/03\/18\/el-peligro-para-los-fotografos-de-rock\/\"]}]},{\"@type\":\"BreadcrumbList\",\"@id\":\"https:\/\/www.fotografo-profesional.net\/diario\/2020\/03\/18\/el-peligro-para-los-fotografos-de-rock\/#breadcrumb\",\"itemListElement\":[{\"@type\":\"ListItem\",\"position\":1,\"name\":\"Inicio\",\"item\":\"https:\/\/www.fotografo-profesional.net\/diario\/\"},{\"@type\":\"ListItem\",\"position\":2,\"name\":\"El peligro para los fot\u00f3grafos de rock\"}]},{\"@type\":\"WebSite\",\"@id\":\"https:\/\/www.fotografo-profesional.net\/diario\/#website\",\"url\":\"https:\/\/www.fotografo-profesional.net\/diario\/\",\"name\":\"Luis Miguel del Campo\",\"description\":\"Blog de un fot\u00f3grafo profesional\",\"potentialAction\":[{\"@type\":\"SearchAction\",\"target\":{\"@type\":\"EntryPoint\",\"urlTemplate\":\"https:\/\/www.fotografo-profesional.net\/diario\/?s={search_term_string}\"},\"query-input\":\"required name=search_term_string\"}],\"inLanguage\":\"es\"},{\"@type\":\"Person\",\"@id\":\"https:\/\/www.fotografo-profesional.net\/diario\/#\/schema\/person\/220504871d765b4c30a0af1d2fe93533\",\"name\":\"Luis Miguel del Campo\",\"image\":{\"@type\":\"ImageObject\",\"inLanguage\":\"es\",\"@id\":\"https:\/\/www.fotografo-profesional.net\/diario\/#\/schema\/person\/image\/\",\"url\":\"https:\/\/secure.gravatar.com\/avatar\/84bb1120095136de86f122a882a42d61?s=96&d=mm&r=g\",\"contentUrl\":\"https:\/\/secure.gravatar.com\/avatar\/84bb1120095136de86f122a882a42d61?s=96&d=mm&r=g\",\"caption\":\"Luis Miguel del Campo\"},\"url\":\"https:\/\/www.fotografo-profesional.net\/diario\/author\/admin_lmdc\/\"}]}<\/script>\n<!-- \/ Yoast SEO plugin. -->","yoast_head_json":{"title":"El peligro para los fot\u00f3grafos de rock - Luis Miguel del Campo","description":"A veces la labor de los fot\u00f3grafos de rock se convierte en un deporte de riesgo. De alto riesgo. \u00bfTe parece exagerado? Pues haz clic y sigue leyendo.","robots":{"index":"index","follow":"follow","max-snippet":"max-snippet:-1","max-image-preview":"max-image-preview:large","max-video-preview":"max-video-preview:-1"},"canonical":"https:\/\/www.fotografo-profesional.net\/diario\/2020\/03\/18\/el-peligro-para-los-fotografos-de-rock\/","og_locale":"es_ES","og_type":"article","og_title":"El peligro para los fot\u00f3grafos de rock - Luis Miguel del Campo","og_description":"A veces la labor de los fot\u00f3grafos de rock se convierte en un deporte de riesgo. De alto riesgo. \u00bfTe parece exagerado? Pues haz clic y sigue leyendo.","og_url":"https:\/\/www.fotografo-profesional.net\/diario\/2020\/03\/18\/el-peligro-para-los-fotografos-de-rock\/","og_site_name":"Luis Miguel del Campo","article_published_time":"2020-03-18T06:36:39+00:00","article_modified_time":"2020-03-18T06:36:41+00:00","og_image":[{"width":600,"height":400,"url":"https:\/\/www.fotografo-profesional.net\/diario\/wp-content\/uploads\/2020\/03\/Fot\u00f3grafo-profesional-en-Madrid-LMC-0076.jpg","type":"image\/jpeg"}],"author":"Luis Miguel del Campo","twitter_card":"summary_large_image","twitter_misc":{"Escrito por":"Luis Miguel del Campo","Tiempo de lectura":"2 minutos"},"schema":{"@context":"https:\/\/schema.org","@graph":[{"@type":"WebPage","@id":"https:\/\/www.fotografo-profesional.net\/diario\/2020\/03\/18\/el-peligro-para-los-fotografos-de-rock\/","url":"https:\/\/www.fotografo-profesional.net\/diario\/2020\/03\/18\/el-peligro-para-los-fotografos-de-rock\/","name":"El peligro para los fot\u00f3grafos de rock - Luis Miguel del Campo","isPartOf":{"@id":"https:\/\/www.fotografo-profesional.net\/diario\/#website"},"datePublished":"2020-03-18T06:36:39+00:00","dateModified":"2020-03-18T06:36:41+00:00","author":{"@id":"https:\/\/www.fotografo-profesional.net\/diario\/#\/schema\/person\/220504871d765b4c30a0af1d2fe93533"},"description":"A veces la labor de los fot\u00f3grafos de rock se convierte en un deporte de riesgo. De alto riesgo. \u00bfTe parece exagerado? Pues haz clic y sigue leyendo.","breadcrumb":{"@id":"https:\/\/www.fotografo-profesional.net\/diario\/2020\/03\/18\/el-peligro-para-los-fotografos-de-rock\/#breadcrumb"},"inLanguage":"es","potentialAction":[{"@type":"ReadAction","target":["https:\/\/www.fotografo-profesional.net\/diario\/2020\/03\/18\/el-peligro-para-los-fotografos-de-rock\/"]}]},{"@type":"BreadcrumbList","@id":"https:\/\/www.fotografo-profesional.net\/diario\/2020\/03\/18\/el-peligro-para-los-fotografos-de-rock\/#breadcrumb","itemListElement":[{"@type":"ListItem","position":1,"name":"Inicio","item":"https:\/\/www.fotografo-profesional.net\/diario\/"},{"@type":"ListItem","position":2,"name":"El peligro para los fot\u00f3grafos de rock"}]},{"@type":"WebSite","@id":"https:\/\/www.fotografo-profesional.net\/diario\/#website","url":"https:\/\/www.fotografo-profesional.net\/diario\/","name":"Luis Miguel del Campo","description":"Blog de un fot\u00f3grafo profesional","potentialAction":[{"@type":"SearchAction","target":{"@type":"EntryPoint","urlTemplate":"https:\/\/www.fotografo-profesional.net\/diario\/?s={search_term_string}"},"query-input":"required name=search_term_string"}],"inLanguage":"es"},{"@type":"Person","@id":"https:\/\/www.fotografo-profesional.net\/diario\/#\/schema\/person\/220504871d765b4c30a0af1d2fe93533","name":"Luis Miguel del Campo","image":{"@type":"ImageObject","inLanguage":"es","@id":"https:\/\/www.fotografo-profesional.net\/diario\/#\/schema\/person\/image\/","url":"https:\/\/secure.gravatar.com\/avatar\/84bb1120095136de86f122a882a42d61?s=96&d=mm&r=g","contentUrl":"https:\/\/secure.gravatar.com\/avatar\/84bb1120095136de86f122a882a42d61?s=96&d=mm&r=g","caption":"Luis Miguel del Campo"},"url":"https:\/\/www.fotografo-profesional.net\/diario\/author\/admin_lmdc\/"}]}},"_links":{"self":[{"href":"https:\/\/www.fotografo-profesional.net\/diario\/wp-json\/wp\/v2\/posts\/1136"}],"collection":[{"href":"https:\/\/www.fotografo-profesional.net\/diario\/wp-json\/wp\/v2\/posts"}],"about":[{"href":"https:\/\/www.fotografo-profesional.net\/diario\/wp-json\/wp\/v2\/types\/post"}],"author":[{"embeddable":true,"href":"https:\/\/www.fotografo-profesional.net\/diario\/wp-json\/wp\/v2\/users\/2"}],"replies":[{"embeddable":true,"href":"https:\/\/www.fotografo-profesional.net\/diario\/wp-json\/wp\/v2\/comments?post=1136"}],"version-history":[{"count":2,"href":"https:\/\/www.fotografo-profesional.net\/diario\/wp-json\/wp\/v2\/posts\/1136\/revisions"}],"predecessor-version":[{"id":1223,"href":"https:\/\/www.fotografo-profesional.net\/diario\/wp-json\/wp\/v2\/posts\/1136\/revisions\/1223"}],"wp:featuredmedia":[{"embeddable":true,"href":"https:\/\/www.fotografo-profesional.net\/diario\/wp-json\/wp\/v2\/media\/1222"}],"wp:attachment":[{"href":"https:\/\/www.fotografo-profesional.net\/diario\/wp-json\/wp\/v2\/media?parent=1136"}],"wp:term":[{"taxonomy":"category","embeddable":true,"href":"https:\/\/www.fotografo-profesional.net\/diario\/wp-json\/wp\/v2\/categories?post=1136"},{"taxonomy":"post_tag","embeddable":true,"href":"https:\/\/www.fotografo-profesional.net\/diario\/wp-json\/wp\/v2\/tags?post=1136"}],"curies":[{"name":"wp","href":"https:\/\/api.w.org\/{rel}","templated":true}]}}