{"id":115,"date":"2018-06-24T18:18:23","date_gmt":"2018-06-24T18:18:23","guid":{"rendered":"https:\/\/www.fotografo-profesional.net\/diario-de-un-fotografo-profesional-en-madrid\/?p=115"},"modified":"2020-04-15T11:29:42","modified_gmt":"2020-04-15T09:29:42","slug":"casco-historico-de-barajas-preolimpica","status":"publish","type":"post","link":"https:\/\/www.fotografo-profesional.net\/diario\/2018\/06\/24\/casco-historico-de-barajas-preolimpica\/","title":{"rendered":"Casco hist\u00f3rico de Barajas preol\u00edmpica"},"content":{"rendered":"<p>D<\/p>\n<p><img decoding=\"async\" class=\"wp-image-120 size-full\" src=\"https:\/\/www.fotografo-profesional.net\/diario\/wp-content\/uploads\/2018\/06\/Madrid-preol\u00edmpica-0042-por-fot\u00f3grafo-en-madrid.jpg\" alt=\"Casco Hist\u00f3rico de Barajas por Fot\u00f3grafo profesional de Madrid\" width=\"600\" height=\"450\" srcset=\"https:\/\/www.fotografo-profesional.net\/diario\/wp-content\/uploads\/2018\/06\/Madrid-preol\u00edmpica-0042-por-fot\u00f3grafo-en-madrid.jpg 600w, https:\/\/www.fotografo-profesional.net\/diario\/wp-content\/uploads\/2018\/06\/Madrid-preol\u00edmpica-0042-por-fot\u00f3grafo-en-madrid-300x225.jpg 300w\" sizes=\"(max-width: 600px) 100vw, 600px\" \/><\/p>\n<h3>Madrid preol\u00edmpica (0042)<\/h3>\n<p>Este distrito est\u00e1 formado por cinco barrios, de los que el m\u00e1s antiguo es el del Casco Hist\u00f3rico del antiguo municipio de <strong>Barajas, que se incorpor\u00f3 a la capital en 1949<\/strong>. Hasta hace bien poco (por ejemplo, la fotograf\u00eda est\u00e1 tomada en 2012), conservaba su aspecto de pueblo con infinidad de peque\u00f1as casas bajas y portones de paso de antiguas caballer\u00edas -que m\u00e1s tarde ser\u00edan sustituidos por tractores y maquinaria agr\u00edcola- e incluso de ganader\u00eda.<\/p>\n<p><strong>Un tranquilo paseo por dicho barrio del Casco Hist\u00f3rico de Barajas te pod\u00eda hacer sentir que hab\u00edas vuelto unas cuantas d\u00e9cadas atr\u00e1s en el tiempo<\/strong>; que estabas caminando por <a href=\"https:\/\/www.fotografo-profesional.net\/diario\/2020\/03\/11\/fotografo-documental-de-madrid\/\"><span style=\"color: #3366ff;\"><em>el pasado de aquel barrio<\/em><\/span><\/a>. Sensaci\u00f3n esta de la que \u00fanicamente te hac\u00eda desprenderte el hecho de cruzarte por la calle con alg\u00fan vecino cuyo vestuario y accesorios eran claramente similares a lo tuyos.<\/p>\n<p>Eso s\u00ed, si el paseo lo realizabas durante un domingo por la tarde a la hora de la sobremesa era muy probable que el deambular por la calle de los vecinos del barrio del Casco Hist\u00f3rico de Barajas fuera pr\u00e1cticamente nulo; algo que te permit\u00eda seguir en tu enso\u00f1aci\u00f3n de viaje al pasado por sus calles. Y, tambi\u00e9n, documentar el aspecto que ten\u00edan antiguamente sus edificios mediante la captura de fotograf\u00edas.<\/p>\n<p>Este aspecto llamaba la atenci\u00f3n para ser captado por cualquier fot\u00f3grafo, incluso siendo del propio Madrid, ya que <strong>el turismo en este distrito es pr\u00e1cticamente nulo<\/strong>. Digamos que, aparte del paso de carruajes que se observa en la imagen, a derecha e izquierda hay puertas de acceso a viviendas habitadas. Dos a\u00f1os despu\u00e9s de tomada la fotograf\u00eda, la viga horizontal de madera hab\u00eda sido suprimida, y las columnas verticales y las paredes frontales, saneadas; pero las viviendas segu\u00edan habitadas.<\/p>\n<p>Durante los a\u00f1os transcurridos desde la toma de la imagen, adem\u00e1s de lo comentado anteriormente, han desparecido muchas de las construcciones m\u00e1s viejas y deterioradas de este barrio generalmente tan desconocido de Madrid. Quedan, eso s\u00ed, las im\u00e1genes que <a href=\"http:\/\/www.fotografo-profesional.net\"><span style=\"color: #3366ff;\"><em>alg\u00fan que otro fot\u00f3grafo<\/em> <\/span><\/a>profesional dedicado al documentalismo fuimos capturando del Casco Hist\u00f3rico de Barajas.<\/p>\n\n\n<p><\/p>\n","protected":false},"excerpt":{"rendered":"<p>D Madrid preol\u00edmpica (0042) Este distrito est\u00e1 formado por cinco barrios, de los que el m\u00e1s antiguo es el del Casco Hist\u00f3rico del antiguo municipio de Barajas, que se incorpor\u00f3 a la capital en 1949. Hasta hace bien poco (por ejemplo, la fotograf\u00eda est\u00e1 tomada en 2012), conservaba su aspecto de pueblo con infinidad de [&hellip;]<\/p>\n","protected":false},"author":2,"featured_media":120,"comment_status":"open","ping_status":"open","sticky":false,"template":"","format":"standard","meta":[],"categories":[48,45,189,172,207,215,116],"tags":[270,269,110,99,59,284,120,307],"yoast_head":"<!-- This site is optimized with the Yoast SEO plugin v20.8 - https:\/\/yoast.com\/wordpress\/plugins\/seo\/ -->\n<title>Casco hist\u00f3rico de Barajas preol\u00edmpica - Luis Miguel del Campo<\/title>\n<meta name=\"description\" content=\"Pasear por el Casco Hist\u00f3rico de Barajas hasta hace bien pocos a\u00f1os te pod\u00eda hacer sentir como si hubieras vuelto al pasado.\" \/>\n<meta name=\"robots\" content=\"index, follow, max-snippet:-1, max-image-preview:large, max-video-preview:-1\" \/>\n<link rel=\"canonical\" href=\"https:\/\/www.fotografo-profesional.net\/diario\/2018\/06\/24\/casco-historico-de-barajas-preolimpica\/\" \/>\n<meta property=\"og:locale\" content=\"es_ES\" \/>\n<meta property=\"og:type\" content=\"article\" \/>\n<meta property=\"og:title\" content=\"Casco hist\u00f3rico de Barajas preol\u00edmpica - Luis Miguel del Campo\" \/>\n<meta property=\"og:description\" content=\"Pasear por el Casco Hist\u00f3rico de Barajas hasta hace bien pocos a\u00f1os te pod\u00eda hacer sentir como si hubieras vuelto al pasado.\" \/>\n<meta property=\"og:url\" content=\"https:\/\/www.fotografo-profesional.net\/diario\/2018\/06\/24\/casco-historico-de-barajas-preolimpica\/\" \/>\n<meta property=\"og:site_name\" content=\"Luis Miguel del Campo\" \/>\n<meta property=\"article:published_time\" content=\"2018-06-24T18:18:23+00:00\" \/>\n<meta property=\"article:modified_time\" content=\"2020-04-15T09:29:42+00:00\" \/>\n<meta property=\"og:image\" content=\"https:\/\/www.fotografo-profesional.net\/diario\/wp-content\/uploads\/2018\/06\/Madrid-preol\u00edmpica-0042-por-fot\u00f3grafo-en-madrid.jpg\" \/>\n\t<meta property=\"og:image:width\" content=\"600\" \/>\n\t<meta property=\"og:image:height\" content=\"450\" \/>\n\t<meta property=\"og:image:type\" content=\"image\/jpeg\" \/>\n<meta name=\"author\" content=\"Luis Miguel del Campo\" \/>\n<meta name=\"twitter:card\" content=\"summary_large_image\" \/>\n<meta name=\"twitter:label1\" content=\"Escrito por\" \/>\n\t<meta name=\"twitter:data1\" content=\"Luis Miguel del Campo\" \/>\n\t<meta name=\"twitter:label2\" content=\"Tiempo de lectura\" \/>\n\t<meta name=\"twitter:data2\" content=\"2 minutos\" \/>\n<script type=\"application\/ld+json\" class=\"yoast-schema-graph\">{\"@context\":\"https:\/\/schema.org\",\"@graph\":[{\"@type\":\"WebPage\",\"@id\":\"https:\/\/www.fotografo-profesional.net\/diario\/2018\/06\/24\/casco-historico-de-barajas-preolimpica\/\",\"url\":\"https:\/\/www.fotografo-profesional.net\/diario\/2018\/06\/24\/casco-historico-de-barajas-preolimpica\/\",\"name\":\"Casco hist\u00f3rico de Barajas preol\u00edmpica - Luis Miguel del Campo\",\"isPartOf\":{\"@id\":\"https:\/\/www.fotografo-profesional.net\/diario\/#website\"},\"datePublished\":\"2018-06-24T18:18:23+00:00\",\"dateModified\":\"2020-04-15T09:29:42+00:00\",\"author\":{\"@id\":\"https:\/\/www.fotografo-profesional.net\/diario\/#\/schema\/person\/220504871d765b4c30a0af1d2fe93533\"},\"description\":\"Pasear por el Casco Hist\u00f3rico de Barajas hasta hace bien pocos a\u00f1os te pod\u00eda hacer sentir como si hubieras vuelto al pasado.\",\"breadcrumb\":{\"@id\":\"https:\/\/www.fotografo-profesional.net\/diario\/2018\/06\/24\/casco-historico-de-barajas-preolimpica\/#breadcrumb\"},\"inLanguage\":\"es\",\"potentialAction\":[{\"@type\":\"ReadAction\",\"target\":[\"https:\/\/www.fotografo-profesional.net\/diario\/2018\/06\/24\/casco-historico-de-barajas-preolimpica\/\"]}]},{\"@type\":\"BreadcrumbList\",\"@id\":\"https:\/\/www.fotografo-profesional.net\/diario\/2018\/06\/24\/casco-historico-de-barajas-preolimpica\/#breadcrumb\",\"itemListElement\":[{\"@type\":\"ListItem\",\"position\":1,\"name\":\"Inicio\",\"item\":\"https:\/\/www.fotografo-profesional.net\/diario\/\"},{\"@type\":\"ListItem\",\"position\":2,\"name\":\"Casco hist\u00f3rico de Barajas preol\u00edmpica\"}]},{\"@type\":\"WebSite\",\"@id\":\"https:\/\/www.fotografo-profesional.net\/diario\/#website\",\"url\":\"https:\/\/www.fotografo-profesional.net\/diario\/\",\"name\":\"Luis Miguel del Campo\",\"description\":\"Blog de un fot\u00f3grafo profesional\",\"potentialAction\":[{\"@type\":\"SearchAction\",\"target\":{\"@type\":\"EntryPoint\",\"urlTemplate\":\"https:\/\/www.fotografo-profesional.net\/diario\/?s={search_term_string}\"},\"query-input\":\"required name=search_term_string\"}],\"inLanguage\":\"es\"},{\"@type\":\"Person\",\"@id\":\"https:\/\/www.fotografo-profesional.net\/diario\/#\/schema\/person\/220504871d765b4c30a0af1d2fe93533\",\"name\":\"Luis Miguel del Campo\",\"image\":{\"@type\":\"ImageObject\",\"inLanguage\":\"es\",\"@id\":\"https:\/\/www.fotografo-profesional.net\/diario\/#\/schema\/person\/image\/\",\"url\":\"https:\/\/secure.gravatar.com\/avatar\/84bb1120095136de86f122a882a42d61?s=96&d=mm&r=g\",\"contentUrl\":\"https:\/\/secure.gravatar.com\/avatar\/84bb1120095136de86f122a882a42d61?s=96&d=mm&r=g\",\"caption\":\"Luis Miguel del Campo\"},\"url\":\"https:\/\/www.fotografo-profesional.net\/diario\/author\/admin_lmdc\/\"}]}<\/script>\n<!-- \/ Yoast SEO plugin. -->","yoast_head_json":{"title":"Casco hist\u00f3rico de Barajas preol\u00edmpica - Luis Miguel del Campo","description":"Pasear por el Casco Hist\u00f3rico de Barajas hasta hace bien pocos a\u00f1os te pod\u00eda hacer sentir como si hubieras vuelto al pasado.","robots":{"index":"index","follow":"follow","max-snippet":"max-snippet:-1","max-image-preview":"max-image-preview:large","max-video-preview":"max-video-preview:-1"},"canonical":"https:\/\/www.fotografo-profesional.net\/diario\/2018\/06\/24\/casco-historico-de-barajas-preolimpica\/","og_locale":"es_ES","og_type":"article","og_title":"Casco hist\u00f3rico de Barajas preol\u00edmpica - Luis Miguel del Campo","og_description":"Pasear por el Casco Hist\u00f3rico de Barajas hasta hace bien pocos a\u00f1os te pod\u00eda hacer sentir como si hubieras vuelto al pasado.","og_url":"https:\/\/www.fotografo-profesional.net\/diario\/2018\/06\/24\/casco-historico-de-barajas-preolimpica\/","og_site_name":"Luis Miguel del Campo","article_published_time":"2018-06-24T18:18:23+00:00","article_modified_time":"2020-04-15T09:29:42+00:00","og_image":[{"width":600,"height":450,"url":"https:\/\/www.fotografo-profesional.net\/diario\/wp-content\/uploads\/2018\/06\/Madrid-preol\u00edmpica-0042-por-fot\u00f3grafo-en-madrid.jpg","type":"image\/jpeg"}],"author":"Luis Miguel del Campo","twitter_card":"summary_large_image","twitter_misc":{"Escrito por":"Luis Miguel del Campo","Tiempo de lectura":"2 minutos"},"schema":{"@context":"https:\/\/schema.org","@graph":[{"@type":"WebPage","@id":"https:\/\/www.fotografo-profesional.net\/diario\/2018\/06\/24\/casco-historico-de-barajas-preolimpica\/","url":"https:\/\/www.fotografo-profesional.net\/diario\/2018\/06\/24\/casco-historico-de-barajas-preolimpica\/","name":"Casco hist\u00f3rico de Barajas preol\u00edmpica - Luis Miguel del Campo","isPartOf":{"@id":"https:\/\/www.fotografo-profesional.net\/diario\/#website"},"datePublished":"2018-06-24T18:18:23+00:00","dateModified":"2020-04-15T09:29:42+00:00","author":{"@id":"https:\/\/www.fotografo-profesional.net\/diario\/#\/schema\/person\/220504871d765b4c30a0af1d2fe93533"},"description":"Pasear por el Casco Hist\u00f3rico de Barajas hasta hace bien pocos a\u00f1os te pod\u00eda hacer sentir como si hubieras vuelto al pasado.","breadcrumb":{"@id":"https:\/\/www.fotografo-profesional.net\/diario\/2018\/06\/24\/casco-historico-de-barajas-preolimpica\/#breadcrumb"},"inLanguage":"es","potentialAction":[{"@type":"ReadAction","target":["https:\/\/www.fotografo-profesional.net\/diario\/2018\/06\/24\/casco-historico-de-barajas-preolimpica\/"]}]},{"@type":"BreadcrumbList","@id":"https:\/\/www.fotografo-profesional.net\/diario\/2018\/06\/24\/casco-historico-de-barajas-preolimpica\/#breadcrumb","itemListElement":[{"@type":"ListItem","position":1,"name":"Inicio","item":"https:\/\/www.fotografo-profesional.net\/diario\/"},{"@type":"ListItem","position":2,"name":"Casco hist\u00f3rico de Barajas preol\u00edmpica"}]},{"@type":"WebSite","@id":"https:\/\/www.fotografo-profesional.net\/diario\/#website","url":"https:\/\/www.fotografo-profesional.net\/diario\/","name":"Luis Miguel del Campo","description":"Blog de un fot\u00f3grafo profesional","potentialAction":[{"@type":"SearchAction","target":{"@type":"EntryPoint","urlTemplate":"https:\/\/www.fotografo-profesional.net\/diario\/?s={search_term_string}"},"query-input":"required name=search_term_string"}],"inLanguage":"es"},{"@type":"Person","@id":"https:\/\/www.fotografo-profesional.net\/diario\/#\/schema\/person\/220504871d765b4c30a0af1d2fe93533","name":"Luis Miguel del Campo","image":{"@type":"ImageObject","inLanguage":"es","@id":"https:\/\/www.fotografo-profesional.net\/diario\/#\/schema\/person\/image\/","url":"https:\/\/secure.gravatar.com\/avatar\/84bb1120095136de86f122a882a42d61?s=96&d=mm&r=g","contentUrl":"https:\/\/secure.gravatar.com\/avatar\/84bb1120095136de86f122a882a42d61?s=96&d=mm&r=g","caption":"Luis Miguel del Campo"},"url":"https:\/\/www.fotografo-profesional.net\/diario\/author\/admin_lmdc\/"}]}},"_links":{"self":[{"href":"https:\/\/www.fotografo-profesional.net\/diario\/wp-json\/wp\/v2\/posts\/115"}],"collection":[{"href":"https:\/\/www.fotografo-profesional.net\/diario\/wp-json\/wp\/v2\/posts"}],"about":[{"href":"https:\/\/www.fotografo-profesional.net\/diario\/wp-json\/wp\/v2\/types\/post"}],"author":[{"embeddable":true,"href":"https:\/\/www.fotografo-profesional.net\/diario\/wp-json\/wp\/v2\/users\/2"}],"replies":[{"embeddable":true,"href":"https:\/\/www.fotografo-profesional.net\/diario\/wp-json\/wp\/v2\/comments?post=115"}],"version-history":[{"count":11,"href":"https:\/\/www.fotografo-profesional.net\/diario\/wp-json\/wp\/v2\/posts\/115\/revisions"}],"predecessor-version":[{"id":1863,"href":"https:\/\/www.fotografo-profesional.net\/diario\/wp-json\/wp\/v2\/posts\/115\/revisions\/1863"}],"wp:featuredmedia":[{"embeddable":true,"href":"https:\/\/www.fotografo-profesional.net\/diario\/wp-json\/wp\/v2\/media\/120"}],"wp:attachment":[{"href":"https:\/\/www.fotografo-profesional.net\/diario\/wp-json\/wp\/v2\/media?parent=115"}],"wp:term":[{"taxonomy":"category","embeddable":true,"href":"https:\/\/www.fotografo-profesional.net\/diario\/wp-json\/wp\/v2\/categories?post=115"},{"taxonomy":"post_tag","embeddable":true,"href":"https:\/\/www.fotografo-profesional.net\/diario\/wp-json\/wp\/v2\/tags?post=115"}],"curies":[{"name":"wp","href":"https:\/\/api.w.org\/{rel}","templated":true}]}}