{"id":1221,"date":"2020-03-21T06:12:47","date_gmt":"2020-03-21T05:12:47","guid":{"rendered":"https:\/\/www.fotografo-profesional.net\/diario\/?p=1221"},"modified":"2020-03-24T18:05:16","modified_gmt":"2020-03-24T17:05:16","slug":"reportaje-de-postboda-en-madrid","status":"publish","type":"post","link":"https:\/\/www.fotografo-profesional.net\/diario\/2020\/03\/21\/reportaje-de-postboda-en-madrid\/","title":{"rendered":"Reportaje de postboda en Madrid"},"content":{"rendered":"<p><img decoding=\"async\" class=\"alignnone size-full wp-image-1275\" src=\"https:\/\/www.fotografo-profesional.net\/diario\/wp-content\/uploads\/2020\/03\/Fot\u00f3grafo-profesional-en-Madrid-LMC-0077.jpg\" alt=\"Reportaje de postboda en Madrid\" width=\"600\" height=\"400\" srcset=\"https:\/\/www.fotografo-profesional.net\/diario\/wp-content\/uploads\/2020\/03\/Fot\u00f3grafo-profesional-en-Madrid-LMC-0077.jpg 600w, https:\/\/www.fotografo-profesional.net\/diario\/wp-content\/uploads\/2020\/03\/Fot\u00f3grafo-profesional-en-Madrid-LMC-0077-300x200.jpg 300w\" sizes=\"(max-width: 600px) 100vw, 600px\" \/><\/p>\n<p>Algunas parejas demandan tanto reportaje de <a href=\"https:\/\/www.fotografo-profesional.net\/diario\/2019\/09\/07\/reportaje-de-preboda-en-madrid\/\"><span style=\"color: #3366ff;\"><em>preboda<\/em><\/span><\/a> como de postboda, pues consideran incompleto un reportaje de boda \u00fanicamente con lo sucedido el d\u00eda de la ceremonia. Ofrezco ambos servicios adicionales, aunque los de postboda me los solicitan con menor frecuencia.<\/p>\n<p>Dependiendo de las preferencias del matrimonio <strong>el reportaje de postboda se suele hacer en el nuevo domicilio de la pareja,<\/strong> para reflejar su actual espacio vital o en cualquier otro lugar que ellos decidan.<\/p>\n<p>En este caso, el recientemente formado matrimonio eligi\u00f3 el Parque del Retiro como \u00fanico emplazamiento para la sesi\u00f3n fotogr\u00e1fica. <strong>Todo fot\u00f3grafo profesional tiene sus lugares favoritos para hacer este tipo de sesiones<\/strong> en exterior, y uno de los m\u00edos es este Parque. Por varios motivos. El primero, porque est\u00e1 en el centro de Madrid; el segundo, porque dispone de zonas con muy marcado car\u00e1cter distintivo de las otras.<\/p>\n<p>Tambi\u00e9n tengo debilidad por otros parques que no citar\u00e9 aqu\u00ed por no dar pistas a la competencia. S\u00f3lo a\u00f1adir\u00e9 que lo mejor de todo es que muchas veces <a href=\"https:\/\/www.fotografo-profesional.net\/diario\/2019\/05\/18\/fotografo-barato-de-bodas\/\"><span style=\"color: #3366ff;\"><em>mis preferencias de fot\u00f3grafo barato<\/em><\/span><\/a> de bodas coinciden con el gusto de los clientes m\u00e1s refinados.<\/p>\n<p>Algunas veces, cuando el d\u00eda de la celebraci\u00f3n de la boda <a href=\"https:\/\/www.fotografo-profesional.net\/diario\/2018\/03\/25\/que-hacer-si-el-dia-de-tu-boda-llueve\/\"><span style=\"color: #3366ff;\"><em>ha estado lloviendo<\/em><\/span><\/a>, ha hecho mucho viento o las circunstancias meteorol\u00f3gicas no eran las apropiadas para hacer la sesi\u00f3n de fotograf\u00edas con encanto con la pareja de reci\u00e9n casados, posponemos esa parte para unos d\u00edas despu\u00e9s del viaje de novios, con lo que, aunque el reportaje pudiera parecer de postboda, no es m\u00e1s que un aplazamiento de la sesi\u00f3n con la pareja el d\u00eda de la boda antes del convite. En estos casos no cobro nada por ello, aunque tenga que trabajar varias horas de otro d\u00eda.<\/p>\n<p>Aunque la tarde de la boda de la pareja de la fotograf\u00eda hizo un tiempo cambiante, lloviendo en algunos momentos, la meteorolog\u00eda nos respet\u00f3 lo suficiente para poder hacerles las fotos en una <a href=\"https:\/\/www.fotografo-profesional.net\/diario\/2018\/12\/27\/fotografias-de-boda-con-encanto\/\"><em><span style=\"color: #3366ff;\">zona con encanto<\/span><\/em><\/a>, por lo que la imagen no corresponde a una repetici\u00f3n de \u00e9sta sino a un reportaje real de postboda, ya que la pareja estaba satisfecha con todas las fotograf\u00edas que pudimos hacer el d\u00eda del enlace.<\/p>\n<p><strong>Esto fue posible al transcurrir tanto la ceremonia como la celebraci\u00f3n <a href=\"https:\/\/www.fotografo-profesional.net\/diario\/2019\/07\/15\/fotografia-de-bodas-en-fincas\/\"><span style=\"color: #3366ff;\"><em>en una finca<\/em><\/span><\/a> <\/strong>y no tener que movernos a otro lugar para resolver nuestro prop\u00f3sito con \u00e9xito.<\/p>\n","protected":false},"excerpt":{"rendered":"<p>Algunas parejas demandan tanto reportaje de preboda como de postboda, pues consideran incompleto un reportaje de boda \u00fanicamente con lo sucedido el d\u00eda de la ceremonia. Ofrezco ambos servicios adicionales, aunque los de postboda me los solicitan con menor frecuencia. Dependiendo de las preferencias del matrimonio el reportaje de postboda se suele hacer en el [&hellip;]<\/p>\n","protected":false},"author":2,"featured_media":1275,"comment_status":"closed","ping_status":"open","sticky":false,"template":"","format":"standard","meta":[],"categories":[175,254,255,45,189,172,207,390,14],"tags":[315,392,117,59,119,120,307,391,340],"yoast_head":"<!-- This site is optimized with the Yoast SEO plugin v20.8 - https:\/\/yoast.com\/wordpress\/plugins\/seo\/ -->\n<title>Reportaje de postboda en Madrid - Luis Miguel del Campo<\/title>\n<meta name=\"description\" content=\"De unos a\u00f1os a esta parte las parejas van demandando a los profsionales el reportaje de postboda adem\u00e1s del de la celebraci\u00f3n de su boda.\" \/>\n<meta name=\"robots\" content=\"index, follow, max-snippet:-1, max-image-preview:large, max-video-preview:-1\" \/>\n<link rel=\"canonical\" href=\"https:\/\/www.fotografo-profesional.net\/diario\/2020\/03\/21\/reportaje-de-postboda-en-madrid\/\" \/>\n<meta property=\"og:locale\" content=\"es_ES\" \/>\n<meta property=\"og:type\" content=\"article\" \/>\n<meta property=\"og:title\" content=\"Reportaje de postboda en Madrid - Luis Miguel del Campo\" \/>\n<meta property=\"og:description\" content=\"De unos a\u00f1os a esta parte las parejas van demandando a los profsionales el reportaje de postboda adem\u00e1s del de la celebraci\u00f3n de su boda.\" \/>\n<meta property=\"og:url\" content=\"https:\/\/www.fotografo-profesional.net\/diario\/2020\/03\/21\/reportaje-de-postboda-en-madrid\/\" \/>\n<meta property=\"og:site_name\" content=\"Luis Miguel del Campo\" \/>\n<meta property=\"article:published_time\" content=\"2020-03-21T05:12:47+00:00\" \/>\n<meta property=\"article:modified_time\" content=\"2020-03-24T17:05:16+00:00\" \/>\n<meta property=\"og:image\" content=\"https:\/\/www.fotografo-profesional.net\/diario\/wp-content\/uploads\/2020\/03\/Fot\u00f3grafo-profesional-en-Madrid-LMC-0077.jpg\" \/>\n\t<meta property=\"og:image:width\" content=\"600\" \/>\n\t<meta property=\"og:image:height\" content=\"400\" \/>\n\t<meta property=\"og:image:type\" content=\"image\/jpeg\" \/>\n<meta name=\"author\" content=\"Luis Miguel del Campo\" \/>\n<meta name=\"twitter:card\" content=\"summary_large_image\" \/>\n<meta name=\"twitter:label1\" content=\"Escrito por\" \/>\n\t<meta name=\"twitter:data1\" content=\"Luis Miguel del Campo\" \/>\n\t<meta name=\"twitter:label2\" content=\"Tiempo de lectura\" \/>\n\t<meta name=\"twitter:data2\" content=\"2 minutos\" \/>\n<script type=\"application\/ld+json\" class=\"yoast-schema-graph\">{\"@context\":\"https:\/\/schema.org\",\"@graph\":[{\"@type\":\"WebPage\",\"@id\":\"https:\/\/www.fotografo-profesional.net\/diario\/2020\/03\/21\/reportaje-de-postboda-en-madrid\/\",\"url\":\"https:\/\/www.fotografo-profesional.net\/diario\/2020\/03\/21\/reportaje-de-postboda-en-madrid\/\",\"name\":\"Reportaje de postboda en Madrid - Luis Miguel del Campo\",\"isPartOf\":{\"@id\":\"https:\/\/www.fotografo-profesional.net\/diario\/#website\"},\"datePublished\":\"2020-03-21T05:12:47+00:00\",\"dateModified\":\"2020-03-24T17:05:16+00:00\",\"author\":{\"@id\":\"https:\/\/www.fotografo-profesional.net\/diario\/#\/schema\/person\/220504871d765b4c30a0af1d2fe93533\"},\"description\":\"De unos a\u00f1os a esta parte las parejas van demandando a los profsionales el reportaje de postboda adem\u00e1s del de la celebraci\u00f3n de su boda.\",\"breadcrumb\":{\"@id\":\"https:\/\/www.fotografo-profesional.net\/diario\/2020\/03\/21\/reportaje-de-postboda-en-madrid\/#breadcrumb\"},\"inLanguage\":\"es\",\"potentialAction\":[{\"@type\":\"ReadAction\",\"target\":[\"https:\/\/www.fotografo-profesional.net\/diario\/2020\/03\/21\/reportaje-de-postboda-en-madrid\/\"]}]},{\"@type\":\"BreadcrumbList\",\"@id\":\"https:\/\/www.fotografo-profesional.net\/diario\/2020\/03\/21\/reportaje-de-postboda-en-madrid\/#breadcrumb\",\"itemListElement\":[{\"@type\":\"ListItem\",\"position\":1,\"name\":\"Inicio\",\"item\":\"https:\/\/www.fotografo-profesional.net\/diario\/\"},{\"@type\":\"ListItem\",\"position\":2,\"name\":\"Reportaje de postboda en Madrid\"}]},{\"@type\":\"WebSite\",\"@id\":\"https:\/\/www.fotografo-profesional.net\/diario\/#website\",\"url\":\"https:\/\/www.fotografo-profesional.net\/diario\/\",\"name\":\"Luis Miguel del Campo\",\"description\":\"Blog de un fot\u00f3grafo profesional\",\"potentialAction\":[{\"@type\":\"SearchAction\",\"target\":{\"@type\":\"EntryPoint\",\"urlTemplate\":\"https:\/\/www.fotografo-profesional.net\/diario\/?s={search_term_string}\"},\"query-input\":\"required name=search_term_string\"}],\"inLanguage\":\"es\"},{\"@type\":\"Person\",\"@id\":\"https:\/\/www.fotografo-profesional.net\/diario\/#\/schema\/person\/220504871d765b4c30a0af1d2fe93533\",\"name\":\"Luis Miguel del Campo\",\"image\":{\"@type\":\"ImageObject\",\"inLanguage\":\"es\",\"@id\":\"https:\/\/www.fotografo-profesional.net\/diario\/#\/schema\/person\/image\/\",\"url\":\"https:\/\/secure.gravatar.com\/avatar\/84bb1120095136de86f122a882a42d61?s=96&d=mm&r=g\",\"contentUrl\":\"https:\/\/secure.gravatar.com\/avatar\/84bb1120095136de86f122a882a42d61?s=96&d=mm&r=g\",\"caption\":\"Luis Miguel del Campo\"},\"url\":\"https:\/\/www.fotografo-profesional.net\/diario\/author\/admin_lmdc\/\"}]}<\/script>\n<!-- \/ Yoast SEO plugin. -->","yoast_head_json":{"title":"Reportaje de postboda en Madrid - Luis Miguel del Campo","description":"De unos a\u00f1os a esta parte las parejas van demandando a los profsionales el reportaje de postboda adem\u00e1s del de la celebraci\u00f3n de su boda.","robots":{"index":"index","follow":"follow","max-snippet":"max-snippet:-1","max-image-preview":"max-image-preview:large","max-video-preview":"max-video-preview:-1"},"canonical":"https:\/\/www.fotografo-profesional.net\/diario\/2020\/03\/21\/reportaje-de-postboda-en-madrid\/","og_locale":"es_ES","og_type":"article","og_title":"Reportaje de postboda en Madrid - Luis Miguel del Campo","og_description":"De unos a\u00f1os a esta parte las parejas van demandando a los profsionales el reportaje de postboda adem\u00e1s del de la celebraci\u00f3n de su boda.","og_url":"https:\/\/www.fotografo-profesional.net\/diario\/2020\/03\/21\/reportaje-de-postboda-en-madrid\/","og_site_name":"Luis Miguel del Campo","article_published_time":"2020-03-21T05:12:47+00:00","article_modified_time":"2020-03-24T17:05:16+00:00","og_image":[{"width":600,"height":400,"url":"https:\/\/www.fotografo-profesional.net\/diario\/wp-content\/uploads\/2020\/03\/Fot\u00f3grafo-profesional-en-Madrid-LMC-0077.jpg","type":"image\/jpeg"}],"author":"Luis Miguel del Campo","twitter_card":"summary_large_image","twitter_misc":{"Escrito por":"Luis Miguel del Campo","Tiempo de lectura":"2 minutos"},"schema":{"@context":"https:\/\/schema.org","@graph":[{"@type":"WebPage","@id":"https:\/\/www.fotografo-profesional.net\/diario\/2020\/03\/21\/reportaje-de-postboda-en-madrid\/","url":"https:\/\/www.fotografo-profesional.net\/diario\/2020\/03\/21\/reportaje-de-postboda-en-madrid\/","name":"Reportaje de postboda en Madrid - Luis Miguel del Campo","isPartOf":{"@id":"https:\/\/www.fotografo-profesional.net\/diario\/#website"},"datePublished":"2020-03-21T05:12:47+00:00","dateModified":"2020-03-24T17:05:16+00:00","author":{"@id":"https:\/\/www.fotografo-profesional.net\/diario\/#\/schema\/person\/220504871d765b4c30a0af1d2fe93533"},"description":"De unos a\u00f1os a esta parte las parejas van demandando a los profsionales el reportaje de postboda adem\u00e1s del de la celebraci\u00f3n de su boda.","breadcrumb":{"@id":"https:\/\/www.fotografo-profesional.net\/diario\/2020\/03\/21\/reportaje-de-postboda-en-madrid\/#breadcrumb"},"inLanguage":"es","potentialAction":[{"@type":"ReadAction","target":["https:\/\/www.fotografo-profesional.net\/diario\/2020\/03\/21\/reportaje-de-postboda-en-madrid\/"]}]},{"@type":"BreadcrumbList","@id":"https:\/\/www.fotografo-profesional.net\/diario\/2020\/03\/21\/reportaje-de-postboda-en-madrid\/#breadcrumb","itemListElement":[{"@type":"ListItem","position":1,"name":"Inicio","item":"https:\/\/www.fotografo-profesional.net\/diario\/"},{"@type":"ListItem","position":2,"name":"Reportaje de postboda en Madrid"}]},{"@type":"WebSite","@id":"https:\/\/www.fotografo-profesional.net\/diario\/#website","url":"https:\/\/www.fotografo-profesional.net\/diario\/","name":"Luis Miguel del Campo","description":"Blog de un fot\u00f3grafo profesional","potentialAction":[{"@type":"SearchAction","target":{"@type":"EntryPoint","urlTemplate":"https:\/\/www.fotografo-profesional.net\/diario\/?s={search_term_string}"},"query-input":"required name=search_term_string"}],"inLanguage":"es"},{"@type":"Person","@id":"https:\/\/www.fotografo-profesional.net\/diario\/#\/schema\/person\/220504871d765b4c30a0af1d2fe93533","name":"Luis Miguel del Campo","image":{"@type":"ImageObject","inLanguage":"es","@id":"https:\/\/www.fotografo-profesional.net\/diario\/#\/schema\/person\/image\/","url":"https:\/\/secure.gravatar.com\/avatar\/84bb1120095136de86f122a882a42d61?s=96&d=mm&r=g","contentUrl":"https:\/\/secure.gravatar.com\/avatar\/84bb1120095136de86f122a882a42d61?s=96&d=mm&r=g","caption":"Luis Miguel del Campo"},"url":"https:\/\/www.fotografo-profesional.net\/diario\/author\/admin_lmdc\/"}]}},"_links":{"self":[{"href":"https:\/\/www.fotografo-profesional.net\/diario\/wp-json\/wp\/v2\/posts\/1221"}],"collection":[{"href":"https:\/\/www.fotografo-profesional.net\/diario\/wp-json\/wp\/v2\/posts"}],"about":[{"href":"https:\/\/www.fotografo-profesional.net\/diario\/wp-json\/wp\/v2\/types\/post"}],"author":[{"embeddable":true,"href":"https:\/\/www.fotografo-profesional.net\/diario\/wp-json\/wp\/v2\/users\/2"}],"replies":[{"embeddable":true,"href":"https:\/\/www.fotografo-profesional.net\/diario\/wp-json\/wp\/v2\/comments?post=1221"}],"version-history":[{"count":5,"href":"https:\/\/www.fotografo-profesional.net\/diario\/wp-json\/wp\/v2\/posts\/1221\/revisions"}],"predecessor-version":[{"id":1346,"href":"https:\/\/www.fotografo-profesional.net\/diario\/wp-json\/wp\/v2\/posts\/1221\/revisions\/1346"}],"wp:featuredmedia":[{"embeddable":true,"href":"https:\/\/www.fotografo-profesional.net\/diario\/wp-json\/wp\/v2\/media\/1275"}],"wp:attachment":[{"href":"https:\/\/www.fotografo-profesional.net\/diario\/wp-json\/wp\/v2\/media?parent=1221"}],"wp:term":[{"taxonomy":"category","embeddable":true,"href":"https:\/\/www.fotografo-profesional.net\/diario\/wp-json\/wp\/v2\/categories?post=1221"},{"taxonomy":"post_tag","embeddable":true,"href":"https:\/\/www.fotografo-profesional.net\/diario\/wp-json\/wp\/v2\/tags?post=1221"}],"curies":[{"name":"wp","href":"https:\/\/api.w.org\/{rel}","templated":true}]}}