{"id":131,"date":"2018-07-02T15:04:15","date_gmt":"2018-07-02T15:04:15","guid":{"rendered":"https:\/\/www.fotografo-profesional.net\/diario-de-un-fotografo-profesional-en-madrid\/?p=131"},"modified":"2020-04-16T18:56:29","modified_gmt":"2020-04-16T16:56:29","slug":"reportajes-de-espectaculos-publicos","status":"publish","type":"post","link":"https:\/\/www.fotografo-profesional.net\/diario\/2018\/07\/02\/reportajes-de-espectaculos-publicos\/","title":{"rendered":"Reportajes de espect\u00e1culos p\u00fablicos"},"content":{"rendered":"<p><img decoding=\"async\" class=\"aligncenter wp-image-137 size-full\" src=\"https:\/\/www.fotografo-profesional.net\/diario\/wp-content\/uploads\/2018\/07\/Reportaje-de-espect\u00e1culos-por-fot\u00f3grafo-profesional-en-Madrid-027.jpg\" alt=\"Reportajes de espect\u00e1culos p\u00fablicos\" width=\"600\" height=\"450\" srcset=\"https:\/\/www.fotografo-profesional.net\/diario\/wp-content\/uploads\/2018\/07\/Reportaje-de-espect\u00e1culos-por-fot\u00f3grafo-profesional-en-Madrid-027.jpg 600w, https:\/\/www.fotografo-profesional.net\/diario\/wp-content\/uploads\/2018\/07\/Reportaje-de-espect\u00e1culos-por-fot\u00f3grafo-profesional-en-Madrid-027-300x225.jpg 300w\" sizes=\"(max-width: 600px) 100vw, 600px\" \/><\/p>\n<p>\u00bfC\u00f3mo acometer <strong>reportajes de espect\u00e1culos p\u00fablicos<\/strong>? De una representaci\u00f3n teatral, por ejemplo. Si va a tener lugar en un teatro o espacio cerrado, de acceso restringido y controlado y no est\u00e1s acreditado o te ha encargado el reportaje la compa\u00f1\u00eda, el centro en el que se realiza o la organizaci\u00f3n del evento, no vas a poder llevarlo a cabo. Entre otras cosas porque para una buena realizaci\u00f3n de tu prop\u00f3sito vas a tener que ocupar espacio en los pasillos laterales, o zonas habilitadas para tales menesteres.<\/p>\n<p>Si la <a href=\"https:\/\/www.fotografo-profesional.net\/portfolio\/fotografia-de-espectaculos\/\"><span style=\"color: #3366ff;\"><em>obra de teatro<\/em><\/span><\/a>, t\u00edteres o marionetas tiene lugar en un espacio p\u00fablico en exterior y es gratuita, en ese caso seguramente no vas a tener problema para tomar fotograf\u00edas. Eso s\u00ed, vas a tener que sortear a todos los fot\u00f3grafos domingueros que, armados con su m\u00f3vil en mano, en cuanto te descuides van irrumpir en tu encuadre sin ning\u00fan miramiento ni consideraci\u00f3n.<br \/>\nConviene saber lo que va a suceder en la representaci\u00f3n para estar preparado cuando vaya a ocurrir y tomar la fotograf\u00eda en el momento oportuno. Si no es posible conocer el libreto de antemano has de estar muy atento para cazar las situaciones fotogr\u00e1ficas que vayan surgiendo<br \/>\nConviene cambiar de puntos de vista; es decir, de un lateral a otro del escenario. Incluso disparar\u00a0desde el propio escenario hacia el p\u00fablico.<\/p>\n<p><img decoding=\"async\" class=\"aligncenter wp-image-136 size-full\" src=\"https:\/\/www.fotografo-profesional.net\/diario\/wp-content\/uploads\/2018\/07\/Reportaje-de-espect\u00e1culos-por-fot\u00f3grafo-profesional-en-Madrid-021.jpg\" alt=\"Reportajes de espect\u00e1culos p\u00fablicos por LMC\" width=\"600\" height=\"400\" srcset=\"https:\/\/www.fotografo-profesional.net\/diario\/wp-content\/uploads\/2018\/07\/Reportaje-de-espect\u00e1culos-por-fot\u00f3grafo-profesional-en-Madrid-021.jpg 600w, https:\/\/www.fotografo-profesional.net\/diario\/wp-content\/uploads\/2018\/07\/Reportaje-de-espect\u00e1culos-por-fot\u00f3grafo-profesional-en-Madrid-021-300x200.jpg 300w\" sizes=\"(max-width: 600px) 100vw, 600px\" \/><\/p>\n<p>Como en la mayor\u00eda de los casos no te vas a poder acercar a la escena todo lo que quisieras, convendr\u00eda que tuvieras <strong>objetivos que te sirvieran para cubrir todas las distancias focales<\/strong> que vas a necesitar. En concreto te vendr\u00eda bien un teleobjetivo de no menos de 300 mm. Si es zoom adem\u00e1s, perder\u00e1s posibilidades de diafragmar, pero ganar\u00e1s una gama de de distancias focales que cubrir\u00e1n todas tus necesidades.<\/p>\n<p>Un consejo: no molestes nunca a los fot\u00f3grafos profesionales contratados para hacer ese trabajo. Ellos se ganan la vida haciendo reportajes de espect\u00e1culos. T\u00fa no, solo est\u00e1s pasando el rato.<\/p>\n<h4>\u00bfEn interior o exterior?<\/h4>\n<p>En exteriores no vas a tener problema para hacer reportajes de espect\u00e1culos p\u00fablicos. Si es de d\u00eda, claro. Si es de noche o la obra transcurre en un recinto cerrado como un teatro, la cosa cambia. En cualquier caso la ventaja de que va a haber un dise\u00f1o de iluminaci\u00f3n hecho por un profesional seg\u00fan las necesidades de la obra. Claro, que tendr\u00e1s que ajustar la sensibilidad de la c\u00e1mara y la velocidad de obturaci\u00f3n seg\u00fan convenga por las condiciones luminosas que haya.<\/p>\n<p>Tan importante es la sensibilidad como la velocidad de obturaci\u00f3n, ya que las fotograf\u00edas no han de estar movidas. Para los reportajes de espect\u00e1culos es muy conveniente montar la <strong>c\u00e1mara en un tr\u00edpode o monopie<\/strong> para ajustar lo m\u00e1ximo posible la velocidad de obturaci\u00f3n al valor m\u00e1s bajo que se pueda sin que las fotograf\u00edas salgan movidas por el movimiento de la c\u00e1mara o de los actores.<\/p>\n<p><img decoding=\"async\" class=\"aligncenter wp-image-134 size-full\" src=\"https:\/\/www.fotografo-profesional.net\/diario\/wp-content\/uploads\/2018\/07\/Reportaje-de-espect\u00e1culos-por-fot\u00f3grafo-profesional-en-Madrid-010.jpg\" alt=\"Fotograf\u00eda del Festival Del arte della Commedia por LMC \" width=\"600\" height=\"450\" srcset=\"https:\/\/www.fotografo-profesional.net\/diario\/wp-content\/uploads\/2018\/07\/Reportaje-de-espect\u00e1culos-por-fot\u00f3grafo-profesional-en-Madrid-010.jpg 600w, https:\/\/www.fotografo-profesional.net\/diario\/wp-content\/uploads\/2018\/07\/Reportaje-de-espect\u00e1culos-por-fot\u00f3grafo-profesional-en-Madrid-010-300x225.jpg 300w\" sizes=\"(max-width: 600px) 100vw, 600px\" \/><\/p>\n<p>Pero si ves que el asunto es complicado o no va a funcionar, es mejor que<span style=\"color: #3366ff;\"><span style=\"color: #000000;\"> dejes los reportajes de espect\u00e1culos p\u00fablicos<\/span><a href=\"https:\/\/www.fotografo-profesional.net\/diario\/2019\/08\/26\/fotografo-de-rock-en-madrid\/\"><em>\u00a0en manos de un <\/em><\/a><\/span><strong><span style=\"color: #3366ff;\"><em>fot\u00f3grafo<\/em><\/span> profesional<\/strong>. Vamos, t\u00fa ver\u00e1s&#8230;<\/p>\n","protected":false},"excerpt":{"rendered":"<p>\u00bfC\u00f3mo acometer reportajes de espect\u00e1culos p\u00fablicos? De una representaci\u00f3n teatral, por ejemplo. Si va a tener lugar en un teatro o espacio cerrado, de acceso restringido y controlado y no est\u00e1s acreditado o te ha encargado el reportaje la compa\u00f1\u00eda, el centro en el que se realiza o la organizaci\u00f3n del evento, no vas a [&hellip;]<\/p>\n","protected":false},"author":2,"featured_media":134,"comment_status":"open","ping_status":"open","sticky":false,"template":"","format":"standard","meta":[],"categories":[65,67,66],"tags":[69,99,59,284,120,307,68],"yoast_head":"<!-- This site is optimized with the Yoast SEO plugin v20.8 - https:\/\/yoast.com\/wordpress\/plugins\/seo\/ -->\n<title>Reportajes de espect\u00e1culos p\u00fablicos - Luis Miguel del Campo<\/title>\n<meta name=\"description\" content=\"Como prepararse para afrontar los reportajes de espect\u00e1culos p\u00fablicos, y algunos consejos y consideraciones que deber\u00edas tener en cuenta.\" \/>\n<meta name=\"robots\" content=\"index, follow, max-snippet:-1, max-image-preview:large, max-video-preview:-1\" \/>\n<link rel=\"canonical\" href=\"https:\/\/www.fotografo-profesional.net\/diario\/2018\/07\/02\/reportajes-de-espectaculos-publicos\/\" \/>\n<meta property=\"og:locale\" content=\"es_ES\" \/>\n<meta property=\"og:type\" content=\"article\" \/>\n<meta property=\"og:title\" content=\"Reportajes de espect\u00e1culos p\u00fablicos - Luis Miguel del Campo\" \/>\n<meta property=\"og:description\" content=\"Como prepararse para afrontar los reportajes de espect\u00e1culos p\u00fablicos, y algunos consejos y consideraciones que deber\u00edas tener en cuenta.\" \/>\n<meta property=\"og:url\" content=\"https:\/\/www.fotografo-profesional.net\/diario\/2018\/07\/02\/reportajes-de-espectaculos-publicos\/\" \/>\n<meta property=\"og:site_name\" content=\"Luis Miguel del Campo\" \/>\n<meta property=\"article:published_time\" content=\"2018-07-02T15:04:15+00:00\" \/>\n<meta property=\"article:modified_time\" content=\"2020-04-16T16:56:29+00:00\" \/>\n<meta property=\"og:image\" content=\"https:\/\/www.fotografo-profesional.net\/diario\/wp-content\/uploads\/2018\/07\/Reportaje-de-espect\u00e1culos-por-fot\u00f3grafo-profesional-en-Madrid-010.jpg\" \/>\n\t<meta property=\"og:image:width\" content=\"600\" \/>\n\t<meta property=\"og:image:height\" content=\"450\" \/>\n\t<meta property=\"og:image:type\" content=\"image\/jpeg\" \/>\n<meta name=\"author\" content=\"Luis Miguel del Campo\" \/>\n<meta name=\"twitter:card\" content=\"summary_large_image\" \/>\n<meta name=\"twitter:label1\" content=\"Escrito por\" \/>\n\t<meta name=\"twitter:data1\" content=\"Luis Miguel del Campo\" \/>\n\t<meta name=\"twitter:label2\" content=\"Tiempo de lectura\" \/>\n\t<meta name=\"twitter:data2\" content=\"3 minutos\" \/>\n<script type=\"application\/ld+json\" class=\"yoast-schema-graph\">{\"@context\":\"https:\/\/schema.org\",\"@graph\":[{\"@type\":\"WebPage\",\"@id\":\"https:\/\/www.fotografo-profesional.net\/diario\/2018\/07\/02\/reportajes-de-espectaculos-publicos\/\",\"url\":\"https:\/\/www.fotografo-profesional.net\/diario\/2018\/07\/02\/reportajes-de-espectaculos-publicos\/\",\"name\":\"Reportajes de espect\u00e1culos p\u00fablicos - Luis Miguel del Campo\",\"isPartOf\":{\"@id\":\"https:\/\/www.fotografo-profesional.net\/diario\/#website\"},\"datePublished\":\"2018-07-02T15:04:15+00:00\",\"dateModified\":\"2020-04-16T16:56:29+00:00\",\"author\":{\"@id\":\"https:\/\/www.fotografo-profesional.net\/diario\/#\/schema\/person\/220504871d765b4c30a0af1d2fe93533\"},\"description\":\"Como prepararse para afrontar los reportajes de espect\u00e1culos p\u00fablicos, y algunos consejos y consideraciones que deber\u00edas tener en cuenta.\",\"breadcrumb\":{\"@id\":\"https:\/\/www.fotografo-profesional.net\/diario\/2018\/07\/02\/reportajes-de-espectaculos-publicos\/#breadcrumb\"},\"inLanguage\":\"es\",\"potentialAction\":[{\"@type\":\"ReadAction\",\"target\":[\"https:\/\/www.fotografo-profesional.net\/diario\/2018\/07\/02\/reportajes-de-espectaculos-publicos\/\"]}]},{\"@type\":\"BreadcrumbList\",\"@id\":\"https:\/\/www.fotografo-profesional.net\/diario\/2018\/07\/02\/reportajes-de-espectaculos-publicos\/#breadcrumb\",\"itemListElement\":[{\"@type\":\"ListItem\",\"position\":1,\"name\":\"Inicio\",\"item\":\"https:\/\/www.fotografo-profesional.net\/diario\/\"},{\"@type\":\"ListItem\",\"position\":2,\"name\":\"Reportajes de espect\u00e1culos p\u00fablicos\"}]},{\"@type\":\"WebSite\",\"@id\":\"https:\/\/www.fotografo-profesional.net\/diario\/#website\",\"url\":\"https:\/\/www.fotografo-profesional.net\/diario\/\",\"name\":\"Luis Miguel del Campo\",\"description\":\"Blog de un fot\u00f3grafo profesional\",\"potentialAction\":[{\"@type\":\"SearchAction\",\"target\":{\"@type\":\"EntryPoint\",\"urlTemplate\":\"https:\/\/www.fotografo-profesional.net\/diario\/?s={search_term_string}\"},\"query-input\":\"required name=search_term_string\"}],\"inLanguage\":\"es\"},{\"@type\":\"Person\",\"@id\":\"https:\/\/www.fotografo-profesional.net\/diario\/#\/schema\/person\/220504871d765b4c30a0af1d2fe93533\",\"name\":\"Luis Miguel del Campo\",\"image\":{\"@type\":\"ImageObject\",\"inLanguage\":\"es\",\"@id\":\"https:\/\/www.fotografo-profesional.net\/diario\/#\/schema\/person\/image\/\",\"url\":\"https:\/\/secure.gravatar.com\/avatar\/84bb1120095136de86f122a882a42d61?s=96&d=mm&r=g\",\"contentUrl\":\"https:\/\/secure.gravatar.com\/avatar\/84bb1120095136de86f122a882a42d61?s=96&d=mm&r=g\",\"caption\":\"Luis Miguel del Campo\"},\"url\":\"https:\/\/www.fotografo-profesional.net\/diario\/author\/admin_lmdc\/\"}]}<\/script>\n<!-- \/ Yoast SEO plugin. -->","yoast_head_json":{"title":"Reportajes de espect\u00e1culos p\u00fablicos - Luis Miguel del Campo","description":"Como prepararse para afrontar los reportajes de espect\u00e1culos p\u00fablicos, y algunos consejos y consideraciones que deber\u00edas tener en cuenta.","robots":{"index":"index","follow":"follow","max-snippet":"max-snippet:-1","max-image-preview":"max-image-preview:large","max-video-preview":"max-video-preview:-1"},"canonical":"https:\/\/www.fotografo-profesional.net\/diario\/2018\/07\/02\/reportajes-de-espectaculos-publicos\/","og_locale":"es_ES","og_type":"article","og_title":"Reportajes de espect\u00e1culos p\u00fablicos - Luis Miguel del Campo","og_description":"Como prepararse para afrontar los reportajes de espect\u00e1culos p\u00fablicos, y algunos consejos y consideraciones que deber\u00edas tener en cuenta.","og_url":"https:\/\/www.fotografo-profesional.net\/diario\/2018\/07\/02\/reportajes-de-espectaculos-publicos\/","og_site_name":"Luis Miguel del Campo","article_published_time":"2018-07-02T15:04:15+00:00","article_modified_time":"2020-04-16T16:56:29+00:00","og_image":[{"width":600,"height":450,"url":"https:\/\/www.fotografo-profesional.net\/diario\/wp-content\/uploads\/2018\/07\/Reportaje-de-espect\u00e1culos-por-fot\u00f3grafo-profesional-en-Madrid-010.jpg","type":"image\/jpeg"}],"author":"Luis Miguel del Campo","twitter_card":"summary_large_image","twitter_misc":{"Escrito por":"Luis Miguel del Campo","Tiempo de lectura":"3 minutos"},"schema":{"@context":"https:\/\/schema.org","@graph":[{"@type":"WebPage","@id":"https:\/\/www.fotografo-profesional.net\/diario\/2018\/07\/02\/reportajes-de-espectaculos-publicos\/","url":"https:\/\/www.fotografo-profesional.net\/diario\/2018\/07\/02\/reportajes-de-espectaculos-publicos\/","name":"Reportajes de espect\u00e1culos p\u00fablicos - Luis Miguel del Campo","isPartOf":{"@id":"https:\/\/www.fotografo-profesional.net\/diario\/#website"},"datePublished":"2018-07-02T15:04:15+00:00","dateModified":"2020-04-16T16:56:29+00:00","author":{"@id":"https:\/\/www.fotografo-profesional.net\/diario\/#\/schema\/person\/220504871d765b4c30a0af1d2fe93533"},"description":"Como prepararse para afrontar los reportajes de espect\u00e1culos p\u00fablicos, y algunos consejos y consideraciones que deber\u00edas tener en cuenta.","breadcrumb":{"@id":"https:\/\/www.fotografo-profesional.net\/diario\/2018\/07\/02\/reportajes-de-espectaculos-publicos\/#breadcrumb"},"inLanguage":"es","potentialAction":[{"@type":"ReadAction","target":["https:\/\/www.fotografo-profesional.net\/diario\/2018\/07\/02\/reportajes-de-espectaculos-publicos\/"]}]},{"@type":"BreadcrumbList","@id":"https:\/\/www.fotografo-profesional.net\/diario\/2018\/07\/02\/reportajes-de-espectaculos-publicos\/#breadcrumb","itemListElement":[{"@type":"ListItem","position":1,"name":"Inicio","item":"https:\/\/www.fotografo-profesional.net\/diario\/"},{"@type":"ListItem","position":2,"name":"Reportajes de espect\u00e1culos p\u00fablicos"}]},{"@type":"WebSite","@id":"https:\/\/www.fotografo-profesional.net\/diario\/#website","url":"https:\/\/www.fotografo-profesional.net\/diario\/","name":"Luis Miguel del Campo","description":"Blog de un fot\u00f3grafo profesional","potentialAction":[{"@type":"SearchAction","target":{"@type":"EntryPoint","urlTemplate":"https:\/\/www.fotografo-profesional.net\/diario\/?s={search_term_string}"},"query-input":"required name=search_term_string"}],"inLanguage":"es"},{"@type":"Person","@id":"https:\/\/www.fotografo-profesional.net\/diario\/#\/schema\/person\/220504871d765b4c30a0af1d2fe93533","name":"Luis Miguel del Campo","image":{"@type":"ImageObject","inLanguage":"es","@id":"https:\/\/www.fotografo-profesional.net\/diario\/#\/schema\/person\/image\/","url":"https:\/\/secure.gravatar.com\/avatar\/84bb1120095136de86f122a882a42d61?s=96&d=mm&r=g","contentUrl":"https:\/\/secure.gravatar.com\/avatar\/84bb1120095136de86f122a882a42d61?s=96&d=mm&r=g","caption":"Luis Miguel del Campo"},"url":"https:\/\/www.fotografo-profesional.net\/diario\/author\/admin_lmdc\/"}]}},"_links":{"self":[{"href":"https:\/\/www.fotografo-profesional.net\/diario\/wp-json\/wp\/v2\/posts\/131"}],"collection":[{"href":"https:\/\/www.fotografo-profesional.net\/diario\/wp-json\/wp\/v2\/posts"}],"about":[{"href":"https:\/\/www.fotografo-profesional.net\/diario\/wp-json\/wp\/v2\/types\/post"}],"author":[{"embeddable":true,"href":"https:\/\/www.fotografo-profesional.net\/diario\/wp-json\/wp\/v2\/users\/2"}],"replies":[{"embeddable":true,"href":"https:\/\/www.fotografo-profesional.net\/diario\/wp-json\/wp\/v2\/comments?post=131"}],"version-history":[{"count":9,"href":"https:\/\/www.fotografo-profesional.net\/diario\/wp-json\/wp\/v2\/posts\/131\/revisions"}],"predecessor-version":[{"id":1696,"href":"https:\/\/www.fotografo-profesional.net\/diario\/wp-json\/wp\/v2\/posts\/131\/revisions\/1696"}],"wp:featuredmedia":[{"embeddable":true,"href":"https:\/\/www.fotografo-profesional.net\/diario\/wp-json\/wp\/v2\/media\/134"}],"wp:attachment":[{"href":"https:\/\/www.fotografo-profesional.net\/diario\/wp-json\/wp\/v2\/media?parent=131"}],"wp:term":[{"taxonomy":"category","embeddable":true,"href":"https:\/\/www.fotografo-profesional.net\/diario\/wp-json\/wp\/v2\/categories?post=131"},{"taxonomy":"post_tag","embeddable":true,"href":"https:\/\/www.fotografo-profesional.net\/diario\/wp-json\/wp\/v2\/tags?post=131"}],"curies":[{"name":"wp","href":"https:\/\/api.w.org\/{rel}","templated":true}]}}