{"id":1516,"date":"2020-04-07T09:58:27","date_gmt":"2020-04-07T07:58:27","guid":{"rendered":"https:\/\/www.fotografo-profesional.net\/diario\/?p=1516"},"modified":"2020-04-07T10:01:21","modified_gmt":"2020-04-07T08:01:21","slug":"fotografo-profesional-barato","status":"publish","type":"post","link":"https:\/\/www.fotografo-profesional.net\/diario\/2020\/04\/07\/fotografo-profesional-barato\/","title":{"rendered":"Fot\u00f3grafo profesional barato"},"content":{"rendered":"<p><img decoding=\"async\" class=\"alignnone size-full wp-image-1554\" src=\"https:\/\/www.fotografo-profesional.net\/diario\/wp-content\/uploads\/2020\/04\/Fot\u00f3grafo-profesional-en-Madrid-LMC-0081.jpg\" alt=\"Fot\u00f3grafo profesional barato\" width=\"600\" height=\"449\" srcset=\"https:\/\/www.fotografo-profesional.net\/diario\/wp-content\/uploads\/2020\/04\/Fot\u00f3grafo-profesional-en-Madrid-LMC-0081.jpg 600w, https:\/\/www.fotografo-profesional.net\/diario\/wp-content\/uploads\/2020\/04\/Fot\u00f3grafo-profesional-en-Madrid-LMC-0081-300x225.jpg 300w\" sizes=\"(max-width: 600px) 100vw, 600px\" \/><\/p>\n<p>Me caracterizo por ser un fot\u00f3grafo profesional barato que abarco varias modalidades fotogr\u00e1ficas como son <span style=\"color: #0000ff;\"><em><span style=\"color: #0000ff;\"><a style=\"color: #0000ff;\" href=\"https:\/\/www.fotografo-profesional.net\/portfolio\/fotografia-de-eventos\/\">los reportajes de eventos sociales<\/a><\/span>,<\/em><\/span> <a href=\"https:\/\/www.fotografo-profesional.net\/diario\/2018\/11\/29\/books-con-ninos-y-animales\/\"><span style=\"color: #0000ff;\"><em>la fotograf\u00eda de estudio<\/em><\/span><\/a> o <a href=\"https:\/\/www.fotografo-profesional.net\/diario\/2018\/03\/25\/que-hace-un-fotografo-de-bodas-si-llueve\/\"><span style=\"color: #0000ff;\"><em>los reportajes de boda<\/em><\/span><\/a>. Y realizo todas estas disciplinas en Madrid y en cualquier poblaci\u00f3n peninsular con la misma <strong>caracter\u00edstica: ofrecer un precio econ\u00f3mico por mi trabajo<\/strong>.<\/p>\n<p>No ofrezco gangas ni falsas ofertas para engatusar de cualquier forma a los clientes. Se trata simplemente de que ajusto lo m\u00e1ximo posible el precio, lo que no significa que regale mi trabajo a precios irrisorios, porque el desarrollo de mi actividad me genera unos gastos e inversiones que debo afrontar cada mes.<\/p>\n<p>Un fot\u00f3grafo que emplea como estrategia comercial el anunciar unas tarifas que va rebajando seg\u00fan va tanteando al cliente es poco profesional, y adem\u00e1s no es barato; s\u00f3lo es poco serio y nada fiable. Nada m\u00e1s.<\/p>\n<p><strong>Mis precios son econ\u00f3micos pero fijos<\/strong>, porque no puedo cobrar menos por mi trabajo. La estrategia de la oferta permanente a la baja seg\u00fan avanza la conversaci\u00f3n quiz\u00e1 siga funcionando en estos tiempos dif\u00edciles, pero a la larga le sale cara al cliente.<\/p>\n<p>Por otro lado, s\u00e9 que hay personas que buscan fot\u00f3grafos a los que los precios econ\u00f3micos, de entrada, les producen desconfianza. Bueno, hoy en d\u00eda tienen una sencilla manera de comprobar la calidad de cualquier fot\u00f3grafo ya que todos publicamos en redes sociales y, sobre todo, <a href=\"https:\/\/www.fotografo-profesional.net\"><span style=\"color: #0000ff;\"><em>tenemos p\u00e1gina web<\/em><\/span><\/a> donde se puede apreciar y valorar nuestro trabajo y hacer la comparativa calidad-precio.<\/p>\n<p>Eso s\u00ed, lo que nadie puede pretender es conseguir que un fot\u00f3grafo profesional barato haga un buen trabajo por un precio rid\u00edculo con el que pierda dinero. <strong>Los chollos en fotograf\u00eda no existen porque trabajamos con equipos costosos y delicados<\/strong> que hay que mantener en buen estado de conservaci\u00f3n y tienen vida limitada. Su uso disminuye su vida y su valor; y reponer el equipo fotogr\u00e1fico es una inversi\u00f3n elevada.<\/p>\n<p>Adem\u00e1s est\u00e1 el tiempo que tienen que emplear los fot\u00f3grafos profesionales en la posproducci\u00f3n y acabado de las fotograf\u00edas tomadas antes de entreg\u00e1rselas al cliente. Otro d\u00eda hablaremos de qu\u00e9 se paga al encargar un reportaje fotogr\u00e1fico.<\/p>\n","protected":false},"excerpt":{"rendered":"<p>Me caracterizo por ser un fot\u00f3grafo profesional barato que abarco varias modalidades fotogr\u00e1ficas como son los reportajes de eventos sociales, la fotograf\u00eda de estudio o los reportajes de boda. Y realizo todas estas disciplinas en Madrid y en cualquier poblaci\u00f3n peninsular con la misma caracter\u00edstica: ofrecer un precio econ\u00f3mico por mi trabajo. No ofrezco gangas [&hellip;]<\/p>\n","protected":false},"author":2,"featured_media":1554,"comment_status":"closed","ping_status":"open","sticky":false,"template":"","format":"standard","meta":[],"categories":[50,51,406],"tags":[407,396,117,59,119,120,307,408],"yoast_head":"<!-- This site is optimized with the Yoast SEO plugin v20.8 - https:\/\/yoast.com\/wordpress\/plugins\/seo\/ -->\n<title>Fot\u00f3grafo profesional barato - Luis Miguel del Campo<\/title>\n<meta name=\"description\" content=\"Un fot\u00f3grafo profesional barato no es aqu\u00e9l que regala su trabajo sino quien analiza rigurosamente sus gastos y ofrece el mejor precio posible.\" \/>\n<meta name=\"robots\" content=\"index, follow, max-snippet:-1, max-image-preview:large, max-video-preview:-1\" \/>\n<link rel=\"canonical\" href=\"https:\/\/www.fotografo-profesional.net\/diario\/2020\/04\/07\/fotografo-profesional-barato\/\" \/>\n<meta property=\"og:locale\" content=\"es_ES\" \/>\n<meta property=\"og:type\" content=\"article\" \/>\n<meta property=\"og:title\" content=\"Fot\u00f3grafo profesional barato - Luis Miguel del Campo\" \/>\n<meta property=\"og:description\" content=\"Un fot\u00f3grafo profesional barato no es aqu\u00e9l que regala su trabajo sino quien analiza rigurosamente sus gastos y ofrece el mejor precio posible.\" \/>\n<meta property=\"og:url\" content=\"https:\/\/www.fotografo-profesional.net\/diario\/2020\/04\/07\/fotografo-profesional-barato\/\" \/>\n<meta property=\"og:site_name\" content=\"Luis Miguel del Campo\" \/>\n<meta property=\"article:published_time\" content=\"2020-04-07T07:58:27+00:00\" \/>\n<meta property=\"article:modified_time\" content=\"2020-04-07T08:01:21+00:00\" \/>\n<meta property=\"og:image\" content=\"https:\/\/www.fotografo-profesional.net\/diario\/wp-content\/uploads\/2020\/04\/Fot\u00f3grafo-profesional-en-Madrid-LMC-0081.jpg\" \/>\n\t<meta property=\"og:image:width\" content=\"600\" \/>\n\t<meta property=\"og:image:height\" content=\"449\" \/>\n\t<meta property=\"og:image:type\" content=\"image\/jpeg\" \/>\n<meta name=\"author\" content=\"Luis Miguel del Campo\" \/>\n<meta name=\"twitter:card\" content=\"summary_large_image\" \/>\n<meta name=\"twitter:label1\" content=\"Escrito por\" \/>\n\t<meta name=\"twitter:data1\" content=\"Luis Miguel del Campo\" \/>\n\t<meta name=\"twitter:label2\" content=\"Tiempo de lectura\" \/>\n\t<meta name=\"twitter:data2\" content=\"2 minutos\" \/>\n<script type=\"application\/ld+json\" class=\"yoast-schema-graph\">{\"@context\":\"https:\/\/schema.org\",\"@graph\":[{\"@type\":\"WebPage\",\"@id\":\"https:\/\/www.fotografo-profesional.net\/diario\/2020\/04\/07\/fotografo-profesional-barato\/\",\"url\":\"https:\/\/www.fotografo-profesional.net\/diario\/2020\/04\/07\/fotografo-profesional-barato\/\",\"name\":\"Fot\u00f3grafo profesional barato - Luis Miguel del Campo\",\"isPartOf\":{\"@id\":\"https:\/\/www.fotografo-profesional.net\/diario\/#website\"},\"datePublished\":\"2020-04-07T07:58:27+00:00\",\"dateModified\":\"2020-04-07T08:01:21+00:00\",\"author\":{\"@id\":\"https:\/\/www.fotografo-profesional.net\/diario\/#\/schema\/person\/220504871d765b4c30a0af1d2fe93533\"},\"description\":\"Un fot\u00f3grafo profesional barato no es aqu\u00e9l que regala su trabajo sino quien analiza rigurosamente sus gastos y ofrece el mejor precio posible.\",\"breadcrumb\":{\"@id\":\"https:\/\/www.fotografo-profesional.net\/diario\/2020\/04\/07\/fotografo-profesional-barato\/#breadcrumb\"},\"inLanguage\":\"es\",\"potentialAction\":[{\"@type\":\"ReadAction\",\"target\":[\"https:\/\/www.fotografo-profesional.net\/diario\/2020\/04\/07\/fotografo-profesional-barato\/\"]}]},{\"@type\":\"BreadcrumbList\",\"@id\":\"https:\/\/www.fotografo-profesional.net\/diario\/2020\/04\/07\/fotografo-profesional-barato\/#breadcrumb\",\"itemListElement\":[{\"@type\":\"ListItem\",\"position\":1,\"name\":\"Inicio\",\"item\":\"https:\/\/www.fotografo-profesional.net\/diario\/\"},{\"@type\":\"ListItem\",\"position\":2,\"name\":\"Fot\u00f3grafo profesional barato\"}]},{\"@type\":\"WebSite\",\"@id\":\"https:\/\/www.fotografo-profesional.net\/diario\/#website\",\"url\":\"https:\/\/www.fotografo-profesional.net\/diario\/\",\"name\":\"Luis Miguel del Campo\",\"description\":\"Blog de un fot\u00f3grafo profesional\",\"potentialAction\":[{\"@type\":\"SearchAction\",\"target\":{\"@type\":\"EntryPoint\",\"urlTemplate\":\"https:\/\/www.fotografo-profesional.net\/diario\/?s={search_term_string}\"},\"query-input\":\"required name=search_term_string\"}],\"inLanguage\":\"es\"},{\"@type\":\"Person\",\"@id\":\"https:\/\/www.fotografo-profesional.net\/diario\/#\/schema\/person\/220504871d765b4c30a0af1d2fe93533\",\"name\":\"Luis Miguel del Campo\",\"image\":{\"@type\":\"ImageObject\",\"inLanguage\":\"es\",\"@id\":\"https:\/\/www.fotografo-profesional.net\/diario\/#\/schema\/person\/image\/\",\"url\":\"https:\/\/secure.gravatar.com\/avatar\/84bb1120095136de86f122a882a42d61?s=96&d=mm&r=g\",\"contentUrl\":\"https:\/\/secure.gravatar.com\/avatar\/84bb1120095136de86f122a882a42d61?s=96&d=mm&r=g\",\"caption\":\"Luis Miguel del Campo\"},\"url\":\"https:\/\/www.fotografo-profesional.net\/diario\/author\/admin_lmdc\/\"}]}<\/script>\n<!-- \/ Yoast SEO plugin. -->","yoast_head_json":{"title":"Fot\u00f3grafo profesional barato - Luis Miguel del Campo","description":"Un fot\u00f3grafo profesional barato no es aqu\u00e9l que regala su trabajo sino quien analiza rigurosamente sus gastos y ofrece el mejor precio posible.","robots":{"index":"index","follow":"follow","max-snippet":"max-snippet:-1","max-image-preview":"max-image-preview:large","max-video-preview":"max-video-preview:-1"},"canonical":"https:\/\/www.fotografo-profesional.net\/diario\/2020\/04\/07\/fotografo-profesional-barato\/","og_locale":"es_ES","og_type":"article","og_title":"Fot\u00f3grafo profesional barato - Luis Miguel del Campo","og_description":"Un fot\u00f3grafo profesional barato no es aqu\u00e9l que regala su trabajo sino quien analiza rigurosamente sus gastos y ofrece el mejor precio posible.","og_url":"https:\/\/www.fotografo-profesional.net\/diario\/2020\/04\/07\/fotografo-profesional-barato\/","og_site_name":"Luis Miguel del Campo","article_published_time":"2020-04-07T07:58:27+00:00","article_modified_time":"2020-04-07T08:01:21+00:00","og_image":[{"width":600,"height":449,"url":"https:\/\/www.fotografo-profesional.net\/diario\/wp-content\/uploads\/2020\/04\/Fot\u00f3grafo-profesional-en-Madrid-LMC-0081.jpg","type":"image\/jpeg"}],"author":"Luis Miguel del Campo","twitter_card":"summary_large_image","twitter_misc":{"Escrito por":"Luis Miguel del Campo","Tiempo de lectura":"2 minutos"},"schema":{"@context":"https:\/\/schema.org","@graph":[{"@type":"WebPage","@id":"https:\/\/www.fotografo-profesional.net\/diario\/2020\/04\/07\/fotografo-profesional-barato\/","url":"https:\/\/www.fotografo-profesional.net\/diario\/2020\/04\/07\/fotografo-profesional-barato\/","name":"Fot\u00f3grafo profesional barato - Luis Miguel del Campo","isPartOf":{"@id":"https:\/\/www.fotografo-profesional.net\/diario\/#website"},"datePublished":"2020-04-07T07:58:27+00:00","dateModified":"2020-04-07T08:01:21+00:00","author":{"@id":"https:\/\/www.fotografo-profesional.net\/diario\/#\/schema\/person\/220504871d765b4c30a0af1d2fe93533"},"description":"Un fot\u00f3grafo profesional barato no es aqu\u00e9l que regala su trabajo sino quien analiza rigurosamente sus gastos y ofrece el mejor precio posible.","breadcrumb":{"@id":"https:\/\/www.fotografo-profesional.net\/diario\/2020\/04\/07\/fotografo-profesional-barato\/#breadcrumb"},"inLanguage":"es","potentialAction":[{"@type":"ReadAction","target":["https:\/\/www.fotografo-profesional.net\/diario\/2020\/04\/07\/fotografo-profesional-barato\/"]}]},{"@type":"BreadcrumbList","@id":"https:\/\/www.fotografo-profesional.net\/diario\/2020\/04\/07\/fotografo-profesional-barato\/#breadcrumb","itemListElement":[{"@type":"ListItem","position":1,"name":"Inicio","item":"https:\/\/www.fotografo-profesional.net\/diario\/"},{"@type":"ListItem","position":2,"name":"Fot\u00f3grafo profesional barato"}]},{"@type":"WebSite","@id":"https:\/\/www.fotografo-profesional.net\/diario\/#website","url":"https:\/\/www.fotografo-profesional.net\/diario\/","name":"Luis Miguel del Campo","description":"Blog de un fot\u00f3grafo profesional","potentialAction":[{"@type":"SearchAction","target":{"@type":"EntryPoint","urlTemplate":"https:\/\/www.fotografo-profesional.net\/diario\/?s={search_term_string}"},"query-input":"required name=search_term_string"}],"inLanguage":"es"},{"@type":"Person","@id":"https:\/\/www.fotografo-profesional.net\/diario\/#\/schema\/person\/220504871d765b4c30a0af1d2fe93533","name":"Luis Miguel del Campo","image":{"@type":"ImageObject","inLanguage":"es","@id":"https:\/\/www.fotografo-profesional.net\/diario\/#\/schema\/person\/image\/","url":"https:\/\/secure.gravatar.com\/avatar\/84bb1120095136de86f122a882a42d61?s=96&d=mm&r=g","contentUrl":"https:\/\/secure.gravatar.com\/avatar\/84bb1120095136de86f122a882a42d61?s=96&d=mm&r=g","caption":"Luis Miguel del Campo"},"url":"https:\/\/www.fotografo-profesional.net\/diario\/author\/admin_lmdc\/"}]}},"_links":{"self":[{"href":"https:\/\/www.fotografo-profesional.net\/diario\/wp-json\/wp\/v2\/posts\/1516"}],"collection":[{"href":"https:\/\/www.fotografo-profesional.net\/diario\/wp-json\/wp\/v2\/posts"}],"about":[{"href":"https:\/\/www.fotografo-profesional.net\/diario\/wp-json\/wp\/v2\/types\/post"}],"author":[{"embeddable":true,"href":"https:\/\/www.fotografo-profesional.net\/diario\/wp-json\/wp\/v2\/users\/2"}],"replies":[{"embeddable":true,"href":"https:\/\/www.fotografo-profesional.net\/diario\/wp-json\/wp\/v2\/comments?post=1516"}],"version-history":[{"count":4,"href":"https:\/\/www.fotografo-profesional.net\/diario\/wp-json\/wp\/v2\/posts\/1516\/revisions"}],"predecessor-version":[{"id":1558,"href":"https:\/\/www.fotografo-profesional.net\/diario\/wp-json\/wp\/v2\/posts\/1516\/revisions\/1558"}],"wp:featuredmedia":[{"embeddable":true,"href":"https:\/\/www.fotografo-profesional.net\/diario\/wp-json\/wp\/v2\/media\/1554"}],"wp:attachment":[{"href":"https:\/\/www.fotografo-profesional.net\/diario\/wp-json\/wp\/v2\/media?parent=1516"}],"wp:term":[{"taxonomy":"category","embeddable":true,"href":"https:\/\/www.fotografo-profesional.net\/diario\/wp-json\/wp\/v2\/categories?post=1516"},{"taxonomy":"post_tag","embeddable":true,"href":"https:\/\/www.fotografo-profesional.net\/diario\/wp-json\/wp\/v2\/tags?post=1516"}],"curies":[{"name":"wp","href":"https:\/\/api.w.org\/{rel}","templated":true}]}}