{"id":165,"date":"2018-07-27T11:24:21","date_gmt":"2018-07-27T11:24:21","guid":{"rendered":"https:\/\/www.fotografo-profesional.net\/diario-de-un-fotografo-profesional-en-madrid\/?p=165"},"modified":"2020-04-17T10:23:44","modified_gmt":"2020-04-17T08:23:44","slug":"reportajes-de-conciertos-de-rock","status":"publish","type":"post","link":"https:\/\/www.fotografo-profesional.net\/diario\/2018\/07\/27\/reportajes-de-conciertos-de-rock\/","title":{"rendered":"Reportajes de conciertos de rock"},"content":{"rendered":"<p><img decoding=\"async\" class=\"size-full wp-image-168\" src=\"\/diario\/wp-content\/uploads\/2018\/07\/Yo-No-Las-Conozco-y-ni\u00f1a-por-fot\u00f3grafoprofesional-en-Madrid.jpg\" alt=\"Reportajes de conciertos de rock\" width=\"600\" height=\"400\" srcset=\"https:\/\/www.fotografo-profesional.net\/diario\/wp-content\/uploads\/2018\/07\/Yo-No-Las-Conozco-y-ni\u00f1a-por-fot\u00f3grafoprofesional-en-Madrid.jpg 600w, https:\/\/www.fotografo-profesional.net\/diario\/wp-content\/uploads\/2018\/07\/Yo-No-Las-Conozco-y-ni\u00f1a-por-fot\u00f3grafoprofesional-en-Madrid-300x200.jpg 300w\" sizes=\"(max-width: 600px) 100vw, 600px\" \/><\/p>\n<p>Los <strong>reportajes de conciertos de rock<\/strong> tienen sus caracter\u00edsticas que los distinguen de los dem\u00e1s reportajes fotogr\u00e1ficos, incluso de los de cualquier otro concierto de m\u00fasica. En un <a href=\"https:\/\/www.fotografo-profesional.net\/diario\/2019\/08\/26\/fotografo-de-rock-en-madrid\/\"><span style=\"color: #33cccc;\"><em>concierto de rock<\/em><\/span><\/a> nunca sabes lo que puede suceder a continuaci\u00f3n, por lo que siempre hay que estar preparado para la situaci\u00f3n imprevista que puede darte la mejor fotograf\u00eda del reportaje. Si no est\u00e1s al tanto, la situaci\u00f3n desaparecer\u00e1 sin que t\u00fa la hayas capturado; y no volver\u00e1 a presentarse.<br \/>La fotograf\u00eda que encabeza este art\u00edculo la hice en uno de los conciertos de las <strong>Fiestas de la Karmela<\/strong> de Puente de Vallecas. Son unas fiestas populares en las que suele haber actuaciones de buenas bandas y suelen estar frecuentadas por bastantes fot\u00f3grafos de Madrid.<\/p>\n<p>El grupo que aparece en la fotograf\u00eda es <strong>Yo No Las Conozco<\/strong>, formado casi totalmente por mujeres. Hasta unos minutos antes del instante capturado hab\u00eda estado haciendo fotograf\u00edas que podr\u00eda haber conseguido en <a href=\"https:\/\/www.fotografo-profesional.net\/portfolio\/fotografia-de-espectaculos\/\"><span style=\"color: #33cccc;\"><em>cualquier otro concierto<\/em><\/span><\/a> de ellas: actitudes rockeras, buenas poses, caras de estar disfrutando con la m\u00fasica que tocaban&#8230; Pero la aparici\u00f3n de la ni\u00f1a con el globo hizo dar un salto cualitativo a la situaci\u00f3n: ah\u00ed hab\u00eda un instante genuinamente fotogr\u00e1fico. Estos son los imprevistos que enriquecen los reportajes de conciertos de rock.<\/p>\n<p>Atra\u00edda por lo que estaba escuchando, la ni\u00f1a se acerc\u00f3 ensimismada al escenario para presenciar m\u00e1s de cerca a la banda de chicas que tocaba una m\u00fasica que hac\u00eda bailar a la gran cantidad de gente all\u00ed reunida. \u00bfLe entrar\u00edan ganas de imitarlas el d\u00eda de ma\u00f1ana? \u00bfA ra\u00edz de ese concierto habr\u00e1 nacido el germen de otra banda rockera de mujeres del futuro? Ojal\u00e1.<\/p>\n<p><img decoding=\"async\" class=\"size-full wp-image-169\" src=\"\/diario\/wp-content\/uploads\/2018\/07\/Sidecars-por-fot\u00f3grafo-profesional-en-Madrid.jpg\" alt=\"Reportaje de concierto de Sidecars\" width=\"600\" height=\"400\" srcset=\"https:\/\/www.fotografo-profesional.net\/diario\/wp-content\/uploads\/2018\/07\/Sidecars-por-fot\u00f3grafo-profesional-en-Madrid.jpg 600w, https:\/\/www.fotografo-profesional.net\/diario\/wp-content\/uploads\/2018\/07\/Sidecars-por-fot\u00f3grafo-profesional-en-Madrid-300x200.jpg 300w\" sizes=\"(max-width: 600px) 100vw, 600px\" \/><\/p>\n<h4>Tambi\u00e9n en salas<\/h4>\n<p>Aqu\u00ed hay otro ejemplo de que una de las cosas a las que debe prestar atenci\u00f3n un fot\u00f3grafo que se dedique a los reportajes de conciertos de rock es al p\u00fablico. Las caras de los asistentes la mayor\u00eda de las veces son muy expresivas de lo que est\u00e1n sintiendo al escuchar la m\u00fasica. La posibilidad de hacer fotograf\u00edas en las que se aprecien tanto a los m\u00fasicos como al p\u00fablico aumenta en las<a href=\"https:\/\/www.fotografo-profesional.net\/diario\/2019\/10\/16\/reportajes-de-rock-en-salas\/\"><span style=\"color: #3366ff;\"><em> salas peque\u00f1as<\/em><\/span><\/a>.<\/p>\n<p><span style=\"font-size: inherit;\">La fotograf\u00eda de arriba es de una actuaci\u00f3n de <\/span><strong style=\"font-size: inherit;\">Sidecars<\/strong><span style=\"font-size: inherit;\">, y la tom\u00e9 en la ya desaparecida <\/span><strong style=\"font-size: inherit;\">sala Ego Live<\/strong><span style=\"font-size: inherit;\"> de Alcal\u00e1 de Henares, en la que sol\u00edamos coincidir m\u00e1s de un fot\u00f3grafo profesional de Madrid. Creo que la imagen habla por s\u00ed sola.<\/span><\/p>\n\n\n<p><\/p>\n","protected":false},"excerpt":{"rendered":"<p>Los reportajes de conciertos de rock tienen sus caracter\u00edsticas que los distinguen de los dem\u00e1s reportajes fotogr\u00e1ficos, incluso de los de cualquier otro concierto de m\u00fasica. En un concierto de rock nunca sabes lo que puede suceder a continuaci\u00f3n, por lo que siempre hay que estar preparado para la situaci\u00f3n imprevista que puede darte la [&hellip;]<\/p>\n","protected":false},"author":2,"featured_media":168,"comment_status":"open","ping_status":"open","sticky":false,"template":"","format":"standard","meta":[],"categories":[75,55,43,65,113,52,45,188],"tags":[385,78,83,82,69,81,59,307,386,68,80,79],"yoast_head":"<!-- This site is optimized with the Yoast SEO plugin v20.8 - https:\/\/yoast.com\/wordpress\/plugins\/seo\/ -->\n<title>Reportajes de conciertos de rock - Luis Miguel del Campo<\/title>\n<meta name=\"description\" content=\"Momentos en los que los reportajes de conciertos de rock dan un salto cualitativo si est\u00e1s preparado para capturar esa situaci\u00f3n.\" \/>\n<meta name=\"robots\" content=\"index, follow, max-snippet:-1, max-image-preview:large, max-video-preview:-1\" \/>\n<link rel=\"canonical\" href=\"https:\/\/www.fotografo-profesional.net\/diario\/2018\/07\/27\/reportajes-de-conciertos-de-rock\/\" \/>\n<meta property=\"og:locale\" content=\"es_ES\" \/>\n<meta property=\"og:type\" content=\"article\" \/>\n<meta property=\"og:title\" content=\"Reportajes de conciertos de rock - Luis Miguel del Campo\" \/>\n<meta property=\"og:description\" content=\"Momentos en los que los reportajes de conciertos de rock dan un salto cualitativo si est\u00e1s preparado para capturar esa situaci\u00f3n.\" \/>\n<meta property=\"og:url\" content=\"https:\/\/www.fotografo-profesional.net\/diario\/2018\/07\/27\/reportajes-de-conciertos-de-rock\/\" \/>\n<meta property=\"og:site_name\" content=\"Luis Miguel del Campo\" \/>\n<meta property=\"article:published_time\" content=\"2018-07-27T11:24:21+00:00\" \/>\n<meta property=\"article:modified_time\" content=\"2020-04-17T08:23:44+00:00\" \/>\n<meta property=\"og:image\" content=\"https:\/\/www.fotografo-profesional.net\/diario\/wp-content\/uploads\/2018\/07\/Yo-No-Las-Conozco-y-ni\u00f1a-por-fot\u00f3grafoprofesional-en-Madrid.jpg\" \/>\n\t<meta property=\"og:image:width\" content=\"600\" \/>\n\t<meta property=\"og:image:height\" content=\"400\" \/>\n\t<meta property=\"og:image:type\" content=\"image\/jpeg\" \/>\n<meta name=\"author\" content=\"Luis Miguel del Campo\" \/>\n<meta name=\"twitter:card\" content=\"summary_large_image\" \/>\n<meta name=\"twitter:label1\" content=\"Escrito por\" \/>\n\t<meta name=\"twitter:data1\" content=\"Luis Miguel del Campo\" \/>\n\t<meta name=\"twitter:label2\" content=\"Tiempo de lectura\" \/>\n\t<meta name=\"twitter:data2\" content=\"2 minutos\" \/>\n<script type=\"application\/ld+json\" class=\"yoast-schema-graph\">{\"@context\":\"https:\/\/schema.org\",\"@graph\":[{\"@type\":\"WebPage\",\"@id\":\"https:\/\/www.fotografo-profesional.net\/diario\/2018\/07\/27\/reportajes-de-conciertos-de-rock\/\",\"url\":\"https:\/\/www.fotografo-profesional.net\/diario\/2018\/07\/27\/reportajes-de-conciertos-de-rock\/\",\"name\":\"Reportajes de conciertos de rock - Luis Miguel del Campo\",\"isPartOf\":{\"@id\":\"https:\/\/www.fotografo-profesional.net\/diario\/#website\"},\"datePublished\":\"2018-07-27T11:24:21+00:00\",\"dateModified\":\"2020-04-17T08:23:44+00:00\",\"author\":{\"@id\":\"https:\/\/www.fotografo-profesional.net\/diario\/#\/schema\/person\/220504871d765b4c30a0af1d2fe93533\"},\"description\":\"Momentos en los que los reportajes de conciertos de rock dan un salto cualitativo si est\u00e1s preparado para capturar esa situaci\u00f3n.\",\"breadcrumb\":{\"@id\":\"https:\/\/www.fotografo-profesional.net\/diario\/2018\/07\/27\/reportajes-de-conciertos-de-rock\/#breadcrumb\"},\"inLanguage\":\"es\",\"potentialAction\":[{\"@type\":\"ReadAction\",\"target\":[\"https:\/\/www.fotografo-profesional.net\/diario\/2018\/07\/27\/reportajes-de-conciertos-de-rock\/\"]}]},{\"@type\":\"BreadcrumbList\",\"@id\":\"https:\/\/www.fotografo-profesional.net\/diario\/2018\/07\/27\/reportajes-de-conciertos-de-rock\/#breadcrumb\",\"itemListElement\":[{\"@type\":\"ListItem\",\"position\":1,\"name\":\"Inicio\",\"item\":\"https:\/\/www.fotografo-profesional.net\/diario\/\"},{\"@type\":\"ListItem\",\"position\":2,\"name\":\"Reportajes de conciertos de rock\"}]},{\"@type\":\"WebSite\",\"@id\":\"https:\/\/www.fotografo-profesional.net\/diario\/#website\",\"url\":\"https:\/\/www.fotografo-profesional.net\/diario\/\",\"name\":\"Luis Miguel del Campo\",\"description\":\"Blog de un fot\u00f3grafo profesional\",\"potentialAction\":[{\"@type\":\"SearchAction\",\"target\":{\"@type\":\"EntryPoint\",\"urlTemplate\":\"https:\/\/www.fotografo-profesional.net\/diario\/?s={search_term_string}\"},\"query-input\":\"required name=search_term_string\"}],\"inLanguage\":\"es\"},{\"@type\":\"Person\",\"@id\":\"https:\/\/www.fotografo-profesional.net\/diario\/#\/schema\/person\/220504871d765b4c30a0af1d2fe93533\",\"name\":\"Luis Miguel del Campo\",\"image\":{\"@type\":\"ImageObject\",\"inLanguage\":\"es\",\"@id\":\"https:\/\/www.fotografo-profesional.net\/diario\/#\/schema\/person\/image\/\",\"url\":\"https:\/\/secure.gravatar.com\/avatar\/84bb1120095136de86f122a882a42d61?s=96&d=mm&r=g\",\"contentUrl\":\"https:\/\/secure.gravatar.com\/avatar\/84bb1120095136de86f122a882a42d61?s=96&d=mm&r=g\",\"caption\":\"Luis Miguel del Campo\"},\"url\":\"https:\/\/www.fotografo-profesional.net\/diario\/author\/admin_lmdc\/\"}]}<\/script>\n<!-- \/ Yoast SEO plugin. -->","yoast_head_json":{"title":"Reportajes de conciertos de rock - Luis Miguel del Campo","description":"Momentos en los que los reportajes de conciertos de rock dan un salto cualitativo si est\u00e1s preparado para capturar esa situaci\u00f3n.","robots":{"index":"index","follow":"follow","max-snippet":"max-snippet:-1","max-image-preview":"max-image-preview:large","max-video-preview":"max-video-preview:-1"},"canonical":"https:\/\/www.fotografo-profesional.net\/diario\/2018\/07\/27\/reportajes-de-conciertos-de-rock\/","og_locale":"es_ES","og_type":"article","og_title":"Reportajes de conciertos de rock - Luis Miguel del Campo","og_description":"Momentos en los que los reportajes de conciertos de rock dan un salto cualitativo si est\u00e1s preparado para capturar esa situaci\u00f3n.","og_url":"https:\/\/www.fotografo-profesional.net\/diario\/2018\/07\/27\/reportajes-de-conciertos-de-rock\/","og_site_name":"Luis Miguel del Campo","article_published_time":"2018-07-27T11:24:21+00:00","article_modified_time":"2020-04-17T08:23:44+00:00","og_image":[{"width":600,"height":400,"url":"https:\/\/www.fotografo-profesional.net\/diario\/wp-content\/uploads\/2018\/07\/Yo-No-Las-Conozco-y-ni\u00f1a-por-fot\u00f3grafoprofesional-en-Madrid.jpg","type":"image\/jpeg"}],"author":"Luis Miguel del Campo","twitter_card":"summary_large_image","twitter_misc":{"Escrito por":"Luis Miguel del Campo","Tiempo de lectura":"2 minutos"},"schema":{"@context":"https:\/\/schema.org","@graph":[{"@type":"WebPage","@id":"https:\/\/www.fotografo-profesional.net\/diario\/2018\/07\/27\/reportajes-de-conciertos-de-rock\/","url":"https:\/\/www.fotografo-profesional.net\/diario\/2018\/07\/27\/reportajes-de-conciertos-de-rock\/","name":"Reportajes de conciertos de rock - Luis Miguel del Campo","isPartOf":{"@id":"https:\/\/www.fotografo-profesional.net\/diario\/#website"},"datePublished":"2018-07-27T11:24:21+00:00","dateModified":"2020-04-17T08:23:44+00:00","author":{"@id":"https:\/\/www.fotografo-profesional.net\/diario\/#\/schema\/person\/220504871d765b4c30a0af1d2fe93533"},"description":"Momentos en los que los reportajes de conciertos de rock dan un salto cualitativo si est\u00e1s preparado para capturar esa situaci\u00f3n.","breadcrumb":{"@id":"https:\/\/www.fotografo-profesional.net\/diario\/2018\/07\/27\/reportajes-de-conciertos-de-rock\/#breadcrumb"},"inLanguage":"es","potentialAction":[{"@type":"ReadAction","target":["https:\/\/www.fotografo-profesional.net\/diario\/2018\/07\/27\/reportajes-de-conciertos-de-rock\/"]}]},{"@type":"BreadcrumbList","@id":"https:\/\/www.fotografo-profesional.net\/diario\/2018\/07\/27\/reportajes-de-conciertos-de-rock\/#breadcrumb","itemListElement":[{"@type":"ListItem","position":1,"name":"Inicio","item":"https:\/\/www.fotografo-profesional.net\/diario\/"},{"@type":"ListItem","position":2,"name":"Reportajes de conciertos de rock"}]},{"@type":"WebSite","@id":"https:\/\/www.fotografo-profesional.net\/diario\/#website","url":"https:\/\/www.fotografo-profesional.net\/diario\/","name":"Luis Miguel del Campo","description":"Blog de un fot\u00f3grafo profesional","potentialAction":[{"@type":"SearchAction","target":{"@type":"EntryPoint","urlTemplate":"https:\/\/www.fotografo-profesional.net\/diario\/?s={search_term_string}"},"query-input":"required name=search_term_string"}],"inLanguage":"es"},{"@type":"Person","@id":"https:\/\/www.fotografo-profesional.net\/diario\/#\/schema\/person\/220504871d765b4c30a0af1d2fe93533","name":"Luis Miguel del Campo","image":{"@type":"ImageObject","inLanguage":"es","@id":"https:\/\/www.fotografo-profesional.net\/diario\/#\/schema\/person\/image\/","url":"https:\/\/secure.gravatar.com\/avatar\/84bb1120095136de86f122a882a42d61?s=96&d=mm&r=g","contentUrl":"https:\/\/secure.gravatar.com\/avatar\/84bb1120095136de86f122a882a42d61?s=96&d=mm&r=g","caption":"Luis Miguel del Campo"},"url":"https:\/\/www.fotografo-profesional.net\/diario\/author\/admin_lmdc\/"}]}},"_links":{"self":[{"href":"https:\/\/www.fotografo-profesional.net\/diario\/wp-json\/wp\/v2\/posts\/165"}],"collection":[{"href":"https:\/\/www.fotografo-profesional.net\/diario\/wp-json\/wp\/v2\/posts"}],"about":[{"href":"https:\/\/www.fotografo-profesional.net\/diario\/wp-json\/wp\/v2\/types\/post"}],"author":[{"embeddable":true,"href":"https:\/\/www.fotografo-profesional.net\/diario\/wp-json\/wp\/v2\/users\/2"}],"replies":[{"embeddable":true,"href":"https:\/\/www.fotografo-profesional.net\/diario\/wp-json\/wp\/v2\/comments?post=165"}],"version-history":[{"count":10,"href":"https:\/\/www.fotografo-profesional.net\/diario\/wp-json\/wp\/v2\/posts\/165\/revisions"}],"predecessor-version":[{"id":1703,"href":"https:\/\/www.fotografo-profesional.net\/diario\/wp-json\/wp\/v2\/posts\/165\/revisions\/1703"}],"wp:featuredmedia":[{"embeddable":true,"href":"https:\/\/www.fotografo-profesional.net\/diario\/wp-json\/wp\/v2\/media\/168"}],"wp:attachment":[{"href":"https:\/\/www.fotografo-profesional.net\/diario\/wp-json\/wp\/v2\/media?parent=165"}],"wp:term":[{"taxonomy":"category","embeddable":true,"href":"https:\/\/www.fotografo-profesional.net\/diario\/wp-json\/wp\/v2\/categories?post=165"},{"taxonomy":"post_tag","embeddable":true,"href":"https:\/\/www.fotografo-profesional.net\/diario\/wp-json\/wp\/v2\/tags?post=165"}],"curies":[{"name":"wp","href":"https:\/\/api.w.org\/{rel}","templated":true}]}}