{"id":167,"date":"2018-08-02T11:14:06","date_gmt":"2018-08-02T11:14:06","guid":{"rendered":"https:\/\/www.fotografo-profesional.net\/diario-de-un-fotografo-profesional-en-madrid\/?p=167"},"modified":"2020-04-17T11:38:26","modified_gmt":"2020-04-17T09:38:26","slug":"cuando-el-color-es-el-tema-fotografico","status":"publish","type":"post","link":"https:\/\/www.fotografo-profesional.net\/diario\/2018\/08\/02\/cuando-el-color-es-el-tema-fotografico\/","title":{"rendered":"Cuando el color es el tema fotogr\u00e1fico"},"content":{"rendered":"<div id=\"attachment_175\" style=\"width: 610px\" class=\"wp-caption aligncenter\"><img aria-describedby=\"caption-attachment-175\" decoding=\"async\" class=\"wp-image-175 size-full\" src=\"\/diario\/wp-content\/uploads\/2018\/08\/Freeway-por-fot\u00f3grafo-profesional-en-Madrid.jpg\" alt=\"El color como tema fotogr\u00e1fico por fot\u00f3grafo profesional en Madrid\" width=\"600\" height=\"400\" srcset=\"https:\/\/www.fotografo-profesional.net\/diario\/wp-content\/uploads\/2018\/08\/Freeway-por-fot\u00f3grafo-profesional-en-Madrid.jpg 600w, https:\/\/www.fotografo-profesional.net\/diario\/wp-content\/uploads\/2018\/08\/Freeway-por-fot\u00f3grafo-profesional-en-Madrid-300x200.jpg 300w\" sizes=\"(max-width: 600px) 100vw, 600px\" \/><p id=\"caption-attachment-175\" class=\"wp-caption-text\">El color es el tema fotogr\u00e1fico<\/p><\/div>\n<h4>Estampas de Madrid (0051)<\/h4>\n<p>Cualquier \u00e9poca del a\u00f1o es buena para hacer fotograf\u00edas. El verano es la estaci\u00f3n del a\u00f1o en la que seguramente todo el mundo toma m\u00e1s fotos porque se suele corresponder con las fechas en las que la mayor\u00eda de la poblaci\u00f3n disfruta de sus vacaciones. Aunque pudiera parecer que en esta estaci\u00f3n hay una luz demasiado dura en la mayor parte del d\u00eda para ponerse el mono de trabajo e intentar conseguir <strong>fotograf\u00edas con marchamo de fot\u00f3grafo profesional<\/strong>, tambi\u00e9n dispone de lugares y horas en las que puedes encontrar las circunstancias adecuadas para conseguir grandes instant\u00e1neas. Incluso sin salir de tu ciudad.<\/p>\n<p>La fotograf\u00eda superior est\u00e1 tomada en Madrid, <a href=\"https:\/\/www.fotografo-profesional.net\/diario\/2018\/11\/07\/fotografos-de-madrid-preolimpica\/\"><span style=\"color: #0000ff;\"><em>en Malasa\u00f1a<\/em><\/span><\/a>, en el exterior del bar Freeway, local que fue hace treinta a\u00f1os el m\u00edtico <strong>King Creole<\/strong>. Malasa\u00f1a es un barrio muy frecuentado por fot\u00f3grafos profesionales que patean sus calles en busca de im\u00e1genes que capturar. Particularmente me gusta mucho el colorido que tiene la fachada de este establecimiento. Y suelo pasar con frecuencia por all\u00ed.<\/p>\n<p>Esta imagen la tom\u00e9 a \u00faltima hora de la tarde, en la que la luz era bastante suave.\u00a0Llam\u00f3 mi atenci\u00f3n que la pareja de clientes que hab\u00eda detr\u00e1s de la ventana, al primer golpe de vista, se confund\u00eda con los dibujos de personas que decoran la fachada. Como otro cuadro m\u00e1s de la exposici\u00f3n.<\/p>\n<p>Muchas veces, y este fue uno de los casos,<strong><a href=\"https:\/\/www.fotografo-profesional.net\"><em><span style=\"color: #3366ff;\"> la mejor cualidad que puede tener el fot\u00f3grafo<\/span><\/em><\/a> es la paciencia<\/strong>; m\u00e1s en Madrid. Tuve que esperar unos minutos al instante en que nadie pasara por delante de lo que quer\u00eda fotografiar; tiempo durante el que estuve rogando que la pareja no se levantara de la mesa y abandonara el bar. Afortunadamente ese instante lleg\u00f3 y pude conseguir la tan deseada fotograf\u00eda.<\/p>\n<p>Considero que el color es simplemente el tema fotogr\u00e1fico de esta imagen. Coge tu c\u00e1mara, ponte el traje de fot\u00f3grafo y <strong>sal a la calle a <a href=\"https:\/\/www.fotografo-profesional.net\/diario\/2018\/08\/13\/captura-el-color-del-verano\/\"><span style=\"color: #3366ff;\"><em>capturar el color del verano<\/em><\/span><\/a><\/strong>.<\/p>\n","protected":false},"excerpt":{"rendered":"<p>Estampas de Madrid (0051) Cualquier \u00e9poca del a\u00f1o es buena para hacer fotograf\u00edas. El verano es la estaci\u00f3n del a\u00f1o en la que seguramente todo el mundo toma m\u00e1s fotos porque se suele corresponder con las fechas en las que la mayor\u00eda de la poblaci\u00f3n disfruta de sus vacaciones. Aunque pudiera parecer que en esta [&hellip;]<\/p>\n","protected":false},"author":2,"featured_media":175,"comment_status":"open","ping_status":"open","sticky":false,"template":"","format":"standard","meta":[],"categories":[387,49,55,48],"tags":[85,109,117,59,119,120,307,84,145],"yoast_head":"<!-- This site is optimized with the Yoast SEO plugin v20.8 - https:\/\/yoast.com\/wordpress\/plugins\/seo\/ -->\n<title>Cuando el color es el tema fotogr\u00e1fico - Luis Miguel del Campo<\/title>\n<meta name=\"description\" content=\"No conviene complicarse al hacer fotograf\u00edas, ya que de una situaci\u00f3n corriente se puede sacar una gran fotograf\u00eda cuando el color es el tema fotogr\u00e1fico\" \/>\n<meta name=\"robots\" content=\"index, follow, max-snippet:-1, max-image-preview:large, max-video-preview:-1\" \/>\n<link rel=\"canonical\" href=\"https:\/\/www.fotografo-profesional.net\/diario\/2018\/08\/02\/cuando-el-color-es-el-tema-fotografico\/\" \/>\n<meta property=\"og:locale\" content=\"es_ES\" \/>\n<meta property=\"og:type\" content=\"article\" \/>\n<meta property=\"og:title\" content=\"Cuando el color es el tema fotogr\u00e1fico - Luis Miguel del Campo\" \/>\n<meta property=\"og:description\" content=\"No conviene complicarse al hacer fotograf\u00edas, ya que de una situaci\u00f3n corriente se puede sacar una gran fotograf\u00eda cuando el color es el tema fotogr\u00e1fico\" \/>\n<meta property=\"og:url\" content=\"https:\/\/www.fotografo-profesional.net\/diario\/2018\/08\/02\/cuando-el-color-es-el-tema-fotografico\/\" \/>\n<meta property=\"og:site_name\" content=\"Luis Miguel del Campo\" \/>\n<meta property=\"article:published_time\" content=\"2018-08-02T11:14:06+00:00\" \/>\n<meta property=\"article:modified_time\" content=\"2020-04-17T09:38:26+00:00\" \/>\n<meta property=\"og:image\" content=\"https:\/\/www.fotografo-profesional.net\/diario\/wp-content\/uploads\/2018\/08\/Freeway-por-fot\u00f3grafo-profesional-en-Madrid.jpg\" \/>\n\t<meta property=\"og:image:width\" content=\"600\" \/>\n\t<meta property=\"og:image:height\" content=\"400\" \/>\n\t<meta property=\"og:image:type\" content=\"image\/jpeg\" \/>\n<meta name=\"author\" content=\"Luis Miguel del Campo\" \/>\n<meta name=\"twitter:card\" content=\"summary_large_image\" \/>\n<meta name=\"twitter:label1\" content=\"Escrito por\" \/>\n\t<meta name=\"twitter:data1\" content=\"Luis Miguel del Campo\" \/>\n\t<meta name=\"twitter:label2\" content=\"Tiempo de lectura\" \/>\n\t<meta name=\"twitter:data2\" content=\"2 minutos\" \/>\n<script type=\"application\/ld+json\" class=\"yoast-schema-graph\">{\"@context\":\"https:\/\/schema.org\",\"@graph\":[{\"@type\":\"WebPage\",\"@id\":\"https:\/\/www.fotografo-profesional.net\/diario\/2018\/08\/02\/cuando-el-color-es-el-tema-fotografico\/\",\"url\":\"https:\/\/www.fotografo-profesional.net\/diario\/2018\/08\/02\/cuando-el-color-es-el-tema-fotografico\/\",\"name\":\"Cuando el color es el tema fotogr\u00e1fico - Luis Miguel del Campo\",\"isPartOf\":{\"@id\":\"https:\/\/www.fotografo-profesional.net\/diario\/#website\"},\"datePublished\":\"2018-08-02T11:14:06+00:00\",\"dateModified\":\"2020-04-17T09:38:26+00:00\",\"author\":{\"@id\":\"https:\/\/www.fotografo-profesional.net\/diario\/#\/schema\/person\/220504871d765b4c30a0af1d2fe93533\"},\"description\":\"No conviene complicarse al hacer fotograf\u00edas, ya que de una situaci\u00f3n corriente se puede sacar una gran fotograf\u00eda cuando el color es el tema fotogr\u00e1fico\",\"breadcrumb\":{\"@id\":\"https:\/\/www.fotografo-profesional.net\/diario\/2018\/08\/02\/cuando-el-color-es-el-tema-fotografico\/#breadcrumb\"},\"inLanguage\":\"es\",\"potentialAction\":[{\"@type\":\"ReadAction\",\"target\":[\"https:\/\/www.fotografo-profesional.net\/diario\/2018\/08\/02\/cuando-el-color-es-el-tema-fotografico\/\"]}]},{\"@type\":\"BreadcrumbList\",\"@id\":\"https:\/\/www.fotografo-profesional.net\/diario\/2018\/08\/02\/cuando-el-color-es-el-tema-fotografico\/#breadcrumb\",\"itemListElement\":[{\"@type\":\"ListItem\",\"position\":1,\"name\":\"Inicio\",\"item\":\"https:\/\/www.fotografo-profesional.net\/diario\/\"},{\"@type\":\"ListItem\",\"position\":2,\"name\":\"Cuando el color es el tema fotogr\u00e1fico\"}]},{\"@type\":\"WebSite\",\"@id\":\"https:\/\/www.fotografo-profesional.net\/diario\/#website\",\"url\":\"https:\/\/www.fotografo-profesional.net\/diario\/\",\"name\":\"Luis Miguel del Campo\",\"description\":\"Blog de un fot\u00f3grafo profesional\",\"potentialAction\":[{\"@type\":\"SearchAction\",\"target\":{\"@type\":\"EntryPoint\",\"urlTemplate\":\"https:\/\/www.fotografo-profesional.net\/diario\/?s={search_term_string}\"},\"query-input\":\"required name=search_term_string\"}],\"inLanguage\":\"es\"},{\"@type\":\"Person\",\"@id\":\"https:\/\/www.fotografo-profesional.net\/diario\/#\/schema\/person\/220504871d765b4c30a0af1d2fe93533\",\"name\":\"Luis Miguel del Campo\",\"image\":{\"@type\":\"ImageObject\",\"inLanguage\":\"es\",\"@id\":\"https:\/\/www.fotografo-profesional.net\/diario\/#\/schema\/person\/image\/\",\"url\":\"https:\/\/secure.gravatar.com\/avatar\/84bb1120095136de86f122a882a42d61?s=96&d=mm&r=g\",\"contentUrl\":\"https:\/\/secure.gravatar.com\/avatar\/84bb1120095136de86f122a882a42d61?s=96&d=mm&r=g\",\"caption\":\"Luis Miguel del Campo\"},\"url\":\"https:\/\/www.fotografo-profesional.net\/diario\/author\/admin_lmdc\/\"}]}<\/script>\n<!-- \/ Yoast SEO plugin. -->","yoast_head_json":{"title":"Cuando el color es el tema fotogr\u00e1fico - Luis Miguel del Campo","description":"No conviene complicarse al hacer fotograf\u00edas, ya que de una situaci\u00f3n corriente se puede sacar una gran fotograf\u00eda cuando el color es el tema fotogr\u00e1fico","robots":{"index":"index","follow":"follow","max-snippet":"max-snippet:-1","max-image-preview":"max-image-preview:large","max-video-preview":"max-video-preview:-1"},"canonical":"https:\/\/www.fotografo-profesional.net\/diario\/2018\/08\/02\/cuando-el-color-es-el-tema-fotografico\/","og_locale":"es_ES","og_type":"article","og_title":"Cuando el color es el tema fotogr\u00e1fico - Luis Miguel del Campo","og_description":"No conviene complicarse al hacer fotograf\u00edas, ya que de una situaci\u00f3n corriente se puede sacar una gran fotograf\u00eda cuando el color es el tema fotogr\u00e1fico","og_url":"https:\/\/www.fotografo-profesional.net\/diario\/2018\/08\/02\/cuando-el-color-es-el-tema-fotografico\/","og_site_name":"Luis Miguel del Campo","article_published_time":"2018-08-02T11:14:06+00:00","article_modified_time":"2020-04-17T09:38:26+00:00","og_image":[{"width":600,"height":400,"url":"https:\/\/www.fotografo-profesional.net\/diario\/wp-content\/uploads\/2018\/08\/Freeway-por-fot\u00f3grafo-profesional-en-Madrid.jpg","type":"image\/jpeg"}],"author":"Luis Miguel del Campo","twitter_card":"summary_large_image","twitter_misc":{"Escrito por":"Luis Miguel del Campo","Tiempo de lectura":"2 minutos"},"schema":{"@context":"https:\/\/schema.org","@graph":[{"@type":"WebPage","@id":"https:\/\/www.fotografo-profesional.net\/diario\/2018\/08\/02\/cuando-el-color-es-el-tema-fotografico\/","url":"https:\/\/www.fotografo-profesional.net\/diario\/2018\/08\/02\/cuando-el-color-es-el-tema-fotografico\/","name":"Cuando el color es el tema fotogr\u00e1fico - Luis Miguel del Campo","isPartOf":{"@id":"https:\/\/www.fotografo-profesional.net\/diario\/#website"},"datePublished":"2018-08-02T11:14:06+00:00","dateModified":"2020-04-17T09:38:26+00:00","author":{"@id":"https:\/\/www.fotografo-profesional.net\/diario\/#\/schema\/person\/220504871d765b4c30a0af1d2fe93533"},"description":"No conviene complicarse al hacer fotograf\u00edas, ya que de una situaci\u00f3n corriente se puede sacar una gran fotograf\u00eda cuando el color es el tema fotogr\u00e1fico","breadcrumb":{"@id":"https:\/\/www.fotografo-profesional.net\/diario\/2018\/08\/02\/cuando-el-color-es-el-tema-fotografico\/#breadcrumb"},"inLanguage":"es","potentialAction":[{"@type":"ReadAction","target":["https:\/\/www.fotografo-profesional.net\/diario\/2018\/08\/02\/cuando-el-color-es-el-tema-fotografico\/"]}]},{"@type":"BreadcrumbList","@id":"https:\/\/www.fotografo-profesional.net\/diario\/2018\/08\/02\/cuando-el-color-es-el-tema-fotografico\/#breadcrumb","itemListElement":[{"@type":"ListItem","position":1,"name":"Inicio","item":"https:\/\/www.fotografo-profesional.net\/diario\/"},{"@type":"ListItem","position":2,"name":"Cuando el color es el tema fotogr\u00e1fico"}]},{"@type":"WebSite","@id":"https:\/\/www.fotografo-profesional.net\/diario\/#website","url":"https:\/\/www.fotografo-profesional.net\/diario\/","name":"Luis Miguel del Campo","description":"Blog de un fot\u00f3grafo profesional","potentialAction":[{"@type":"SearchAction","target":{"@type":"EntryPoint","urlTemplate":"https:\/\/www.fotografo-profesional.net\/diario\/?s={search_term_string}"},"query-input":"required name=search_term_string"}],"inLanguage":"es"},{"@type":"Person","@id":"https:\/\/www.fotografo-profesional.net\/diario\/#\/schema\/person\/220504871d765b4c30a0af1d2fe93533","name":"Luis Miguel del Campo","image":{"@type":"ImageObject","inLanguage":"es","@id":"https:\/\/www.fotografo-profesional.net\/diario\/#\/schema\/person\/image\/","url":"https:\/\/secure.gravatar.com\/avatar\/84bb1120095136de86f122a882a42d61?s=96&d=mm&r=g","contentUrl":"https:\/\/secure.gravatar.com\/avatar\/84bb1120095136de86f122a882a42d61?s=96&d=mm&r=g","caption":"Luis Miguel del Campo"},"url":"https:\/\/www.fotografo-profesional.net\/diario\/author\/admin_lmdc\/"}]}},"_links":{"self":[{"href":"https:\/\/www.fotografo-profesional.net\/diario\/wp-json\/wp\/v2\/posts\/167"}],"collection":[{"href":"https:\/\/www.fotografo-profesional.net\/diario\/wp-json\/wp\/v2\/posts"}],"about":[{"href":"https:\/\/www.fotografo-profesional.net\/diario\/wp-json\/wp\/v2\/types\/post"}],"author":[{"embeddable":true,"href":"https:\/\/www.fotografo-profesional.net\/diario\/wp-json\/wp\/v2\/users\/2"}],"replies":[{"embeddable":true,"href":"https:\/\/www.fotografo-profesional.net\/diario\/wp-json\/wp\/v2\/comments?post=167"}],"version-history":[{"count":13,"href":"https:\/\/www.fotografo-profesional.net\/diario\/wp-json\/wp\/v2\/posts\/167\/revisions"}],"predecessor-version":[{"id":1705,"href":"https:\/\/www.fotografo-profesional.net\/diario\/wp-json\/wp\/v2\/posts\/167\/revisions\/1705"}],"wp:featuredmedia":[{"embeddable":true,"href":"https:\/\/www.fotografo-profesional.net\/diario\/wp-json\/wp\/v2\/media\/175"}],"wp:attachment":[{"href":"https:\/\/www.fotografo-profesional.net\/diario\/wp-json\/wp\/v2\/media?parent=167"}],"wp:term":[{"taxonomy":"category","embeddable":true,"href":"https:\/\/www.fotografo-profesional.net\/diario\/wp-json\/wp\/v2\/categories?post=167"},{"taxonomy":"post_tag","embeddable":true,"href":"https:\/\/www.fotografo-profesional.net\/diario\/wp-json\/wp\/v2\/tags?post=167"}],"curies":[{"name":"wp","href":"https:\/\/api.w.org\/{rel}","templated":true}]}}