{"id":1841,"date":"2020-05-08T22:15:32","date_gmt":"2020-05-08T20:15:32","guid":{"rendered":"https:\/\/www.fotografo-profesional.net\/diario\/?p=1841"},"modified":"2020-05-08T22:15:33","modified_gmt":"2020-05-08T20:15:33","slug":"las-fotografias-de-boda-son-para-siempre","status":"publish","type":"post","link":"https:\/\/www.fotografo-profesional.net\/diario\/2020\/05\/08\/las-fotografias-de-boda-son-para-siempre\/","title":{"rendered":"Las fotograf\u00edas de boda son para siempre"},"content":{"rendered":"<p><img decoding=\"async\" class=\"size-full wp-image-1855 alignright\" src=\"https:\/\/www.fotografo-profesional.net\/diario\/wp-content\/uploads\/2020\/05\/Fot\u00f3grafo-profesional-en-Madrid-LMC-0090.jpg\" alt=\"fotograf\u00edas de boda para toda la vida\" width=\"400\" height=\"600\" srcset=\"https:\/\/www.fotografo-profesional.net\/diario\/wp-content\/uploads\/2020\/05\/Fot\u00f3grafo-profesional-en-Madrid-LMC-0090.jpg 400w, https:\/\/www.fotografo-profesional.net\/diario\/wp-content\/uploads\/2020\/05\/Fot\u00f3grafo-profesional-en-Madrid-LMC-0090-200x300.jpg 200w\" sizes=\"(max-width: 400px) 100vw, 400px\" \/><\/p>\n<p>Las fotograf\u00edas de boda son para siempre; e irrepetibles. Tenerlo en cuenta si os vais a casar en los pr\u00f3ximos meses.<br>Lo digo porque, dada la grave situaci\u00f3n econ\u00f3mica que vamos a atravesar una vez que se levante el estado de alarma, lo m\u00e1s probable es que muchas parejas que se van a casar opten por recortar gastos. Incomprensiblemente siempre que escasea el dinero, por una u otra raz\u00f3n, <strong>de lo primero que se prescinde es de contratar a un fot\u00f3grafo profesional de bodas<\/strong>. Al menos es lo que ha venido ocurriendo hasta hac\u00eda poco.<\/p>\n<p>Espero que las experiencias que se vivieron al sufrir la pasada crisis econ\u00f3mica de 2008 hayan servido para que las actuales parejas de novios no caigan en los errores que cometieron las de hace diez y doce a\u00f1os. Que no le encarguen el reportaje de boda a un pariente o amigo apa\u00f1ado que tiene buena c\u00e1mara para salir del paso y ahorrar. Porque hay ahorros que acaban saliendo caros ya que las fotograf\u00edas de boda son para siempre. Y si la persona que las ha hecho no estaba cualificada no hay manera de arreglarlas. Esto \u00faltimo ya lo deber\u00eda tener claro todo el mundo a estas alturas de siglo.<\/p>\n<p>Si quer\u00e9is ahorrar en las fotograf\u00edas de la boda, la soluci\u00f3n es muy sencilla: <strong>contratar un fot\u00f3grafo de bodas barato<\/strong>. Conseguir\u00e9is calidad a buen precio y vuestro cu\u00f1ao no arruinar\u00e1 los recuerdos de ese d\u00eda con un reportaje fotogr\u00e1fico catastr\u00f3fico.<\/p>\n<p>Incluso <strong>pod\u00e9is seguir ahorrando<\/strong> si el fot\u00f3grafo de bodas barato en vez de \u00e1lbum os entrega las fotograf\u00edas de boda en una llave USB. As\u00ed, de momento os asegur\u00e1is tener recuerdos con calidad y m\u00e1s adelante ya habr\u00e1 tiempo para encargar <a href=\"https:\/\/www.fotografo-profesional.net\/diario\/2020\/04\/03\/el-album-es-el-mejor-muestrario-de-vuestra-boda\/\"><span style=\"color: #0000ff;\"><em>el \u00e1lbum de fotos.<\/em><\/span><\/a><br>Sin prisa, cuando os venga bien econ\u00f3micamente. De esta forma ya os hab\u00e9is asegurado lo m\u00e1s importante y <span style=\"color: #0000ff;\"><em><span style=\"color: #0000ff;\"><a style=\"color: #0000ff;\" href=\"https:\/\/www.fotografo-profesional.net\/diario\/2019\/12\/13\/fotografo-de-bodas-a-buen-precio\/\">hab\u00e9is ahorrado dinero<\/a><\/span>.<\/em><\/span><\/p>\n<p>Es fundamental que teng\u00e1is clara la necesidad de contratar un <a href=\"https:\/\/www.fotografo-profesional.net\/portfolio\/fotografia-de-bodas\/\"><span style=\"color: #0000ff;\"><em>fot\u00f3grafo de verdad<\/em><\/span><\/a> para vuestra boda, aunque sea econ\u00f3mico. Pero fot\u00f3grafo profesional.<br>Consiste en ver p\u00e1ginas web, concertar citas con los fot\u00f3grafos que os interesen y revisar sus porfolios hasta dar con el fot\u00f3grafo de bodas barato adecuado a vuestros gustos e intereses.<\/p>\n\n\n<p><\/p>\n","protected":false},"excerpt":{"rendered":"<p>Las fotograf\u00edas de boda son para siempre; e irrepetibles. Tenerlo en cuenta si os vais a casar en los pr\u00f3ximos meses.Lo digo porque, dada la grave situaci\u00f3n econ\u00f3mica que vamos a atravesar una vez que se levante el estado de alarma, lo m\u00e1s probable es que muchas parejas que se van a casar opten por [&hellip;]<\/p>\n","protected":false},"author":2,"featured_media":1855,"comment_status":"closed","ping_status":"open","sticky":false,"template":"","format":"standard","meta":[],"categories":[175,254,171,255,45,406,172,207,14],"tags":[313,439,134,404,99,348,284,338,307,340],"yoast_head":"<!-- This site is optimized with the Yoast SEO plugin v20.8 - https:\/\/yoast.com\/wordpress\/plugins\/seo\/ -->\n<title>Las fotograf\u00edas de boda son para siempre - Luis Miguel del Campo<\/title>\n<meta name=\"description\" content=\"En tiempos dif\u00edciles no es aconsejable prescindir de un profesional para que os haga el reportaje. Las fotograf\u00edas de boda son para siempre.\" \/>\n<meta name=\"robots\" content=\"index, follow, max-snippet:-1, max-image-preview:large, max-video-preview:-1\" \/>\n<link rel=\"canonical\" href=\"https:\/\/www.fotografo-profesional.net\/diario\/2020\/05\/08\/las-fotografias-de-boda-son-para-siempre\/\" \/>\n<meta property=\"og:locale\" content=\"es_ES\" \/>\n<meta property=\"og:type\" content=\"article\" \/>\n<meta property=\"og:title\" content=\"Las fotograf\u00edas de boda son para siempre - Luis Miguel del Campo\" \/>\n<meta property=\"og:description\" content=\"En tiempos dif\u00edciles no es aconsejable prescindir de un profesional para que os haga el reportaje. Las fotograf\u00edas de boda son para siempre.\" \/>\n<meta property=\"og:url\" content=\"https:\/\/www.fotografo-profesional.net\/diario\/2020\/05\/08\/las-fotografias-de-boda-son-para-siempre\/\" \/>\n<meta property=\"og:site_name\" content=\"Luis Miguel del Campo\" \/>\n<meta property=\"article:published_time\" content=\"2020-05-08T20:15:32+00:00\" \/>\n<meta property=\"article:modified_time\" content=\"2020-05-08T20:15:33+00:00\" \/>\n<meta property=\"og:image\" content=\"https:\/\/www.fotografo-profesional.net\/diario\/wp-content\/uploads\/2020\/05\/Fot\u00f3grafo-profesional-en-Madrid-LMC-0090.jpg\" \/>\n\t<meta property=\"og:image:width\" content=\"400\" \/>\n\t<meta property=\"og:image:height\" content=\"600\" \/>\n\t<meta property=\"og:image:type\" content=\"image\/jpeg\" \/>\n<meta name=\"author\" content=\"Luis Miguel del Campo\" \/>\n<meta name=\"twitter:card\" content=\"summary_large_image\" \/>\n<meta name=\"twitter:label1\" content=\"Escrito por\" \/>\n\t<meta name=\"twitter:data1\" content=\"Luis Miguel del Campo\" \/>\n\t<meta name=\"twitter:label2\" content=\"Tiempo de lectura\" \/>\n\t<meta name=\"twitter:data2\" content=\"2 minutos\" \/>\n<script type=\"application\/ld+json\" class=\"yoast-schema-graph\">{\"@context\":\"https:\/\/schema.org\",\"@graph\":[{\"@type\":\"WebPage\",\"@id\":\"https:\/\/www.fotografo-profesional.net\/diario\/2020\/05\/08\/las-fotografias-de-boda-son-para-siempre\/\",\"url\":\"https:\/\/www.fotografo-profesional.net\/diario\/2020\/05\/08\/las-fotografias-de-boda-son-para-siempre\/\",\"name\":\"Las fotograf\u00edas de boda son para siempre - Luis Miguel del Campo\",\"isPartOf\":{\"@id\":\"https:\/\/www.fotografo-profesional.net\/diario\/#website\"},\"datePublished\":\"2020-05-08T20:15:32+00:00\",\"dateModified\":\"2020-05-08T20:15:33+00:00\",\"author\":{\"@id\":\"https:\/\/www.fotografo-profesional.net\/diario\/#\/schema\/person\/220504871d765b4c30a0af1d2fe93533\"},\"description\":\"En tiempos dif\u00edciles no es aconsejable prescindir de un profesional para que os haga el reportaje. Las fotograf\u00edas de boda son para siempre.\",\"breadcrumb\":{\"@id\":\"https:\/\/www.fotografo-profesional.net\/diario\/2020\/05\/08\/las-fotografias-de-boda-son-para-siempre\/#breadcrumb\"},\"inLanguage\":\"es\",\"potentialAction\":[{\"@type\":\"ReadAction\",\"target\":[\"https:\/\/www.fotografo-profesional.net\/diario\/2020\/05\/08\/las-fotografias-de-boda-son-para-siempre\/\"]}]},{\"@type\":\"BreadcrumbList\",\"@id\":\"https:\/\/www.fotografo-profesional.net\/diario\/2020\/05\/08\/las-fotografias-de-boda-son-para-siempre\/#breadcrumb\",\"itemListElement\":[{\"@type\":\"ListItem\",\"position\":1,\"name\":\"Inicio\",\"item\":\"https:\/\/www.fotografo-profesional.net\/diario\/\"},{\"@type\":\"ListItem\",\"position\":2,\"name\":\"Las fotograf\u00edas de boda son para siempre\"}]},{\"@type\":\"WebSite\",\"@id\":\"https:\/\/www.fotografo-profesional.net\/diario\/#website\",\"url\":\"https:\/\/www.fotografo-profesional.net\/diario\/\",\"name\":\"Luis Miguel del Campo\",\"description\":\"Blog de un fot\u00f3grafo profesional\",\"potentialAction\":[{\"@type\":\"SearchAction\",\"target\":{\"@type\":\"EntryPoint\",\"urlTemplate\":\"https:\/\/www.fotografo-profesional.net\/diario\/?s={search_term_string}\"},\"query-input\":\"required name=search_term_string\"}],\"inLanguage\":\"es\"},{\"@type\":\"Person\",\"@id\":\"https:\/\/www.fotografo-profesional.net\/diario\/#\/schema\/person\/220504871d765b4c30a0af1d2fe93533\",\"name\":\"Luis Miguel del Campo\",\"image\":{\"@type\":\"ImageObject\",\"inLanguage\":\"es\",\"@id\":\"https:\/\/www.fotografo-profesional.net\/diario\/#\/schema\/person\/image\/\",\"url\":\"https:\/\/secure.gravatar.com\/avatar\/84bb1120095136de86f122a882a42d61?s=96&d=mm&r=g\",\"contentUrl\":\"https:\/\/secure.gravatar.com\/avatar\/84bb1120095136de86f122a882a42d61?s=96&d=mm&r=g\",\"caption\":\"Luis Miguel del Campo\"},\"url\":\"https:\/\/www.fotografo-profesional.net\/diario\/author\/admin_lmdc\/\"}]}<\/script>\n<!-- \/ Yoast SEO plugin. -->","yoast_head_json":{"title":"Las fotograf\u00edas de boda son para siempre - Luis Miguel del Campo","description":"En tiempos dif\u00edciles no es aconsejable prescindir de un profesional para que os haga el reportaje. Las fotograf\u00edas de boda son para siempre.","robots":{"index":"index","follow":"follow","max-snippet":"max-snippet:-1","max-image-preview":"max-image-preview:large","max-video-preview":"max-video-preview:-1"},"canonical":"https:\/\/www.fotografo-profesional.net\/diario\/2020\/05\/08\/las-fotografias-de-boda-son-para-siempre\/","og_locale":"es_ES","og_type":"article","og_title":"Las fotograf\u00edas de boda son para siempre - Luis Miguel del Campo","og_description":"En tiempos dif\u00edciles no es aconsejable prescindir de un profesional para que os haga el reportaje. Las fotograf\u00edas de boda son para siempre.","og_url":"https:\/\/www.fotografo-profesional.net\/diario\/2020\/05\/08\/las-fotografias-de-boda-son-para-siempre\/","og_site_name":"Luis Miguel del Campo","article_published_time":"2020-05-08T20:15:32+00:00","article_modified_time":"2020-05-08T20:15:33+00:00","og_image":[{"width":400,"height":600,"url":"https:\/\/www.fotografo-profesional.net\/diario\/wp-content\/uploads\/2020\/05\/Fot\u00f3grafo-profesional-en-Madrid-LMC-0090.jpg","type":"image\/jpeg"}],"author":"Luis Miguel del Campo","twitter_card":"summary_large_image","twitter_misc":{"Escrito por":"Luis Miguel del Campo","Tiempo de lectura":"2 minutos"},"schema":{"@context":"https:\/\/schema.org","@graph":[{"@type":"WebPage","@id":"https:\/\/www.fotografo-profesional.net\/diario\/2020\/05\/08\/las-fotografias-de-boda-son-para-siempre\/","url":"https:\/\/www.fotografo-profesional.net\/diario\/2020\/05\/08\/las-fotografias-de-boda-son-para-siempre\/","name":"Las fotograf\u00edas de boda son para siempre - Luis Miguel del Campo","isPartOf":{"@id":"https:\/\/www.fotografo-profesional.net\/diario\/#website"},"datePublished":"2020-05-08T20:15:32+00:00","dateModified":"2020-05-08T20:15:33+00:00","author":{"@id":"https:\/\/www.fotografo-profesional.net\/diario\/#\/schema\/person\/220504871d765b4c30a0af1d2fe93533"},"description":"En tiempos dif\u00edciles no es aconsejable prescindir de un profesional para que os haga el reportaje. Las fotograf\u00edas de boda son para siempre.","breadcrumb":{"@id":"https:\/\/www.fotografo-profesional.net\/diario\/2020\/05\/08\/las-fotografias-de-boda-son-para-siempre\/#breadcrumb"},"inLanguage":"es","potentialAction":[{"@type":"ReadAction","target":["https:\/\/www.fotografo-profesional.net\/diario\/2020\/05\/08\/las-fotografias-de-boda-son-para-siempre\/"]}]},{"@type":"BreadcrumbList","@id":"https:\/\/www.fotografo-profesional.net\/diario\/2020\/05\/08\/las-fotografias-de-boda-son-para-siempre\/#breadcrumb","itemListElement":[{"@type":"ListItem","position":1,"name":"Inicio","item":"https:\/\/www.fotografo-profesional.net\/diario\/"},{"@type":"ListItem","position":2,"name":"Las fotograf\u00edas de boda son para siempre"}]},{"@type":"WebSite","@id":"https:\/\/www.fotografo-profesional.net\/diario\/#website","url":"https:\/\/www.fotografo-profesional.net\/diario\/","name":"Luis Miguel del Campo","description":"Blog de un fot\u00f3grafo profesional","potentialAction":[{"@type":"SearchAction","target":{"@type":"EntryPoint","urlTemplate":"https:\/\/www.fotografo-profesional.net\/diario\/?s={search_term_string}"},"query-input":"required name=search_term_string"}],"inLanguage":"es"},{"@type":"Person","@id":"https:\/\/www.fotografo-profesional.net\/diario\/#\/schema\/person\/220504871d765b4c30a0af1d2fe93533","name":"Luis Miguel del Campo","image":{"@type":"ImageObject","inLanguage":"es","@id":"https:\/\/www.fotografo-profesional.net\/diario\/#\/schema\/person\/image\/","url":"https:\/\/secure.gravatar.com\/avatar\/84bb1120095136de86f122a882a42d61?s=96&d=mm&r=g","contentUrl":"https:\/\/secure.gravatar.com\/avatar\/84bb1120095136de86f122a882a42d61?s=96&d=mm&r=g","caption":"Luis Miguel del Campo"},"url":"https:\/\/www.fotografo-profesional.net\/diario\/author\/admin_lmdc\/"}]}},"_links":{"self":[{"href":"https:\/\/www.fotografo-profesional.net\/diario\/wp-json\/wp\/v2\/posts\/1841"}],"collection":[{"href":"https:\/\/www.fotografo-profesional.net\/diario\/wp-json\/wp\/v2\/posts"}],"about":[{"href":"https:\/\/www.fotografo-profesional.net\/diario\/wp-json\/wp\/v2\/types\/post"}],"author":[{"embeddable":true,"href":"https:\/\/www.fotografo-profesional.net\/diario\/wp-json\/wp\/v2\/users\/2"}],"replies":[{"embeddable":true,"href":"https:\/\/www.fotografo-profesional.net\/diario\/wp-json\/wp\/v2\/comments?post=1841"}],"version-history":[{"count":4,"href":"https:\/\/www.fotografo-profesional.net\/diario\/wp-json\/wp\/v2\/posts\/1841\/revisions"}],"predecessor-version":[{"id":1857,"href":"https:\/\/www.fotografo-profesional.net\/diario\/wp-json\/wp\/v2\/posts\/1841\/revisions\/1857"}],"wp:featuredmedia":[{"embeddable":true,"href":"https:\/\/www.fotografo-profesional.net\/diario\/wp-json\/wp\/v2\/media\/1855"}],"wp:attachment":[{"href":"https:\/\/www.fotografo-profesional.net\/diario\/wp-json\/wp\/v2\/media?parent=1841"}],"wp:term":[{"taxonomy":"category","embeddable":true,"href":"https:\/\/www.fotografo-profesional.net\/diario\/wp-json\/wp\/v2\/categories?post=1841"},{"taxonomy":"post_tag","embeddable":true,"href":"https:\/\/www.fotografo-profesional.net\/diario\/wp-json\/wp\/v2\/tags?post=1841"}],"curies":[{"name":"wp","href":"https:\/\/api.w.org\/{rel}","templated":true}]}}