{"id":1891,"date":"2020-05-19T10:01:10","date_gmt":"2020-05-19T08:01:10","guid":{"rendered":"https:\/\/www.fotografo-profesional.net\/diario\/?p=1891"},"modified":"2020-06-09T18:47:29","modified_gmt":"2020-06-09T16:47:29","slug":"desayuno-en-tiffany-de-madrid","status":"publish","type":"post","link":"https:\/\/www.fotografo-profesional.net\/diario\/2020\/05\/19\/desayuno-en-tiffany-de-madrid\/","title":{"rendered":"Desayuno en Tiffany de Madrid"},"content":{"rendered":"<h4><img decoding=\"async\" class=\"alignnone size-full wp-image-1909\" src=\"https:\/\/www.fotografo-profesional.net\/diario\/wp-content\/uploads\/2020\/05\/Fot\u00f3grafo-profesional-en-Madrid-LMC-0093-1.jpg\" alt=\"Desayuno en Tiffany de Madrid\" width=\"600\" height=\"400\" srcset=\"https:\/\/www.fotografo-profesional.net\/diario\/wp-content\/uploads\/2020\/05\/Fot\u00f3grafo-profesional-en-Madrid-LMC-0093-1.jpg 600w, https:\/\/www.fotografo-profesional.net\/diario\/wp-content\/uploads\/2020\/05\/Fot\u00f3grafo-profesional-en-Madrid-LMC-0093-1-300x200.jpg 300w\" sizes=\"(max-width: 600px) 100vw, 600px\" \/><\/h4>\n<h4>Estampas de Madrid (0086)<\/h4>\n<p>Desayuno en Tiffany (<strong>\u201cDesayuno con diamantes\u201d<\/strong> fue el t\u00edtulo con el que se estren\u00f3 en Espa\u00f1a) es una obra maestra del cine de la \u00e9poca cl\u00e1sica de Hollywood. Dirigida en 1961 por Blake Edwards, cuenta las andanzas de Audrey Hepburn por Nueva York, tras las que invariablemente acababa desayunando mientras contemplaba embelesada los escaparates de la prestigiosa y exclusiva joyer\u00eda.<\/p>\n<p>Durante la trama tiene una relaci\u00f3n rom\u00e1ntica con el personaje que interpreta George Peppard, quien es escritor. (Es una l\u00e1stima que en esta pel\u00edcula no interpretara a un fot\u00f3grafo profesional porque me hubiera quedado un art\u00edculo m\u00e1s redondo).<\/p>\n<p>El caso es que <strong>en Madrid tambi\u00e9n hay varias tiendas de Tiffany &amp; Co<\/strong>. Una a pie de calle. Est\u00e1, como no pod\u00eda ser de otro modo en el distinguido barrio de Castellana \u2013dentro del cogollito popularmente conocido con el nombre del distrito: \u00abbarrio de Salamanca\u00bb.<\/p>\n<p>No s\u00e9 si habr\u00e1 quien, imitando a Audrey Hepburn, vaya a tomar su desayuno en Tiffany de Madrid mientras contempla los escaparates. El caso es que hace unos meses, de regreso de contemplar una <a href=\"https:\/\/www.fotografo-profesional.net\/diario\/2020\/02\/04\/exposicion-de-steve-mccurry-en-madrid\/\"><span style=\"color: #0000ff;\"><em>exposici\u00f3n fotogr\u00e1fica de Steve McCurry<\/em><\/span><\/a> que tuvo lugar en el barrio, pas\u00e9 por la puerta. Y captur\u00e9 esta <a href=\"https:\/\/www.fotografo-profesional.net\/diario\/2019\/08\/12\/fotografos-intrepidos-en-las-playas-de-madrid\/\"><span style=\"color: #0000ff;\"><em>estampa madrile\u00f1a<\/em><\/span><\/a>, como suelo hacer siempre que algo llama mi atenci\u00f3n de fot\u00f3grafo.<\/p>\n<h4>Contraste<\/h4>\n<p>Ese d\u00eda yo no tom\u00e9 mi desayuno en Tiffany, porque ya llegu\u00e9 a ese barrio desayunado de casa, pero se me ocurri\u00f3 pensar que el se\u00f1or que transportaba la mercanc\u00eda habr\u00eda facilitado que algunas personas lo hicieran normalmente ese d\u00eda o al siguiente, y que tuvieran los alimentos necesarios a la hora de la comida; en sus casas o en los restaurantes de la zona.<br \/>\nY as\u00ed lo habr\u00eda hecho y lo seguir\u00eda haciendo un d\u00eda tras otro.<br \/>\nAdem\u00e1s, me pareci\u00f3 interesante el contraste entre lo distinguido del comercio con la humilde labor cotidiana del trabajador, quien quiz\u00e1 pasaba inadvertido a las personas con las que se cruzaba.<\/p>\n<p>Durante este estado de alarma en el que todav\u00eda nos encontramos, multitud de trabajadores como el que aparece en la fotograf\u00eda se han ocupado de que sus conciudadanos y compatriotas tuvieran cubiertas sus m\u00e1s esenciales necesidades, incluso poniendo en juego su vida. Contrasta esta actitud con la pataleta de la minor\u00eda que en estos d\u00edas ha salido a las calles a protestar de forma imprudente, propiciando el aumento de contagios y poniendo en riesgo la salud de otras personas.<\/p>\n<p>De vez en cuando me gusta dejar de hablar de las andanzas de un <a href=\"https:\/\/www.fotografo-profesional.net\/diario\/2019\/12\/13\/fotografo-de-bodas-a-buen-precio\/\"><span style=\"color: #0000ff;\"><em>fot\u00f3grafo de bodas barato en Madrid<\/em><\/span><\/a> para abordar otras cuestiones. Moonriver&#8230;<\/p>\n","protected":false},"excerpt":{"rendered":"<p>Estampas de Madrid (0086) Desayuno en Tiffany (\u201cDesayuno con diamantes\u201d fue el t\u00edtulo con el que se estren\u00f3 en Espa\u00f1a) es una obra maestra del cine de la \u00e9poca cl\u00e1sica de Hollywood. Dirigida en 1961 por Blake Edwards, cuenta las andanzas de Audrey Hepburn por Nueva York, tras las que invariablemente acababa desayunando mientras contemplaba [&hellip;]<\/p>\n","protected":false},"author":2,"featured_media":1909,"comment_status":"closed","ping_status":"open","sticky":false,"template":"","format":"standard","meta":[],"categories":[209,48,45,406],"tags":[448,447,109,99,348,284,338,145,449],"yoast_head":"<!-- This site is optimized with the Yoast SEO plugin v20.8 - https:\/\/yoast.com\/wordpress\/plugins\/seo\/ -->\n<title>Desayuno en Tiffany de Madrid - Luis Miguel del Campo<\/title>\n<meta name=\"description\" content=\"&quot;Desayuno en Tiffany&quot; con los a\u00f1os se ha convertido en ic\u00f3nica, algo que solo le sucede a algunas obras de arte. En Madrid hay una joyer\u00eda de esta marca.\" \/>\n<meta name=\"robots\" content=\"index, follow, max-snippet:-1, max-image-preview:large, max-video-preview:-1\" \/>\n<link rel=\"canonical\" href=\"https:\/\/www.fotografo-profesional.net\/diario\/2020\/05\/19\/desayuno-en-tiffany-de-madrid\/\" \/>\n<meta property=\"og:locale\" content=\"es_ES\" \/>\n<meta property=\"og:type\" content=\"article\" \/>\n<meta property=\"og:title\" content=\"Desayuno en Tiffany de Madrid - Luis Miguel del Campo\" \/>\n<meta property=\"og:description\" content=\"&quot;Desayuno en Tiffany&quot; con los a\u00f1os se ha convertido en ic\u00f3nica, algo que solo le sucede a algunas obras de arte. En Madrid hay una joyer\u00eda de esta marca.\" \/>\n<meta property=\"og:url\" content=\"https:\/\/www.fotografo-profesional.net\/diario\/2020\/05\/19\/desayuno-en-tiffany-de-madrid\/\" \/>\n<meta property=\"og:site_name\" content=\"Luis Miguel del Campo\" \/>\n<meta property=\"article:published_time\" content=\"2020-05-19T08:01:10+00:00\" \/>\n<meta property=\"article:modified_time\" content=\"2020-06-09T16:47:29+00:00\" \/>\n<meta property=\"og:image\" content=\"https:\/\/www.fotografo-profesional.net\/diario\/wp-content\/uploads\/2020\/05\/Fot\u00f3grafo-profesional-en-Madrid-LMC-0093-1.jpg\" \/>\n\t<meta property=\"og:image:width\" content=\"600\" \/>\n\t<meta property=\"og:image:height\" content=\"400\" \/>\n\t<meta property=\"og:image:type\" content=\"image\/jpeg\" \/>\n<meta name=\"author\" content=\"Luis Miguel del Campo\" \/>\n<meta name=\"twitter:card\" content=\"summary_large_image\" \/>\n<meta name=\"twitter:label1\" content=\"Escrito por\" \/>\n\t<meta name=\"twitter:data1\" content=\"Luis Miguel del Campo\" \/>\n\t<meta name=\"twitter:label2\" content=\"Tiempo de lectura\" \/>\n\t<meta name=\"twitter:data2\" content=\"2 minutos\" \/>\n<script type=\"application\/ld+json\" class=\"yoast-schema-graph\">{\"@context\":\"https:\/\/schema.org\",\"@graph\":[{\"@type\":\"WebPage\",\"@id\":\"https:\/\/www.fotografo-profesional.net\/diario\/2020\/05\/19\/desayuno-en-tiffany-de-madrid\/\",\"url\":\"https:\/\/www.fotografo-profesional.net\/diario\/2020\/05\/19\/desayuno-en-tiffany-de-madrid\/\",\"name\":\"Desayuno en Tiffany de Madrid - Luis Miguel del Campo\",\"isPartOf\":{\"@id\":\"https:\/\/www.fotografo-profesional.net\/diario\/#website\"},\"datePublished\":\"2020-05-19T08:01:10+00:00\",\"dateModified\":\"2020-06-09T16:47:29+00:00\",\"author\":{\"@id\":\"https:\/\/www.fotografo-profesional.net\/diario\/#\/schema\/person\/220504871d765b4c30a0af1d2fe93533\"},\"description\":\"\\\"Desayuno en Tiffany\\\" con los a\u00f1os se ha convertido en ic\u00f3nica, algo que solo le sucede a algunas obras de arte. En Madrid hay una joyer\u00eda de esta marca.\",\"breadcrumb\":{\"@id\":\"https:\/\/www.fotografo-profesional.net\/diario\/2020\/05\/19\/desayuno-en-tiffany-de-madrid\/#breadcrumb\"},\"inLanguage\":\"es\",\"potentialAction\":[{\"@type\":\"ReadAction\",\"target\":[\"https:\/\/www.fotografo-profesional.net\/diario\/2020\/05\/19\/desayuno-en-tiffany-de-madrid\/\"]}]},{\"@type\":\"BreadcrumbList\",\"@id\":\"https:\/\/www.fotografo-profesional.net\/diario\/2020\/05\/19\/desayuno-en-tiffany-de-madrid\/#breadcrumb\",\"itemListElement\":[{\"@type\":\"ListItem\",\"position\":1,\"name\":\"Inicio\",\"item\":\"https:\/\/www.fotografo-profesional.net\/diario\/\"},{\"@type\":\"ListItem\",\"position\":2,\"name\":\"Desayuno en Tiffany de Madrid\"}]},{\"@type\":\"WebSite\",\"@id\":\"https:\/\/www.fotografo-profesional.net\/diario\/#website\",\"url\":\"https:\/\/www.fotografo-profesional.net\/diario\/\",\"name\":\"Luis Miguel del Campo\",\"description\":\"Blog de un fot\u00f3grafo profesional\",\"potentialAction\":[{\"@type\":\"SearchAction\",\"target\":{\"@type\":\"EntryPoint\",\"urlTemplate\":\"https:\/\/www.fotografo-profesional.net\/diario\/?s={search_term_string}\"},\"query-input\":\"required name=search_term_string\"}],\"inLanguage\":\"es\"},{\"@type\":\"Person\",\"@id\":\"https:\/\/www.fotografo-profesional.net\/diario\/#\/schema\/person\/220504871d765b4c30a0af1d2fe93533\",\"name\":\"Luis Miguel del Campo\",\"image\":{\"@type\":\"ImageObject\",\"inLanguage\":\"es\",\"@id\":\"https:\/\/www.fotografo-profesional.net\/diario\/#\/schema\/person\/image\/\",\"url\":\"https:\/\/secure.gravatar.com\/avatar\/84bb1120095136de86f122a882a42d61?s=96&d=mm&r=g\",\"contentUrl\":\"https:\/\/secure.gravatar.com\/avatar\/84bb1120095136de86f122a882a42d61?s=96&d=mm&r=g\",\"caption\":\"Luis Miguel del Campo\"},\"url\":\"https:\/\/www.fotografo-profesional.net\/diario\/author\/admin_lmdc\/\"}]}<\/script>\n<!-- \/ Yoast SEO plugin. -->","yoast_head_json":{"title":"Desayuno en Tiffany de Madrid - Luis Miguel del Campo","description":"\"Desayuno en Tiffany\" con los a\u00f1os se ha convertido en ic\u00f3nica, algo que solo le sucede a algunas obras de arte. En Madrid hay una joyer\u00eda de esta marca.","robots":{"index":"index","follow":"follow","max-snippet":"max-snippet:-1","max-image-preview":"max-image-preview:large","max-video-preview":"max-video-preview:-1"},"canonical":"https:\/\/www.fotografo-profesional.net\/diario\/2020\/05\/19\/desayuno-en-tiffany-de-madrid\/","og_locale":"es_ES","og_type":"article","og_title":"Desayuno en Tiffany de Madrid - Luis Miguel del Campo","og_description":"\"Desayuno en Tiffany\" con los a\u00f1os se ha convertido en ic\u00f3nica, algo que solo le sucede a algunas obras de arte. En Madrid hay una joyer\u00eda de esta marca.","og_url":"https:\/\/www.fotografo-profesional.net\/diario\/2020\/05\/19\/desayuno-en-tiffany-de-madrid\/","og_site_name":"Luis Miguel del Campo","article_published_time":"2020-05-19T08:01:10+00:00","article_modified_time":"2020-06-09T16:47:29+00:00","og_image":[{"width":600,"height":400,"url":"https:\/\/www.fotografo-profesional.net\/diario\/wp-content\/uploads\/2020\/05\/Fot\u00f3grafo-profesional-en-Madrid-LMC-0093-1.jpg","type":"image\/jpeg"}],"author":"Luis Miguel del Campo","twitter_card":"summary_large_image","twitter_misc":{"Escrito por":"Luis Miguel del Campo","Tiempo de lectura":"2 minutos"},"schema":{"@context":"https:\/\/schema.org","@graph":[{"@type":"WebPage","@id":"https:\/\/www.fotografo-profesional.net\/diario\/2020\/05\/19\/desayuno-en-tiffany-de-madrid\/","url":"https:\/\/www.fotografo-profesional.net\/diario\/2020\/05\/19\/desayuno-en-tiffany-de-madrid\/","name":"Desayuno en Tiffany de Madrid - Luis Miguel del Campo","isPartOf":{"@id":"https:\/\/www.fotografo-profesional.net\/diario\/#website"},"datePublished":"2020-05-19T08:01:10+00:00","dateModified":"2020-06-09T16:47:29+00:00","author":{"@id":"https:\/\/www.fotografo-profesional.net\/diario\/#\/schema\/person\/220504871d765b4c30a0af1d2fe93533"},"description":"\"Desayuno en Tiffany\" con los a\u00f1os se ha convertido en ic\u00f3nica, algo que solo le sucede a algunas obras de arte. En Madrid hay una joyer\u00eda de esta marca.","breadcrumb":{"@id":"https:\/\/www.fotografo-profesional.net\/diario\/2020\/05\/19\/desayuno-en-tiffany-de-madrid\/#breadcrumb"},"inLanguage":"es","potentialAction":[{"@type":"ReadAction","target":["https:\/\/www.fotografo-profesional.net\/diario\/2020\/05\/19\/desayuno-en-tiffany-de-madrid\/"]}]},{"@type":"BreadcrumbList","@id":"https:\/\/www.fotografo-profesional.net\/diario\/2020\/05\/19\/desayuno-en-tiffany-de-madrid\/#breadcrumb","itemListElement":[{"@type":"ListItem","position":1,"name":"Inicio","item":"https:\/\/www.fotografo-profesional.net\/diario\/"},{"@type":"ListItem","position":2,"name":"Desayuno en Tiffany de Madrid"}]},{"@type":"WebSite","@id":"https:\/\/www.fotografo-profesional.net\/diario\/#website","url":"https:\/\/www.fotografo-profesional.net\/diario\/","name":"Luis Miguel del Campo","description":"Blog de un fot\u00f3grafo profesional","potentialAction":[{"@type":"SearchAction","target":{"@type":"EntryPoint","urlTemplate":"https:\/\/www.fotografo-profesional.net\/diario\/?s={search_term_string}"},"query-input":"required name=search_term_string"}],"inLanguage":"es"},{"@type":"Person","@id":"https:\/\/www.fotografo-profesional.net\/diario\/#\/schema\/person\/220504871d765b4c30a0af1d2fe93533","name":"Luis Miguel del Campo","image":{"@type":"ImageObject","inLanguage":"es","@id":"https:\/\/www.fotografo-profesional.net\/diario\/#\/schema\/person\/image\/","url":"https:\/\/secure.gravatar.com\/avatar\/84bb1120095136de86f122a882a42d61?s=96&d=mm&r=g","contentUrl":"https:\/\/secure.gravatar.com\/avatar\/84bb1120095136de86f122a882a42d61?s=96&d=mm&r=g","caption":"Luis Miguel del Campo"},"url":"https:\/\/www.fotografo-profesional.net\/diario\/author\/admin_lmdc\/"}]}},"_links":{"self":[{"href":"https:\/\/www.fotografo-profesional.net\/diario\/wp-json\/wp\/v2\/posts\/1891"}],"collection":[{"href":"https:\/\/www.fotografo-profesional.net\/diario\/wp-json\/wp\/v2\/posts"}],"about":[{"href":"https:\/\/www.fotografo-profesional.net\/diario\/wp-json\/wp\/v2\/types\/post"}],"author":[{"embeddable":true,"href":"https:\/\/www.fotografo-profesional.net\/diario\/wp-json\/wp\/v2\/users\/2"}],"replies":[{"embeddable":true,"href":"https:\/\/www.fotografo-profesional.net\/diario\/wp-json\/wp\/v2\/comments?post=1891"}],"version-history":[{"count":6,"href":"https:\/\/www.fotografo-profesional.net\/diario\/wp-json\/wp\/v2\/posts\/1891\/revisions"}],"predecessor-version":[{"id":2038,"href":"https:\/\/www.fotografo-profesional.net\/diario\/wp-json\/wp\/v2\/posts\/1891\/revisions\/2038"}],"wp:featuredmedia":[{"embeddable":true,"href":"https:\/\/www.fotografo-profesional.net\/diario\/wp-json\/wp\/v2\/media\/1909"}],"wp:attachment":[{"href":"https:\/\/www.fotografo-profesional.net\/diario\/wp-json\/wp\/v2\/media?parent=1891"}],"wp:term":[{"taxonomy":"category","embeddable":true,"href":"https:\/\/www.fotografo-profesional.net\/diario\/wp-json\/wp\/v2\/categories?post=1891"},{"taxonomy":"post_tag","embeddable":true,"href":"https:\/\/www.fotografo-profesional.net\/diario\/wp-json\/wp\/v2\/tags?post=1891"}],"curies":[{"name":"wp","href":"https:\/\/api.w.org\/{rel}","templated":true}]}}