{"id":196,"date":"2018-09-04T17:05:32","date_gmt":"2018-09-04T17:05:32","guid":{"rendered":"https:\/\/www.fotografo-profesional.net\/diario-de-un-fotografo-profesional-en-madrid\/?p=196"},"modified":"2020-04-19T18:22:25","modified_gmt":"2020-04-19T16:22:25","slug":"spiderman-gordo-en-madrid","status":"publish","type":"post","link":"https:\/\/www.fotografo-profesional.net\/diario\/2018\/09\/04\/spiderman-gordo-en-madrid\/","title":{"rendered":"Spiderman gordo en Madrid"},"content":{"rendered":"<p><img decoding=\"async\" class=\"wp-image-202 size-full\" src=\"https:\/\/www.fotografo-profesional.net\/diario\/wp-content\/uploads\/2018\/09\/Spiderman-gordo-por-fot\u00f3grafo-profesional-en-Madrid.jpg\" alt=\"Spiderman gordo por fot\u00f3grafo en Madrid LMC\" width=\"600\" height=\"401\" srcset=\"https:\/\/www.fotografo-profesional.net\/diario\/wp-content\/uploads\/2018\/09\/Spiderman-gordo-por-fot\u00f3grafo-profesional-en-Madrid.jpg 600w, https:\/\/www.fotografo-profesional.net\/diario\/wp-content\/uploads\/2018\/09\/Spiderman-gordo-por-fot\u00f3grafo-profesional-en-Madrid-300x201.jpg 300w\" sizes=\"(max-width: 600px) 100vw, 600px\" \/><\/p>\n<h4>Estampas de Madrid (0054)<\/h4>\n<p>Uno de los pocos <strong>artistas callejeros de Madrid<\/strong> que resisten a la nueva pol\u00edtica de ocupaci\u00f3n del espacio p\u00fablico del ayuntamiento es <strong>Spiderman gordo<\/strong>. El nombre no se lo he puesto yo; es \u00e9l mismo quien se denomina as\u00ed en las tarjetas que reparte si te acercas para fotografiarlo. Aunque tambi\u00e9n puedes llamarlo Parker, como dice en un corto de Peris Romano, pese a que su castellano denote un acento de Europa del Este.<br \/>\nEs todo <a href=\"https:\/\/www.fotografo-profesional.net\/diario\/2018\/06\/22\/fotografos-a-la-caza-de-estampas-de-madrid\/\"><span style=\"color: #3366ff;\"><em>un profesional de<\/em><em> la actuaci\u00f3n callejera<\/em><\/span><\/a>. Y un tipo con gran sentido del humor.<\/p>\n<p>Por eso debe de ser que es el m\u00e1s <a href=\"https:\/\/www.fotografo-profesional.net\"><span style=\"color: #3366ff;\"><em>requerido por todos los fot\u00f3grafos<\/em><\/span><\/a>, profesionales o aficionados, que transitan por el centro de Madrid. En concreto, por la plaza Mayor. Su oronda figura destaca junto al arco de salida a la calle de Ciudad Rodrigo. Eso s\u00ed, cuando aparece <span style=\"color: #000000;\">un fot\u00f3grafo<\/span> le advierte que cobra por posar. Es m\u00e1s, su especialidad es posar; bien sea solo, con alguno de los transe\u00fantes que se lo solicitan o incluso con grupos.<\/p>\n<p>Spiderman gordo tambi\u00e9n est\u00e1 disponible para atrapar criminales en fiestas y eventos, y fotografiarse con ellos en el momento de la captura. Con \u00e9l las sonrisas est\u00e1n garantizadas. Entretiene a los viandantes; distrae a la gente.<\/p>\n<p>Da espect\u00e1culo y buenas im\u00e1genes a todos los fot\u00f3grafos que pasan por Madrid y se lo piden. Eso s\u00ed, tienes que respetar que se dedica a esto y pagar por las im\u00e1genes que tomes. Si intuye que le vas a robar una foto, se gira r\u00e1pidamente para imped\u00edrtelo. Repudia a todo fot\u00f3grafo gorr\u00f3n.<\/p>\n<p>Su identidad es secreta. Pr\u00e1cticamente solo su mujer supo al cabo de muchos a\u00f1os que se dedicaba a atrapar criminales.<\/p>\n<p>En definitiva, Spiderman gordo <strong>es<\/strong> <strong>uno de los<span style=\"color: #000000;\"> actores\u00a0callejeros<\/span> m\u00e1s carism\u00e1ticos<\/strong> del centro de Madrid y, por la voluntad, puedes pasar momentos divertidos y conseguir simp\u00e1ticas fotograf\u00edas con el superh\u00e9roe m\u00e1s singular del centro de Madrid.<\/p>\n","protected":false},"excerpt":{"rendered":"<p>Estampas de Madrid (0054) Uno de los pocos artistas callejeros de Madrid que resisten a la nueva pol\u00edtica de ocupaci\u00f3n del espacio p\u00fablico del ayuntamiento es Spiderman gordo. El nombre no se lo he puesto yo; es \u00e9l mismo quien se denomina as\u00ed en las tarjetas que reparte si te acercas para fotografiarlo. Aunque tambi\u00e9n [&hellip;]<\/p>\n","protected":false},"author":2,"featured_media":202,"comment_status":"open","ping_status":"open","sticky":false,"template":"","format":"standard","meta":[],"categories":[97,209,55,48,173,189,172,207],"tags":[109,110,99,59,119,120,307,197,98],"yoast_head":"<!-- This site is optimized with the Yoast SEO plugin v20.8 - https:\/\/yoast.com\/wordpress\/plugins\/seo\/ -->\n<title>Spiderman gordo en Madrid - Luis Miguel del Campo<\/title>\n<meta name=\"description\" content=\"Spiderman gordo es el superh\u00e9roe callejero de Madrid especialista en &quot;atrapar malos&quot; y posar con ellos en las fotograf\u00edas que le pidan los turistas.\" \/>\n<meta name=\"robots\" content=\"index, follow, max-snippet:-1, max-image-preview:large, max-video-preview:-1\" \/>\n<link rel=\"canonical\" href=\"https:\/\/www.fotografo-profesional.net\/diario\/2018\/09\/04\/spiderman-gordo-en-madrid\/\" \/>\n<meta property=\"og:locale\" content=\"es_ES\" \/>\n<meta property=\"og:type\" content=\"article\" \/>\n<meta property=\"og:title\" content=\"Spiderman gordo en Madrid - Luis Miguel del Campo\" \/>\n<meta property=\"og:description\" content=\"Spiderman gordo es el superh\u00e9roe callejero de Madrid especialista en &quot;atrapar malos&quot; y posar con ellos en las fotograf\u00edas que le pidan los turistas.\" \/>\n<meta property=\"og:url\" content=\"https:\/\/www.fotografo-profesional.net\/diario\/2018\/09\/04\/spiderman-gordo-en-madrid\/\" \/>\n<meta property=\"og:site_name\" content=\"Luis Miguel del Campo\" \/>\n<meta property=\"article:published_time\" content=\"2018-09-04T17:05:32+00:00\" \/>\n<meta property=\"article:modified_time\" content=\"2020-04-19T16:22:25+00:00\" \/>\n<meta property=\"og:image\" content=\"https:\/\/www.fotografo-profesional.net\/diario\/wp-content\/uploads\/2018\/09\/Spiderman-gordo-por-fot\u00f3grafo-profesional-en-Madrid.jpg\" \/>\n\t<meta property=\"og:image:width\" content=\"600\" \/>\n\t<meta property=\"og:image:height\" content=\"401\" \/>\n\t<meta property=\"og:image:type\" content=\"image\/jpeg\" \/>\n<meta name=\"author\" content=\"Luis Miguel del Campo\" \/>\n<meta name=\"twitter:card\" content=\"summary_large_image\" \/>\n<meta name=\"twitter:label1\" content=\"Escrito por\" \/>\n\t<meta name=\"twitter:data1\" content=\"Luis Miguel del Campo\" \/>\n\t<meta name=\"twitter:label2\" content=\"Tiempo de lectura\" \/>\n\t<meta name=\"twitter:data2\" content=\"2 minutos\" \/>\n<script type=\"application\/ld+json\" class=\"yoast-schema-graph\">{\"@context\":\"https:\/\/schema.org\",\"@graph\":[{\"@type\":\"WebPage\",\"@id\":\"https:\/\/www.fotografo-profesional.net\/diario\/2018\/09\/04\/spiderman-gordo-en-madrid\/\",\"url\":\"https:\/\/www.fotografo-profesional.net\/diario\/2018\/09\/04\/spiderman-gordo-en-madrid\/\",\"name\":\"Spiderman gordo en Madrid - Luis Miguel del Campo\",\"isPartOf\":{\"@id\":\"https:\/\/www.fotografo-profesional.net\/diario\/#website\"},\"datePublished\":\"2018-09-04T17:05:32+00:00\",\"dateModified\":\"2020-04-19T16:22:25+00:00\",\"author\":{\"@id\":\"https:\/\/www.fotografo-profesional.net\/diario\/#\/schema\/person\/220504871d765b4c30a0af1d2fe93533\"},\"description\":\"Spiderman gordo es el superh\u00e9roe callejero de Madrid especialista en \\\"atrapar malos\\\" y posar con ellos en las fotograf\u00edas que le pidan los turistas.\",\"breadcrumb\":{\"@id\":\"https:\/\/www.fotografo-profesional.net\/diario\/2018\/09\/04\/spiderman-gordo-en-madrid\/#breadcrumb\"},\"inLanguage\":\"es\",\"potentialAction\":[{\"@type\":\"ReadAction\",\"target\":[\"https:\/\/www.fotografo-profesional.net\/diario\/2018\/09\/04\/spiderman-gordo-en-madrid\/\"]}]},{\"@type\":\"BreadcrumbList\",\"@id\":\"https:\/\/www.fotografo-profesional.net\/diario\/2018\/09\/04\/spiderman-gordo-en-madrid\/#breadcrumb\",\"itemListElement\":[{\"@type\":\"ListItem\",\"position\":1,\"name\":\"Inicio\",\"item\":\"https:\/\/www.fotografo-profesional.net\/diario\/\"},{\"@type\":\"ListItem\",\"position\":2,\"name\":\"Spiderman gordo en Madrid\"}]},{\"@type\":\"WebSite\",\"@id\":\"https:\/\/www.fotografo-profesional.net\/diario\/#website\",\"url\":\"https:\/\/www.fotografo-profesional.net\/diario\/\",\"name\":\"Luis Miguel del Campo\",\"description\":\"Blog de un fot\u00f3grafo profesional\",\"potentialAction\":[{\"@type\":\"SearchAction\",\"target\":{\"@type\":\"EntryPoint\",\"urlTemplate\":\"https:\/\/www.fotografo-profesional.net\/diario\/?s={search_term_string}\"},\"query-input\":\"required name=search_term_string\"}],\"inLanguage\":\"es\"},{\"@type\":\"Person\",\"@id\":\"https:\/\/www.fotografo-profesional.net\/diario\/#\/schema\/person\/220504871d765b4c30a0af1d2fe93533\",\"name\":\"Luis Miguel del Campo\",\"image\":{\"@type\":\"ImageObject\",\"inLanguage\":\"es\",\"@id\":\"https:\/\/www.fotografo-profesional.net\/diario\/#\/schema\/person\/image\/\",\"url\":\"https:\/\/secure.gravatar.com\/avatar\/84bb1120095136de86f122a882a42d61?s=96&d=mm&r=g\",\"contentUrl\":\"https:\/\/secure.gravatar.com\/avatar\/84bb1120095136de86f122a882a42d61?s=96&d=mm&r=g\",\"caption\":\"Luis Miguel del Campo\"},\"url\":\"https:\/\/www.fotografo-profesional.net\/diario\/author\/admin_lmdc\/\"}]}<\/script>\n<!-- \/ Yoast SEO plugin. -->","yoast_head_json":{"title":"Spiderman gordo en Madrid - Luis Miguel del Campo","description":"Spiderman gordo es el superh\u00e9roe callejero de Madrid especialista en \"atrapar malos\" y posar con ellos en las fotograf\u00edas que le pidan los turistas.","robots":{"index":"index","follow":"follow","max-snippet":"max-snippet:-1","max-image-preview":"max-image-preview:large","max-video-preview":"max-video-preview:-1"},"canonical":"https:\/\/www.fotografo-profesional.net\/diario\/2018\/09\/04\/spiderman-gordo-en-madrid\/","og_locale":"es_ES","og_type":"article","og_title":"Spiderman gordo en Madrid - Luis Miguel del Campo","og_description":"Spiderman gordo es el superh\u00e9roe callejero de Madrid especialista en \"atrapar malos\" y posar con ellos en las fotograf\u00edas que le pidan los turistas.","og_url":"https:\/\/www.fotografo-profesional.net\/diario\/2018\/09\/04\/spiderman-gordo-en-madrid\/","og_site_name":"Luis Miguel del Campo","article_published_time":"2018-09-04T17:05:32+00:00","article_modified_time":"2020-04-19T16:22:25+00:00","og_image":[{"width":600,"height":401,"url":"https:\/\/www.fotografo-profesional.net\/diario\/wp-content\/uploads\/2018\/09\/Spiderman-gordo-por-fot\u00f3grafo-profesional-en-Madrid.jpg","type":"image\/jpeg"}],"author":"Luis Miguel del Campo","twitter_card":"summary_large_image","twitter_misc":{"Escrito por":"Luis Miguel del Campo","Tiempo de lectura":"2 minutos"},"schema":{"@context":"https:\/\/schema.org","@graph":[{"@type":"WebPage","@id":"https:\/\/www.fotografo-profesional.net\/diario\/2018\/09\/04\/spiderman-gordo-en-madrid\/","url":"https:\/\/www.fotografo-profesional.net\/diario\/2018\/09\/04\/spiderman-gordo-en-madrid\/","name":"Spiderman gordo en Madrid - Luis Miguel del Campo","isPartOf":{"@id":"https:\/\/www.fotografo-profesional.net\/diario\/#website"},"datePublished":"2018-09-04T17:05:32+00:00","dateModified":"2020-04-19T16:22:25+00:00","author":{"@id":"https:\/\/www.fotografo-profesional.net\/diario\/#\/schema\/person\/220504871d765b4c30a0af1d2fe93533"},"description":"Spiderman gordo es el superh\u00e9roe callejero de Madrid especialista en \"atrapar malos\" y posar con ellos en las fotograf\u00edas que le pidan los turistas.","breadcrumb":{"@id":"https:\/\/www.fotografo-profesional.net\/diario\/2018\/09\/04\/spiderman-gordo-en-madrid\/#breadcrumb"},"inLanguage":"es","potentialAction":[{"@type":"ReadAction","target":["https:\/\/www.fotografo-profesional.net\/diario\/2018\/09\/04\/spiderman-gordo-en-madrid\/"]}]},{"@type":"BreadcrumbList","@id":"https:\/\/www.fotografo-profesional.net\/diario\/2018\/09\/04\/spiderman-gordo-en-madrid\/#breadcrumb","itemListElement":[{"@type":"ListItem","position":1,"name":"Inicio","item":"https:\/\/www.fotografo-profesional.net\/diario\/"},{"@type":"ListItem","position":2,"name":"Spiderman gordo en Madrid"}]},{"@type":"WebSite","@id":"https:\/\/www.fotografo-profesional.net\/diario\/#website","url":"https:\/\/www.fotografo-profesional.net\/diario\/","name":"Luis Miguel del Campo","description":"Blog de un fot\u00f3grafo profesional","potentialAction":[{"@type":"SearchAction","target":{"@type":"EntryPoint","urlTemplate":"https:\/\/www.fotografo-profesional.net\/diario\/?s={search_term_string}"},"query-input":"required name=search_term_string"}],"inLanguage":"es"},{"@type":"Person","@id":"https:\/\/www.fotografo-profesional.net\/diario\/#\/schema\/person\/220504871d765b4c30a0af1d2fe93533","name":"Luis Miguel del Campo","image":{"@type":"ImageObject","inLanguage":"es","@id":"https:\/\/www.fotografo-profesional.net\/diario\/#\/schema\/person\/image\/","url":"https:\/\/secure.gravatar.com\/avatar\/84bb1120095136de86f122a882a42d61?s=96&d=mm&r=g","contentUrl":"https:\/\/secure.gravatar.com\/avatar\/84bb1120095136de86f122a882a42d61?s=96&d=mm&r=g","caption":"Luis Miguel del Campo"},"url":"https:\/\/www.fotografo-profesional.net\/diario\/author\/admin_lmdc\/"}]}},"_links":{"self":[{"href":"https:\/\/www.fotografo-profesional.net\/diario\/wp-json\/wp\/v2\/posts\/196"}],"collection":[{"href":"https:\/\/www.fotografo-profesional.net\/diario\/wp-json\/wp\/v2\/posts"}],"about":[{"href":"https:\/\/www.fotografo-profesional.net\/diario\/wp-json\/wp\/v2\/types\/post"}],"author":[{"embeddable":true,"href":"https:\/\/www.fotografo-profesional.net\/diario\/wp-json\/wp\/v2\/users\/2"}],"replies":[{"embeddable":true,"href":"https:\/\/www.fotografo-profesional.net\/diario\/wp-json\/wp\/v2\/comments?post=196"}],"version-history":[{"count":12,"href":"https:\/\/www.fotografo-profesional.net\/diario\/wp-json\/wp\/v2\/posts\/196\/revisions"}],"predecessor-version":[{"id":1727,"href":"https:\/\/www.fotografo-profesional.net\/diario\/wp-json\/wp\/v2\/posts\/196\/revisions\/1727"}],"wp:featuredmedia":[{"embeddable":true,"href":"https:\/\/www.fotografo-profesional.net\/diario\/wp-json\/wp\/v2\/media\/202"}],"wp:attachment":[{"href":"https:\/\/www.fotografo-profesional.net\/diario\/wp-json\/wp\/v2\/media?parent=196"}],"wp:term":[{"taxonomy":"category","embeddable":true,"href":"https:\/\/www.fotografo-profesional.net\/diario\/wp-json\/wp\/v2\/categories?post=196"},{"taxonomy":"post_tag","embeddable":true,"href":"https:\/\/www.fotografo-profesional.net\/diario\/wp-json\/wp\/v2\/tags?post=196"}],"curies":[{"name":"wp","href":"https:\/\/api.w.org\/{rel}","templated":true}]}}