{"id":2041,"date":"2020-06-16T17:27:46","date_gmt":"2020-06-16T15:27:46","guid":{"rendered":"https:\/\/www.fotografo-profesional.net\/diario\/?p=2041"},"modified":"2020-06-16T17:35:45","modified_gmt":"2020-06-16T15:35:45","slug":"fotografia-corporativa-de-empresa-en-madrid","status":"publish","type":"post","link":"https:\/\/www.fotografo-profesional.net\/diario\/2020\/06\/16\/fotografia-corporativa-de-empresa-en-madrid\/","title":{"rendered":"Fotograf\u00eda corporativa de empresa en Madrid"},"content":{"rendered":"<p><img decoding=\"async\" class=\"alignnone size-full wp-image-2048\" src=\"https:\/\/www.fotografo-profesional.net\/diario\/wp-content\/uploads\/2020\/06\/Fot\u00f3grafo-profesional-en-Madrid-LMC-0101.jpg\" alt=\"Fotograf\u00eda corporativa de empresa\" width=\"600\" height=\"418\" srcset=\"https:\/\/www.fotografo-profesional.net\/diario\/wp-content\/uploads\/2020\/06\/Fot\u00f3grafo-profesional-en-Madrid-LMC-0101.jpg 600w, https:\/\/www.fotografo-profesional.net\/diario\/wp-content\/uploads\/2020\/06\/Fot\u00f3grafo-profesional-en-Madrid-LMC-0101-300x209.jpg 300w\" sizes=\"(max-width: 600px) 100vw, 600px\" \/><\/p>\n<p>Se denomina fotograf\u00eda corporativa de empresa a aquella en que \u00e9sta muestra su perfil y la imagen que tiene, y que quiere transmitir fielmente a sus potenciales clientes con el fin de que \u00e9stos conf\u00eden en ella. Suele hablarse generalmente de fotograf\u00eda corporativa de empresa, aunque el concepto tambi\u00e9n se utiliza para poner en valor el perfil de los profesionales aut\u00f3nomos y de las organizaciones.<br \/>\nLa finalidad de estas im\u00e1genes es generar ventas o contrataciones profesionales mediante im\u00e1genes de calidad tanto <a href=\"https:\/\/www.fotografo-profesional.net\/diario\/2018\/09\/26\/fotografia-para-publicidad-en-madrid\/\"><em><span style=\"color: #0000ff;\">del negocio<\/span><\/em><\/a>, de sus <a href=\"https:\/\/www.fotografo-profesional.net\/diario\/2019\/05\/30\/fotografias-de-imagen-corporativa\/\"><span style=\"color: #0000ff;\"><em>recursos humanos<\/em><\/span><\/a>, sus instalaciones, <span style=\"color: #0000ff;\"><a style=\"color: #0000ff;\" href=\"https:\/\/www.fotografo-profesional.net\/diario\/2018\/11\/11\/fotografia-eficaz-de-catalogo\/\"><em>sus productos<\/em><\/a><\/span>\u2026 Por lo que es fundamental contar con un fot\u00f3grafo profesional para que lleve a cabo este cometido. Aunque la aprobaci\u00f3n final siempre dependa de la empresa, el fot\u00f3grafo es la persona m\u00e1s adecuada para dar m\u00e1s r\u00e1pidamente con la estrategia visual y el acabado que se requiere en cada caso. Con el estilo y personalidad propia de las im\u00e1genes que incida en el de la marca personal de la empresa, lo que hace diferenciarla y que se destaque frente a las dem\u00e1s de ese sector.<br \/>\nHay diversos medios en los que se requiere fotograf\u00eda corporativa de empresa, organizaci\u00f3n o profesional:<br \/>\n&#8211; En la <a href=\"https:\/\/www.fotografo-profesional.net\"><span style=\"color: #0000ff;\"><em>p\u00e1gina web<\/em><\/span><\/a>. Pueden ser <a href=\"https:\/\/www.fotografo-profesional.net\/diario\/2019\/04\/05\/books-promocionales-de-estudio\/\"><span style=\"color: #0000ff;\"><em>tomadas en estudio<\/em><\/span><\/a>, en las oficinas de la empresa o durante alg\u00fan <a href=\"https:\/\/www.fotografo-profesional.net\/diario\/2019\/05\/26\/reportaje-de-congreso-en-madrid\/\"><span style=\"color: #0000ff;\"><em>congreso empresarial<\/em><\/span><\/a>.<br \/>\n&#8211; <a href=\"https:\/\/www.insonoro.com\/cronica\/4472\/los-rebeldes\"><em><span style=\"color: #0000ff;\">Para prensa<\/span><\/em><\/a> o publicaciones editoriales. Donde se da a conocer y potencia tanto la actividad como la imagen.<br \/>\n&#8211; Publicidad. Tanto en Internet como en espacios f\u00edsicos<\/p>\n<p>En todos ellos el fot\u00f3grafo profesional ha de trabajar para generar la confianza y credibilidad del negocio ante los potenciales clientes o inversores. Dejar claros la filosof\u00eda y valores de la empresa, organizaci\u00f3n o profesional.<\/p>\n<h4>Recomendaciones<\/h4>\n<p>Para encomendar a alguien la fotograf\u00eda corporativa de empresa se ha de buscar entre los fot\u00f3grafo profesionales con equipo, conocimientos y experiencia necesarios para llevarla a buen fin y lograr el objetivo que se propone cada uno. Y dentro de los fot\u00f3grafos con una tarifa que se ajuste al presupuesto del que se dispone.<\/p>\n<p>Al contratar un fot\u00f3grafo profesional se hace una inversi\u00f3n de cara al futuro, pues el gasto va a ir revirtiendo d\u00eda a d\u00eda en beneficios al mejorar la comunicaci\u00f3n con los clientes y conseguir la inversi\u00f3n de \u00e9stos en los productos o actividades de las corporaciones o profesionales.<\/p>\n","protected":false},"excerpt":{"rendered":"<p>Se denomina fotograf\u00eda corporativa de empresa a aquella en que \u00e9sta muestra su perfil y la imagen que tiene, y que quiere transmitir fielmente a sus potenciales clientes con el fin de que \u00e9stos conf\u00eden en ella. Suele hablarse generalmente de fotograf\u00eda corporativa de empresa, aunque el concepto tambi\u00e9n se utiliza para poner en valor [&hellip;]<\/p>\n","protected":false},"author":2,"featured_media":2048,"comment_status":"closed","ping_status":"open","sticky":false,"template":"","format":"standard","meta":[],"categories":[325,19,188,189,172,207,116],"tags":[489,124,490,238,99,348,284,338,307,145],"yoast_head":"<!-- This site is optimized with the Yoast SEO plugin v20.8 - https:\/\/yoast.com\/wordpress\/plugins\/seo\/ -->\n<title>Fotograf\u00eda corporativa de empresa en Madrid - Luis Miguel del Campo<\/title>\n<meta name=\"description\" content=\"La fotograf\u00eda corporativa se ha de tener en cuenta en la estrategia que toda empresa, organizaci\u00f3n o profesional lleve a cabo para generar negocio.\" \/>\n<meta name=\"robots\" content=\"index, follow, max-snippet:-1, max-image-preview:large, max-video-preview:-1\" \/>\n<link rel=\"canonical\" href=\"https:\/\/www.fotografo-profesional.net\/diario\/2020\/06\/16\/fotografia-corporativa-de-empresa-en-madrid\/\" \/>\n<meta property=\"og:locale\" content=\"es_ES\" \/>\n<meta property=\"og:type\" content=\"article\" \/>\n<meta property=\"og:title\" content=\"Fotograf\u00eda corporativa de empresa en Madrid - Luis Miguel del Campo\" \/>\n<meta property=\"og:description\" content=\"La fotograf\u00eda corporativa se ha de tener en cuenta en la estrategia que toda empresa, organizaci\u00f3n o profesional lleve a cabo para generar negocio.\" \/>\n<meta property=\"og:url\" content=\"https:\/\/www.fotografo-profesional.net\/diario\/2020\/06\/16\/fotografia-corporativa-de-empresa-en-madrid\/\" \/>\n<meta property=\"og:site_name\" content=\"Luis Miguel del Campo\" \/>\n<meta property=\"article:published_time\" content=\"2020-06-16T15:27:46+00:00\" \/>\n<meta property=\"article:modified_time\" content=\"2020-06-16T15:35:45+00:00\" \/>\n<meta property=\"og:image\" content=\"https:\/\/www.fotografo-profesional.net\/diario\/wp-content\/uploads\/2020\/06\/Fot\u00f3grafo-profesional-en-Madrid-LMC-0101.jpg\" \/>\n\t<meta property=\"og:image:width\" content=\"600\" \/>\n\t<meta property=\"og:image:height\" content=\"418\" \/>\n\t<meta property=\"og:image:type\" content=\"image\/jpeg\" \/>\n<meta name=\"author\" content=\"Luis Miguel del Campo\" \/>\n<meta name=\"twitter:card\" content=\"summary_large_image\" \/>\n<meta name=\"twitter:label1\" content=\"Escrito por\" \/>\n\t<meta name=\"twitter:data1\" content=\"Luis Miguel del Campo\" \/>\n\t<meta name=\"twitter:label2\" content=\"Tiempo de lectura\" \/>\n\t<meta name=\"twitter:data2\" content=\"2 minutos\" \/>\n<script type=\"application\/ld+json\" class=\"yoast-schema-graph\">{\"@context\":\"https:\/\/schema.org\",\"@graph\":[{\"@type\":\"WebPage\",\"@id\":\"https:\/\/www.fotografo-profesional.net\/diario\/2020\/06\/16\/fotografia-corporativa-de-empresa-en-madrid\/\",\"url\":\"https:\/\/www.fotografo-profesional.net\/diario\/2020\/06\/16\/fotografia-corporativa-de-empresa-en-madrid\/\",\"name\":\"Fotograf\u00eda corporativa de empresa en Madrid - Luis Miguel del Campo\",\"isPartOf\":{\"@id\":\"https:\/\/www.fotografo-profesional.net\/diario\/#website\"},\"datePublished\":\"2020-06-16T15:27:46+00:00\",\"dateModified\":\"2020-06-16T15:35:45+00:00\",\"author\":{\"@id\":\"https:\/\/www.fotografo-profesional.net\/diario\/#\/schema\/person\/220504871d765b4c30a0af1d2fe93533\"},\"description\":\"La fotograf\u00eda corporativa se ha de tener en cuenta en la estrategia que toda empresa, organizaci\u00f3n o profesional lleve a cabo para generar negocio.\",\"breadcrumb\":{\"@id\":\"https:\/\/www.fotografo-profesional.net\/diario\/2020\/06\/16\/fotografia-corporativa-de-empresa-en-madrid\/#breadcrumb\"},\"inLanguage\":\"es\",\"potentialAction\":[{\"@type\":\"ReadAction\",\"target\":[\"https:\/\/www.fotografo-profesional.net\/diario\/2020\/06\/16\/fotografia-corporativa-de-empresa-en-madrid\/\"]}]},{\"@type\":\"BreadcrumbList\",\"@id\":\"https:\/\/www.fotografo-profesional.net\/diario\/2020\/06\/16\/fotografia-corporativa-de-empresa-en-madrid\/#breadcrumb\",\"itemListElement\":[{\"@type\":\"ListItem\",\"position\":1,\"name\":\"Inicio\",\"item\":\"https:\/\/www.fotografo-profesional.net\/diario\/\"},{\"@type\":\"ListItem\",\"position\":2,\"name\":\"Fotograf\u00eda corporativa de empresa en Madrid\"}]},{\"@type\":\"WebSite\",\"@id\":\"https:\/\/www.fotografo-profesional.net\/diario\/#website\",\"url\":\"https:\/\/www.fotografo-profesional.net\/diario\/\",\"name\":\"Luis Miguel del Campo\",\"description\":\"Blog de un fot\u00f3grafo profesional\",\"potentialAction\":[{\"@type\":\"SearchAction\",\"target\":{\"@type\":\"EntryPoint\",\"urlTemplate\":\"https:\/\/www.fotografo-profesional.net\/diario\/?s={search_term_string}\"},\"query-input\":\"required name=search_term_string\"}],\"inLanguage\":\"es\"},{\"@type\":\"Person\",\"@id\":\"https:\/\/www.fotografo-profesional.net\/diario\/#\/schema\/person\/220504871d765b4c30a0af1d2fe93533\",\"name\":\"Luis Miguel del Campo\",\"image\":{\"@type\":\"ImageObject\",\"inLanguage\":\"es\",\"@id\":\"https:\/\/www.fotografo-profesional.net\/diario\/#\/schema\/person\/image\/\",\"url\":\"https:\/\/secure.gravatar.com\/avatar\/84bb1120095136de86f122a882a42d61?s=96&d=mm&r=g\",\"contentUrl\":\"https:\/\/secure.gravatar.com\/avatar\/84bb1120095136de86f122a882a42d61?s=96&d=mm&r=g\",\"caption\":\"Luis Miguel del Campo\"},\"url\":\"https:\/\/www.fotografo-profesional.net\/diario\/author\/admin_lmdc\/\"}]}<\/script>\n<!-- \/ Yoast SEO plugin. -->","yoast_head_json":{"title":"Fotograf\u00eda corporativa de empresa en Madrid - Luis Miguel del Campo","description":"La fotograf\u00eda corporativa se ha de tener en cuenta en la estrategia que toda empresa, organizaci\u00f3n o profesional lleve a cabo para generar negocio.","robots":{"index":"index","follow":"follow","max-snippet":"max-snippet:-1","max-image-preview":"max-image-preview:large","max-video-preview":"max-video-preview:-1"},"canonical":"https:\/\/www.fotografo-profesional.net\/diario\/2020\/06\/16\/fotografia-corporativa-de-empresa-en-madrid\/","og_locale":"es_ES","og_type":"article","og_title":"Fotograf\u00eda corporativa de empresa en Madrid - Luis Miguel del Campo","og_description":"La fotograf\u00eda corporativa se ha de tener en cuenta en la estrategia que toda empresa, organizaci\u00f3n o profesional lleve a cabo para generar negocio.","og_url":"https:\/\/www.fotografo-profesional.net\/diario\/2020\/06\/16\/fotografia-corporativa-de-empresa-en-madrid\/","og_site_name":"Luis Miguel del Campo","article_published_time":"2020-06-16T15:27:46+00:00","article_modified_time":"2020-06-16T15:35:45+00:00","og_image":[{"width":600,"height":418,"url":"https:\/\/www.fotografo-profesional.net\/diario\/wp-content\/uploads\/2020\/06\/Fot\u00f3grafo-profesional-en-Madrid-LMC-0101.jpg","type":"image\/jpeg"}],"author":"Luis Miguel del Campo","twitter_card":"summary_large_image","twitter_misc":{"Escrito por":"Luis Miguel del Campo","Tiempo de lectura":"2 minutos"},"schema":{"@context":"https:\/\/schema.org","@graph":[{"@type":"WebPage","@id":"https:\/\/www.fotografo-profesional.net\/diario\/2020\/06\/16\/fotografia-corporativa-de-empresa-en-madrid\/","url":"https:\/\/www.fotografo-profesional.net\/diario\/2020\/06\/16\/fotografia-corporativa-de-empresa-en-madrid\/","name":"Fotograf\u00eda corporativa de empresa en Madrid - Luis Miguel del Campo","isPartOf":{"@id":"https:\/\/www.fotografo-profesional.net\/diario\/#website"},"datePublished":"2020-06-16T15:27:46+00:00","dateModified":"2020-06-16T15:35:45+00:00","author":{"@id":"https:\/\/www.fotografo-profesional.net\/diario\/#\/schema\/person\/220504871d765b4c30a0af1d2fe93533"},"description":"La fotograf\u00eda corporativa se ha de tener en cuenta en la estrategia que toda empresa, organizaci\u00f3n o profesional lleve a cabo para generar negocio.","breadcrumb":{"@id":"https:\/\/www.fotografo-profesional.net\/diario\/2020\/06\/16\/fotografia-corporativa-de-empresa-en-madrid\/#breadcrumb"},"inLanguage":"es","potentialAction":[{"@type":"ReadAction","target":["https:\/\/www.fotografo-profesional.net\/diario\/2020\/06\/16\/fotografia-corporativa-de-empresa-en-madrid\/"]}]},{"@type":"BreadcrumbList","@id":"https:\/\/www.fotografo-profesional.net\/diario\/2020\/06\/16\/fotografia-corporativa-de-empresa-en-madrid\/#breadcrumb","itemListElement":[{"@type":"ListItem","position":1,"name":"Inicio","item":"https:\/\/www.fotografo-profesional.net\/diario\/"},{"@type":"ListItem","position":2,"name":"Fotograf\u00eda corporativa de empresa en Madrid"}]},{"@type":"WebSite","@id":"https:\/\/www.fotografo-profesional.net\/diario\/#website","url":"https:\/\/www.fotografo-profesional.net\/diario\/","name":"Luis Miguel del Campo","description":"Blog de un fot\u00f3grafo profesional","potentialAction":[{"@type":"SearchAction","target":{"@type":"EntryPoint","urlTemplate":"https:\/\/www.fotografo-profesional.net\/diario\/?s={search_term_string}"},"query-input":"required name=search_term_string"}],"inLanguage":"es"},{"@type":"Person","@id":"https:\/\/www.fotografo-profesional.net\/diario\/#\/schema\/person\/220504871d765b4c30a0af1d2fe93533","name":"Luis Miguel del Campo","image":{"@type":"ImageObject","inLanguage":"es","@id":"https:\/\/www.fotografo-profesional.net\/diario\/#\/schema\/person\/image\/","url":"https:\/\/secure.gravatar.com\/avatar\/84bb1120095136de86f122a882a42d61?s=96&d=mm&r=g","contentUrl":"https:\/\/secure.gravatar.com\/avatar\/84bb1120095136de86f122a882a42d61?s=96&d=mm&r=g","caption":"Luis Miguel del Campo"},"url":"https:\/\/www.fotografo-profesional.net\/diario\/author\/admin_lmdc\/"}]}},"_links":{"self":[{"href":"https:\/\/www.fotografo-profesional.net\/diario\/wp-json\/wp\/v2\/posts\/2041"}],"collection":[{"href":"https:\/\/www.fotografo-profesional.net\/diario\/wp-json\/wp\/v2\/posts"}],"about":[{"href":"https:\/\/www.fotografo-profesional.net\/diario\/wp-json\/wp\/v2\/types\/post"}],"author":[{"embeddable":true,"href":"https:\/\/www.fotografo-profesional.net\/diario\/wp-json\/wp\/v2\/users\/2"}],"replies":[{"embeddable":true,"href":"https:\/\/www.fotografo-profesional.net\/diario\/wp-json\/wp\/v2\/comments?post=2041"}],"version-history":[{"count":3,"href":"https:\/\/www.fotografo-profesional.net\/diario\/wp-json\/wp\/v2\/posts\/2041\/revisions"}],"predecessor-version":[{"id":2051,"href":"https:\/\/www.fotografo-profesional.net\/diario\/wp-json\/wp\/v2\/posts\/2041\/revisions\/2051"}],"wp:featuredmedia":[{"embeddable":true,"href":"https:\/\/www.fotografo-profesional.net\/diario\/wp-json\/wp\/v2\/media\/2048"}],"wp:attachment":[{"href":"https:\/\/www.fotografo-profesional.net\/diario\/wp-json\/wp\/v2\/media?parent=2041"}],"wp:term":[{"taxonomy":"category","embeddable":true,"href":"https:\/\/www.fotografo-profesional.net\/diario\/wp-json\/wp\/v2\/categories?post=2041"},{"taxonomy":"post_tag","embeddable":true,"href":"https:\/\/www.fotografo-profesional.net\/diario\/wp-json\/wp\/v2\/tags?post=2041"}],"curies":[{"name":"wp","href":"https:\/\/api.w.org\/{rel}","templated":true}]}}