{"id":2098,"date":"2020-07-14T10:16:11","date_gmt":"2020-07-14T08:16:11","guid":{"rendered":"https:\/\/www.fotografo-profesional.net\/diario\/?p=2098"},"modified":"2020-07-16T08:17:35","modified_gmt":"2020-07-16T06:17:35","slug":"photoespana-edicion-2020-en-madrid","status":"publish","type":"post","link":"https:\/\/www.fotografo-profesional.net\/diario\/2020\/07\/14\/photoespana-edicion-2020-en-madrid\/","title":{"rendered":"PHotoESPA\u00d1A edici\u00f3n 2020 en Madrid"},"content":{"rendered":"<p><img decoding=\"async\" class=\"alignnone size-full wp-image-2109\" src=\"https:\/\/www.fotografo-profesional.net\/diario\/wp-content\/uploads\/2020\/07\/Fot\u00f3grafo-profesional-en-Madrid-LMC-0109.jpg\" alt=\"Exposici\u00f3n callejera de Photoespa\u00f1a 2020\" width=\"600\" height=\"400\" srcset=\"https:\/\/www.fotografo-profesional.net\/diario\/wp-content\/uploads\/2020\/07\/Fot\u00f3grafo-profesional-en-Madrid-LMC-0109.jpg 600w, https:\/\/www.fotografo-profesional.net\/diario\/wp-content\/uploads\/2020\/07\/Fot\u00f3grafo-profesional-en-Madrid-LMC-0109-300x200.jpg 300w\" sizes=\"(max-width: 600px) 100vw, 600px\" \/><\/p>\n<p><strong>PHotoESPA\u00d1A<\/strong>, el m\u00e1s importante festival de fotograf\u00eda internacional de Espa\u00f1a, en su <strong>edici\u00f3n 2020,<\/strong> lleva ya varios d\u00edas en marcha. Vamos a dar un repaso a lo que tanto cualquier aficionado, coleccionista, entendido o fot\u00f3grafo profesional puede encontrar en esta edici\u00f3n.<\/p>\n<p><strong>Secciones<\/strong>:<\/p>\n<p>&#8211; <strong>Secci\u00f3n oficial.<\/strong> Hay muchas e interesantes exposiciones de fot\u00f3grafos consagrados (Chema Madoz) o emergentes (Colectiva. Futures), vivos (Juan Balbuena) o <a href=\"https:\/\/www.fotografo-profesional.net\/diario\/2019\/02\/07\/el-arte-de-man-ray-en-madrid\/\"><span style=\"color: #0000ff;\"><em>fallecidos<\/em><\/span><\/a> (Alberto Schommer),<a href=\"https:\/\/www.fotografo-profesional.net\/diario\/2018\/05\/30\/isabel-munoz-la-antropologia-de-los-sentimientos\/\"><span style=\"color: #0000ff;\"><em> espa\u00f1oles<\/em><\/span><\/a> (Ram\u00f3n Masats) o internacionales (Colectiva. Fotograf\u00eda japonesa en torno a Provoke), olvidados (Koldo Chamorro) o desconocidos (Colectiva. Entre el arte y la moda), \u201clocalistas\u201d (Miguel Trillo. La primera movida) o<a href=\"https:\/\/www.fotografo-profesional.net\/diario\/2020\/02\/04\/exposicion-de-steve-mccurry-en-madrid\/\"><span style=\"color: #0000ff;\"><em> viajeros<\/em><\/span><\/a> (Jordi Esteva), documentalistas (Danny Lyon o Lee Friedlander) o <a href=\"https:\/\/www.fotografo-profesional.net\/diario\/2019\/11\/22\/exposicion-de-francesca-woodman\/\"><span style=\"color: #0000ff;\"><em>experimentales<\/em><\/span><\/a> (Javier Riera), <a href=\"https:\/\/www.fotografo-profesional.net\/diario\/2019\/06\/15\/exposicion-de-william-klein\/\"><span style=\"color: #0000ff;\"><em>cl\u00e1sicos<\/em><\/span><\/a> (Colectiva. Magnum. El cuerpo observado) o <span style=\"color: #000000;\">modernos<\/span> (Alicia Mart\u00edn)\u2026<\/p>\n<p>&#8211; <strong>Tiempo detenido<\/strong>. Memoria fotogr\u00e1fica del confinamiento. Cuarenta y dos relatos de otros tantos fot\u00f3grafos espa\u00f1oles. Diferentes miradas y voces narrativas que se agrupan en cuatro categor\u00edas: Ausencia, Urgencia, Espera y Enso\u00f1aci\u00f3n. Hasta el 25 de septiembre puedes elegir tu favorito. En septiembre de 2020 se publicar\u00e1 un libro con las im\u00e1genes de todos los fot\u00f3grafos, que contar\u00e1 con reflexiones a cargo de Mireia A. Puigvent\u00f3s, Carlos del Amor o Elvira Lindo, entre otros.<\/p>\n<p>&#8211; <strong>Festival OFF 2020<\/strong>. Exposiciones online de 107 galer\u00edas. Cada una de estas galer\u00edas presenta exclusivamente la obra de un fot\u00f3grafo o fot\u00f3grafa. Tambi\u00e9n se ofrece la posibilidad de participar en la elecci\u00f3n de la mejor de estas muestras mediante votaci\u00f3n.<\/p>\n<p>&#8211; <strong>Sedes invitadas<\/strong>. Hay tres galer\u00edas madrile\u00f1as en las que se puede disfrutar de exposiciones muy interesantes. De la muestra de la obra de Elliot Erwitt en la <a href=\"https:\/\/www.fotografo-profesional.net\/diario\/2020\/06\/30\/la-fotografa-adriana-zehbrauskas-en-madrid\/\"><span style=\"color: #0000ff;\"><em>galer\u00eda Leica<\/em><\/span><\/a>, a la de Emilio Rojas en el Instituto de M\u00e9xico, pasando por la de Juanjo Albarr\u00e1n que se puede ver en la sede de la Real Sociedad Fotogr\u00e1fica.<\/p>\n<p>&#8211; <strong>Otras ciudades<\/strong>. Alcal\u00e1 de Henares, Alcobendas, Almer\u00eda, Barcelona, Cuenca y Zaragoza tambi\u00e9n acogen exposiciones de PHotoESPA\u00d1A 2020, ampliando las localidades de un festival que en sus inicios se localiz\u00f3 \u00fanicamente en la capital.<\/p>\n<h4>Otra cuesti\u00f3n significativa<\/h4>\n<p>Se dice, se cuenta, se rumorea que los autores de las im\u00e1genes que se pueden ver en las exposiciones al aire libre #PHEdesdemibalc\u00f3n, al no ser ninguno fot\u00f3grafo profesional o reconocido, no han percibido ninguna remuneraci\u00f3n por sus obras. Si esto es cierto, demostrar\u00eda uno de los males actuales del trabajo de fot\u00f3grafo y de la fotograf\u00eda. Tambi\u00e9n en PHotoESPA\u00d1A edici\u00f3n 2020. \u00bfTienen esas im\u00e1genes valor art\u00edstico, documental o sociol\u00f3gico para ser expuestas por el m\u00e1s importante festival fotogr\u00e1fico de Espa\u00f1a, pero no el suficiente para que se remunere a los autores de la fotograf\u00edas? \u00bfO es que exponerlas es un favor que les hace el festival para promocionarlos? \u00bfO es que simplemente con eso los autores ya se sienten recompensados?<\/p>\n","protected":false},"excerpt":{"rendered":"<p>PHotoESPA\u00d1A, el m\u00e1s importante festival de fotograf\u00eda internacional de Espa\u00f1a, en su edici\u00f3n 2020, lleva ya varios d\u00edas en marcha. Vamos a dar un repaso a lo que tanto cualquier aficionado, coleccionista, entendido o fot\u00f3grafo profesional puede encontrar en esta edici\u00f3n. Secciones: &#8211; Secci\u00f3n oficial. Hay muchas e interesantes exposiciones de fot\u00f3grafos consagrados (Chema Madoz) [&hellip;]<\/p>\n","protected":false},"author":2,"featured_media":2109,"comment_status":"closed","ping_status":"open","sticky":false,"template":"","format":"standard","meta":[],"categories":[431,35,395,330,188,172],"tags":[534,531,533,532,529,348,530,338,307,527,528],"yoast_head":"<!-- This site is optimized with the Yoast SEO plugin v20.8 - https:\/\/yoast.com\/wordpress\/plugins\/seo\/ -->\n<title>PHotoESPA\u00d1A edici\u00f3n 2020 en Madrid - Luis Miguel del Campo<\/title>\n<meta name=\"description\" content=\"Ya ha comenzado Photoespa\u00f1a edici\u00f3n 2020, el festival internacional de fotograf\u00eda m\u00e1s im\u00f2rtante del Estado con intereantes exposiciones y actividades\" \/>\n<meta name=\"robots\" content=\"index, follow, max-snippet:-1, max-image-preview:large, max-video-preview:-1\" \/>\n<link rel=\"canonical\" href=\"https:\/\/www.fotografo-profesional.net\/diario\/2020\/07\/14\/photoespana-edicion-2020-en-madrid\/\" \/>\n<meta property=\"og:locale\" content=\"es_ES\" \/>\n<meta property=\"og:type\" content=\"article\" \/>\n<meta property=\"og:title\" content=\"PHotoESPA\u00d1A edici\u00f3n 2020 en Madrid - Luis Miguel del Campo\" \/>\n<meta property=\"og:description\" content=\"Ya ha comenzado Photoespa\u00f1a edici\u00f3n 2020, el festival internacional de fotograf\u00eda m\u00e1s im\u00f2rtante del Estado con intereantes exposiciones y actividades\" \/>\n<meta property=\"og:url\" content=\"https:\/\/www.fotografo-profesional.net\/diario\/2020\/07\/14\/photoespana-edicion-2020-en-madrid\/\" \/>\n<meta property=\"og:site_name\" content=\"Luis Miguel del Campo\" \/>\n<meta property=\"article:published_time\" content=\"2020-07-14T08:16:11+00:00\" \/>\n<meta property=\"article:modified_time\" content=\"2020-07-16T06:17:35+00:00\" \/>\n<meta property=\"og:image\" content=\"https:\/\/www.fotografo-profesional.net\/diario\/wp-content\/uploads\/2020\/07\/Fot\u00f3grafo-profesional-en-Madrid-LMC-0109.jpg\" \/>\n\t<meta property=\"og:image:width\" content=\"600\" \/>\n\t<meta property=\"og:image:height\" content=\"400\" \/>\n\t<meta property=\"og:image:type\" content=\"image\/jpeg\" \/>\n<meta name=\"author\" content=\"Luis Miguel del Campo\" \/>\n<meta name=\"twitter:card\" content=\"summary_large_image\" \/>\n<meta name=\"twitter:label1\" content=\"Escrito por\" \/>\n\t<meta name=\"twitter:data1\" content=\"Luis Miguel del Campo\" \/>\n\t<meta name=\"twitter:label2\" content=\"Tiempo de lectura\" \/>\n\t<meta name=\"twitter:data2\" content=\"3 minutos\" \/>\n<script type=\"application\/ld+json\" class=\"yoast-schema-graph\">{\"@context\":\"https:\/\/schema.org\",\"@graph\":[{\"@type\":\"WebPage\",\"@id\":\"https:\/\/www.fotografo-profesional.net\/diario\/2020\/07\/14\/photoespana-edicion-2020-en-madrid\/\",\"url\":\"https:\/\/www.fotografo-profesional.net\/diario\/2020\/07\/14\/photoespana-edicion-2020-en-madrid\/\",\"name\":\"PHotoESPA\u00d1A edici\u00f3n 2020 en Madrid - Luis Miguel del Campo\",\"isPartOf\":{\"@id\":\"https:\/\/www.fotografo-profesional.net\/diario\/#website\"},\"datePublished\":\"2020-07-14T08:16:11+00:00\",\"dateModified\":\"2020-07-16T06:17:35+00:00\",\"author\":{\"@id\":\"https:\/\/www.fotografo-profesional.net\/diario\/#\/schema\/person\/220504871d765b4c30a0af1d2fe93533\"},\"description\":\"Ya ha comenzado Photoespa\u00f1a edici\u00f3n 2020, el festival internacional de fotograf\u00eda m\u00e1s im\u00f2rtante del Estado con intereantes exposiciones y actividades\",\"breadcrumb\":{\"@id\":\"https:\/\/www.fotografo-profesional.net\/diario\/2020\/07\/14\/photoespana-edicion-2020-en-madrid\/#breadcrumb\"},\"inLanguage\":\"es\",\"potentialAction\":[{\"@type\":\"ReadAction\",\"target\":[\"https:\/\/www.fotografo-profesional.net\/diario\/2020\/07\/14\/photoespana-edicion-2020-en-madrid\/\"]}]},{\"@type\":\"BreadcrumbList\",\"@id\":\"https:\/\/www.fotografo-profesional.net\/diario\/2020\/07\/14\/photoespana-edicion-2020-en-madrid\/#breadcrumb\",\"itemListElement\":[{\"@type\":\"ListItem\",\"position\":1,\"name\":\"Inicio\",\"item\":\"https:\/\/www.fotografo-profesional.net\/diario\/\"},{\"@type\":\"ListItem\",\"position\":2,\"name\":\"PHotoESPA\u00d1A edici\u00f3n 2020 en Madrid\"}]},{\"@type\":\"WebSite\",\"@id\":\"https:\/\/www.fotografo-profesional.net\/diario\/#website\",\"url\":\"https:\/\/www.fotografo-profesional.net\/diario\/\",\"name\":\"Luis Miguel del Campo\",\"description\":\"Blog de un fot\u00f3grafo profesional\",\"potentialAction\":[{\"@type\":\"SearchAction\",\"target\":{\"@type\":\"EntryPoint\",\"urlTemplate\":\"https:\/\/www.fotografo-profesional.net\/diario\/?s={search_term_string}\"},\"query-input\":\"required name=search_term_string\"}],\"inLanguage\":\"es\"},{\"@type\":\"Person\",\"@id\":\"https:\/\/www.fotografo-profesional.net\/diario\/#\/schema\/person\/220504871d765b4c30a0af1d2fe93533\",\"name\":\"Luis Miguel del Campo\",\"image\":{\"@type\":\"ImageObject\",\"inLanguage\":\"es\",\"@id\":\"https:\/\/www.fotografo-profesional.net\/diario\/#\/schema\/person\/image\/\",\"url\":\"https:\/\/secure.gravatar.com\/avatar\/84bb1120095136de86f122a882a42d61?s=96&d=mm&r=g\",\"contentUrl\":\"https:\/\/secure.gravatar.com\/avatar\/84bb1120095136de86f122a882a42d61?s=96&d=mm&r=g\",\"caption\":\"Luis Miguel del Campo\"},\"url\":\"https:\/\/www.fotografo-profesional.net\/diario\/author\/admin_lmdc\/\"}]}<\/script>\n<!-- \/ Yoast SEO plugin. -->","yoast_head_json":{"title":"PHotoESPA\u00d1A edici\u00f3n 2020 en Madrid - Luis Miguel del Campo","description":"Ya ha comenzado Photoespa\u00f1a edici\u00f3n 2020, el festival internacional de fotograf\u00eda m\u00e1s im\u00f2rtante del Estado con intereantes exposiciones y actividades","robots":{"index":"index","follow":"follow","max-snippet":"max-snippet:-1","max-image-preview":"max-image-preview:large","max-video-preview":"max-video-preview:-1"},"canonical":"https:\/\/www.fotografo-profesional.net\/diario\/2020\/07\/14\/photoespana-edicion-2020-en-madrid\/","og_locale":"es_ES","og_type":"article","og_title":"PHotoESPA\u00d1A edici\u00f3n 2020 en Madrid - Luis Miguel del Campo","og_description":"Ya ha comenzado Photoespa\u00f1a edici\u00f3n 2020, el festival internacional de fotograf\u00eda m\u00e1s im\u00f2rtante del Estado con intereantes exposiciones y actividades","og_url":"https:\/\/www.fotografo-profesional.net\/diario\/2020\/07\/14\/photoespana-edicion-2020-en-madrid\/","og_site_name":"Luis Miguel del Campo","article_published_time":"2020-07-14T08:16:11+00:00","article_modified_time":"2020-07-16T06:17:35+00:00","og_image":[{"width":600,"height":400,"url":"https:\/\/www.fotografo-profesional.net\/diario\/wp-content\/uploads\/2020\/07\/Fot\u00f3grafo-profesional-en-Madrid-LMC-0109.jpg","type":"image\/jpeg"}],"author":"Luis Miguel del Campo","twitter_card":"summary_large_image","twitter_misc":{"Escrito por":"Luis Miguel del Campo","Tiempo de lectura":"3 minutos"},"schema":{"@context":"https:\/\/schema.org","@graph":[{"@type":"WebPage","@id":"https:\/\/www.fotografo-profesional.net\/diario\/2020\/07\/14\/photoespana-edicion-2020-en-madrid\/","url":"https:\/\/www.fotografo-profesional.net\/diario\/2020\/07\/14\/photoespana-edicion-2020-en-madrid\/","name":"PHotoESPA\u00d1A edici\u00f3n 2020 en Madrid - Luis Miguel del Campo","isPartOf":{"@id":"https:\/\/www.fotografo-profesional.net\/diario\/#website"},"datePublished":"2020-07-14T08:16:11+00:00","dateModified":"2020-07-16T06:17:35+00:00","author":{"@id":"https:\/\/www.fotografo-profesional.net\/diario\/#\/schema\/person\/220504871d765b4c30a0af1d2fe93533"},"description":"Ya ha comenzado Photoespa\u00f1a edici\u00f3n 2020, el festival internacional de fotograf\u00eda m\u00e1s im\u00f2rtante del Estado con intereantes exposiciones y actividades","breadcrumb":{"@id":"https:\/\/www.fotografo-profesional.net\/diario\/2020\/07\/14\/photoespana-edicion-2020-en-madrid\/#breadcrumb"},"inLanguage":"es","potentialAction":[{"@type":"ReadAction","target":["https:\/\/www.fotografo-profesional.net\/diario\/2020\/07\/14\/photoespana-edicion-2020-en-madrid\/"]}]},{"@type":"BreadcrumbList","@id":"https:\/\/www.fotografo-profesional.net\/diario\/2020\/07\/14\/photoespana-edicion-2020-en-madrid\/#breadcrumb","itemListElement":[{"@type":"ListItem","position":1,"name":"Inicio","item":"https:\/\/www.fotografo-profesional.net\/diario\/"},{"@type":"ListItem","position":2,"name":"PHotoESPA\u00d1A edici\u00f3n 2020 en Madrid"}]},{"@type":"WebSite","@id":"https:\/\/www.fotografo-profesional.net\/diario\/#website","url":"https:\/\/www.fotografo-profesional.net\/diario\/","name":"Luis Miguel del Campo","description":"Blog de un fot\u00f3grafo profesional","potentialAction":[{"@type":"SearchAction","target":{"@type":"EntryPoint","urlTemplate":"https:\/\/www.fotografo-profesional.net\/diario\/?s={search_term_string}"},"query-input":"required name=search_term_string"}],"inLanguage":"es"},{"@type":"Person","@id":"https:\/\/www.fotografo-profesional.net\/diario\/#\/schema\/person\/220504871d765b4c30a0af1d2fe93533","name":"Luis Miguel del Campo","image":{"@type":"ImageObject","inLanguage":"es","@id":"https:\/\/www.fotografo-profesional.net\/diario\/#\/schema\/person\/image\/","url":"https:\/\/secure.gravatar.com\/avatar\/84bb1120095136de86f122a882a42d61?s=96&d=mm&r=g","contentUrl":"https:\/\/secure.gravatar.com\/avatar\/84bb1120095136de86f122a882a42d61?s=96&d=mm&r=g","caption":"Luis Miguel del Campo"},"url":"https:\/\/www.fotografo-profesional.net\/diario\/author\/admin_lmdc\/"}]}},"_links":{"self":[{"href":"https:\/\/www.fotografo-profesional.net\/diario\/wp-json\/wp\/v2\/posts\/2098"}],"collection":[{"href":"https:\/\/www.fotografo-profesional.net\/diario\/wp-json\/wp\/v2\/posts"}],"about":[{"href":"https:\/\/www.fotografo-profesional.net\/diario\/wp-json\/wp\/v2\/types\/post"}],"author":[{"embeddable":true,"href":"https:\/\/www.fotografo-profesional.net\/diario\/wp-json\/wp\/v2\/users\/2"}],"replies":[{"embeddable":true,"href":"https:\/\/www.fotografo-profesional.net\/diario\/wp-json\/wp\/v2\/comments?post=2098"}],"version-history":[{"count":4,"href":"https:\/\/www.fotografo-profesional.net\/diario\/wp-json\/wp\/v2\/posts\/2098\/revisions"}],"predecessor-version":[{"id":2112,"href":"https:\/\/www.fotografo-profesional.net\/diario\/wp-json\/wp\/v2\/posts\/2098\/revisions\/2112"}],"wp:featuredmedia":[{"embeddable":true,"href":"https:\/\/www.fotografo-profesional.net\/diario\/wp-json\/wp\/v2\/media\/2109"}],"wp:attachment":[{"href":"https:\/\/www.fotografo-profesional.net\/diario\/wp-json\/wp\/v2\/media?parent=2098"}],"wp:term":[{"taxonomy":"category","embeddable":true,"href":"https:\/\/www.fotografo-profesional.net\/diario\/wp-json\/wp\/v2\/categories?post=2098"},{"taxonomy":"post_tag","embeddable":true,"href":"https:\/\/www.fotografo-profesional.net\/diario\/wp-json\/wp\/v2\/tags?post=2098"}],"curies":[{"name":"wp","href":"https:\/\/api.w.org\/{rel}","templated":true}]}}