{"id":2106,"date":"2020-07-17T22:21:01","date_gmt":"2020-07-17T20:21:01","guid":{"rendered":"https:\/\/www.fotografo-profesional.net\/diario\/?p=2106"},"modified":"2022-11-01T20:34:32","modified_gmt":"2022-11-01T19:34:32","slug":"tarifas-de-fotografo-de-bodas-barato-en-madrid","status":"publish","type":"post","link":"https:\/\/www.fotografo-profesional.net\/diario\/2020\/07\/17\/tarifas-de-fotografo-de-bodas-barato-en-madrid\/","title":{"rendered":"Tarifas de fot\u00f3grafo de bodas barato en Madrid"},"content":{"rendered":"<p>&nbsp;<\/p>\n<p><img decoding=\"async\" class=\"size-full wp-image-2886 aligncenter\" src=\"https:\/\/www.fotografo-profesional.net\/diario\/wp-content\/uploads\/2020\/07\/Fotografo-profesional-en-Madrid-LMC-0221.jpg\" alt=\"Tarifas de fot\u00f3grafo de bodas barato en Madrid\" width=\"600\" height=\"400\" srcset=\"https:\/\/www.fotografo-profesional.net\/diario\/wp-content\/uploads\/2020\/07\/Fotografo-profesional-en-Madrid-LMC-0221.jpg 600w, https:\/\/www.fotografo-profesional.net\/diario\/wp-content\/uploads\/2020\/07\/Fotografo-profesional-en-Madrid-LMC-0221-300x200.jpg 300w\" sizes=\"(max-width: 600px) 100vw, 600px\" \/><\/p>\n<p>En este art\u00edculo voy a tratar sobre mis tarifas de <strong>fot\u00f3grafo de bodas barato en Madrid<\/strong>. Es decir: de las tarifas que voy a aplicar en la temporada de <strong>reportajes de boda<\/strong> que empezar\u00e1 en 2023.<\/p>\n<p>Son bastante similares a las de los dem\u00e1s fot\u00f3grafos profesionales que hacen <a href=\"\/diario\/2019\/12\/13\/fotografo-de-bodas-a-buen-precio\/\"><span style=\"color: #0000ff;\"><em>fotograf\u00eda de boda econ\u00f3mica<\/em><\/span><\/a>; euro arriba, euro abajo. La diferencia entre unos y otros siempre la marca la voz propia. Y la calidad.<\/p>\n<p>El precio es el mismo ya sea <a href=\"\/diario\/2019\/11\/26\/reportaje-de-boda-en-ayuntamiento\/\"><span style=\"color: #0000ff;\"><em>una boda civil<\/em><\/span><\/a> o una <a href=\"\/diario\/2018\/08\/09\/reportaje-de-boda-religiosa\/\"><span style=\"color: #0000ff;\"><em>ceremonia religiosa<\/em><\/span><\/a>. Lo que est\u00e1is pagando es el trabajo de un fot\u00f3grafo profesional y el tiempo que \u00e9ste dedica a hacer el <em><a href=\"\/portfolio\/fotografia-de-bodas\/\">reportaje fotogr\u00e1fico de vuestra boda<\/a>.<\/em><\/p>\n<p>Con esa tarifa no solo est\u00e1is pagando las horas que el fot\u00f3grafo est\u00e1 trabajando durante el d\u00eda de la boda, sino tambi\u00e9n las que dedica a procesar las fotograf\u00edas durante los siguientes d\u00edas hasta que entrega el reportaje de boda acabado. Que incluye: todas las fotograf\u00edas procesadas, a alta resoluci\u00f3n y sin marcas de agua, de forma que pod\u00e1is hacer copias en papel a alta calidad o enviarlas a quienes quer\u00e1is por correo electr\u00f3nico para que las copias las hagan ellos (o para que las disfruten en la pantalla de su ordenador).<\/p>\n<p>Tambi\u00e9n podr\u00e9is subirlas a vuestras redes sociales preferidas para que vuestros amigos y seguidores o quienes no pudieran estar ese d\u00eda vean con todo detalle como transcurri\u00f3 vuestro enlace matrimonial de principio a fin.<\/p>\n<h4>M\u00e1s opciones<\/h4>\n<p>Lo anterior, en el caso de que hay\u00e1is elegido de entre mis tarifas de <strong>fot\u00f3grafo de bodas barato<\/strong> la que cubre el <a href=\"\/diario\/2019\/08\/23\/ventajas-del-reportaje-de-boda-completa\/\"><span style=\"color: #0000ff;\"><em>reportaje completo de la boda<\/em><\/span><\/a>. Porque hago reportajes de boda que abarcan \u00fanicamente la ceremonia (cobro 200 euros) hasta otros en que pag\u00e1is mi trabajo de fot\u00f3grafo profesional durante toda la jornada de la boda (este \u00faltimo cuesta 750 euros).<\/p>\n<p>Por supuesto que entre uno y otro extremo hay parejas que me piden hacerles un reportaje solo de la ceremonia y las <a href=\"\/diario\/2018\/12\/27\/fotografias-de-boda-en-lugar-con-encanto\/\"><span style=\"color: #0000ff;\"><em>fotograf\u00edas con encanto<\/em><\/span><\/a>; y otras, de las <a href=\"\/diario\/2020\/02\/12\/fotografo-en-la-preparacion-para-la-boda\/\"><span style=\"color: #0000ff;\"><em>casas de los novios<\/em><\/span><\/a> y la ceremonia; esotras, de la ceremonia y el <a href=\"\/diario\/2019\/07\/15\/fotografia-de-bodas-en-fincas\/\"><span style=\"color: #0000ff;\"><em>banquete en una finca<\/em><\/span><\/a>\u2026<\/p>\n<p>Ah, adem\u00e1s de ser fot\u00f3grafos todos los miembros del equipo, cuento con operadores de c\u00e1mara profesionales para quien tambi\u00e9n quiera tener como recuerdo un fant\u00e1stico <a href=\"\/diario\/2019\/02\/11\/reportaje-de-boda-en-video\/\"><span style=\"color: #0000ff;\"><em>reportaje de su boda en v\u00eddeo<\/em><\/span><\/a>.<\/p>\n<p>Para una informaci\u00f3n m\u00e1s detallada sobre mis tarifas de <strong>fot\u00f3grafo de bodas<\/strong> barato o en caso de que teng\u00e1is cualquier duda o necesit\u00e9is alguna aclaraci\u00f3n no ten\u00e9is m\u00e1s que <span style=\"color: #0000ff;\"><em>contactar conmigo pinchando <a href=\"\/contactar\/\">este enlace<\/a><\/em><\/span>. Os atender\u00e9 encantado.<\/p>\n","protected":false},"excerpt":{"rendered":"<p>&nbsp; En este art\u00edculo voy a tratar sobre mis tarifas de fot\u00f3grafo de bodas barato en Madrid. Es decir: de las tarifas que voy a aplicar en la temporada de reportajes de boda que empezar\u00e1 en 2023. Son bastante similares a las de los dem\u00e1s fot\u00f3grafos profesionales que hacen fotograf\u00eda de boda econ\u00f3mica; euro arriba, [&hellip;]<\/p>\n","protected":false},"author":2,"featured_media":2886,"comment_status":"closed","ping_status":"open","sticky":false,"template":"","format":"standard","meta":[],"categories":[175,254,16,255,188,189,172,207,177],"tags":[535,290,544,486,430,291,348,284,338,536,537,538,540,539,542,543],"yoast_head":"<!-- This site is optimized with the Yoast SEO plugin v20.8 - https:\/\/yoast.com\/wordpress\/plugins\/seo\/ -->\n<title>Tarifas de fot\u00f3grafo de bodas barato en Madrid - Luis Miguel del Campo<\/title>\n<meta name=\"description\" content=\"Tarifas de un fot\u00f3grafo de bodas barato: uno de los motivos que m\u00e1s influye para contratarlo para tu boda. Echa un vistazo a mis tarifas de 2023 para fotograf\u00eda de bodas.\" \/>\n<meta name=\"robots\" content=\"index, follow, max-snippet:-1, max-image-preview:large, max-video-preview:-1\" \/>\n<link rel=\"canonical\" href=\"https:\/\/www.fotografo-profesional.net\/diario\/2020\/07\/17\/tarifas-de-fotografo-de-bodas-barato-en-madrid\/\" \/>\n<meta property=\"og:locale\" content=\"es_ES\" \/>\n<meta property=\"og:type\" content=\"article\" \/>\n<meta property=\"og:title\" content=\"Tarifas de fot\u00f3grafo de bodas barato en Madrid - Luis Miguel del Campo\" \/>\n<meta property=\"og:description\" content=\"Tarifas de un fot\u00f3grafo de bodas barato: uno de los motivos que m\u00e1s influye para contratarlo para tu boda. Echa un vistazo a mis tarifas de 2023 para fotograf\u00eda de bodas.\" \/>\n<meta property=\"og:url\" content=\"https:\/\/www.fotografo-profesional.net\/diario\/2020\/07\/17\/tarifas-de-fotografo-de-bodas-barato-en-madrid\/\" \/>\n<meta property=\"og:site_name\" content=\"Luis Miguel del Campo\" \/>\n<meta property=\"article:published_time\" content=\"2020-07-17T20:21:01+00:00\" \/>\n<meta property=\"article:modified_time\" content=\"2022-11-01T19:34:32+00:00\" \/>\n<meta property=\"og:image\" content=\"https:\/\/www.fotografo-profesional.net\/diario\/wp-content\/uploads\/2020\/07\/Fotografo-profesional-en-Madrid-LMC-0221.jpg\" \/>\n\t<meta property=\"og:image:width\" content=\"600\" \/>\n\t<meta property=\"og:image:height\" content=\"400\" \/>\n\t<meta property=\"og:image:type\" content=\"image\/jpeg\" \/>\n<meta name=\"author\" content=\"Luis Miguel del Campo\" \/>\n<meta name=\"twitter:card\" content=\"summary_large_image\" \/>\n<meta name=\"twitter:label1\" content=\"Escrito por\" \/>\n\t<meta name=\"twitter:data1\" content=\"Luis Miguel del Campo\" \/>\n\t<meta name=\"twitter:label2\" content=\"Tiempo de lectura\" \/>\n\t<meta name=\"twitter:data2\" content=\"3 minutos\" \/>\n<script type=\"application\/ld+json\" class=\"yoast-schema-graph\">{\"@context\":\"https:\/\/schema.org\",\"@graph\":[{\"@type\":\"WebPage\",\"@id\":\"https:\/\/www.fotografo-profesional.net\/diario\/2020\/07\/17\/tarifas-de-fotografo-de-bodas-barato-en-madrid\/\",\"url\":\"https:\/\/www.fotografo-profesional.net\/diario\/2020\/07\/17\/tarifas-de-fotografo-de-bodas-barato-en-madrid\/\",\"name\":\"Tarifas de fot\u00f3grafo de bodas barato en Madrid - Luis Miguel del Campo\",\"isPartOf\":{\"@id\":\"https:\/\/www.fotografo-profesional.net\/diario\/#website\"},\"datePublished\":\"2020-07-17T20:21:01+00:00\",\"dateModified\":\"2022-11-01T19:34:32+00:00\",\"author\":{\"@id\":\"https:\/\/www.fotografo-profesional.net\/diario\/#\/schema\/person\/220504871d765b4c30a0af1d2fe93533\"},\"description\":\"Tarifas de un fot\u00f3grafo de bodas barato: uno de los motivos que m\u00e1s influye para contratarlo para tu boda. Echa un vistazo a mis tarifas de 2023 para fotograf\u00eda de bodas.\",\"breadcrumb\":{\"@id\":\"https:\/\/www.fotografo-profesional.net\/diario\/2020\/07\/17\/tarifas-de-fotografo-de-bodas-barato-en-madrid\/#breadcrumb\"},\"inLanguage\":\"es\",\"potentialAction\":[{\"@type\":\"ReadAction\",\"target\":[\"https:\/\/www.fotografo-profesional.net\/diario\/2020\/07\/17\/tarifas-de-fotografo-de-bodas-barato-en-madrid\/\"]}]},{\"@type\":\"BreadcrumbList\",\"@id\":\"https:\/\/www.fotografo-profesional.net\/diario\/2020\/07\/17\/tarifas-de-fotografo-de-bodas-barato-en-madrid\/#breadcrumb\",\"itemListElement\":[{\"@type\":\"ListItem\",\"position\":1,\"name\":\"Inicio\",\"item\":\"https:\/\/www.fotografo-profesional.net\/diario\/\"},{\"@type\":\"ListItem\",\"position\":2,\"name\":\"Tarifas de fot\u00f3grafo de bodas barato en Madrid\"}]},{\"@type\":\"WebSite\",\"@id\":\"https:\/\/www.fotografo-profesional.net\/diario\/#website\",\"url\":\"https:\/\/www.fotografo-profesional.net\/diario\/\",\"name\":\"Luis Miguel del Campo\",\"description\":\"Blog de un fot\u00f3grafo profesional\",\"potentialAction\":[{\"@type\":\"SearchAction\",\"target\":{\"@type\":\"EntryPoint\",\"urlTemplate\":\"https:\/\/www.fotografo-profesional.net\/diario\/?s={search_term_string}\"},\"query-input\":\"required name=search_term_string\"}],\"inLanguage\":\"es\"},{\"@type\":\"Person\",\"@id\":\"https:\/\/www.fotografo-profesional.net\/diario\/#\/schema\/person\/220504871d765b4c30a0af1d2fe93533\",\"name\":\"Luis Miguel del Campo\",\"image\":{\"@type\":\"ImageObject\",\"inLanguage\":\"es\",\"@id\":\"https:\/\/www.fotografo-profesional.net\/diario\/#\/schema\/person\/image\/\",\"url\":\"https:\/\/secure.gravatar.com\/avatar\/84bb1120095136de86f122a882a42d61?s=96&d=mm&r=g\",\"contentUrl\":\"https:\/\/secure.gravatar.com\/avatar\/84bb1120095136de86f122a882a42d61?s=96&d=mm&r=g\",\"caption\":\"Luis Miguel del Campo\"},\"url\":\"https:\/\/www.fotografo-profesional.net\/diario\/author\/admin_lmdc\/\"}]}<\/script>\n<!-- \/ Yoast SEO plugin. -->","yoast_head_json":{"title":"Tarifas de fot\u00f3grafo de bodas barato en Madrid - Luis Miguel del Campo","description":"Tarifas de un fot\u00f3grafo de bodas barato: uno de los motivos que m\u00e1s influye para contratarlo para tu boda. Echa un vistazo a mis tarifas de 2023 para fotograf\u00eda de bodas.","robots":{"index":"index","follow":"follow","max-snippet":"max-snippet:-1","max-image-preview":"max-image-preview:large","max-video-preview":"max-video-preview:-1"},"canonical":"https:\/\/www.fotografo-profesional.net\/diario\/2020\/07\/17\/tarifas-de-fotografo-de-bodas-barato-en-madrid\/","og_locale":"es_ES","og_type":"article","og_title":"Tarifas de fot\u00f3grafo de bodas barato en Madrid - Luis Miguel del Campo","og_description":"Tarifas de un fot\u00f3grafo de bodas barato: uno de los motivos que m\u00e1s influye para contratarlo para tu boda. Echa un vistazo a mis tarifas de 2023 para fotograf\u00eda de bodas.","og_url":"https:\/\/www.fotografo-profesional.net\/diario\/2020\/07\/17\/tarifas-de-fotografo-de-bodas-barato-en-madrid\/","og_site_name":"Luis Miguel del Campo","article_published_time":"2020-07-17T20:21:01+00:00","article_modified_time":"2022-11-01T19:34:32+00:00","og_image":[{"width":600,"height":400,"url":"https:\/\/www.fotografo-profesional.net\/diario\/wp-content\/uploads\/2020\/07\/Fotografo-profesional-en-Madrid-LMC-0221.jpg","type":"image\/jpeg"}],"author":"Luis Miguel del Campo","twitter_card":"summary_large_image","twitter_misc":{"Escrito por":"Luis Miguel del Campo","Tiempo de lectura":"3 minutos"},"schema":{"@context":"https:\/\/schema.org","@graph":[{"@type":"WebPage","@id":"https:\/\/www.fotografo-profesional.net\/diario\/2020\/07\/17\/tarifas-de-fotografo-de-bodas-barato-en-madrid\/","url":"https:\/\/www.fotografo-profesional.net\/diario\/2020\/07\/17\/tarifas-de-fotografo-de-bodas-barato-en-madrid\/","name":"Tarifas de fot\u00f3grafo de bodas barato en Madrid - Luis Miguel del Campo","isPartOf":{"@id":"https:\/\/www.fotografo-profesional.net\/diario\/#website"},"datePublished":"2020-07-17T20:21:01+00:00","dateModified":"2022-11-01T19:34:32+00:00","author":{"@id":"https:\/\/www.fotografo-profesional.net\/diario\/#\/schema\/person\/220504871d765b4c30a0af1d2fe93533"},"description":"Tarifas de un fot\u00f3grafo de bodas barato: uno de los motivos que m\u00e1s influye para contratarlo para tu boda. Echa un vistazo a mis tarifas de 2023 para fotograf\u00eda de bodas.","breadcrumb":{"@id":"https:\/\/www.fotografo-profesional.net\/diario\/2020\/07\/17\/tarifas-de-fotografo-de-bodas-barato-en-madrid\/#breadcrumb"},"inLanguage":"es","potentialAction":[{"@type":"ReadAction","target":["https:\/\/www.fotografo-profesional.net\/diario\/2020\/07\/17\/tarifas-de-fotografo-de-bodas-barato-en-madrid\/"]}]},{"@type":"BreadcrumbList","@id":"https:\/\/www.fotografo-profesional.net\/diario\/2020\/07\/17\/tarifas-de-fotografo-de-bodas-barato-en-madrid\/#breadcrumb","itemListElement":[{"@type":"ListItem","position":1,"name":"Inicio","item":"https:\/\/www.fotografo-profesional.net\/diario\/"},{"@type":"ListItem","position":2,"name":"Tarifas de fot\u00f3grafo de bodas barato en Madrid"}]},{"@type":"WebSite","@id":"https:\/\/www.fotografo-profesional.net\/diario\/#website","url":"https:\/\/www.fotografo-profesional.net\/diario\/","name":"Luis Miguel del Campo","description":"Blog de un fot\u00f3grafo profesional","potentialAction":[{"@type":"SearchAction","target":{"@type":"EntryPoint","urlTemplate":"https:\/\/www.fotografo-profesional.net\/diario\/?s={search_term_string}"},"query-input":"required name=search_term_string"}],"inLanguage":"es"},{"@type":"Person","@id":"https:\/\/www.fotografo-profesional.net\/diario\/#\/schema\/person\/220504871d765b4c30a0af1d2fe93533","name":"Luis Miguel del Campo","image":{"@type":"ImageObject","inLanguage":"es","@id":"https:\/\/www.fotografo-profesional.net\/diario\/#\/schema\/person\/image\/","url":"https:\/\/secure.gravatar.com\/avatar\/84bb1120095136de86f122a882a42d61?s=96&d=mm&r=g","contentUrl":"https:\/\/secure.gravatar.com\/avatar\/84bb1120095136de86f122a882a42d61?s=96&d=mm&r=g","caption":"Luis Miguel del Campo"},"url":"https:\/\/www.fotografo-profesional.net\/diario\/author\/admin_lmdc\/"}]}},"_links":{"self":[{"href":"https:\/\/www.fotografo-profesional.net\/diario\/wp-json\/wp\/v2\/posts\/2106"}],"collection":[{"href":"https:\/\/www.fotografo-profesional.net\/diario\/wp-json\/wp\/v2\/posts"}],"about":[{"href":"https:\/\/www.fotografo-profesional.net\/diario\/wp-json\/wp\/v2\/types\/post"}],"author":[{"embeddable":true,"href":"https:\/\/www.fotografo-profesional.net\/diario\/wp-json\/wp\/v2\/users\/2"}],"replies":[{"embeddable":true,"href":"https:\/\/www.fotografo-profesional.net\/diario\/wp-json\/wp\/v2\/comments?post=2106"}],"version-history":[{"count":18,"href":"https:\/\/www.fotografo-profesional.net\/diario\/wp-json\/wp\/v2\/posts\/2106\/revisions"}],"predecessor-version":[{"id":3501,"href":"https:\/\/www.fotografo-profesional.net\/diario\/wp-json\/wp\/v2\/posts\/2106\/revisions\/3501"}],"wp:featuredmedia":[{"embeddable":true,"href":"https:\/\/www.fotografo-profesional.net\/diario\/wp-json\/wp\/v2\/media\/2886"}],"wp:attachment":[{"href":"https:\/\/www.fotografo-profesional.net\/diario\/wp-json\/wp\/v2\/media?parent=2106"}],"wp:term":[{"taxonomy":"category","embeddable":true,"href":"https:\/\/www.fotografo-profesional.net\/diario\/wp-json\/wp\/v2\/categories?post=2106"},{"taxonomy":"post_tag","embeddable":true,"href":"https:\/\/www.fotografo-profesional.net\/diario\/wp-json\/wp\/v2\/tags?post=2106"}],"curies":[{"name":"wp","href":"https:\/\/api.w.org\/{rel}","templated":true}]}}