{"id":2251,"date":"2020-09-11T22:02:03","date_gmt":"2020-09-11T20:02:03","guid":{"rendered":"https:\/\/www.fotografo-profesional.net\/diario\/?p=2251"},"modified":"2020-09-11T22:02:03","modified_gmt":"2020-09-11T20:02:03","slug":"fotografo-de-boda-civil-en-madrid-y-alrededores","status":"publish","type":"post","link":"https:\/\/www.fotografo-profesional.net\/diario\/2020\/09\/11\/fotografo-de-boda-civil-en-madrid-y-alrededores\/","title":{"rendered":"Fot\u00f3grafo de boda civil en Madrid y alrededores"},"content":{"rendered":"<p><img decoding=\"async\" class=\"size-full wp-image-2257 aligncenter\" src=\"https:\/\/www.fotografo-profesional.net\/diario\/wp-content\/uploads\/2020\/09\/Fot\u00f3grafo-profesional-en-Madrid-LMC-0125.jpg\" alt=\"Fot\u00f3grafo de boda civil en Madrid\" width=\"600\" height=\"400\" srcset=\"https:\/\/www.fotografo-profesional.net\/diario\/wp-content\/uploads\/2020\/09\/Fot\u00f3grafo-profesional-en-Madrid-LMC-0125.jpg 600w, https:\/\/www.fotografo-profesional.net\/diario\/wp-content\/uploads\/2020\/09\/Fot\u00f3grafo-profesional-en-Madrid-LMC-0125-300x200.jpg 300w\" sizes=\"(max-width: 600px) 100vw, 600px\" \/><\/p>\n<p>Ofrezco mis <strong>servicios de fot\u00f3grafo profesional para cualquier boda civil que se celebre en Madrid<\/strong> y sus alrededores. Da lo mismo que sea en una junta de distrito, <a href=\"https:\/\/www.fotografo-profesional.net\/diario\/2019\/11\/26\/reportaje-de-boda-en-ayuntamiento\/\"><span style=\"color: #0000ff;\"><em>en un ayuntamiento<\/em><\/span><\/a> de una ciudad peque\u00f1a, en el juzgado o <a href=\"https:\/\/www.fotografo-profesional.net\/diario\/2019\/07\/15\/fotografia-de-bodas-en-fincas\/\"><span style=\"color: #0000ff;\"><em>en una finca<\/em><\/span><\/a>. Mis tarifas son las de un <a href=\"https:\/\/www.fotografo-profesional.net\/diario\/2019\/12\/13\/fotografo-de-bodas-a-buen-precio\/\"><span style=\"color: #0000ff;\"><em>fot\u00f3grafo de bodas barato<\/em><\/span><\/a> que entrega a cambio un trabajo bien hecho; con cari\u00f1o y con esmero.<\/p>\n<p>Un fot\u00f3grafo de boda civil tiene que estar acostumbrado a este tipo de <a href=\"https:\/\/www.fotografo-profesional.net\/portfolio\/fotografia-de-bodas\/\"><span style=\"color: #0000ff;\"><em>reportaje de boda<\/em><\/span><\/a> pues a menudo las ceremonias son muy cortas. Si cuando llega el turno de tu ceremonia hay bastantes parejas esperando, son todav\u00eda m\u00e1s cortas. Por ello, es fundamental que cont\u00e9is con un fot\u00f3grafo profesional para que os haga vuestro reportaje de boda. Si se lo encarg\u00e1is a un fot\u00f3grafo aficionado (a vuestro cu\u00f1ado, por ejemplo; o a cualquier otro conocido que tenga una buena c\u00e1mara pero que no sea profesional), corr\u00e9is el riesgo de haber comprado todas las papeletas para que ocurra una tragedia. Lo peor de todo es que no lo sabr\u00e9is hasta que os entregue un <a href=\"https:\/\/www.fotografo-profesional.net\/diario\/2019\/01\/14\/album-de-boda-en-madrid\/\"><span style=\"color: #0000ff;\"><em>\u00e1lbum de fotograf\u00edas<\/em><\/span><\/a> desastroso. O <a href=\"https:\/\/www.fotografo-profesional.net\/diario\/2020\/07\/10\/reportaje-de-boda-entregado-en-pendrive\/\"><span style=\"color: #0000ff;\"><em>un pendrive<\/em><\/span><\/a>, da igual. En cualquiera de los dos casos el desastre ser\u00eda irreparable.<\/p>\n<p>La mejor manera de gastar el menor dinero posible en vuestras fotograf\u00edas de boda con <strong>garant\u00eda de calidad es que contrat\u00e9is a un fot\u00f3grafo de bodas barato<\/strong>, pero profesional, por supuesto. Os llevar\u00e1 algo m\u00e1s de tiempo buscarlo entre los fot\u00f3grafos <a href=\"https:\/\/www.fotografo-profesional.net\/diario\/2020\/07\/17\/tarifas-de-fotografo-de-bodas-barato-en-madrid\/\"><span style=\"color: #0000ff;\"><em>profesionales de tarifas econ\u00f3micas<\/em><\/span><\/a> que tirar de vuestro conocido, pero merecer\u00e1 la pena no arriesgarse.<\/p>\n<p>Si no dispon\u00e9is de demasiado presupuesto para vuestro enlace matrimonial, no deb\u00e9is prescindir de un fot\u00f3grafo profesional para que capture vuestra boda civil. Pod\u00e9is encargar el reportaje a un fot\u00f3grafo barato de boda que solo haga la ceremonia y las <a href=\"https:\/\/www.fotografo-profesional.net\/diario\/2018\/12\/27\/fotografias-de-boda-en-lugar-con-encanto\/\"><span style=\"color: #0000ff;\"><em>fotograf\u00edas en un lugar con encanto<\/em><\/span><\/a>, y dejar el resto de la jornada a la suerte; a que est\u00e9n inspirados los aficionado. Aunque\u2026 vosotros ver\u00e9is\u2026<\/p>\n<p>Pongo en vuestro conocimiento que en mis reportajes de boda en provincias lim\u00edtrofes a Madrid tampoco aplico gastos de desplazamiento.<\/p>\n","protected":false},"excerpt":{"rendered":"<p>Ofrezco mis servicios de fot\u00f3grafo profesional para cualquier boda civil que se celebre en Madrid y sus alrededores. Da lo mismo que sea en una junta de distrito, en un ayuntamiento de una ciudad peque\u00f1a, en el juzgado o en una finca. Mis tarifas son las de un fot\u00f3grafo de bodas barato que entrega a [&hellip;]<\/p>\n","protected":false},"author":2,"featured_media":2257,"comment_status":"closed","ping_status":"open","sticky":false,"template":"","format":"standard","meta":[],"categories":[175,17,171,255,45,406,189,172,207,177,14,86],"tags":[464,290,597,598,430,99,348,599,600,284,338,307,580,583,585,596],"yoast_head":"<!-- This site is optimized with the Yoast SEO plugin v20.8 - https:\/\/yoast.com\/wordpress\/plugins\/seo\/ -->\n<title>Fot\u00f3grafo de boda civil en Madrid y alrededores - Luis Miguel del Campo<\/title>\n<meta name=\"description\" content=\"Fot\u00f3grafo de boda civil en Madrid, alrededores y todo el territorio estatal a muy buenos precios\" \/>\n<meta name=\"robots\" content=\"index, follow, max-snippet:-1, max-image-preview:large, max-video-preview:-1\" \/>\n<link rel=\"canonical\" href=\"https:\/\/www.fotografo-profesional.net\/diario\/2020\/09\/11\/fotografo-de-boda-civil-en-madrid-y-alrededores\/\" \/>\n<meta property=\"og:locale\" content=\"es_ES\" \/>\n<meta property=\"og:type\" content=\"article\" \/>\n<meta property=\"og:title\" content=\"Fot\u00f3grafo de boda civil en Madrid y alrededores - Luis Miguel del Campo\" \/>\n<meta property=\"og:description\" content=\"Fot\u00f3grafo de boda civil en Madrid, alrededores y todo el territorio estatal a muy buenos precios\" \/>\n<meta property=\"og:url\" content=\"https:\/\/www.fotografo-profesional.net\/diario\/2020\/09\/11\/fotografo-de-boda-civil-en-madrid-y-alrededores\/\" \/>\n<meta property=\"og:site_name\" content=\"Luis Miguel del Campo\" \/>\n<meta property=\"article:published_time\" content=\"2020-09-11T20:02:03+00:00\" \/>\n<meta property=\"og:image\" content=\"https:\/\/www.fotografo-profesional.net\/diario\/wp-content\/uploads\/2020\/09\/Fot\u00f3grafo-profesional-en-Madrid-LMC-0125.jpg\" \/>\n\t<meta property=\"og:image:width\" content=\"600\" \/>\n\t<meta property=\"og:image:height\" content=\"400\" \/>\n\t<meta property=\"og:image:type\" content=\"image\/jpeg\" \/>\n<meta name=\"author\" content=\"Luis Miguel del Campo\" \/>\n<meta name=\"twitter:card\" content=\"summary_large_image\" \/>\n<meta name=\"twitter:label1\" content=\"Escrito por\" \/>\n\t<meta name=\"twitter:data1\" content=\"Luis Miguel del Campo\" \/>\n\t<meta name=\"twitter:label2\" content=\"Tiempo de lectura\" \/>\n\t<meta name=\"twitter:data2\" content=\"2 minutos\" \/>\n<script type=\"application\/ld+json\" class=\"yoast-schema-graph\">{\"@context\":\"https:\/\/schema.org\",\"@graph\":[{\"@type\":\"WebPage\",\"@id\":\"https:\/\/www.fotografo-profesional.net\/diario\/2020\/09\/11\/fotografo-de-boda-civil-en-madrid-y-alrededores\/\",\"url\":\"https:\/\/www.fotografo-profesional.net\/diario\/2020\/09\/11\/fotografo-de-boda-civil-en-madrid-y-alrededores\/\",\"name\":\"Fot\u00f3grafo de boda civil en Madrid y alrededores - Luis Miguel del Campo\",\"isPartOf\":{\"@id\":\"https:\/\/www.fotografo-profesional.net\/diario\/#website\"},\"datePublished\":\"2020-09-11T20:02:03+00:00\",\"dateModified\":\"2020-09-11T20:02:03+00:00\",\"author\":{\"@id\":\"https:\/\/www.fotografo-profesional.net\/diario\/#\/schema\/person\/220504871d765b4c30a0af1d2fe93533\"},\"description\":\"Fot\u00f3grafo de boda civil en Madrid, alrededores y todo el territorio estatal a muy buenos precios\",\"breadcrumb\":{\"@id\":\"https:\/\/www.fotografo-profesional.net\/diario\/2020\/09\/11\/fotografo-de-boda-civil-en-madrid-y-alrededores\/#breadcrumb\"},\"inLanguage\":\"es\",\"potentialAction\":[{\"@type\":\"ReadAction\",\"target\":[\"https:\/\/www.fotografo-profesional.net\/diario\/2020\/09\/11\/fotografo-de-boda-civil-en-madrid-y-alrededores\/\"]}]},{\"@type\":\"BreadcrumbList\",\"@id\":\"https:\/\/www.fotografo-profesional.net\/diario\/2020\/09\/11\/fotografo-de-boda-civil-en-madrid-y-alrededores\/#breadcrumb\",\"itemListElement\":[{\"@type\":\"ListItem\",\"position\":1,\"name\":\"Inicio\",\"item\":\"https:\/\/www.fotografo-profesional.net\/diario\/\"},{\"@type\":\"ListItem\",\"position\":2,\"name\":\"Fot\u00f3grafo de boda civil en Madrid y alrededores\"}]},{\"@type\":\"WebSite\",\"@id\":\"https:\/\/www.fotografo-profesional.net\/diario\/#website\",\"url\":\"https:\/\/www.fotografo-profesional.net\/diario\/\",\"name\":\"Luis Miguel del Campo\",\"description\":\"Blog de un fot\u00f3grafo profesional\",\"potentialAction\":[{\"@type\":\"SearchAction\",\"target\":{\"@type\":\"EntryPoint\",\"urlTemplate\":\"https:\/\/www.fotografo-profesional.net\/diario\/?s={search_term_string}\"},\"query-input\":\"required name=search_term_string\"}],\"inLanguage\":\"es\"},{\"@type\":\"Person\",\"@id\":\"https:\/\/www.fotografo-profesional.net\/diario\/#\/schema\/person\/220504871d765b4c30a0af1d2fe93533\",\"name\":\"Luis Miguel del Campo\",\"image\":{\"@type\":\"ImageObject\",\"inLanguage\":\"es\",\"@id\":\"https:\/\/www.fotografo-profesional.net\/diario\/#\/schema\/person\/image\/\",\"url\":\"https:\/\/secure.gravatar.com\/avatar\/84bb1120095136de86f122a882a42d61?s=96&d=mm&r=g\",\"contentUrl\":\"https:\/\/secure.gravatar.com\/avatar\/84bb1120095136de86f122a882a42d61?s=96&d=mm&r=g\",\"caption\":\"Luis Miguel del Campo\"},\"url\":\"https:\/\/www.fotografo-profesional.net\/diario\/author\/admin_lmdc\/\"}]}<\/script>\n<!-- \/ Yoast SEO plugin. -->","yoast_head_json":{"title":"Fot\u00f3grafo de boda civil en Madrid y alrededores - Luis Miguel del Campo","description":"Fot\u00f3grafo de boda civil en Madrid, alrededores y todo el territorio estatal a muy buenos precios","robots":{"index":"index","follow":"follow","max-snippet":"max-snippet:-1","max-image-preview":"max-image-preview:large","max-video-preview":"max-video-preview:-1"},"canonical":"https:\/\/www.fotografo-profesional.net\/diario\/2020\/09\/11\/fotografo-de-boda-civil-en-madrid-y-alrededores\/","og_locale":"es_ES","og_type":"article","og_title":"Fot\u00f3grafo de boda civil en Madrid y alrededores - Luis Miguel del Campo","og_description":"Fot\u00f3grafo de boda civil en Madrid, alrededores y todo el territorio estatal a muy buenos precios","og_url":"https:\/\/www.fotografo-profesional.net\/diario\/2020\/09\/11\/fotografo-de-boda-civil-en-madrid-y-alrededores\/","og_site_name":"Luis Miguel del Campo","article_published_time":"2020-09-11T20:02:03+00:00","og_image":[{"width":600,"height":400,"url":"https:\/\/www.fotografo-profesional.net\/diario\/wp-content\/uploads\/2020\/09\/Fot\u00f3grafo-profesional-en-Madrid-LMC-0125.jpg","type":"image\/jpeg"}],"author":"Luis Miguel del Campo","twitter_card":"summary_large_image","twitter_misc":{"Escrito por":"Luis Miguel del Campo","Tiempo de lectura":"2 minutos"},"schema":{"@context":"https:\/\/schema.org","@graph":[{"@type":"WebPage","@id":"https:\/\/www.fotografo-profesional.net\/diario\/2020\/09\/11\/fotografo-de-boda-civil-en-madrid-y-alrededores\/","url":"https:\/\/www.fotografo-profesional.net\/diario\/2020\/09\/11\/fotografo-de-boda-civil-en-madrid-y-alrededores\/","name":"Fot\u00f3grafo de boda civil en Madrid y alrededores - Luis Miguel del Campo","isPartOf":{"@id":"https:\/\/www.fotografo-profesional.net\/diario\/#website"},"datePublished":"2020-09-11T20:02:03+00:00","dateModified":"2020-09-11T20:02:03+00:00","author":{"@id":"https:\/\/www.fotografo-profesional.net\/diario\/#\/schema\/person\/220504871d765b4c30a0af1d2fe93533"},"description":"Fot\u00f3grafo de boda civil en Madrid, alrededores y todo el territorio estatal a muy buenos precios","breadcrumb":{"@id":"https:\/\/www.fotografo-profesional.net\/diario\/2020\/09\/11\/fotografo-de-boda-civil-en-madrid-y-alrededores\/#breadcrumb"},"inLanguage":"es","potentialAction":[{"@type":"ReadAction","target":["https:\/\/www.fotografo-profesional.net\/diario\/2020\/09\/11\/fotografo-de-boda-civil-en-madrid-y-alrededores\/"]}]},{"@type":"BreadcrumbList","@id":"https:\/\/www.fotografo-profesional.net\/diario\/2020\/09\/11\/fotografo-de-boda-civil-en-madrid-y-alrededores\/#breadcrumb","itemListElement":[{"@type":"ListItem","position":1,"name":"Inicio","item":"https:\/\/www.fotografo-profesional.net\/diario\/"},{"@type":"ListItem","position":2,"name":"Fot\u00f3grafo de boda civil en Madrid y alrededores"}]},{"@type":"WebSite","@id":"https:\/\/www.fotografo-profesional.net\/diario\/#website","url":"https:\/\/www.fotografo-profesional.net\/diario\/","name":"Luis Miguel del Campo","description":"Blog de un fot\u00f3grafo profesional","potentialAction":[{"@type":"SearchAction","target":{"@type":"EntryPoint","urlTemplate":"https:\/\/www.fotografo-profesional.net\/diario\/?s={search_term_string}"},"query-input":"required name=search_term_string"}],"inLanguage":"es"},{"@type":"Person","@id":"https:\/\/www.fotografo-profesional.net\/diario\/#\/schema\/person\/220504871d765b4c30a0af1d2fe93533","name":"Luis Miguel del Campo","image":{"@type":"ImageObject","inLanguage":"es","@id":"https:\/\/www.fotografo-profesional.net\/diario\/#\/schema\/person\/image\/","url":"https:\/\/secure.gravatar.com\/avatar\/84bb1120095136de86f122a882a42d61?s=96&d=mm&r=g","contentUrl":"https:\/\/secure.gravatar.com\/avatar\/84bb1120095136de86f122a882a42d61?s=96&d=mm&r=g","caption":"Luis Miguel del Campo"},"url":"https:\/\/www.fotografo-profesional.net\/diario\/author\/admin_lmdc\/"}]}},"_links":{"self":[{"href":"https:\/\/www.fotografo-profesional.net\/diario\/wp-json\/wp\/v2\/posts\/2251"}],"collection":[{"href":"https:\/\/www.fotografo-profesional.net\/diario\/wp-json\/wp\/v2\/posts"}],"about":[{"href":"https:\/\/www.fotografo-profesional.net\/diario\/wp-json\/wp\/v2\/types\/post"}],"author":[{"embeddable":true,"href":"https:\/\/www.fotografo-profesional.net\/diario\/wp-json\/wp\/v2\/users\/2"}],"replies":[{"embeddable":true,"href":"https:\/\/www.fotografo-profesional.net\/diario\/wp-json\/wp\/v2\/comments?post=2251"}],"version-history":[{"count":3,"href":"https:\/\/www.fotografo-profesional.net\/diario\/wp-json\/wp\/v2\/posts\/2251\/revisions"}],"predecessor-version":[{"id":2259,"href":"https:\/\/www.fotografo-profesional.net\/diario\/wp-json\/wp\/v2\/posts\/2251\/revisions\/2259"}],"wp:featuredmedia":[{"embeddable":true,"href":"https:\/\/www.fotografo-profesional.net\/diario\/wp-json\/wp\/v2\/media\/2257"}],"wp:attachment":[{"href":"https:\/\/www.fotografo-profesional.net\/diario\/wp-json\/wp\/v2\/media?parent=2251"}],"wp:term":[{"taxonomy":"category","embeddable":true,"href":"https:\/\/www.fotografo-profesional.net\/diario\/wp-json\/wp\/v2\/categories?post=2251"},{"taxonomy":"post_tag","embeddable":true,"href":"https:\/\/www.fotografo-profesional.net\/diario\/wp-json\/wp\/v2\/tags?post=2251"}],"curies":[{"name":"wp","href":"https:\/\/api.w.org\/{rel}","templated":true}]}}