{"id":226,"date":"2018-09-23T10:14:03","date_gmt":"2018-09-23T10:14:03","guid":{"rendered":"https:\/\/www.fotografo-profesional.net\/diario-de-un-fotografo-profesional-en-madrid\/?p=226"},"modified":"2020-04-20T12:35:18","modified_gmt":"2020-04-20T10:35:18","slug":"postales-fotograficas-de-madrid","status":"publish","type":"post","link":"https:\/\/www.fotografo-profesional.net\/diario\/2018\/09\/23\/postales-fotograficas-de-madrid\/","title":{"rendered":"Postales fotogr\u00e1ficas de Madrid"},"content":{"rendered":"<p><img decoding=\"async\" class=\"wp-image-229 size-full\" src=\"https:\/\/www.fotografo-profesional.net\/diario\/wp-content\/uploads\/2018\/09\/Las-Cuatro-Torres-por-fot\u00f3grafo-profesional-en-Madrid.jpg\" alt=\"Postales fotogr\u00e1ficas por fot\u00f3grafo profesional en Madrid\" width=\"600\" height=\"400\" srcset=\"https:\/\/www.fotografo-profesional.net\/diario\/wp-content\/uploads\/2018\/09\/Las-Cuatro-Torres-por-fot\u00f3grafo-profesional-en-Madrid.jpg 600w, https:\/\/www.fotografo-profesional.net\/diario\/wp-content\/uploads\/2018\/09\/Las-Cuatro-Torres-por-fot\u00f3grafo-profesional-en-Madrid-300x200.jpg 300w\" sizes=\"(max-width: 600px) 100vw, 600px\" \/><\/p>\n<h4>Estampas de Madrid (0056)<\/h4>\n<p>Debo confesar que no soy muy de <strong>postales fotogr\u00e1ficas<\/strong>. Menos si son de puestas de sol, de paisajes playeros con sol t\u00f3rrido y revent\u00f3n, o con parejas acarameladas o en pose \u201crom\u00e1ntica\u201d. S\u00e9 que es una modalidad fotogr\u00e1fica que tiene mucha aceptaci\u00f3n entre ciertos degustadores de fotograf\u00edas.<\/p>\n<p>Sin embargo, fotograf\u00edas de monumentos, edificios m\u00e1s o menos singulares o calles significativas con acabado result\u00f3n inundan las redes sociales; con bastante \u00e9xito, por cierto. M\u00e1s ahora que todos somos fot\u00f3grafos, profesionales o no, con lo que no queda un rinc\u00f3n \u201cbonito\u201d por fotografiar. Por eso, <a href=\"https:\/\/www.fotografo-profesional.net\/diario\/2019\/01\/28\/postal-fotografica-al-amanecer\/\"><span style=\"color: #3366ff;\"><em>siempre que encuentro una situaci\u00f3n propicia<\/em><\/span><\/a> tomo alguna que otra fotograf\u00eda que podr\u00eda encuadrarse dentro de las que se denominan postales fotogr\u00e1ficas. M\u00e1s que nada por no parecer un bicho raro, que s\u00e9 que lo soy, y por las personas a las que pueda agradar su contemplaci\u00f3n. Eso s\u00ed, sin abusar de esta tem\u00e1tica.<\/p>\n<p>Eso fue lo que me impuls\u00f3 a tomar la imagen de las <strong>Cuatro Torres de Madrid<\/strong>, esas que se encuentran en lo que fuera la Ciudad Deportiva del Real Madrid. Bueno, es curiosa, no tiene ning\u00fan otro m\u00e9rito. Ni siquiera el de estar levantado a esa hora y con una c\u00e1mara fotogr\u00e1fica en las manos, porque tanto m\u00e9rito tiene el que madruga mucho como el que trabaja por la tarde o por la noche. Pero esa es otra cuesti\u00f3n&#8230;<\/p>\n<p>Lo que s\u00ed que tiene m\u00e9rito, o es cuesti\u00f3n de suerte, es seguir consiguiendo <a href=\"https:\/\/www.fotografo-profesional.net\/portfolio\/fotografia-de-eventos\/\"><span style=\"color: #3366ff;\"><em>que<\/em><\/span> <span style=\"color: #3366ff;\"><em>te contraten para un trabajo de fot\u00f3grafo<\/em> <\/span><\/a>profesional tal como est\u00e1n las cosas, precisamente por eso de que todos somos fot\u00f3grafos hoy en d\u00eda. O tenemos un conocido que tiene una c\u00e1mara fant\u00e1stica que hace fotos sola.<\/p>\n<p>El caso es que pasaba por all\u00ed poco antes del amanecer, me pareci\u00f3 que podr\u00eda gustar, tom\u00e9 la c\u00e1mara y dispar\u00e9. No tiene ni el m\u00e9rito de haber buscado la hora propicia para hacerla, porque casi era noche cerrada. Espero que por lo menos le guste a alguien. En ese caso habr\u00e1 merecido la pena <a href=\"https:\/\/www.fotografo-profesional.net\/diario\/2018\/08\/13\/captura-el-color-del-verano\/\"><span style=\"color: #3366ff;\"><em>tomar esta estampa<\/em><\/span><\/a>. Aunque sea de la categor\u00eda de postales fotogr\u00e1ficas.<\/p>\n","protected":false},"excerpt":{"rendered":"<p>Estampas de Madrid (0056) Debo confesar que no soy muy de postales fotogr\u00e1ficas. Menos si son de puestas de sol, de paisajes playeros con sol t\u00f3rrido y revent\u00f3n, o con parejas acarameladas o en pose \u201crom\u00e1ntica\u201d. S\u00e9 que es una modalidad fotogr\u00e1fica que tiene mucha aceptaci\u00f3n entre ciertos degustadores de fotograf\u00edas. Sin embargo, fotograf\u00edas de [&hellip;]<\/p>\n","protected":false},"author":2,"featured_media":229,"comment_status":"open","ping_status":"open","sticky":false,"template":"","format":"standard","meta":[],"categories":[209,30,48,45],"tags":[109,110,117,59,119,120,426,307,427],"yoast_head":"<!-- This site is optimized with the Yoast SEO plugin v20.8 - https:\/\/yoast.com\/wordpress\/plugins\/seo\/ -->\n<title>Postales fotogr\u00e1ficas de Madrid - Luis Miguel del Campo<\/title>\n<meta name=\"description\" content=\"Las Cuatro Torres poco antes del amanecer. Se encuentran en lo que fuera la Ciudad Deportiva del Real Madrid y se prestan para hacer postales fotogr\u00e1ficas\" \/>\n<meta name=\"robots\" content=\"index, follow, max-snippet:-1, max-image-preview:large, max-video-preview:-1\" \/>\n<link rel=\"canonical\" href=\"https:\/\/www.fotografo-profesional.net\/diario\/2018\/09\/23\/postales-fotograficas-de-madrid\/\" \/>\n<meta property=\"og:locale\" content=\"es_ES\" \/>\n<meta property=\"og:type\" content=\"article\" \/>\n<meta property=\"og:title\" content=\"Postales fotogr\u00e1ficas de Madrid - Luis Miguel del Campo\" \/>\n<meta property=\"og:description\" content=\"Las Cuatro Torres poco antes del amanecer. Se encuentran en lo que fuera la Ciudad Deportiva del Real Madrid y se prestan para hacer postales fotogr\u00e1ficas\" \/>\n<meta property=\"og:url\" content=\"https:\/\/www.fotografo-profesional.net\/diario\/2018\/09\/23\/postales-fotograficas-de-madrid\/\" \/>\n<meta property=\"og:site_name\" content=\"Luis Miguel del Campo\" \/>\n<meta property=\"article:published_time\" content=\"2018-09-23T10:14:03+00:00\" \/>\n<meta property=\"article:modified_time\" content=\"2020-04-20T10:35:18+00:00\" \/>\n<meta property=\"og:image\" content=\"https:\/\/www.fotografo-profesional.net\/diario\/wp-content\/uploads\/2018\/09\/Las-Cuatro-Torres-por-fot\u00f3grafo-profesional-en-Madrid.jpg\" \/>\n\t<meta property=\"og:image:width\" content=\"600\" \/>\n\t<meta property=\"og:image:height\" content=\"400\" \/>\n\t<meta property=\"og:image:type\" content=\"image\/jpeg\" \/>\n<meta name=\"author\" content=\"Luis Miguel del Campo\" \/>\n<meta name=\"twitter:card\" content=\"summary_large_image\" \/>\n<meta name=\"twitter:label1\" content=\"Escrito por\" \/>\n\t<meta name=\"twitter:data1\" content=\"Luis Miguel del Campo\" \/>\n\t<meta name=\"twitter:label2\" content=\"Tiempo de lectura\" \/>\n\t<meta name=\"twitter:data2\" content=\"2 minutos\" \/>\n<script type=\"application\/ld+json\" class=\"yoast-schema-graph\">{\"@context\":\"https:\/\/schema.org\",\"@graph\":[{\"@type\":\"WebPage\",\"@id\":\"https:\/\/www.fotografo-profesional.net\/diario\/2018\/09\/23\/postales-fotograficas-de-madrid\/\",\"url\":\"https:\/\/www.fotografo-profesional.net\/diario\/2018\/09\/23\/postales-fotograficas-de-madrid\/\",\"name\":\"Postales fotogr\u00e1ficas de Madrid - Luis Miguel del Campo\",\"isPartOf\":{\"@id\":\"https:\/\/www.fotografo-profesional.net\/diario\/#website\"},\"datePublished\":\"2018-09-23T10:14:03+00:00\",\"dateModified\":\"2020-04-20T10:35:18+00:00\",\"author\":{\"@id\":\"https:\/\/www.fotografo-profesional.net\/diario\/#\/schema\/person\/220504871d765b4c30a0af1d2fe93533\"},\"description\":\"Las Cuatro Torres poco antes del amanecer. Se encuentran en lo que fuera la Ciudad Deportiva del Real Madrid y se prestan para hacer postales fotogr\u00e1ficas\",\"breadcrumb\":{\"@id\":\"https:\/\/www.fotografo-profesional.net\/diario\/2018\/09\/23\/postales-fotograficas-de-madrid\/#breadcrumb\"},\"inLanguage\":\"es\",\"potentialAction\":[{\"@type\":\"ReadAction\",\"target\":[\"https:\/\/www.fotografo-profesional.net\/diario\/2018\/09\/23\/postales-fotograficas-de-madrid\/\"]}]},{\"@type\":\"BreadcrumbList\",\"@id\":\"https:\/\/www.fotografo-profesional.net\/diario\/2018\/09\/23\/postales-fotograficas-de-madrid\/#breadcrumb\",\"itemListElement\":[{\"@type\":\"ListItem\",\"position\":1,\"name\":\"Inicio\",\"item\":\"https:\/\/www.fotografo-profesional.net\/diario\/\"},{\"@type\":\"ListItem\",\"position\":2,\"name\":\"Postales fotogr\u00e1ficas de Madrid\"}]},{\"@type\":\"WebSite\",\"@id\":\"https:\/\/www.fotografo-profesional.net\/diario\/#website\",\"url\":\"https:\/\/www.fotografo-profesional.net\/diario\/\",\"name\":\"Luis Miguel del Campo\",\"description\":\"Blog de un fot\u00f3grafo profesional\",\"potentialAction\":[{\"@type\":\"SearchAction\",\"target\":{\"@type\":\"EntryPoint\",\"urlTemplate\":\"https:\/\/www.fotografo-profesional.net\/diario\/?s={search_term_string}\"},\"query-input\":\"required name=search_term_string\"}],\"inLanguage\":\"es\"},{\"@type\":\"Person\",\"@id\":\"https:\/\/www.fotografo-profesional.net\/diario\/#\/schema\/person\/220504871d765b4c30a0af1d2fe93533\",\"name\":\"Luis Miguel del Campo\",\"image\":{\"@type\":\"ImageObject\",\"inLanguage\":\"es\",\"@id\":\"https:\/\/www.fotografo-profesional.net\/diario\/#\/schema\/person\/image\/\",\"url\":\"https:\/\/secure.gravatar.com\/avatar\/84bb1120095136de86f122a882a42d61?s=96&d=mm&r=g\",\"contentUrl\":\"https:\/\/secure.gravatar.com\/avatar\/84bb1120095136de86f122a882a42d61?s=96&d=mm&r=g\",\"caption\":\"Luis Miguel del Campo\"},\"url\":\"https:\/\/www.fotografo-profesional.net\/diario\/author\/admin_lmdc\/\"}]}<\/script>\n<!-- \/ Yoast SEO plugin. -->","yoast_head_json":{"title":"Postales fotogr\u00e1ficas de Madrid - Luis Miguel del Campo","description":"Las Cuatro Torres poco antes del amanecer. Se encuentran en lo que fuera la Ciudad Deportiva del Real Madrid y se prestan para hacer postales fotogr\u00e1ficas","robots":{"index":"index","follow":"follow","max-snippet":"max-snippet:-1","max-image-preview":"max-image-preview:large","max-video-preview":"max-video-preview:-1"},"canonical":"https:\/\/www.fotografo-profesional.net\/diario\/2018\/09\/23\/postales-fotograficas-de-madrid\/","og_locale":"es_ES","og_type":"article","og_title":"Postales fotogr\u00e1ficas de Madrid - Luis Miguel del Campo","og_description":"Las Cuatro Torres poco antes del amanecer. Se encuentran en lo que fuera la Ciudad Deportiva del Real Madrid y se prestan para hacer postales fotogr\u00e1ficas","og_url":"https:\/\/www.fotografo-profesional.net\/diario\/2018\/09\/23\/postales-fotograficas-de-madrid\/","og_site_name":"Luis Miguel del Campo","article_published_time":"2018-09-23T10:14:03+00:00","article_modified_time":"2020-04-20T10:35:18+00:00","og_image":[{"width":600,"height":400,"url":"https:\/\/www.fotografo-profesional.net\/diario\/wp-content\/uploads\/2018\/09\/Las-Cuatro-Torres-por-fot\u00f3grafo-profesional-en-Madrid.jpg","type":"image\/jpeg"}],"author":"Luis Miguel del Campo","twitter_card":"summary_large_image","twitter_misc":{"Escrito por":"Luis Miguel del Campo","Tiempo de lectura":"2 minutos"},"schema":{"@context":"https:\/\/schema.org","@graph":[{"@type":"WebPage","@id":"https:\/\/www.fotografo-profesional.net\/diario\/2018\/09\/23\/postales-fotograficas-de-madrid\/","url":"https:\/\/www.fotografo-profesional.net\/diario\/2018\/09\/23\/postales-fotograficas-de-madrid\/","name":"Postales fotogr\u00e1ficas de Madrid - Luis Miguel del Campo","isPartOf":{"@id":"https:\/\/www.fotografo-profesional.net\/diario\/#website"},"datePublished":"2018-09-23T10:14:03+00:00","dateModified":"2020-04-20T10:35:18+00:00","author":{"@id":"https:\/\/www.fotografo-profesional.net\/diario\/#\/schema\/person\/220504871d765b4c30a0af1d2fe93533"},"description":"Las Cuatro Torres poco antes del amanecer. Se encuentran en lo que fuera la Ciudad Deportiva del Real Madrid y se prestan para hacer postales fotogr\u00e1ficas","breadcrumb":{"@id":"https:\/\/www.fotografo-profesional.net\/diario\/2018\/09\/23\/postales-fotograficas-de-madrid\/#breadcrumb"},"inLanguage":"es","potentialAction":[{"@type":"ReadAction","target":["https:\/\/www.fotografo-profesional.net\/diario\/2018\/09\/23\/postales-fotograficas-de-madrid\/"]}]},{"@type":"BreadcrumbList","@id":"https:\/\/www.fotografo-profesional.net\/diario\/2018\/09\/23\/postales-fotograficas-de-madrid\/#breadcrumb","itemListElement":[{"@type":"ListItem","position":1,"name":"Inicio","item":"https:\/\/www.fotografo-profesional.net\/diario\/"},{"@type":"ListItem","position":2,"name":"Postales fotogr\u00e1ficas de Madrid"}]},{"@type":"WebSite","@id":"https:\/\/www.fotografo-profesional.net\/diario\/#website","url":"https:\/\/www.fotografo-profesional.net\/diario\/","name":"Luis Miguel del Campo","description":"Blog de un fot\u00f3grafo profesional","potentialAction":[{"@type":"SearchAction","target":{"@type":"EntryPoint","urlTemplate":"https:\/\/www.fotografo-profesional.net\/diario\/?s={search_term_string}"},"query-input":"required name=search_term_string"}],"inLanguage":"es"},{"@type":"Person","@id":"https:\/\/www.fotografo-profesional.net\/diario\/#\/schema\/person\/220504871d765b4c30a0af1d2fe93533","name":"Luis Miguel del Campo","image":{"@type":"ImageObject","inLanguage":"es","@id":"https:\/\/www.fotografo-profesional.net\/diario\/#\/schema\/person\/image\/","url":"https:\/\/secure.gravatar.com\/avatar\/84bb1120095136de86f122a882a42d61?s=96&d=mm&r=g","contentUrl":"https:\/\/secure.gravatar.com\/avatar\/84bb1120095136de86f122a882a42d61?s=96&d=mm&r=g","caption":"Luis Miguel del Campo"},"url":"https:\/\/www.fotografo-profesional.net\/diario\/author\/admin_lmdc\/"}]}},"_links":{"self":[{"href":"https:\/\/www.fotografo-profesional.net\/diario\/wp-json\/wp\/v2\/posts\/226"}],"collection":[{"href":"https:\/\/www.fotografo-profesional.net\/diario\/wp-json\/wp\/v2\/posts"}],"about":[{"href":"https:\/\/www.fotografo-profesional.net\/diario\/wp-json\/wp\/v2\/types\/post"}],"author":[{"embeddable":true,"href":"https:\/\/www.fotografo-profesional.net\/diario\/wp-json\/wp\/v2\/users\/2"}],"replies":[{"embeddable":true,"href":"https:\/\/www.fotografo-profesional.net\/diario\/wp-json\/wp\/v2\/comments?post=226"}],"version-history":[{"count":8,"href":"https:\/\/www.fotografo-profesional.net\/diario\/wp-json\/wp\/v2\/posts\/226\/revisions"}],"predecessor-version":[{"id":1738,"href":"https:\/\/www.fotografo-profesional.net\/diario\/wp-json\/wp\/v2\/posts\/226\/revisions\/1738"}],"wp:featuredmedia":[{"embeddable":true,"href":"https:\/\/www.fotografo-profesional.net\/diario\/wp-json\/wp\/v2\/media\/229"}],"wp:attachment":[{"href":"https:\/\/www.fotografo-profesional.net\/diario\/wp-json\/wp\/v2\/media?parent=226"}],"wp:term":[{"taxonomy":"category","embeddable":true,"href":"https:\/\/www.fotografo-profesional.net\/diario\/wp-json\/wp\/v2\/categories?post=226"},{"taxonomy":"post_tag","embeddable":true,"href":"https:\/\/www.fotografo-profesional.net\/diario\/wp-json\/wp\/v2\/tags?post=226"}],"curies":[{"name":"wp","href":"https:\/\/api.w.org\/{rel}","templated":true}]}}