{"id":2305,"date":"2020-10-06T10:02:02","date_gmt":"2020-10-06T08:02:02","guid":{"rendered":"https:\/\/www.fotografo-profesional.net\/diario\/?p=2305"},"modified":"2020-11-02T21:21:25","modified_gmt":"2020-11-02T20:21:25","slug":"attica-en-la-ruta-del-bakalao","status":"publish","type":"post","link":"https:\/\/www.fotografo-profesional.net\/diario\/2020\/10\/06\/attica-en-la-ruta-del-bakalao\/","title":{"rendered":"Attica en la Ruta del Bakalao"},"content":{"rendered":"<p><img decoding=\"async\" class=\"alignnone size-full wp-image-2313\" src=\"https:\/\/www.fotografo-profesional.net\/diario\/wp-content\/uploads\/2020\/10\/Fot\u00f3grafo-profesional-en-Madrid-LMC-0132.jpg\" alt=\"Attica, templo madrile\u00f1o del Acid house\" width=\"700\" height=\"270\" srcset=\"https:\/\/www.fotografo-profesional.net\/diario\/wp-content\/uploads\/2020\/10\/Fot\u00f3grafo-profesional-en-Madrid-LMC-0132.jpg 700w, https:\/\/www.fotografo-profesional.net\/diario\/wp-content\/uploads\/2020\/10\/Fot\u00f3grafo-profesional-en-Madrid-LMC-0132-300x116.jpg 300w\" sizes=\"(max-width: 700px) 100vw, 700px\" \/><\/p>\n<h4>Madrid preol\u00edmpica (0084). Distrito de Barajas.<\/h4>\n<p>Puede haber quien piense que el <strong>Attica<\/strong> del titular se refiere a la Tetr\u00e1polis \u00e1tica de la Grecia de Teseo, lo que sorprender\u00e1 al verla relacionada con el bacalao. O quien la relacione con la prisi\u00f3n estadounidense que cobrar\u00eda notoriedad por el mot\u00edn producido en ella en 1971.<\/p>\n<p>Sin embargo, el Attica del que vamos a hablar es el famoso local nocturno que hubo justo al l\u00edmite del municipio de Madrid. Estaba en el barrio de Rejas, en el distrito de Barajas, pegado a la imaginaria l\u00ednea que separar\u00eda el t\u00e9rmino municipal de la ciudad de Madrid con el de San Fernando de Henares. Su importancia en la vida social de las noches de la capital es lo que me ha hecho incluirla entre los <a href=\"https:\/\/www.fotografo-profesional.net\/diario\/2020\/08\/25\/fotografo-por-la-ciudad-de-los-angeles-de-madrid\/\"><span style=\"color: #0000ff;\"><em>recuerdos de Madrid preol\u00edmpica<\/em><\/span><\/a>.<\/p>\n<p>Esta discoteca fue uno de los lugares nocturnos m\u00e1s concurridos de Madrid durante las noches de finales de la d\u00e9cada de 1980 y principios de la de 1990. Surgi\u00f3 en el momento en que la m\u00fasica<strong> Acid House<\/strong> estaba en boga, llegando a convertirse en paso obligado para aquellos que cada fin de semana peregrinaban de discoteca en discoteca, sin descanso hasta el lunes, en lo que se denomin\u00f3 <strong>\u201cLa Ruta del Bakalao\u201d<\/strong>.<\/p>\n<p>Esta ruta, en su sentido m\u00e1s estricto, era la que llevaba desde todos los puntos de la pen\u00ednsula hasta la ciudad de Valencia, capital del ocio nocturno durante aquellos a\u00f1os.<\/p>\n<p>Attica ten\u00eda dos plantas. En El Infierno, planta baja, se pinchaba la m\u00fasica techno m\u00e1s vanguardista; mientras que en El Cielo, planta superior, sonaba \u201c<strong>Flower-Power<\/strong>\u201d. El aparcamiento tambi\u00e9n sol\u00eda estar muy concurrido y animado.<\/p>\n<p>Siendo un rockero desde que tengo uso de raz\u00f3n, he de reconocer que m\u00e1s de cuatro veces la frecuent\u00e9 hasta latas horas de la madrugada. A finales de la d\u00e9cada de 1980 todav\u00eda no era fot\u00f3grafo profesional, pero le hac\u00eda los videoclips a un grupo de m\u00fasica electr\u00f3nica cuyos componentes eran amiguetes. La Noche har\u00eda el resto.<\/p>\n<h4>Datos complementarios<\/h4>\n<p>La fotograf\u00eda de Attica de este art\u00edculo la tom\u00e9 pocos d\u00edas despu\u00e9s de los tan triste c\u00e9lebres atentados terroristas del 11 de marzo de 2004, perpetrados en varias estaciones de la l\u00ednea ferroviaria de cercan\u00edas entre Guadalajara y la estaci\u00f3n de Atocha de Madrid.\u00a0 \u00a0 \u00a0 \u00a0 \u00a0 \u00a0 \u00a0 \u00a0 \u00a0 \u00a0 \u00a0 \u00a0 \u00a0 \u00a0 \u00a0 En aquel momento ya llevaba m\u00e1s de diez a\u00f1os siendo fot\u00f3grafo profesional, aunque no ser\u00eda hasta 2008 cuando empec\u00e9 a <a href=\"https:\/\/www.fotografo-profesional.net\"><span style=\"color: #0000ff;\"><em>trabajar por cuenta propia<\/em><\/span><\/a>.<\/p>\n<p>Attica fue demolida en julio de 2018.<\/p>\n","protected":false},"excerpt":{"rendered":"<p>Madrid preol\u00edmpica (0084). Distrito de Barajas. Puede haber quien piense que el Attica del titular se refiere a la Tetr\u00e1polis \u00e1tica de la Grecia de Teseo, lo que sorprender\u00e1 al verla relacionada con el bacalao. O quien la relacione con la prisi\u00f3n estadounidense que cobrar\u00eda notoriedad por el mot\u00edn producido en ella en 1971. Sin [&hellip;]<\/p>\n","protected":false},"author":2,"featured_media":2313,"comment_status":"closed","ping_status":"open","sticky":false,"template":"","format":"standard","meta":[],"categories":[48,173,406,172,207,215,116],"tags":[610,609,612,110,99,348,284,338,170,452,611],"yoast_head":"<!-- This site is optimized with the Yoast SEO plugin v20.8 - https:\/\/yoast.com\/wordpress\/plugins\/seo\/ -->\n<title>Attica en la Ruta del Bakalao - Luis Miguel del Campo<\/title>\n<meta name=\"description\" content=\"Attica fue una discoteca muy frecuentada de la Comunidad de Madrid desde finales de 1980 a principios de 1990. Era parada obligada en La Ruta del Bakalao\" \/>\n<meta name=\"robots\" content=\"index, follow, max-snippet:-1, max-image-preview:large, max-video-preview:-1\" \/>\n<link rel=\"canonical\" href=\"https:\/\/www.fotografo-profesional.net\/diario\/2020\/10\/06\/attica-en-la-ruta-del-bakalao\/\" \/>\n<meta property=\"og:locale\" content=\"es_ES\" \/>\n<meta property=\"og:type\" content=\"article\" \/>\n<meta property=\"og:title\" content=\"Attica en la Ruta del Bakalao - Luis Miguel del Campo\" \/>\n<meta property=\"og:description\" content=\"Attica fue una discoteca muy frecuentada de la Comunidad de Madrid desde finales de 1980 a principios de 1990. Era parada obligada en La Ruta del Bakalao\" \/>\n<meta property=\"og:url\" content=\"https:\/\/www.fotografo-profesional.net\/diario\/2020\/10\/06\/attica-en-la-ruta-del-bakalao\/\" \/>\n<meta property=\"og:site_name\" content=\"Luis Miguel del Campo\" \/>\n<meta property=\"article:published_time\" content=\"2020-10-06T08:02:02+00:00\" \/>\n<meta property=\"article:modified_time\" content=\"2020-11-02T20:21:25+00:00\" \/>\n<meta property=\"og:image\" content=\"https:\/\/www.fotografo-profesional.net\/diario\/wp-content\/uploads\/2020\/10\/Fot\u00f3grafo-profesional-en-Madrid-LMC-0132.jpg\" \/>\n\t<meta property=\"og:image:width\" content=\"700\" \/>\n\t<meta property=\"og:image:height\" content=\"270\" \/>\n\t<meta property=\"og:image:type\" content=\"image\/jpeg\" \/>\n<meta name=\"author\" content=\"Luis Miguel del Campo\" \/>\n<meta name=\"twitter:card\" content=\"summary_large_image\" \/>\n<meta name=\"twitter:label1\" content=\"Escrito por\" \/>\n\t<meta name=\"twitter:data1\" content=\"Luis Miguel del Campo\" \/>\n\t<meta name=\"twitter:label2\" content=\"Tiempo de lectura\" \/>\n\t<meta name=\"twitter:data2\" content=\"2 minutos\" \/>\n<script type=\"application\/ld+json\" class=\"yoast-schema-graph\">{\"@context\":\"https:\/\/schema.org\",\"@graph\":[{\"@type\":\"WebPage\",\"@id\":\"https:\/\/www.fotografo-profesional.net\/diario\/2020\/10\/06\/attica-en-la-ruta-del-bakalao\/\",\"url\":\"https:\/\/www.fotografo-profesional.net\/diario\/2020\/10\/06\/attica-en-la-ruta-del-bakalao\/\",\"name\":\"Attica en la Ruta del Bakalao - Luis Miguel del Campo\",\"isPartOf\":{\"@id\":\"https:\/\/www.fotografo-profesional.net\/diario\/#website\"},\"datePublished\":\"2020-10-06T08:02:02+00:00\",\"dateModified\":\"2020-11-02T20:21:25+00:00\",\"author\":{\"@id\":\"https:\/\/www.fotografo-profesional.net\/diario\/#\/schema\/person\/220504871d765b4c30a0af1d2fe93533\"},\"description\":\"Attica fue una discoteca muy frecuentada de la Comunidad de Madrid desde finales de 1980 a principios de 1990. Era parada obligada en La Ruta del Bakalao\",\"breadcrumb\":{\"@id\":\"https:\/\/www.fotografo-profesional.net\/diario\/2020\/10\/06\/attica-en-la-ruta-del-bakalao\/#breadcrumb\"},\"inLanguage\":\"es\",\"potentialAction\":[{\"@type\":\"ReadAction\",\"target\":[\"https:\/\/www.fotografo-profesional.net\/diario\/2020\/10\/06\/attica-en-la-ruta-del-bakalao\/\"]}]},{\"@type\":\"BreadcrumbList\",\"@id\":\"https:\/\/www.fotografo-profesional.net\/diario\/2020\/10\/06\/attica-en-la-ruta-del-bakalao\/#breadcrumb\",\"itemListElement\":[{\"@type\":\"ListItem\",\"position\":1,\"name\":\"Inicio\",\"item\":\"https:\/\/www.fotografo-profesional.net\/diario\/\"},{\"@type\":\"ListItem\",\"position\":2,\"name\":\"Attica en la Ruta del Bakalao\"}]},{\"@type\":\"WebSite\",\"@id\":\"https:\/\/www.fotografo-profesional.net\/diario\/#website\",\"url\":\"https:\/\/www.fotografo-profesional.net\/diario\/\",\"name\":\"Luis Miguel del Campo\",\"description\":\"Blog de un fot\u00f3grafo profesional\",\"potentialAction\":[{\"@type\":\"SearchAction\",\"target\":{\"@type\":\"EntryPoint\",\"urlTemplate\":\"https:\/\/www.fotografo-profesional.net\/diario\/?s={search_term_string}\"},\"query-input\":\"required name=search_term_string\"}],\"inLanguage\":\"es\"},{\"@type\":\"Person\",\"@id\":\"https:\/\/www.fotografo-profesional.net\/diario\/#\/schema\/person\/220504871d765b4c30a0af1d2fe93533\",\"name\":\"Luis Miguel del Campo\",\"image\":{\"@type\":\"ImageObject\",\"inLanguage\":\"es\",\"@id\":\"https:\/\/www.fotografo-profesional.net\/diario\/#\/schema\/person\/image\/\",\"url\":\"https:\/\/secure.gravatar.com\/avatar\/84bb1120095136de86f122a882a42d61?s=96&d=mm&r=g\",\"contentUrl\":\"https:\/\/secure.gravatar.com\/avatar\/84bb1120095136de86f122a882a42d61?s=96&d=mm&r=g\",\"caption\":\"Luis Miguel del Campo\"},\"url\":\"https:\/\/www.fotografo-profesional.net\/diario\/author\/admin_lmdc\/\"}]}<\/script>\n<!-- \/ Yoast SEO plugin. -->","yoast_head_json":{"title":"Attica en la Ruta del Bakalao - Luis Miguel del Campo","description":"Attica fue una discoteca muy frecuentada de la Comunidad de Madrid desde finales de 1980 a principios de 1990. Era parada obligada en La Ruta del Bakalao","robots":{"index":"index","follow":"follow","max-snippet":"max-snippet:-1","max-image-preview":"max-image-preview:large","max-video-preview":"max-video-preview:-1"},"canonical":"https:\/\/www.fotografo-profesional.net\/diario\/2020\/10\/06\/attica-en-la-ruta-del-bakalao\/","og_locale":"es_ES","og_type":"article","og_title":"Attica en la Ruta del Bakalao - Luis Miguel del Campo","og_description":"Attica fue una discoteca muy frecuentada de la Comunidad de Madrid desde finales de 1980 a principios de 1990. Era parada obligada en La Ruta del Bakalao","og_url":"https:\/\/www.fotografo-profesional.net\/diario\/2020\/10\/06\/attica-en-la-ruta-del-bakalao\/","og_site_name":"Luis Miguel del Campo","article_published_time":"2020-10-06T08:02:02+00:00","article_modified_time":"2020-11-02T20:21:25+00:00","og_image":[{"width":700,"height":270,"url":"https:\/\/www.fotografo-profesional.net\/diario\/wp-content\/uploads\/2020\/10\/Fot\u00f3grafo-profesional-en-Madrid-LMC-0132.jpg","type":"image\/jpeg"}],"author":"Luis Miguel del Campo","twitter_card":"summary_large_image","twitter_misc":{"Escrito por":"Luis Miguel del Campo","Tiempo de lectura":"2 minutos"},"schema":{"@context":"https:\/\/schema.org","@graph":[{"@type":"WebPage","@id":"https:\/\/www.fotografo-profesional.net\/diario\/2020\/10\/06\/attica-en-la-ruta-del-bakalao\/","url":"https:\/\/www.fotografo-profesional.net\/diario\/2020\/10\/06\/attica-en-la-ruta-del-bakalao\/","name":"Attica en la Ruta del Bakalao - Luis Miguel del Campo","isPartOf":{"@id":"https:\/\/www.fotografo-profesional.net\/diario\/#website"},"datePublished":"2020-10-06T08:02:02+00:00","dateModified":"2020-11-02T20:21:25+00:00","author":{"@id":"https:\/\/www.fotografo-profesional.net\/diario\/#\/schema\/person\/220504871d765b4c30a0af1d2fe93533"},"description":"Attica fue una discoteca muy frecuentada de la Comunidad de Madrid desde finales de 1980 a principios de 1990. Era parada obligada en La Ruta del Bakalao","breadcrumb":{"@id":"https:\/\/www.fotografo-profesional.net\/diario\/2020\/10\/06\/attica-en-la-ruta-del-bakalao\/#breadcrumb"},"inLanguage":"es","potentialAction":[{"@type":"ReadAction","target":["https:\/\/www.fotografo-profesional.net\/diario\/2020\/10\/06\/attica-en-la-ruta-del-bakalao\/"]}]},{"@type":"BreadcrumbList","@id":"https:\/\/www.fotografo-profesional.net\/diario\/2020\/10\/06\/attica-en-la-ruta-del-bakalao\/#breadcrumb","itemListElement":[{"@type":"ListItem","position":1,"name":"Inicio","item":"https:\/\/www.fotografo-profesional.net\/diario\/"},{"@type":"ListItem","position":2,"name":"Attica en la Ruta del Bakalao"}]},{"@type":"WebSite","@id":"https:\/\/www.fotografo-profesional.net\/diario\/#website","url":"https:\/\/www.fotografo-profesional.net\/diario\/","name":"Luis Miguel del Campo","description":"Blog de un fot\u00f3grafo profesional","potentialAction":[{"@type":"SearchAction","target":{"@type":"EntryPoint","urlTemplate":"https:\/\/www.fotografo-profesional.net\/diario\/?s={search_term_string}"},"query-input":"required name=search_term_string"}],"inLanguage":"es"},{"@type":"Person","@id":"https:\/\/www.fotografo-profesional.net\/diario\/#\/schema\/person\/220504871d765b4c30a0af1d2fe93533","name":"Luis Miguel del Campo","image":{"@type":"ImageObject","inLanguage":"es","@id":"https:\/\/www.fotografo-profesional.net\/diario\/#\/schema\/person\/image\/","url":"https:\/\/secure.gravatar.com\/avatar\/84bb1120095136de86f122a882a42d61?s=96&d=mm&r=g","contentUrl":"https:\/\/secure.gravatar.com\/avatar\/84bb1120095136de86f122a882a42d61?s=96&d=mm&r=g","caption":"Luis Miguel del Campo"},"url":"https:\/\/www.fotografo-profesional.net\/diario\/author\/admin_lmdc\/"}]}},"_links":{"self":[{"href":"https:\/\/www.fotografo-profesional.net\/diario\/wp-json\/wp\/v2\/posts\/2305"}],"collection":[{"href":"https:\/\/www.fotografo-profesional.net\/diario\/wp-json\/wp\/v2\/posts"}],"about":[{"href":"https:\/\/www.fotografo-profesional.net\/diario\/wp-json\/wp\/v2\/types\/post"}],"author":[{"embeddable":true,"href":"https:\/\/www.fotografo-profesional.net\/diario\/wp-json\/wp\/v2\/users\/2"}],"replies":[{"embeddable":true,"href":"https:\/\/www.fotografo-profesional.net\/diario\/wp-json\/wp\/v2\/comments?post=2305"}],"version-history":[{"count":7,"href":"https:\/\/www.fotografo-profesional.net\/diario\/wp-json\/wp\/v2\/posts\/2305\/revisions"}],"predecessor-version":[{"id":2370,"href":"https:\/\/www.fotografo-profesional.net\/diario\/wp-json\/wp\/v2\/posts\/2305\/revisions\/2370"}],"wp:featuredmedia":[{"embeddable":true,"href":"https:\/\/www.fotografo-profesional.net\/diario\/wp-json\/wp\/v2\/media\/2313"}],"wp:attachment":[{"href":"https:\/\/www.fotografo-profesional.net\/diario\/wp-json\/wp\/v2\/media?parent=2305"}],"wp:term":[{"taxonomy":"category","embeddable":true,"href":"https:\/\/www.fotografo-profesional.net\/diario\/wp-json\/wp\/v2\/categories?post=2305"},{"taxonomy":"post_tag","embeddable":true,"href":"https:\/\/www.fotografo-profesional.net\/diario\/wp-json\/wp\/v2\/tags?post=2305"}],"curies":[{"name":"wp","href":"https:\/\/api.w.org\/{rel}","templated":true}]}}