{"id":2350,"date":"2020-10-30T22:02:02","date_gmt":"2020-10-30T21:02:02","guid":{"rendered":"https:\/\/www.fotografo-profesional.net\/diario\/?p=2350"},"modified":"2020-10-30T22:02:02","modified_gmt":"2020-10-30T21:02:02","slug":"incluir-a-un-fotografo-en-vuestra-lista-de-boda","status":"publish","type":"post","link":"https:\/\/www.fotografo-profesional.net\/diario\/2020\/10\/30\/incluir-a-un-fotografo-en-vuestra-lista-de-boda\/","title":{"rendered":"Incluir a un fot\u00f3grafo en vuestra lista de boda"},"content":{"rendered":"<p><img decoding=\"async\" class=\"size-full wp-image-2363 aligncenter\" src=\"https:\/\/www.fotografo-profesional.net\/diario\/wp-content\/uploads\/2020\/10\/Fot\u00f3grafo-profesional-en-Madrid-LMC-0137.jpg\" alt=\"Fot\u00f3grafo en lista de boda\" width=\"600\" height=\"400\" srcset=\"https:\/\/www.fotografo-profesional.net\/diario\/wp-content\/uploads\/2020\/10\/Fot\u00f3grafo-profesional-en-Madrid-LMC-0137.jpg 600w, https:\/\/www.fotografo-profesional.net\/diario\/wp-content\/uploads\/2020\/10\/Fot\u00f3grafo-profesional-en-Madrid-LMC-0137-300x200.jpg 300w\" sizes=\"(max-width: 600px) 100vw, 600px\" \/><\/p>\n<p>Incluyendo a un fot\u00f3grafo en vuestra lista de boda solo vais a tener ventajas. Por un lado, os vais a quitar de enmedio al t\u00edpico cu\u00f1ao de todas las familias que tiene una c\u00e1mara estupenda y que se ofrece a haceros el reportaje de vuestra boda como regalo.<\/p>\n<p>Espero que teng\u00e1is claro que deb\u00e9is contratar a un fot\u00f3grafo profesional para que inmortalice vuestro enlace matrimonial; si no, mal empezamos. Sobre todo si es una <a href=\"https:\/\/www.fotografo-profesional.net\/diario\/2018\/08\/09\/reportaje-de-boda-religiosa\/\"><span style=\"color: #0000ff;\"><em>ceremonia religiosa<\/em><\/span><\/a>.<\/p>\n<p>Un cu\u00f1ao en cualquier <a href=\"https:\/\/www.fotografo-profesional.net\/diario\/2019\/07\/15\/fotografia-de-bodas-en-fincas\/\"><span style=\"color: #0000ff;\"><em>otro tipo de ceremonia<\/em><\/span><\/a> puede salir medio airoso, pero si es religiosa se cae con todo el equipo seguro. Por muy top que sea la c\u00e1mara que tiene (el primer dogma que fot\u00f3grafo cu\u00f1ao tiene por irrefutable es que las buenas fotos las hacen los que tienen las mejores c\u00e1maras. No valoran ni el conocimiento ni la experiencia ni el oficio de los fot\u00f3grafos profesionales de boda. Menos si se trata de un fot\u00f3grafo de bodas barato\u2026<\/p>\n<p>El que incluy\u00e1is el reportaje de un fot\u00f3grafo profesional en vuestra lista de boda tambi\u00e9n favorece que varios invitados cambien su sobre con dinero en efectivo por un regalo m\u00e1s pr\u00e1ctico. Van a quedar m\u00e1s satisfechos con su regalo sin tener que romperse demasiado la cabeza. Adem\u00e1s, como al fot\u00f3grafo lo vais a elegir vosotros <a href=\"https:\/\/www.fotografo-profesional.net\/portfolio\/fotografia-de-bodas\/\"><span style=\"color: #0000ff;\"><em>e l resultado de su trabajo<\/em><\/span><\/a> va a ser af\u00edn a vuestros gustos.<\/p>\n<p>Eligiendo un <a href=\"https:\/\/www.fotografo-profesional.net\/diario\/2019\/12\/13\/fotografo-de-bodas-a-buen-precio\/\"><em>fot\u00f3grafo de bodas barato<\/em><\/a> del que hay\u00e1is contrastado la calidad de su trabajo, por supuesto, seguramente haya alg\u00fan invitado que pague entero el reportaje. Quiz\u00e1 vuestro cu\u00f1ao se anime\u2026<\/p>\n<p>Y hasta podr\u00e9is incluir un mayor n\u00famero de regalos en vuestra lista de boda.<\/p>\n<p>Creo que os he expuesto unos cuantos motivos por los que deb\u00e9is incluir un fot\u00f3grafo en vuestra lista de boda. Si os han parecido pocas, hay m\u00e1s razones; pero esas las expondr\u00e9 otro d\u00eda.<\/p>\n","protected":false},"excerpt":{"rendered":"<p>Incluyendo a un fot\u00f3grafo en vuestra lista de boda solo vais a tener ventajas. Por un lado, os vais a quitar de enmedio al t\u00edpico cu\u00f1ao de todas las familias que tiene una c\u00e1mara estupenda y que se ofrece a haceros el reportaje de vuestra boda como regalo. Espero que teng\u00e1is claro que deb\u00e9is contratar [&hellip;]<\/p>\n","protected":false},"author":2,"featured_media":2363,"comment_status":"closed","ping_status":"open","sticky":false,"template":"","format":"standard","meta":[],"categories":[175,254,16,15,171,255,406,172,207],"tags":[464,290,604,486,524,99,348,513,625,494,284,626,338,403,314],"yoast_head":"<!-- This site is optimized with the Yoast SEO plugin v20.8 - https:\/\/yoast.com\/wordpress\/plugins\/seo\/ -->\n<title>Incluir a un fot\u00f3grafo en vuestra lista de boda - Luis Miguel del Campo<\/title>\n<meta name=\"description\" content=\"Deber\u00edais pensar seriamente el incluir un fot\u00f3grafo en vuestra lista de boda porque solo tien ventajas. Os lo explico a continuaci\u00f3n.\" \/>\n<meta name=\"robots\" content=\"index, follow, max-snippet:-1, max-image-preview:large, max-video-preview:-1\" \/>\n<link rel=\"canonical\" href=\"https:\/\/www.fotografo-profesional.net\/diario\/2020\/10\/30\/incluir-a-un-fotografo-en-vuestra-lista-de-boda\/\" \/>\n<meta property=\"og:locale\" content=\"es_ES\" \/>\n<meta property=\"og:type\" content=\"article\" \/>\n<meta property=\"og:title\" content=\"Incluir a un fot\u00f3grafo en vuestra lista de boda - Luis Miguel del Campo\" \/>\n<meta property=\"og:description\" content=\"Deber\u00edais pensar seriamente el incluir un fot\u00f3grafo en vuestra lista de boda porque solo tien ventajas. Os lo explico a continuaci\u00f3n.\" \/>\n<meta property=\"og:url\" content=\"https:\/\/www.fotografo-profesional.net\/diario\/2020\/10\/30\/incluir-a-un-fotografo-en-vuestra-lista-de-boda\/\" \/>\n<meta property=\"og:site_name\" content=\"Luis Miguel del Campo\" \/>\n<meta property=\"article:published_time\" content=\"2020-10-30T21:02:02+00:00\" \/>\n<meta property=\"og:image\" content=\"https:\/\/www.fotografo-profesional.net\/diario\/wp-content\/uploads\/2020\/10\/Fot\u00f3grafo-profesional-en-Madrid-LMC-0137.jpg\" \/>\n\t<meta property=\"og:image:width\" content=\"600\" \/>\n\t<meta property=\"og:image:height\" content=\"400\" \/>\n\t<meta property=\"og:image:type\" content=\"image\/jpeg\" \/>\n<meta name=\"author\" content=\"Luis Miguel del Campo\" \/>\n<meta name=\"twitter:card\" content=\"summary_large_image\" \/>\n<meta name=\"twitter:label1\" content=\"Escrito por\" \/>\n\t<meta name=\"twitter:data1\" content=\"Luis Miguel del Campo\" \/>\n\t<meta name=\"twitter:label2\" content=\"Tiempo de lectura\" \/>\n\t<meta name=\"twitter:data2\" content=\"2 minutos\" \/>\n<script type=\"application\/ld+json\" class=\"yoast-schema-graph\">{\"@context\":\"https:\/\/schema.org\",\"@graph\":[{\"@type\":\"WebPage\",\"@id\":\"https:\/\/www.fotografo-profesional.net\/diario\/2020\/10\/30\/incluir-a-un-fotografo-en-vuestra-lista-de-boda\/\",\"url\":\"https:\/\/www.fotografo-profesional.net\/diario\/2020\/10\/30\/incluir-a-un-fotografo-en-vuestra-lista-de-boda\/\",\"name\":\"Incluir a un fot\u00f3grafo en vuestra lista de boda - Luis Miguel del Campo\",\"isPartOf\":{\"@id\":\"https:\/\/www.fotografo-profesional.net\/diario\/#website\"},\"datePublished\":\"2020-10-30T21:02:02+00:00\",\"dateModified\":\"2020-10-30T21:02:02+00:00\",\"author\":{\"@id\":\"https:\/\/www.fotografo-profesional.net\/diario\/#\/schema\/person\/220504871d765b4c30a0af1d2fe93533\"},\"description\":\"Deber\u00edais pensar seriamente el incluir un fot\u00f3grafo en vuestra lista de boda porque solo tien ventajas. Os lo explico a continuaci\u00f3n.\",\"breadcrumb\":{\"@id\":\"https:\/\/www.fotografo-profesional.net\/diario\/2020\/10\/30\/incluir-a-un-fotografo-en-vuestra-lista-de-boda\/#breadcrumb\"},\"inLanguage\":\"es\",\"potentialAction\":[{\"@type\":\"ReadAction\",\"target\":[\"https:\/\/www.fotografo-profesional.net\/diario\/2020\/10\/30\/incluir-a-un-fotografo-en-vuestra-lista-de-boda\/\"]}]},{\"@type\":\"BreadcrumbList\",\"@id\":\"https:\/\/www.fotografo-profesional.net\/diario\/2020\/10\/30\/incluir-a-un-fotografo-en-vuestra-lista-de-boda\/#breadcrumb\",\"itemListElement\":[{\"@type\":\"ListItem\",\"position\":1,\"name\":\"Inicio\",\"item\":\"https:\/\/www.fotografo-profesional.net\/diario\/\"},{\"@type\":\"ListItem\",\"position\":2,\"name\":\"Incluir a un fot\u00f3grafo en vuestra lista de boda\"}]},{\"@type\":\"WebSite\",\"@id\":\"https:\/\/www.fotografo-profesional.net\/diario\/#website\",\"url\":\"https:\/\/www.fotografo-profesional.net\/diario\/\",\"name\":\"Luis Miguel del Campo\",\"description\":\"Blog de un fot\u00f3grafo profesional\",\"potentialAction\":[{\"@type\":\"SearchAction\",\"target\":{\"@type\":\"EntryPoint\",\"urlTemplate\":\"https:\/\/www.fotografo-profesional.net\/diario\/?s={search_term_string}\"},\"query-input\":\"required name=search_term_string\"}],\"inLanguage\":\"es\"},{\"@type\":\"Person\",\"@id\":\"https:\/\/www.fotografo-profesional.net\/diario\/#\/schema\/person\/220504871d765b4c30a0af1d2fe93533\",\"name\":\"Luis Miguel del Campo\",\"image\":{\"@type\":\"ImageObject\",\"inLanguage\":\"es\",\"@id\":\"https:\/\/www.fotografo-profesional.net\/diario\/#\/schema\/person\/image\/\",\"url\":\"https:\/\/secure.gravatar.com\/avatar\/84bb1120095136de86f122a882a42d61?s=96&d=mm&r=g\",\"contentUrl\":\"https:\/\/secure.gravatar.com\/avatar\/84bb1120095136de86f122a882a42d61?s=96&d=mm&r=g\",\"caption\":\"Luis Miguel del Campo\"},\"url\":\"https:\/\/www.fotografo-profesional.net\/diario\/author\/admin_lmdc\/\"}]}<\/script>\n<!-- \/ Yoast SEO plugin. -->","yoast_head_json":{"title":"Incluir a un fot\u00f3grafo en vuestra lista de boda - Luis Miguel del Campo","description":"Deber\u00edais pensar seriamente el incluir un fot\u00f3grafo en vuestra lista de boda porque solo tien ventajas. Os lo explico a continuaci\u00f3n.","robots":{"index":"index","follow":"follow","max-snippet":"max-snippet:-1","max-image-preview":"max-image-preview:large","max-video-preview":"max-video-preview:-1"},"canonical":"https:\/\/www.fotografo-profesional.net\/diario\/2020\/10\/30\/incluir-a-un-fotografo-en-vuestra-lista-de-boda\/","og_locale":"es_ES","og_type":"article","og_title":"Incluir a un fot\u00f3grafo en vuestra lista de boda - Luis Miguel del Campo","og_description":"Deber\u00edais pensar seriamente el incluir un fot\u00f3grafo en vuestra lista de boda porque solo tien ventajas. Os lo explico a continuaci\u00f3n.","og_url":"https:\/\/www.fotografo-profesional.net\/diario\/2020\/10\/30\/incluir-a-un-fotografo-en-vuestra-lista-de-boda\/","og_site_name":"Luis Miguel del Campo","article_published_time":"2020-10-30T21:02:02+00:00","og_image":[{"width":600,"height":400,"url":"https:\/\/www.fotografo-profesional.net\/diario\/wp-content\/uploads\/2020\/10\/Fot\u00f3grafo-profesional-en-Madrid-LMC-0137.jpg","type":"image\/jpeg"}],"author":"Luis Miguel del Campo","twitter_card":"summary_large_image","twitter_misc":{"Escrito por":"Luis Miguel del Campo","Tiempo de lectura":"2 minutos"},"schema":{"@context":"https:\/\/schema.org","@graph":[{"@type":"WebPage","@id":"https:\/\/www.fotografo-profesional.net\/diario\/2020\/10\/30\/incluir-a-un-fotografo-en-vuestra-lista-de-boda\/","url":"https:\/\/www.fotografo-profesional.net\/diario\/2020\/10\/30\/incluir-a-un-fotografo-en-vuestra-lista-de-boda\/","name":"Incluir a un fot\u00f3grafo en vuestra lista de boda - Luis Miguel del Campo","isPartOf":{"@id":"https:\/\/www.fotografo-profesional.net\/diario\/#website"},"datePublished":"2020-10-30T21:02:02+00:00","dateModified":"2020-10-30T21:02:02+00:00","author":{"@id":"https:\/\/www.fotografo-profesional.net\/diario\/#\/schema\/person\/220504871d765b4c30a0af1d2fe93533"},"description":"Deber\u00edais pensar seriamente el incluir un fot\u00f3grafo en vuestra lista de boda porque solo tien ventajas. Os lo explico a continuaci\u00f3n.","breadcrumb":{"@id":"https:\/\/www.fotografo-profesional.net\/diario\/2020\/10\/30\/incluir-a-un-fotografo-en-vuestra-lista-de-boda\/#breadcrumb"},"inLanguage":"es","potentialAction":[{"@type":"ReadAction","target":["https:\/\/www.fotografo-profesional.net\/diario\/2020\/10\/30\/incluir-a-un-fotografo-en-vuestra-lista-de-boda\/"]}]},{"@type":"BreadcrumbList","@id":"https:\/\/www.fotografo-profesional.net\/diario\/2020\/10\/30\/incluir-a-un-fotografo-en-vuestra-lista-de-boda\/#breadcrumb","itemListElement":[{"@type":"ListItem","position":1,"name":"Inicio","item":"https:\/\/www.fotografo-profesional.net\/diario\/"},{"@type":"ListItem","position":2,"name":"Incluir a un fot\u00f3grafo en vuestra lista de boda"}]},{"@type":"WebSite","@id":"https:\/\/www.fotografo-profesional.net\/diario\/#website","url":"https:\/\/www.fotografo-profesional.net\/diario\/","name":"Luis Miguel del Campo","description":"Blog de un fot\u00f3grafo profesional","potentialAction":[{"@type":"SearchAction","target":{"@type":"EntryPoint","urlTemplate":"https:\/\/www.fotografo-profesional.net\/diario\/?s={search_term_string}"},"query-input":"required name=search_term_string"}],"inLanguage":"es"},{"@type":"Person","@id":"https:\/\/www.fotografo-profesional.net\/diario\/#\/schema\/person\/220504871d765b4c30a0af1d2fe93533","name":"Luis Miguel del Campo","image":{"@type":"ImageObject","inLanguage":"es","@id":"https:\/\/www.fotografo-profesional.net\/diario\/#\/schema\/person\/image\/","url":"https:\/\/secure.gravatar.com\/avatar\/84bb1120095136de86f122a882a42d61?s=96&d=mm&r=g","contentUrl":"https:\/\/secure.gravatar.com\/avatar\/84bb1120095136de86f122a882a42d61?s=96&d=mm&r=g","caption":"Luis Miguel del Campo"},"url":"https:\/\/www.fotografo-profesional.net\/diario\/author\/admin_lmdc\/"}]}},"_links":{"self":[{"href":"https:\/\/www.fotografo-profesional.net\/diario\/wp-json\/wp\/v2\/posts\/2350"}],"collection":[{"href":"https:\/\/www.fotografo-profesional.net\/diario\/wp-json\/wp\/v2\/posts"}],"about":[{"href":"https:\/\/www.fotografo-profesional.net\/diario\/wp-json\/wp\/v2\/types\/post"}],"author":[{"embeddable":true,"href":"https:\/\/www.fotografo-profesional.net\/diario\/wp-json\/wp\/v2\/users\/2"}],"replies":[{"embeddable":true,"href":"https:\/\/www.fotografo-profesional.net\/diario\/wp-json\/wp\/v2\/comments?post=2350"}],"version-history":[{"count":2,"href":"https:\/\/www.fotografo-profesional.net\/diario\/wp-json\/wp\/v2\/posts\/2350\/revisions"}],"predecessor-version":[{"id":2364,"href":"https:\/\/www.fotografo-profesional.net\/diario\/wp-json\/wp\/v2\/posts\/2350\/revisions\/2364"}],"wp:featuredmedia":[{"embeddable":true,"href":"https:\/\/www.fotografo-profesional.net\/diario\/wp-json\/wp\/v2\/media\/2363"}],"wp:attachment":[{"href":"https:\/\/www.fotografo-profesional.net\/diario\/wp-json\/wp\/v2\/media?parent=2350"}],"wp:term":[{"taxonomy":"category","embeddable":true,"href":"https:\/\/www.fotografo-profesional.net\/diario\/wp-json\/wp\/v2\/categories?post=2350"},{"taxonomy":"post_tag","embeddable":true,"href":"https:\/\/www.fotografo-profesional.net\/diario\/wp-json\/wp\/v2\/tags?post=2350"}],"curies":[{"name":"wp","href":"https:\/\/api.w.org\/{rel}","templated":true}]}}