{"id":2388,"date":"2020-11-17T10:44:46","date_gmt":"2020-11-17T09:44:46","guid":{"rendered":"https:\/\/www.fotografo-profesional.net\/diario\/?p=2388"},"modified":"2021-01-08T21:19:58","modified_gmt":"2021-01-08T20:19:58","slug":"lorca-en-el-barrio-de-las-letras-de-madrid","status":"publish","type":"post","link":"https:\/\/www.fotografo-profesional.net\/diario\/2020\/11\/17\/lorca-en-el-barrio-de-las-letras-de-madrid\/","title":{"rendered":"Lorca en el Barrio de las Letras de Madrid"},"content":{"rendered":"\r\n<h4><img decoding=\"async\" class=\"size-full wp-image-2393 aligncenter\" src=\"https:\/\/www.fotografo-profesional.net\/diario\/wp-content\/uploads\/2020\/11\/Fotografo-profesional-en-Madrid-LMC-0142.jpg\" alt=\"Estatua de Lorca en Madrid\" width=\"600\" height=\"400\" srcset=\"https:\/\/www.fotografo-profesional.net\/diario\/wp-content\/uploads\/2020\/11\/Fotografo-profesional-en-Madrid-LMC-0142.jpg 600w, https:\/\/www.fotografo-profesional.net\/diario\/wp-content\/uploads\/2020\/11\/Fotografo-profesional-en-Madrid-LMC-0142-300x200.jpg 300w\" sizes=\"(max-width: 600px) 100vw, 600px\" \/><\/h4>\r\n<h4>Estampas de Madrid (0089)<\/h4>\r\n<p>Aunque desde no hace muchos a\u00f1os, hay una presencia del poeta Federico Garc\u00eda Lorca en el Barrio de las Letras de Madrid. Concretamente fue en el a\u00f1o 1996 cuando se traslado inaugur\u00f3 una estatua suya (creada diez a\u00f1os antes) en la que el granadino sostiene un p\u00e1jaro en la palma de sus manos.<\/p>\r\n<p>El monumento se encuentra en la muy animada y concurrida plaza de Santa Ana. Y a su alrededor siempre hay una gran concurrencia de turistas que quieren retratar a sus acompa\u00f1antes junto a la estatua de cuerpo entero de Lorca. Es una estampa del centro de Madrid muy repetida. Cada fot\u00f3grafo se acerca de una manera distinta, desde el simple turista de m\u00f3vil hasta el que lleva una c\u00e1mara y una actitud m\u00e1s profesional.<\/p>\r\n<p>Lo cierto es que el nombre oficial del conocido Barrio de las Letras madrile\u00f1o es el de Barrio de Cortes, por encontrarse all\u00ed tambi\u00e9n el Congreso. Pero se le conoce popularmente por el primero de ellos. La raz\u00f3n no es otra que haber sido la zona de Madrid que en el Siglo de Oro alberg\u00f3 la mayor\u00eda de corrales de comedias donde se representaban las obras de creadores de la talla de Lope de Vega o Calder\u00f3n de la Barca, quienes tambi\u00e9n viv\u00edan en el barrio. Cervantes tambi\u00e9n vivi\u00f3 en este barrio y, al igual que los anteriores, da nombre a una de sus calles.<\/p>\r\n<h4>Modernidad<\/h4>\r\n<p>Los motivos anteriores justifican plenamente el nombre popular por el que se conoce el barrio. Si bien hay calles dedicadas a escritores posteriores al Siglo de Oro espa\u00f1ol como son los casos de Echegaray y Morat\u00edn, Lorca es el autor m\u00e1s moderno del que hay presencia en sus calles. Tambi\u00e9n es el m\u00e1s conocido internacionalmente a nivel popular, lo que atrae al turismo extranjero a fotografiarse junto a su estatua. A su alrededor tambi\u00e9n se convocan actos de homenaje la fecha en que fue asesinado.<\/p>\r\n<p>La existencia en nuestros d\u00edas de dos teatros en el barrio, as\u00ed como de antiguas viviendas, <a href=\"https:\/\/www.fotografo-profesional.net\/diario\/2019\/06\/29\/casa-alberto-taberna-en-madrid-desde-1827\/\"><span style=\"color: #0000ff;\"><em>tabernas<\/em><\/span><\/a>, iglesias y conventos muy estimados y de gran veneraci\u00f3n por parte de los cat\u00f3licos hace que con frecuencia haya rodajes cinematogr\u00e1ficos aqu\u00ed. Tambi\u00e9n hay alg\u00fan que otro <a href=\"https:\/\/www.fotografo-profesional.net\"><span style=\"color: #0000ff;\"><em>fot\u00f3grafo profesional<\/em><\/span> <\/a>que lo elige como escenario para sus capturas.<\/p>\r\n","protected":false},"excerpt":{"rendered":"<p>Estampas de Madrid (0089) Aunque desde no hace muchos a\u00f1os, hay una presencia del poeta Federico Garc\u00eda Lorca en el Barrio de las Letras de Madrid. Concretamente fue en el a\u00f1o 1996 cuando se traslado inaugur\u00f3 una estatua suya (creada diez a\u00f1os antes) en la que el granadino sostiene un p\u00e1jaro en la palma de [&hellip;]<\/p>\n","protected":false},"author":2,"featured_media":2393,"comment_status":"closed","ping_status":"open","sticky":false,"template":"","format":"standard","meta":[],"categories":[209,48,45,406,172,207],"tags":[639,99,348,284,338,638,640,452],"yoast_head":"<!-- This site is optimized with the Yoast SEO plugin v20.8 - https:\/\/yoast.com\/wordpress\/plugins\/seo\/ -->\n<title>Lorca en el Barrio de las Letras de Madrid - Luis Miguel del Campo<\/title>\n<meta name=\"description\" content=\"Una estatua de Lorca se encuentra en la c\u00e9ntrica plaza de Santa Ana de Madrid, en el que popularmente se conoce como Barrio de las Letras.\" \/>\n<meta name=\"robots\" content=\"index, follow, max-snippet:-1, max-image-preview:large, max-video-preview:-1\" \/>\n<link rel=\"canonical\" href=\"https:\/\/www.fotografo-profesional.net\/diario\/2020\/11\/17\/lorca-en-el-barrio-de-las-letras-de-madrid\/\" \/>\n<meta property=\"og:locale\" content=\"es_ES\" \/>\n<meta property=\"og:type\" content=\"article\" \/>\n<meta property=\"og:title\" content=\"Lorca en el Barrio de las Letras de Madrid - Luis Miguel del Campo\" \/>\n<meta property=\"og:description\" content=\"Una estatua de Lorca se encuentra en la c\u00e9ntrica plaza de Santa Ana de Madrid, en el que popularmente se conoce como Barrio de las Letras.\" \/>\n<meta property=\"og:url\" content=\"https:\/\/www.fotografo-profesional.net\/diario\/2020\/11\/17\/lorca-en-el-barrio-de-las-letras-de-madrid\/\" \/>\n<meta property=\"og:site_name\" content=\"Luis Miguel del Campo\" \/>\n<meta property=\"article:published_time\" content=\"2020-11-17T09:44:46+00:00\" \/>\n<meta property=\"article:modified_time\" content=\"2021-01-08T20:19:58+00:00\" \/>\n<meta property=\"og:image\" content=\"https:\/\/www.fotografo-profesional.net\/diario\/wp-content\/uploads\/2020\/11\/Fotografo-profesional-en-Madrid-LMC-0142.jpg\" \/>\n\t<meta property=\"og:image:width\" content=\"600\" \/>\n\t<meta property=\"og:image:height\" content=\"400\" \/>\n\t<meta property=\"og:image:type\" content=\"image\/jpeg\" \/>\n<meta name=\"author\" content=\"Luis Miguel del Campo\" \/>\n<meta name=\"twitter:card\" content=\"summary_large_image\" \/>\n<meta name=\"twitter:label1\" content=\"Escrito por\" \/>\n\t<meta name=\"twitter:data1\" content=\"Luis Miguel del Campo\" \/>\n\t<meta name=\"twitter:label2\" content=\"Tiempo de lectura\" \/>\n\t<meta name=\"twitter:data2\" content=\"2 minutos\" \/>\n<script type=\"application\/ld+json\" class=\"yoast-schema-graph\">{\"@context\":\"https:\/\/schema.org\",\"@graph\":[{\"@type\":\"WebPage\",\"@id\":\"https:\/\/www.fotografo-profesional.net\/diario\/2020\/11\/17\/lorca-en-el-barrio-de-las-letras-de-madrid\/\",\"url\":\"https:\/\/www.fotografo-profesional.net\/diario\/2020\/11\/17\/lorca-en-el-barrio-de-las-letras-de-madrid\/\",\"name\":\"Lorca en el Barrio de las Letras de Madrid - Luis Miguel del Campo\",\"isPartOf\":{\"@id\":\"https:\/\/www.fotografo-profesional.net\/diario\/#website\"},\"datePublished\":\"2020-11-17T09:44:46+00:00\",\"dateModified\":\"2021-01-08T20:19:58+00:00\",\"author\":{\"@id\":\"https:\/\/www.fotografo-profesional.net\/diario\/#\/schema\/person\/220504871d765b4c30a0af1d2fe93533\"},\"description\":\"Una estatua de Lorca se encuentra en la c\u00e9ntrica plaza de Santa Ana de Madrid, en el que popularmente se conoce como Barrio de las Letras.\",\"breadcrumb\":{\"@id\":\"https:\/\/www.fotografo-profesional.net\/diario\/2020\/11\/17\/lorca-en-el-barrio-de-las-letras-de-madrid\/#breadcrumb\"},\"inLanguage\":\"es\",\"potentialAction\":[{\"@type\":\"ReadAction\",\"target\":[\"https:\/\/www.fotografo-profesional.net\/diario\/2020\/11\/17\/lorca-en-el-barrio-de-las-letras-de-madrid\/\"]}]},{\"@type\":\"BreadcrumbList\",\"@id\":\"https:\/\/www.fotografo-profesional.net\/diario\/2020\/11\/17\/lorca-en-el-barrio-de-las-letras-de-madrid\/#breadcrumb\",\"itemListElement\":[{\"@type\":\"ListItem\",\"position\":1,\"name\":\"Inicio\",\"item\":\"https:\/\/www.fotografo-profesional.net\/diario\/\"},{\"@type\":\"ListItem\",\"position\":2,\"name\":\"Lorca en el Barrio de las Letras de Madrid\"}]},{\"@type\":\"WebSite\",\"@id\":\"https:\/\/www.fotografo-profesional.net\/diario\/#website\",\"url\":\"https:\/\/www.fotografo-profesional.net\/diario\/\",\"name\":\"Luis Miguel del Campo\",\"description\":\"Blog de un fot\u00f3grafo profesional\",\"potentialAction\":[{\"@type\":\"SearchAction\",\"target\":{\"@type\":\"EntryPoint\",\"urlTemplate\":\"https:\/\/www.fotografo-profesional.net\/diario\/?s={search_term_string}\"},\"query-input\":\"required name=search_term_string\"}],\"inLanguage\":\"es\"},{\"@type\":\"Person\",\"@id\":\"https:\/\/www.fotografo-profesional.net\/diario\/#\/schema\/person\/220504871d765b4c30a0af1d2fe93533\",\"name\":\"Luis Miguel del Campo\",\"image\":{\"@type\":\"ImageObject\",\"inLanguage\":\"es\",\"@id\":\"https:\/\/www.fotografo-profesional.net\/diario\/#\/schema\/person\/image\/\",\"url\":\"https:\/\/secure.gravatar.com\/avatar\/84bb1120095136de86f122a882a42d61?s=96&d=mm&r=g\",\"contentUrl\":\"https:\/\/secure.gravatar.com\/avatar\/84bb1120095136de86f122a882a42d61?s=96&d=mm&r=g\",\"caption\":\"Luis Miguel del Campo\"},\"url\":\"https:\/\/www.fotografo-profesional.net\/diario\/author\/admin_lmdc\/\"}]}<\/script>\n<!-- \/ Yoast SEO plugin. -->","yoast_head_json":{"title":"Lorca en el Barrio de las Letras de Madrid - Luis Miguel del Campo","description":"Una estatua de Lorca se encuentra en la c\u00e9ntrica plaza de Santa Ana de Madrid, en el que popularmente se conoce como Barrio de las Letras.","robots":{"index":"index","follow":"follow","max-snippet":"max-snippet:-1","max-image-preview":"max-image-preview:large","max-video-preview":"max-video-preview:-1"},"canonical":"https:\/\/www.fotografo-profesional.net\/diario\/2020\/11\/17\/lorca-en-el-barrio-de-las-letras-de-madrid\/","og_locale":"es_ES","og_type":"article","og_title":"Lorca en el Barrio de las Letras de Madrid - Luis Miguel del Campo","og_description":"Una estatua de Lorca se encuentra en la c\u00e9ntrica plaza de Santa Ana de Madrid, en el que popularmente se conoce como Barrio de las Letras.","og_url":"https:\/\/www.fotografo-profesional.net\/diario\/2020\/11\/17\/lorca-en-el-barrio-de-las-letras-de-madrid\/","og_site_name":"Luis Miguel del Campo","article_published_time":"2020-11-17T09:44:46+00:00","article_modified_time":"2021-01-08T20:19:58+00:00","og_image":[{"width":600,"height":400,"url":"https:\/\/www.fotografo-profesional.net\/diario\/wp-content\/uploads\/2020\/11\/Fotografo-profesional-en-Madrid-LMC-0142.jpg","type":"image\/jpeg"}],"author":"Luis Miguel del Campo","twitter_card":"summary_large_image","twitter_misc":{"Escrito por":"Luis Miguel del Campo","Tiempo de lectura":"2 minutos"},"schema":{"@context":"https:\/\/schema.org","@graph":[{"@type":"WebPage","@id":"https:\/\/www.fotografo-profesional.net\/diario\/2020\/11\/17\/lorca-en-el-barrio-de-las-letras-de-madrid\/","url":"https:\/\/www.fotografo-profesional.net\/diario\/2020\/11\/17\/lorca-en-el-barrio-de-las-letras-de-madrid\/","name":"Lorca en el Barrio de las Letras de Madrid - Luis Miguel del Campo","isPartOf":{"@id":"https:\/\/www.fotografo-profesional.net\/diario\/#website"},"datePublished":"2020-11-17T09:44:46+00:00","dateModified":"2021-01-08T20:19:58+00:00","author":{"@id":"https:\/\/www.fotografo-profesional.net\/diario\/#\/schema\/person\/220504871d765b4c30a0af1d2fe93533"},"description":"Una estatua de Lorca se encuentra en la c\u00e9ntrica plaza de Santa Ana de Madrid, en el que popularmente se conoce como Barrio de las Letras.","breadcrumb":{"@id":"https:\/\/www.fotografo-profesional.net\/diario\/2020\/11\/17\/lorca-en-el-barrio-de-las-letras-de-madrid\/#breadcrumb"},"inLanguage":"es","potentialAction":[{"@type":"ReadAction","target":["https:\/\/www.fotografo-profesional.net\/diario\/2020\/11\/17\/lorca-en-el-barrio-de-las-letras-de-madrid\/"]}]},{"@type":"BreadcrumbList","@id":"https:\/\/www.fotografo-profesional.net\/diario\/2020\/11\/17\/lorca-en-el-barrio-de-las-letras-de-madrid\/#breadcrumb","itemListElement":[{"@type":"ListItem","position":1,"name":"Inicio","item":"https:\/\/www.fotografo-profesional.net\/diario\/"},{"@type":"ListItem","position":2,"name":"Lorca en el Barrio de las Letras de Madrid"}]},{"@type":"WebSite","@id":"https:\/\/www.fotografo-profesional.net\/diario\/#website","url":"https:\/\/www.fotografo-profesional.net\/diario\/","name":"Luis Miguel del Campo","description":"Blog de un fot\u00f3grafo profesional","potentialAction":[{"@type":"SearchAction","target":{"@type":"EntryPoint","urlTemplate":"https:\/\/www.fotografo-profesional.net\/diario\/?s={search_term_string}"},"query-input":"required name=search_term_string"}],"inLanguage":"es"},{"@type":"Person","@id":"https:\/\/www.fotografo-profesional.net\/diario\/#\/schema\/person\/220504871d765b4c30a0af1d2fe93533","name":"Luis Miguel del Campo","image":{"@type":"ImageObject","inLanguage":"es","@id":"https:\/\/www.fotografo-profesional.net\/diario\/#\/schema\/person\/image\/","url":"https:\/\/secure.gravatar.com\/avatar\/84bb1120095136de86f122a882a42d61?s=96&d=mm&r=g","contentUrl":"https:\/\/secure.gravatar.com\/avatar\/84bb1120095136de86f122a882a42d61?s=96&d=mm&r=g","caption":"Luis Miguel del Campo"},"url":"https:\/\/www.fotografo-profesional.net\/diario\/author\/admin_lmdc\/"}]}},"_links":{"self":[{"href":"https:\/\/www.fotografo-profesional.net\/diario\/wp-json\/wp\/v2\/posts\/2388"}],"collection":[{"href":"https:\/\/www.fotografo-profesional.net\/diario\/wp-json\/wp\/v2\/posts"}],"about":[{"href":"https:\/\/www.fotografo-profesional.net\/diario\/wp-json\/wp\/v2\/types\/post"}],"author":[{"embeddable":true,"href":"https:\/\/www.fotografo-profesional.net\/diario\/wp-json\/wp\/v2\/users\/2"}],"replies":[{"embeddable":true,"href":"https:\/\/www.fotografo-profesional.net\/diario\/wp-json\/wp\/v2\/comments?post=2388"}],"version-history":[{"count":5,"href":"https:\/\/www.fotografo-profesional.net\/diario\/wp-json\/wp\/v2\/posts\/2388\/revisions"}],"predecessor-version":[{"id":2485,"href":"https:\/\/www.fotografo-profesional.net\/diario\/wp-json\/wp\/v2\/posts\/2388\/revisions\/2485"}],"wp:featuredmedia":[{"embeddable":true,"href":"https:\/\/www.fotografo-profesional.net\/diario\/wp-json\/wp\/v2\/media\/2393"}],"wp:attachment":[{"href":"https:\/\/www.fotografo-profesional.net\/diario\/wp-json\/wp\/v2\/media?parent=2388"}],"wp:term":[{"taxonomy":"category","embeddable":true,"href":"https:\/\/www.fotografo-profesional.net\/diario\/wp-json\/wp\/v2\/categories?post=2388"},{"taxonomy":"post_tag","embeddable":true,"href":"https:\/\/www.fotografo-profesional.net\/diario\/wp-json\/wp\/v2\/tags?post=2388"}],"curies":[{"name":"wp","href":"https:\/\/api.w.org\/{rel}","templated":true}]}}