{"id":2416,"date":"2020-12-01T10:02:01","date_gmt":"2020-12-01T09:02:01","guid":{"rendered":"https:\/\/www.fotografo-profesional.net\/diario\/?p=2416"},"modified":"2021-01-08T21:22:00","modified_gmt":"2021-01-08T20:22:00","slug":"la-via-lactea-bar-clasico-de-malasana","status":"publish","type":"post","link":"https:\/\/www.fotografo-profesional.net\/diario\/2020\/12\/01\/la-via-lactea-bar-clasico-de-malasana\/","title":{"rendered":"La V\u00eda L\u00e1ctea, bar cl\u00e1sico de Malasa\u00f1a"},"content":{"rendered":"\r\n<h4>Estampas de Madrid (0090)<\/h4>\r\n<p>La V\u00eda L\u00e1ctea es uno de los pocos locales nocturnos cl\u00e1sicos de Malasa\u00f1a de los a\u00f1os ochenta del siglo pasado que contin\u00faa abierto. Otro, tambi\u00e9n significativo, es el Pentagrama; conocido popularmente como Penta, y que actualmente anuncia en su fachada con grandes letras que se trata del bar al que se cita en Chica de Ayer, la archiconocida canci\u00f3n de Nacha Pop.<\/p>\r\n<p>Cuando empec\u00e9 a deambular por la zona, mucho antes de ser <a href=\"https:\/\/www.fotografo-profesional.net\"><span style=\"color: #0000ff;\"><em>fot\u00f3grafo profesional<\/em><\/span><\/a>, me pregunt\u00e9 si el nombre de La V\u00eda L\u00e1ctea era una referencia a la galaxia en la que se encuentra el sistema solar o un homenaje a la pel\u00edcula de Luis Bu\u00f1uel; o quiz\u00e1 a la protagonizada por Harold Lloyd.<\/p>\r\n<p>En aquella \u00e9poca, adem\u00e1s de los conciertos de <a href=\"https:\/\/www.fotografo-profesional.net\/diario\/2020\/10\/27\/la-primera-movida-madrilena-segun-miguel-trillo\/\"><span style=\"color: #0000ff;\"><em>los principales m\u00fasicos de La Movida<\/em><\/span><\/a>, pod\u00edas disfrutar de sesiones de pinchadiscos tales como Diego A. Manrique, Kike Turmix o Juan de Pablos. Y cruzarte por sus dos plantas con conocidos artistas, escritores y creadores de todo tipo.<\/p>\r\n<p>De 1979 a nuestros d\u00edas, aparte de conciertos en la noche, La V\u00eda L\u00e1ctea sigue funcionando como bar de copas; llen\u00e1ndose de juventud, junto con alg\u00fan que otro cincuent\u00f3n. Puedes encontrar a un pintor, a una auxiliar administrativa, a un fot\u00f3grafo, da igual la actividad profesional a la que se dediquen. Todos se sienten a gusto all\u00ed. Aparte, como ocurriera hace treinta y tantos a\u00f1os, los asistentes comparten espacio con miembros de los nuevos grupos madrile\u00f1os destacados del siglo XXI: Hinds, Los Parrots , Los Nastys, Los Wallas&#8230;<\/p>\r\n<p>Hoy en d\u00eda de nuevo La V\u00eda L\u00e1ctea ha aglutinado a todo aquel que se mueve en la m\u00fasica de Madrid. Y a los externos a este mundo que llenan este local m\u00edtico de referencia atra\u00eddos por su encanto, sus precios razonables y por la m\u00fasica que suena en \u00e9l. <br \/>M\u00fasica ochentena, aunque nunca las canciones trilladas que suenan en las radiof\u00f3rmulas cuando tratan aquella \u00e9poca y la Movida Madrile\u00f1a.<\/p>\r\n","protected":false},"excerpt":{"rendered":"<p>Estampas de Madrid (0090) La V\u00eda L\u00e1ctea es uno de los pocos locales nocturnos cl\u00e1sicos de Malasa\u00f1a de los a\u00f1os ochenta del siglo pasado que contin\u00faa abierto. Otro, tambi\u00e9n significativo, es el Pentagrama; conocido popularmente como Penta, y que actualmente anuncia en su fachada con grandes letras que se trata del bar al que se [&hellip;]<\/p>\n","protected":false},"author":2,"featured_media":0,"comment_status":"closed","ping_status":"open","sticky":false,"template":"","format":"standard","meta":[],"categories":[46,209,48],"tags":[109,110,99,348,284,338,648,647,623,145],"yoast_head":"<!-- This site is optimized with the Yoast SEO plugin v20.8 - https:\/\/yoast.com\/wordpress\/plugins\/seo\/ -->\n<title>La V\u00eda L\u00e1ctea, bar cl\u00e1sico de Malasa\u00f1a - Luis Miguel del Campo<\/title>\n<meta name=\"description\" content=\"La V\u00eda L\u00e1ctea es un local m\u00edtico del Madrid de los a\u00f1os ochenta que sigue siendo una referencia de la vida nocturna en nuestros d\u00edas.\" \/>\n<meta name=\"robots\" content=\"index, follow, max-snippet:-1, max-image-preview:large, max-video-preview:-1\" \/>\n<link rel=\"canonical\" href=\"https:\/\/www.fotografo-profesional.net\/diario\/2020\/12\/01\/la-via-lactea-bar-clasico-de-malasana\/\" \/>\n<meta property=\"og:locale\" content=\"es_ES\" \/>\n<meta property=\"og:type\" content=\"article\" \/>\n<meta property=\"og:title\" content=\"La V\u00eda L\u00e1ctea, bar cl\u00e1sico de Malasa\u00f1a - Luis Miguel del Campo\" \/>\n<meta property=\"og:description\" content=\"La V\u00eda L\u00e1ctea es un local m\u00edtico del Madrid de los a\u00f1os ochenta que sigue siendo una referencia de la vida nocturna en nuestros d\u00edas.\" \/>\n<meta property=\"og:url\" content=\"https:\/\/www.fotografo-profesional.net\/diario\/2020\/12\/01\/la-via-lactea-bar-clasico-de-malasana\/\" \/>\n<meta property=\"og:site_name\" content=\"Luis Miguel del Campo\" \/>\n<meta property=\"article:published_time\" content=\"2020-12-01T09:02:01+00:00\" \/>\n<meta property=\"article:modified_time\" content=\"2021-01-08T20:22:00+00:00\" \/>\n<meta name=\"author\" content=\"Luis Miguel del Campo\" \/>\n<meta name=\"twitter:card\" content=\"summary_large_image\" \/>\n<meta name=\"twitter:label1\" content=\"Escrito por\" \/>\n\t<meta name=\"twitter:data1\" content=\"Luis Miguel del Campo\" \/>\n\t<meta name=\"twitter:label2\" content=\"Tiempo de lectura\" \/>\n\t<meta name=\"twitter:data2\" content=\"2 minutos\" \/>\n<script type=\"application\/ld+json\" class=\"yoast-schema-graph\">{\"@context\":\"https:\/\/schema.org\",\"@graph\":[{\"@type\":\"WebPage\",\"@id\":\"https:\/\/www.fotografo-profesional.net\/diario\/2020\/12\/01\/la-via-lactea-bar-clasico-de-malasana\/\",\"url\":\"https:\/\/www.fotografo-profesional.net\/diario\/2020\/12\/01\/la-via-lactea-bar-clasico-de-malasana\/\",\"name\":\"La V\u00eda L\u00e1ctea, bar cl\u00e1sico de Malasa\u00f1a - Luis Miguel del Campo\",\"isPartOf\":{\"@id\":\"https:\/\/www.fotografo-profesional.net\/diario\/#website\"},\"datePublished\":\"2020-12-01T09:02:01+00:00\",\"dateModified\":\"2021-01-08T20:22:00+00:00\",\"author\":{\"@id\":\"https:\/\/www.fotografo-profesional.net\/diario\/#\/schema\/person\/220504871d765b4c30a0af1d2fe93533\"},\"description\":\"La V\u00eda L\u00e1ctea es un local m\u00edtico del Madrid de los a\u00f1os ochenta que sigue siendo una referencia de la vida nocturna en nuestros d\u00edas.\",\"breadcrumb\":{\"@id\":\"https:\/\/www.fotografo-profesional.net\/diario\/2020\/12\/01\/la-via-lactea-bar-clasico-de-malasana\/#breadcrumb\"},\"inLanguage\":\"es\",\"potentialAction\":[{\"@type\":\"ReadAction\",\"target\":[\"https:\/\/www.fotografo-profesional.net\/diario\/2020\/12\/01\/la-via-lactea-bar-clasico-de-malasana\/\"]}]},{\"@type\":\"BreadcrumbList\",\"@id\":\"https:\/\/www.fotografo-profesional.net\/diario\/2020\/12\/01\/la-via-lactea-bar-clasico-de-malasana\/#breadcrumb\",\"itemListElement\":[{\"@type\":\"ListItem\",\"position\":1,\"name\":\"Inicio\",\"item\":\"https:\/\/www.fotografo-profesional.net\/diario\/\"},{\"@type\":\"ListItem\",\"position\":2,\"name\":\"La V\u00eda L\u00e1ctea, bar cl\u00e1sico de Malasa\u00f1a\"}]},{\"@type\":\"WebSite\",\"@id\":\"https:\/\/www.fotografo-profesional.net\/diario\/#website\",\"url\":\"https:\/\/www.fotografo-profesional.net\/diario\/\",\"name\":\"Luis Miguel del Campo\",\"description\":\"Blog de un fot\u00f3grafo profesional\",\"potentialAction\":[{\"@type\":\"SearchAction\",\"target\":{\"@type\":\"EntryPoint\",\"urlTemplate\":\"https:\/\/www.fotografo-profesional.net\/diario\/?s={search_term_string}\"},\"query-input\":\"required name=search_term_string\"}],\"inLanguage\":\"es\"},{\"@type\":\"Person\",\"@id\":\"https:\/\/www.fotografo-profesional.net\/diario\/#\/schema\/person\/220504871d765b4c30a0af1d2fe93533\",\"name\":\"Luis Miguel del Campo\",\"image\":{\"@type\":\"ImageObject\",\"inLanguage\":\"es\",\"@id\":\"https:\/\/www.fotografo-profesional.net\/diario\/#\/schema\/person\/image\/\",\"url\":\"https:\/\/secure.gravatar.com\/avatar\/84bb1120095136de86f122a882a42d61?s=96&d=mm&r=g\",\"contentUrl\":\"https:\/\/secure.gravatar.com\/avatar\/84bb1120095136de86f122a882a42d61?s=96&d=mm&r=g\",\"caption\":\"Luis Miguel del Campo\"},\"url\":\"https:\/\/www.fotografo-profesional.net\/diario\/author\/admin_lmdc\/\"}]}<\/script>\n<!-- \/ Yoast SEO plugin. -->","yoast_head_json":{"title":"La V\u00eda L\u00e1ctea, bar cl\u00e1sico de Malasa\u00f1a - Luis Miguel del Campo","description":"La V\u00eda L\u00e1ctea es un local m\u00edtico del Madrid de los a\u00f1os ochenta que sigue siendo una referencia de la vida nocturna en nuestros d\u00edas.","robots":{"index":"index","follow":"follow","max-snippet":"max-snippet:-1","max-image-preview":"max-image-preview:large","max-video-preview":"max-video-preview:-1"},"canonical":"https:\/\/www.fotografo-profesional.net\/diario\/2020\/12\/01\/la-via-lactea-bar-clasico-de-malasana\/","og_locale":"es_ES","og_type":"article","og_title":"La V\u00eda L\u00e1ctea, bar cl\u00e1sico de Malasa\u00f1a - Luis Miguel del Campo","og_description":"La V\u00eda L\u00e1ctea es un local m\u00edtico del Madrid de los a\u00f1os ochenta que sigue siendo una referencia de la vida nocturna en nuestros d\u00edas.","og_url":"https:\/\/www.fotografo-profesional.net\/diario\/2020\/12\/01\/la-via-lactea-bar-clasico-de-malasana\/","og_site_name":"Luis Miguel del Campo","article_published_time":"2020-12-01T09:02:01+00:00","article_modified_time":"2021-01-08T20:22:00+00:00","author":"Luis Miguel del Campo","twitter_card":"summary_large_image","twitter_misc":{"Escrito por":"Luis Miguel del Campo","Tiempo de lectura":"2 minutos"},"schema":{"@context":"https:\/\/schema.org","@graph":[{"@type":"WebPage","@id":"https:\/\/www.fotografo-profesional.net\/diario\/2020\/12\/01\/la-via-lactea-bar-clasico-de-malasana\/","url":"https:\/\/www.fotografo-profesional.net\/diario\/2020\/12\/01\/la-via-lactea-bar-clasico-de-malasana\/","name":"La V\u00eda L\u00e1ctea, bar cl\u00e1sico de Malasa\u00f1a - Luis Miguel del Campo","isPartOf":{"@id":"https:\/\/www.fotografo-profesional.net\/diario\/#website"},"datePublished":"2020-12-01T09:02:01+00:00","dateModified":"2021-01-08T20:22:00+00:00","author":{"@id":"https:\/\/www.fotografo-profesional.net\/diario\/#\/schema\/person\/220504871d765b4c30a0af1d2fe93533"},"description":"La V\u00eda L\u00e1ctea es un local m\u00edtico del Madrid de los a\u00f1os ochenta que sigue siendo una referencia de la vida nocturna en nuestros d\u00edas.","breadcrumb":{"@id":"https:\/\/www.fotografo-profesional.net\/diario\/2020\/12\/01\/la-via-lactea-bar-clasico-de-malasana\/#breadcrumb"},"inLanguage":"es","potentialAction":[{"@type":"ReadAction","target":["https:\/\/www.fotografo-profesional.net\/diario\/2020\/12\/01\/la-via-lactea-bar-clasico-de-malasana\/"]}]},{"@type":"BreadcrumbList","@id":"https:\/\/www.fotografo-profesional.net\/diario\/2020\/12\/01\/la-via-lactea-bar-clasico-de-malasana\/#breadcrumb","itemListElement":[{"@type":"ListItem","position":1,"name":"Inicio","item":"https:\/\/www.fotografo-profesional.net\/diario\/"},{"@type":"ListItem","position":2,"name":"La V\u00eda L\u00e1ctea, bar cl\u00e1sico de Malasa\u00f1a"}]},{"@type":"WebSite","@id":"https:\/\/www.fotografo-profesional.net\/diario\/#website","url":"https:\/\/www.fotografo-profesional.net\/diario\/","name":"Luis Miguel del Campo","description":"Blog de un fot\u00f3grafo profesional","potentialAction":[{"@type":"SearchAction","target":{"@type":"EntryPoint","urlTemplate":"https:\/\/www.fotografo-profesional.net\/diario\/?s={search_term_string}"},"query-input":"required name=search_term_string"}],"inLanguage":"es"},{"@type":"Person","@id":"https:\/\/www.fotografo-profesional.net\/diario\/#\/schema\/person\/220504871d765b4c30a0af1d2fe93533","name":"Luis Miguel del Campo","image":{"@type":"ImageObject","inLanguage":"es","@id":"https:\/\/www.fotografo-profesional.net\/diario\/#\/schema\/person\/image\/","url":"https:\/\/secure.gravatar.com\/avatar\/84bb1120095136de86f122a882a42d61?s=96&d=mm&r=g","contentUrl":"https:\/\/secure.gravatar.com\/avatar\/84bb1120095136de86f122a882a42d61?s=96&d=mm&r=g","caption":"Luis Miguel del Campo"},"url":"https:\/\/www.fotografo-profesional.net\/diario\/author\/admin_lmdc\/"}]}},"_links":{"self":[{"href":"https:\/\/www.fotografo-profesional.net\/diario\/wp-json\/wp\/v2\/posts\/2416"}],"collection":[{"href":"https:\/\/www.fotografo-profesional.net\/diario\/wp-json\/wp\/v2\/posts"}],"about":[{"href":"https:\/\/www.fotografo-profesional.net\/diario\/wp-json\/wp\/v2\/types\/post"}],"author":[{"embeddable":true,"href":"https:\/\/www.fotografo-profesional.net\/diario\/wp-json\/wp\/v2\/users\/2"}],"replies":[{"embeddable":true,"href":"https:\/\/www.fotografo-profesional.net\/diario\/wp-json\/wp\/v2\/comments?post=2416"}],"version-history":[{"count":3,"href":"https:\/\/www.fotografo-profesional.net\/diario\/wp-json\/wp\/v2\/posts\/2416\/revisions"}],"predecessor-version":[{"id":2486,"href":"https:\/\/www.fotografo-profesional.net\/diario\/wp-json\/wp\/v2\/posts\/2416\/revisions\/2486"}],"wp:attachment":[{"href":"https:\/\/www.fotografo-profesional.net\/diario\/wp-json\/wp\/v2\/media?parent=2416"}],"wp:term":[{"taxonomy":"category","embeddable":true,"href":"https:\/\/www.fotografo-profesional.net\/diario\/wp-json\/wp\/v2\/categories?post=2416"},{"taxonomy":"post_tag","embeddable":true,"href":"https:\/\/www.fotografo-profesional.net\/diario\/wp-json\/wp\/v2\/tags?post=2416"}],"curies":[{"name":"wp","href":"https:\/\/api.w.org\/{rel}","templated":true}]}}