{"id":2434,"date":"2020-12-11T22:02:04","date_gmt":"2020-12-11T21:02:04","guid":{"rendered":"https:\/\/www.fotografo-profesional.net\/diario\/?p=2434"},"modified":"2020-12-11T22:02:04","modified_gmt":"2020-12-11T21:02:04","slug":"fotografos-de-boda-economicos-de-madrid","status":"publish","type":"post","link":"https:\/\/www.fotografo-profesional.net\/diario\/2020\/12\/11\/fotografos-de-boda-economicos-de-madrid\/","title":{"rendered":"Fot\u00f3grafos de boda econ\u00f3micos de Madrid"},"content":{"rendered":"\r\n<p><img decoding=\"async\" class=\"size-full wp-image-2439 aligncenter\" src=\"https:\/\/www.fotografo-profesional.net\/diario\/wp-content\/uploads\/2020\/12\/Fotografo-profesional-en-Madrid-LMC-0150.jpg\" alt=\"Fot\u00f3grafos de boda econ\u00f3micos\" width=\"600\" height=\"400\" srcset=\"https:\/\/www.fotografo-profesional.net\/diario\/wp-content\/uploads\/2020\/12\/Fotografo-profesional-en-Madrid-LMC-0150.jpg 600w, https:\/\/www.fotografo-profesional.net\/diario\/wp-content\/uploads\/2020\/12\/Fotografo-profesional-en-Madrid-LMC-0150-300x200.jpg 300w\" sizes=\"(max-width: 600px) 100vw, 600px\" \/><\/p>\r\n<p>Est\u00e1 claro que \u00e9ste es el momento de los fot\u00f3grafos de boda econ\u00f3micos. Las dif\u00edciles circunstancias en que nos encontramos lo imponen. Hay que seguir viviendo lo m\u00e1s normalmente posible. Con las precauciones y recomendaciones sanitarias que todos ya conocemos de sobra, claro est\u00e1.<\/p>\r\n<p>Vengo notando durante los \u00faltimos meses un aumento de peticiones en el apartado de <a href=\"https:\/\/www.fotografo-profesional.net\/portfolio\/fotografia-de-bodas\/\"><span style=\"color: #0000ff;\"><em>fot\u00f3grafo profesional de bodas barato<\/em><\/span><\/a>. Lo que deja bien a las claras que las parejas que aplazaron sus enlaces matrimoniales para el a\u00f1o que viene han decidido que no pueden esperar m\u00e1s. Otros compa\u00f1eros fot\u00f3grafos profesionales que realizan reportajes de boda econ\u00f3micos me han confirmado que tambi\u00e9n han notado esta tendencia.<\/p>\r\n<p>Por otro lado, tambi\u00e9n est\u00e1 aumentando el n\u00famero de fot\u00f3grafos aficionados que intentan hacer competencia desleal a los profesionales. Esto, siempre acaba yendo en perjuicio de los novios que buscan un fot\u00f3grafo que les haga su reportaje de boda. Porque siempre habr\u00e1 qui\u00e9n caiga en la trampa de contratar a un fot\u00f3grafo aficionado pensando que es un profesional curtido en hacer reportajes de bodas, que con los a\u00f1os y experiencia ha conseguido aunar calidad con precio barato.<\/p>\r\n<p>Ojo, es comprensible que busqu\u00e9is fot\u00f3grafos de boda econ\u00f3micos, pero deb\u00e9is aseguraros de que son profesionales aquellos a los que vais a contratar. Si no, cuando os deis cuenta quiz\u00e1 ya sea demasiado tarde. Suele ocurrir cuando los fot\u00f3grafos \u201cparacaidistas\u201d entregan sus reportajes de boda a los clientes. Entonces ya no tiene soluci\u00f3n. Os hab\u00e9is quedado sin una sola fotograf\u00eda que merezca la pena de la <a href=\"https:\/\/www.fotografo-profesional.net\/diario\/2018\/08\/09\/reportaje-de-boda-religiosa\/\"><span style=\"color: #0000ff;\"><em>ceremonia en aquella preciosa iglesia<\/em><\/span><\/a>; o del <a href=\"https:\/\/www.fotografo-profesional.net\/diario\/2019\/02\/01\/momentos-inesperados-de-una-boda\/\"><span style=\"color: #0000ff;\"><em>momento irrepetible<\/em> <\/span><\/a>que protagoniz\u00f3 uno de vuestros sobrinos; o de la lluvia de arroz\u2026<\/p>\r\n<p>Para dar con fot\u00f3grafos de boda econ\u00f3micos de calidad ten\u00e9is que empezar con tiempo para ir descubriendo quien es un fot\u00f3grafo profesional y quien no; y, sobre todo, qui\u00e9n hace fotograf\u00edas que atesoran calidad y qui\u00e9n no.<\/p>\r\n","protected":false},"excerpt":{"rendered":"<p>Est\u00e1 claro que \u00e9ste es el momento de los fot\u00f3grafos de boda econ\u00f3micos. Las dif\u00edciles circunstancias en que nos encontramos lo imponen. Hay que seguir viviendo lo m\u00e1s normalmente posible. Con las precauciones y recomendaciones sanitarias que todos ya conocemos de sobra, claro est\u00e1. Vengo notando durante los \u00faltimos meses un aumento de peticiones en [&hellip;]<\/p>\n","protected":false},"author":2,"featured_media":2439,"comment_status":"closed","ping_status":"open","sticky":false,"template":"","format":"standard","meta":[],"categories":[175,254,16,15,171,173,406,172,207],"tags":[652,291,99,653,348,494,651,284,626,338,654,573],"yoast_head":"<!-- This site is optimized with the Yoast SEO plugin v20.8 - https:\/\/yoast.com\/wordpress\/plugins\/seo\/ -->\n<title>Fot\u00f3grafos de boda econ\u00f3micos de Madrid - Luis Miguel del Campo<\/title>\n<meta name=\"description\" content=\"S\u00e9 que es el momento en que las parejas que os vais a casar busc\u00e1is fot\u00f3grafos de boda econ\u00f3micos. Bien, pero deb\u00e9is tener algo en cuenta.\" \/>\n<meta name=\"robots\" content=\"index, follow, max-snippet:-1, max-image-preview:large, max-video-preview:-1\" \/>\n<link rel=\"canonical\" href=\"https:\/\/www.fotografo-profesional.net\/diario\/2020\/12\/11\/fotografos-de-boda-economicos-de-madrid\/\" \/>\n<meta property=\"og:locale\" content=\"es_ES\" \/>\n<meta property=\"og:type\" content=\"article\" \/>\n<meta property=\"og:title\" content=\"Fot\u00f3grafos de boda econ\u00f3micos de Madrid - Luis Miguel del Campo\" \/>\n<meta property=\"og:description\" content=\"S\u00e9 que es el momento en que las parejas que os vais a casar busc\u00e1is fot\u00f3grafos de boda econ\u00f3micos. Bien, pero deb\u00e9is tener algo en cuenta.\" \/>\n<meta property=\"og:url\" content=\"https:\/\/www.fotografo-profesional.net\/diario\/2020\/12\/11\/fotografos-de-boda-economicos-de-madrid\/\" \/>\n<meta property=\"og:site_name\" content=\"Luis Miguel del Campo\" \/>\n<meta property=\"article:published_time\" content=\"2020-12-11T21:02:04+00:00\" \/>\n<meta property=\"og:image\" content=\"https:\/\/www.fotografo-profesional.net\/diario\/wp-content\/uploads\/2020\/12\/Fotografo-profesional-en-Madrid-LMC-0150.jpg\" \/>\n\t<meta property=\"og:image:width\" content=\"600\" \/>\n\t<meta property=\"og:image:height\" content=\"400\" \/>\n\t<meta property=\"og:image:type\" content=\"image\/jpeg\" \/>\n<meta name=\"author\" content=\"Luis Miguel del Campo\" \/>\n<meta name=\"twitter:card\" content=\"summary_large_image\" \/>\n<meta name=\"twitter:label1\" content=\"Escrito por\" \/>\n\t<meta name=\"twitter:data1\" content=\"Luis Miguel del Campo\" \/>\n\t<meta name=\"twitter:label2\" content=\"Tiempo de lectura\" \/>\n\t<meta name=\"twitter:data2\" content=\"2 minutos\" \/>\n<script type=\"application\/ld+json\" class=\"yoast-schema-graph\">{\"@context\":\"https:\/\/schema.org\",\"@graph\":[{\"@type\":\"WebPage\",\"@id\":\"https:\/\/www.fotografo-profesional.net\/diario\/2020\/12\/11\/fotografos-de-boda-economicos-de-madrid\/\",\"url\":\"https:\/\/www.fotografo-profesional.net\/diario\/2020\/12\/11\/fotografos-de-boda-economicos-de-madrid\/\",\"name\":\"Fot\u00f3grafos de boda econ\u00f3micos de Madrid - Luis Miguel del Campo\",\"isPartOf\":{\"@id\":\"https:\/\/www.fotografo-profesional.net\/diario\/#website\"},\"datePublished\":\"2020-12-11T21:02:04+00:00\",\"dateModified\":\"2020-12-11T21:02:04+00:00\",\"author\":{\"@id\":\"https:\/\/www.fotografo-profesional.net\/diario\/#\/schema\/person\/220504871d765b4c30a0af1d2fe93533\"},\"description\":\"S\u00e9 que es el momento en que las parejas que os vais a casar busc\u00e1is fot\u00f3grafos de boda econ\u00f3micos. Bien, pero deb\u00e9is tener algo en cuenta.\",\"breadcrumb\":{\"@id\":\"https:\/\/www.fotografo-profesional.net\/diario\/2020\/12\/11\/fotografos-de-boda-economicos-de-madrid\/#breadcrumb\"},\"inLanguage\":\"es\",\"potentialAction\":[{\"@type\":\"ReadAction\",\"target\":[\"https:\/\/www.fotografo-profesional.net\/diario\/2020\/12\/11\/fotografos-de-boda-economicos-de-madrid\/\"]}]},{\"@type\":\"BreadcrumbList\",\"@id\":\"https:\/\/www.fotografo-profesional.net\/diario\/2020\/12\/11\/fotografos-de-boda-economicos-de-madrid\/#breadcrumb\",\"itemListElement\":[{\"@type\":\"ListItem\",\"position\":1,\"name\":\"Inicio\",\"item\":\"https:\/\/www.fotografo-profesional.net\/diario\/\"},{\"@type\":\"ListItem\",\"position\":2,\"name\":\"Fot\u00f3grafos de boda econ\u00f3micos de Madrid\"}]},{\"@type\":\"WebSite\",\"@id\":\"https:\/\/www.fotografo-profesional.net\/diario\/#website\",\"url\":\"https:\/\/www.fotografo-profesional.net\/diario\/\",\"name\":\"Luis Miguel del Campo\",\"description\":\"Blog de un fot\u00f3grafo profesional\",\"potentialAction\":[{\"@type\":\"SearchAction\",\"target\":{\"@type\":\"EntryPoint\",\"urlTemplate\":\"https:\/\/www.fotografo-profesional.net\/diario\/?s={search_term_string}\"},\"query-input\":\"required name=search_term_string\"}],\"inLanguage\":\"es\"},{\"@type\":\"Person\",\"@id\":\"https:\/\/www.fotografo-profesional.net\/diario\/#\/schema\/person\/220504871d765b4c30a0af1d2fe93533\",\"name\":\"Luis Miguel del Campo\",\"image\":{\"@type\":\"ImageObject\",\"inLanguage\":\"es\",\"@id\":\"https:\/\/www.fotografo-profesional.net\/diario\/#\/schema\/person\/image\/\",\"url\":\"https:\/\/secure.gravatar.com\/avatar\/84bb1120095136de86f122a882a42d61?s=96&d=mm&r=g\",\"contentUrl\":\"https:\/\/secure.gravatar.com\/avatar\/84bb1120095136de86f122a882a42d61?s=96&d=mm&r=g\",\"caption\":\"Luis Miguel del Campo\"},\"url\":\"https:\/\/www.fotografo-profesional.net\/diario\/author\/admin_lmdc\/\"}]}<\/script>\n<!-- \/ Yoast SEO plugin. -->","yoast_head_json":{"title":"Fot\u00f3grafos de boda econ\u00f3micos de Madrid - Luis Miguel del Campo","description":"S\u00e9 que es el momento en que las parejas que os vais a casar busc\u00e1is fot\u00f3grafos de boda econ\u00f3micos. Bien, pero deb\u00e9is tener algo en cuenta.","robots":{"index":"index","follow":"follow","max-snippet":"max-snippet:-1","max-image-preview":"max-image-preview:large","max-video-preview":"max-video-preview:-1"},"canonical":"https:\/\/www.fotografo-profesional.net\/diario\/2020\/12\/11\/fotografos-de-boda-economicos-de-madrid\/","og_locale":"es_ES","og_type":"article","og_title":"Fot\u00f3grafos de boda econ\u00f3micos de Madrid - Luis Miguel del Campo","og_description":"S\u00e9 que es el momento en que las parejas que os vais a casar busc\u00e1is fot\u00f3grafos de boda econ\u00f3micos. Bien, pero deb\u00e9is tener algo en cuenta.","og_url":"https:\/\/www.fotografo-profesional.net\/diario\/2020\/12\/11\/fotografos-de-boda-economicos-de-madrid\/","og_site_name":"Luis Miguel del Campo","article_published_time":"2020-12-11T21:02:04+00:00","og_image":[{"width":600,"height":400,"url":"https:\/\/www.fotografo-profesional.net\/diario\/wp-content\/uploads\/2020\/12\/Fotografo-profesional-en-Madrid-LMC-0150.jpg","type":"image\/jpeg"}],"author":"Luis Miguel del Campo","twitter_card":"summary_large_image","twitter_misc":{"Escrito por":"Luis Miguel del Campo","Tiempo de lectura":"2 minutos"},"schema":{"@context":"https:\/\/schema.org","@graph":[{"@type":"WebPage","@id":"https:\/\/www.fotografo-profesional.net\/diario\/2020\/12\/11\/fotografos-de-boda-economicos-de-madrid\/","url":"https:\/\/www.fotografo-profesional.net\/diario\/2020\/12\/11\/fotografos-de-boda-economicos-de-madrid\/","name":"Fot\u00f3grafos de boda econ\u00f3micos de Madrid - Luis Miguel del Campo","isPartOf":{"@id":"https:\/\/www.fotografo-profesional.net\/diario\/#website"},"datePublished":"2020-12-11T21:02:04+00:00","dateModified":"2020-12-11T21:02:04+00:00","author":{"@id":"https:\/\/www.fotografo-profesional.net\/diario\/#\/schema\/person\/220504871d765b4c30a0af1d2fe93533"},"description":"S\u00e9 que es el momento en que las parejas que os vais a casar busc\u00e1is fot\u00f3grafos de boda econ\u00f3micos. Bien, pero deb\u00e9is tener algo en cuenta.","breadcrumb":{"@id":"https:\/\/www.fotografo-profesional.net\/diario\/2020\/12\/11\/fotografos-de-boda-economicos-de-madrid\/#breadcrumb"},"inLanguage":"es","potentialAction":[{"@type":"ReadAction","target":["https:\/\/www.fotografo-profesional.net\/diario\/2020\/12\/11\/fotografos-de-boda-economicos-de-madrid\/"]}]},{"@type":"BreadcrumbList","@id":"https:\/\/www.fotografo-profesional.net\/diario\/2020\/12\/11\/fotografos-de-boda-economicos-de-madrid\/#breadcrumb","itemListElement":[{"@type":"ListItem","position":1,"name":"Inicio","item":"https:\/\/www.fotografo-profesional.net\/diario\/"},{"@type":"ListItem","position":2,"name":"Fot\u00f3grafos de boda econ\u00f3micos de Madrid"}]},{"@type":"WebSite","@id":"https:\/\/www.fotografo-profesional.net\/diario\/#website","url":"https:\/\/www.fotografo-profesional.net\/diario\/","name":"Luis Miguel del Campo","description":"Blog de un fot\u00f3grafo profesional","potentialAction":[{"@type":"SearchAction","target":{"@type":"EntryPoint","urlTemplate":"https:\/\/www.fotografo-profesional.net\/diario\/?s={search_term_string}"},"query-input":"required name=search_term_string"}],"inLanguage":"es"},{"@type":"Person","@id":"https:\/\/www.fotografo-profesional.net\/diario\/#\/schema\/person\/220504871d765b4c30a0af1d2fe93533","name":"Luis Miguel del Campo","image":{"@type":"ImageObject","inLanguage":"es","@id":"https:\/\/www.fotografo-profesional.net\/diario\/#\/schema\/person\/image\/","url":"https:\/\/secure.gravatar.com\/avatar\/84bb1120095136de86f122a882a42d61?s=96&d=mm&r=g","contentUrl":"https:\/\/secure.gravatar.com\/avatar\/84bb1120095136de86f122a882a42d61?s=96&d=mm&r=g","caption":"Luis Miguel del Campo"},"url":"https:\/\/www.fotografo-profesional.net\/diario\/author\/admin_lmdc\/"}]}},"_links":{"self":[{"href":"https:\/\/www.fotografo-profesional.net\/diario\/wp-json\/wp\/v2\/posts\/2434"}],"collection":[{"href":"https:\/\/www.fotografo-profesional.net\/diario\/wp-json\/wp\/v2\/posts"}],"about":[{"href":"https:\/\/www.fotografo-profesional.net\/diario\/wp-json\/wp\/v2\/types\/post"}],"author":[{"embeddable":true,"href":"https:\/\/www.fotografo-profesional.net\/diario\/wp-json\/wp\/v2\/users\/2"}],"replies":[{"embeddable":true,"href":"https:\/\/www.fotografo-profesional.net\/diario\/wp-json\/wp\/v2\/comments?post=2434"}],"version-history":[{"count":3,"href":"https:\/\/www.fotografo-profesional.net\/diario\/wp-json\/wp\/v2\/posts\/2434\/revisions"}],"predecessor-version":[{"id":2441,"href":"https:\/\/www.fotografo-profesional.net\/diario\/wp-json\/wp\/v2\/posts\/2434\/revisions\/2441"}],"wp:featuredmedia":[{"embeddable":true,"href":"https:\/\/www.fotografo-profesional.net\/diario\/wp-json\/wp\/v2\/media\/2439"}],"wp:attachment":[{"href":"https:\/\/www.fotografo-profesional.net\/diario\/wp-json\/wp\/v2\/media?parent=2434"}],"wp:term":[{"taxonomy":"category","embeddable":true,"href":"https:\/\/www.fotografo-profesional.net\/diario\/wp-json\/wp\/v2\/categories?post=2434"},{"taxonomy":"post_tag","embeddable":true,"href":"https:\/\/www.fotografo-profesional.net\/diario\/wp-json\/wp\/v2\/tags?post=2434"}],"curies":[{"name":"wp","href":"https:\/\/api.w.org\/{rel}","templated":true}]}}