{"id":2530,"date":"2021-01-30T11:01:51","date_gmt":"2021-01-30T10:01:51","guid":{"rendered":"https:\/\/www.fotografo-profesional.net\/diario\/?p=2530"},"modified":"2021-04-10T15:59:55","modified_gmt":"2021-04-10T13:59:55","slug":"fotografo-de-boda-economico-en-madrid","status":"publish","type":"post","link":"https:\/\/www.fotografo-profesional.net\/diario\/2021\/01\/30\/fotografo-de-boda-economico-en-madrid\/","title":{"rendered":"Fot\u00f3grafo de boda econ\u00f3mico en Madrid"},"content":{"rendered":"\r\n<p><img decoding=\"async\" class=\"size-full wp-image-2674 aligncenter\" src=\"https:\/\/www.fotografo-profesional.net\/diario\/wp-content\/uploads\/2021\/01\/Fotografo-profesional-en-Madrid-LMC-0196.jpg\" alt=\"Fot\u00f3grafo econ\u00f3mico de boda en Madrid\" width=\"600\" height=\"400\" srcset=\"https:\/\/www.fotografo-profesional.net\/diario\/wp-content\/uploads\/2021\/01\/Fotografo-profesional-en-Madrid-LMC-0196.jpg 600w, https:\/\/www.fotografo-profesional.net\/diario\/wp-content\/uploads\/2021\/01\/Fotografo-profesional-en-Madrid-LMC-0196-300x200.jpg 300w\" sizes=\"(max-width: 600px) 100vw, 600px\" \/><\/p>\r\n<p>Es el momento de que contrat\u00e9is un fot\u00f3grafo de boda econ\u00f3mico si la crisis que vivimos pone en peligro la celebraci\u00f3n de vuestro enlace. Fot\u00f3grafo econ\u00f3mico pero profesional. Da lo mismo que os vay\u00e1is a <a href=\"https:\/\/www.fotografo-profesional.net\/diario\/2018\/08\/09\/reportaje-de-boda-religiosa\/\"><span style=\"color: #0000ff;\"><em>casar por la iglesia<\/em><\/span> <\/a>o que vuestra <a href=\"https:\/\/www.fotografo-profesional.net\/diario\/2020\/09\/11\/fotografo-de-boda-civil-en-madrid-y-alrededores\/\"><span style=\"color: #0000ff;\"><em>boda sea civil<\/em><\/span><\/a>. Ya durante el pasado a\u00f1o 2020 se aplazaron muchas bodas debido a la situaci\u00f3n sanitaria. Quiz\u00e1 haya sido vuestro caso. El ir aplazando el enlace una y otra vez por el temor a que no resulte todo lo vistoso que quer\u00e9is no es una buena decisi\u00f3n. Por varios motivos:<\/p>\r\n<p>&#8211; Primero, porque si ahora las cosas parecen demasiado inciertas, es muy probable que dentro de unos meses se hayan aclarado.<\/p>\r\n<p>&#8211; Segundo, si todas las parejas hacen lo mismo lo que se va a producir es un colapso de bodas cuando todo vuelva a su ser. Tambi\u00e9n en las agendas de los fot\u00f3grafos profesionales de boda. Y entonces resultar\u00eda muy dif\u00edcil encontrar un fot\u00f3grafo disponible.<\/p>\r\n<p>&#8211; Tercero, \u00bfno ser\u00eda mejor que contratarais un fot\u00f3grafo de bodas barato ahora y hag\u00e1is el m\u00ednimo gasto en todo? Una vez casados, ya tendr\u00e9is tiempo de hacer una celebraci\u00f3n portado lo alto cuando se resuelva la crisis sanitaria y econ\u00f3mica. Porque lo m\u00e1s importante es casarse.<\/p>\r\n<p>&#8211; Cuarto, las recomendaciones sanitarias que hay que guardar ahora durante los actos sociales \u00bfno har\u00e1n especial vuestro \u00e1lbum de fotos? Un buen fot\u00f3grafo sabe c\u00f3mo cumplir las normas y conseguir buenas fotograf\u00edas. En las que se os vean bien las caras.<\/p>\r\n<p>Un fot\u00f3grafo de boda econ\u00f3mico os puede ayudar. El que un fot\u00f3grafo bodas barato sea una de las b\u00fasquedas m\u00e1s frecuentes de<a href=\"https:\/\/www.fotografo-profesional.net\/portfolio\/fotografia-de-bodas\/\"><span style=\"color: #0000ff;\"><em> la fotograf\u00eda de bodas <\/em><\/span><\/a>os puede dar una idea de que <a href=\"https:\/\/www.fotografo-profesional.net\/diario\/2019\/12\/13\/fotografo-de-bodas-a-buen-precio\/\"><span style=\"color: #0000ff;\"><em>el buen precio<\/em> <\/span><\/a>no est\u00e1 re\u00f1ido con la calidad. Un fot\u00f3grafo profesional con experiencia puede hacer un reportaje de boda econ\u00f3mico de excelente calidad. Es lo que se consigue cuando se conoce bien el oficio.<\/p>\r\n<p>Deber\u00edais plantearos seriamente ir buscando entre los fot\u00f3grafos profesionales alguno que os haga el reportaje de vuestra boda. Y contratarlo ya. <br \/><br \/><\/p>\r\n","protected":false},"excerpt":{"rendered":"<p>Es el momento de que contrat\u00e9is un fot\u00f3grafo de boda econ\u00f3mico si la crisis que vivimos pone en peligro la celebraci\u00f3n de vuestro enlace. Fot\u00f3grafo econ\u00f3mico pero profesional. Da lo mismo que os vay\u00e1is a casar por la iglesia o que vuestra boda sea civil. Ya durante el pasado a\u00f1o 2020 se aplazaron muchas bodas [&hellip;]<\/p>\n","protected":false},"author":2,"featured_media":2674,"comment_status":"closed","ping_status":"open","sticky":false,"template":"","format":"standard","meta":[],"categories":[175,254,171,255,45,189,172,207],"tags":[315,290,562,486,291,99,653,348,284,338],"yoast_head":"<!-- This site is optimized with the Yoast SEO plugin v20.8 - https:\/\/yoast.com\/wordpress\/plugins\/seo\/ -->\n<title>Fot\u00f3grafo de boda econ\u00f3mico en Madrid - Luis Miguel del Campo<\/title>\n<meta name=\"description\" content=\"Siempre que se da una situaci\u00f3n econ\u00f3mica dif\u00edcil se suele recurrir a un fot\u00f3grafo de boda econ\u00f3mico porque resuelve el reportaje con calidad\" \/>\n<meta name=\"robots\" content=\"index, follow, max-snippet:-1, max-image-preview:large, max-video-preview:-1\" \/>\n<link rel=\"canonical\" href=\"https:\/\/www.fotografo-profesional.net\/diario\/2021\/01\/30\/fotografo-de-boda-economico-en-madrid\/\" \/>\n<meta property=\"og:locale\" content=\"es_ES\" \/>\n<meta property=\"og:type\" content=\"article\" \/>\n<meta property=\"og:title\" content=\"Fot\u00f3grafo de boda econ\u00f3mico en Madrid - Luis Miguel del Campo\" \/>\n<meta property=\"og:description\" content=\"Siempre que se da una situaci\u00f3n econ\u00f3mica dif\u00edcil se suele recurrir a un fot\u00f3grafo de boda econ\u00f3mico porque resuelve el reportaje con calidad\" \/>\n<meta property=\"og:url\" content=\"https:\/\/www.fotografo-profesional.net\/diario\/2021\/01\/30\/fotografo-de-boda-economico-en-madrid\/\" \/>\n<meta property=\"og:site_name\" content=\"Luis Miguel del Campo\" \/>\n<meta property=\"article:published_time\" content=\"2021-01-30T10:01:51+00:00\" \/>\n<meta property=\"article:modified_time\" content=\"2021-04-10T13:59:55+00:00\" \/>\n<meta property=\"og:image\" content=\"https:\/\/www.fotografo-profesional.net\/diario\/wp-content\/uploads\/2021\/01\/Fotografo-profesional-en-Madrid-LMC-0196.jpg\" \/>\n\t<meta property=\"og:image:width\" content=\"600\" \/>\n\t<meta property=\"og:image:height\" content=\"400\" \/>\n\t<meta property=\"og:image:type\" content=\"image\/jpeg\" \/>\n<meta name=\"author\" content=\"Luis Miguel del Campo\" \/>\n<meta name=\"twitter:card\" content=\"summary_large_image\" \/>\n<meta name=\"twitter:label1\" content=\"Escrito por\" \/>\n\t<meta name=\"twitter:data1\" content=\"Luis Miguel del Campo\" \/>\n\t<meta name=\"twitter:label2\" content=\"Tiempo de lectura\" \/>\n\t<meta name=\"twitter:data2\" content=\"2 minutos\" \/>\n<script type=\"application\/ld+json\" class=\"yoast-schema-graph\">{\"@context\":\"https:\/\/schema.org\",\"@graph\":[{\"@type\":\"WebPage\",\"@id\":\"https:\/\/www.fotografo-profesional.net\/diario\/2021\/01\/30\/fotografo-de-boda-economico-en-madrid\/\",\"url\":\"https:\/\/www.fotografo-profesional.net\/diario\/2021\/01\/30\/fotografo-de-boda-economico-en-madrid\/\",\"name\":\"Fot\u00f3grafo de boda econ\u00f3mico en Madrid - Luis Miguel del Campo\",\"isPartOf\":{\"@id\":\"https:\/\/www.fotografo-profesional.net\/diario\/#website\"},\"datePublished\":\"2021-01-30T10:01:51+00:00\",\"dateModified\":\"2021-04-10T13:59:55+00:00\",\"author\":{\"@id\":\"https:\/\/www.fotografo-profesional.net\/diario\/#\/schema\/person\/220504871d765b4c30a0af1d2fe93533\"},\"description\":\"Siempre que se da una situaci\u00f3n econ\u00f3mica dif\u00edcil se suele recurrir a un fot\u00f3grafo de boda econ\u00f3mico porque resuelve el reportaje con calidad\",\"breadcrumb\":{\"@id\":\"https:\/\/www.fotografo-profesional.net\/diario\/2021\/01\/30\/fotografo-de-boda-economico-en-madrid\/#breadcrumb\"},\"inLanguage\":\"es\",\"potentialAction\":[{\"@type\":\"ReadAction\",\"target\":[\"https:\/\/www.fotografo-profesional.net\/diario\/2021\/01\/30\/fotografo-de-boda-economico-en-madrid\/\"]}]},{\"@type\":\"BreadcrumbList\",\"@id\":\"https:\/\/www.fotografo-profesional.net\/diario\/2021\/01\/30\/fotografo-de-boda-economico-en-madrid\/#breadcrumb\",\"itemListElement\":[{\"@type\":\"ListItem\",\"position\":1,\"name\":\"Inicio\",\"item\":\"https:\/\/www.fotografo-profesional.net\/diario\/\"},{\"@type\":\"ListItem\",\"position\":2,\"name\":\"Fot\u00f3grafo de boda econ\u00f3mico en Madrid\"}]},{\"@type\":\"WebSite\",\"@id\":\"https:\/\/www.fotografo-profesional.net\/diario\/#website\",\"url\":\"https:\/\/www.fotografo-profesional.net\/diario\/\",\"name\":\"Luis Miguel del Campo\",\"description\":\"Blog de un fot\u00f3grafo profesional\",\"potentialAction\":[{\"@type\":\"SearchAction\",\"target\":{\"@type\":\"EntryPoint\",\"urlTemplate\":\"https:\/\/www.fotografo-profesional.net\/diario\/?s={search_term_string}\"},\"query-input\":\"required name=search_term_string\"}],\"inLanguage\":\"es\"},{\"@type\":\"Person\",\"@id\":\"https:\/\/www.fotografo-profesional.net\/diario\/#\/schema\/person\/220504871d765b4c30a0af1d2fe93533\",\"name\":\"Luis Miguel del Campo\",\"image\":{\"@type\":\"ImageObject\",\"inLanguage\":\"es\",\"@id\":\"https:\/\/www.fotografo-profesional.net\/diario\/#\/schema\/person\/image\/\",\"url\":\"https:\/\/secure.gravatar.com\/avatar\/84bb1120095136de86f122a882a42d61?s=96&d=mm&r=g\",\"contentUrl\":\"https:\/\/secure.gravatar.com\/avatar\/84bb1120095136de86f122a882a42d61?s=96&d=mm&r=g\",\"caption\":\"Luis Miguel del Campo\"},\"url\":\"https:\/\/www.fotografo-profesional.net\/diario\/author\/admin_lmdc\/\"}]}<\/script>\n<!-- \/ Yoast SEO plugin. -->","yoast_head_json":{"title":"Fot\u00f3grafo de boda econ\u00f3mico en Madrid - Luis Miguel del Campo","description":"Siempre que se da una situaci\u00f3n econ\u00f3mica dif\u00edcil se suele recurrir a un fot\u00f3grafo de boda econ\u00f3mico porque resuelve el reportaje con calidad","robots":{"index":"index","follow":"follow","max-snippet":"max-snippet:-1","max-image-preview":"max-image-preview:large","max-video-preview":"max-video-preview:-1"},"canonical":"https:\/\/www.fotografo-profesional.net\/diario\/2021\/01\/30\/fotografo-de-boda-economico-en-madrid\/","og_locale":"es_ES","og_type":"article","og_title":"Fot\u00f3grafo de boda econ\u00f3mico en Madrid - Luis Miguel del Campo","og_description":"Siempre que se da una situaci\u00f3n econ\u00f3mica dif\u00edcil se suele recurrir a un fot\u00f3grafo de boda econ\u00f3mico porque resuelve el reportaje con calidad","og_url":"https:\/\/www.fotografo-profesional.net\/diario\/2021\/01\/30\/fotografo-de-boda-economico-en-madrid\/","og_site_name":"Luis Miguel del Campo","article_published_time":"2021-01-30T10:01:51+00:00","article_modified_time":"2021-04-10T13:59:55+00:00","og_image":[{"width":600,"height":400,"url":"https:\/\/www.fotografo-profesional.net\/diario\/wp-content\/uploads\/2021\/01\/Fotografo-profesional-en-Madrid-LMC-0196.jpg","type":"image\/jpeg"}],"author":"Luis Miguel del Campo","twitter_card":"summary_large_image","twitter_misc":{"Escrito por":"Luis Miguel del Campo","Tiempo de lectura":"2 minutos"},"schema":{"@context":"https:\/\/schema.org","@graph":[{"@type":"WebPage","@id":"https:\/\/www.fotografo-profesional.net\/diario\/2021\/01\/30\/fotografo-de-boda-economico-en-madrid\/","url":"https:\/\/www.fotografo-profesional.net\/diario\/2021\/01\/30\/fotografo-de-boda-economico-en-madrid\/","name":"Fot\u00f3grafo de boda econ\u00f3mico en Madrid - Luis Miguel del Campo","isPartOf":{"@id":"https:\/\/www.fotografo-profesional.net\/diario\/#website"},"datePublished":"2021-01-30T10:01:51+00:00","dateModified":"2021-04-10T13:59:55+00:00","author":{"@id":"https:\/\/www.fotografo-profesional.net\/diario\/#\/schema\/person\/220504871d765b4c30a0af1d2fe93533"},"description":"Siempre que se da una situaci\u00f3n econ\u00f3mica dif\u00edcil se suele recurrir a un fot\u00f3grafo de boda econ\u00f3mico porque resuelve el reportaje con calidad","breadcrumb":{"@id":"https:\/\/www.fotografo-profesional.net\/diario\/2021\/01\/30\/fotografo-de-boda-economico-en-madrid\/#breadcrumb"},"inLanguage":"es","potentialAction":[{"@type":"ReadAction","target":["https:\/\/www.fotografo-profesional.net\/diario\/2021\/01\/30\/fotografo-de-boda-economico-en-madrid\/"]}]},{"@type":"BreadcrumbList","@id":"https:\/\/www.fotografo-profesional.net\/diario\/2021\/01\/30\/fotografo-de-boda-economico-en-madrid\/#breadcrumb","itemListElement":[{"@type":"ListItem","position":1,"name":"Inicio","item":"https:\/\/www.fotografo-profesional.net\/diario\/"},{"@type":"ListItem","position":2,"name":"Fot\u00f3grafo de boda econ\u00f3mico en Madrid"}]},{"@type":"WebSite","@id":"https:\/\/www.fotografo-profesional.net\/diario\/#website","url":"https:\/\/www.fotografo-profesional.net\/diario\/","name":"Luis Miguel del Campo","description":"Blog de un fot\u00f3grafo profesional","potentialAction":[{"@type":"SearchAction","target":{"@type":"EntryPoint","urlTemplate":"https:\/\/www.fotografo-profesional.net\/diario\/?s={search_term_string}"},"query-input":"required name=search_term_string"}],"inLanguage":"es"},{"@type":"Person","@id":"https:\/\/www.fotografo-profesional.net\/diario\/#\/schema\/person\/220504871d765b4c30a0af1d2fe93533","name":"Luis Miguel del Campo","image":{"@type":"ImageObject","inLanguage":"es","@id":"https:\/\/www.fotografo-profesional.net\/diario\/#\/schema\/person\/image\/","url":"https:\/\/secure.gravatar.com\/avatar\/84bb1120095136de86f122a882a42d61?s=96&d=mm&r=g","contentUrl":"https:\/\/secure.gravatar.com\/avatar\/84bb1120095136de86f122a882a42d61?s=96&d=mm&r=g","caption":"Luis Miguel del Campo"},"url":"https:\/\/www.fotografo-profesional.net\/diario\/author\/admin_lmdc\/"}]}},"_links":{"self":[{"href":"https:\/\/www.fotografo-profesional.net\/diario\/wp-json\/wp\/v2\/posts\/2530"}],"collection":[{"href":"https:\/\/www.fotografo-profesional.net\/diario\/wp-json\/wp\/v2\/posts"}],"about":[{"href":"https:\/\/www.fotografo-profesional.net\/diario\/wp-json\/wp\/v2\/types\/post"}],"author":[{"embeddable":true,"href":"https:\/\/www.fotografo-profesional.net\/diario\/wp-json\/wp\/v2\/users\/2"}],"replies":[{"embeddable":true,"href":"https:\/\/www.fotografo-profesional.net\/diario\/wp-json\/wp\/v2\/comments?post=2530"}],"version-history":[{"count":4,"href":"https:\/\/www.fotografo-profesional.net\/diario\/wp-json\/wp\/v2\/posts\/2530\/revisions"}],"predecessor-version":[{"id":2676,"href":"https:\/\/www.fotografo-profesional.net\/diario\/wp-json\/wp\/v2\/posts\/2530\/revisions\/2676"}],"wp:featuredmedia":[{"embeddable":true,"href":"https:\/\/www.fotografo-profesional.net\/diario\/wp-json\/wp\/v2\/media\/2674"}],"wp:attachment":[{"href":"https:\/\/www.fotografo-profesional.net\/diario\/wp-json\/wp\/v2\/media?parent=2530"}],"wp:term":[{"taxonomy":"category","embeddable":true,"href":"https:\/\/www.fotografo-profesional.net\/diario\/wp-json\/wp\/v2\/categories?post=2530"},{"taxonomy":"post_tag","embeddable":true,"href":"https:\/\/www.fotografo-profesional.net\/diario\/wp-json\/wp\/v2\/tags?post=2530"}],"curies":[{"name":"wp","href":"https:\/\/api.w.org\/{rel}","templated":true}]}}