{"id":2549,"date":"2021-02-09T08:04:20","date_gmt":"2021-02-09T07:04:20","guid":{"rendered":"https:\/\/www.fotografo-profesional.net\/diario\/?p=2549"},"modified":"2021-02-09T08:04:20","modified_gmt":"2021-02-09T07:04:20","slug":"la-destruccion-del-bajo-manhattan","status":"publish","type":"post","link":"https:\/\/www.fotografo-profesional.net\/diario\/2021\/02\/09\/la-destruccion-del-bajo-manhattan\/","title":{"rendered":"La destrucci\u00f3n del Bajo Manhattan"},"content":{"rendered":"\r\n<p><img decoding=\"async\" class=\"size-full wp-image-2556 aligncenter\" src=\"https:\/\/www.fotografo-profesional.net\/diario\/wp-content\/uploads\/2021\/02\/Fotografo-profesional-en-Madrid-LMC-0164-1.jpg\" alt=\"Expo de La destrucci\u00f3n del Bajo Manhattan \" width=\"600\" height=\"400\" srcset=\"https:\/\/www.fotografo-profesional.net\/diario\/wp-content\/uploads\/2021\/02\/Fotografo-profesional-en-Madrid-LMC-0164-1.jpg 600w, https:\/\/www.fotografo-profesional.net\/diario\/wp-content\/uploads\/2021\/02\/Fotografo-profesional-en-Madrid-LMC-0164-1-300x200.jpg 300w\" sizes=\"(max-width: 600px) 100vw, 600px\" \/><\/p>\r\n<p>La documentaci\u00f3n de la destrucci\u00f3n del Bajo Manhattan que hizo el fot\u00f3grafo Danny Lyon pudo verse en <a href=\"https:\/\/www.fotografo-profesional.net\/diario\/2020\/07\/14\/photoespana-edicion-2020-en-madrid\/\"><em><span style=\"color: #0000ff;\">PHotoESPA\u00d1A 2020<\/span><\/em><\/a>; en el museo ICO de Madrid. <\/p>\r\n<p>Se trata de un ejercicio de preservaci\u00f3n de una \u00e9poca. De un intento emotivo de preservar los \u00faltimos meses de unas calles que ese encontraban entre las m\u00e1s antiguas de la ciudad de Nueva Cork. Con edificios que hab\u00edan visto c\u00f3mo iban surgiendo rascacielos a su alrededor. La destrucci\u00f3n del Bajo Manhattan, que captur\u00f3 para siempre el fot\u00f3grafo Danny Lyon de forma nost\u00e1lgica y muy profesional, viene a ser la continuaci\u00f3n l\u00f3gica y complementaria al trabajo que hiciera en su momento <a href=\"https:\/\/www.fotografo-profesional.net\/diario\/2019\/08\/19\/exposicion-de-berenice-abbott\/\"><span style=\"color: #0000ff;\"><em>Berenice Abbott sobre Nueva York<\/em><\/span><\/a>.<\/p>\r\n<p>En 1967 se demolieron m\u00e1s de veinticuatro hect\u00e1reas de la ciudad de Maniatan. A Danny Lyon lo que menos le importaba era el valor arquitect\u00f3nico de los edificios desaparecidos. Solamente documentar\u00eda la destrucci\u00f3n del Bajo Manhattan que pudo, pues algunas zonas como el Trade Center estaban cercadas y fuertemente vigiladas.<\/p>\r\n<p>El fot\u00f3grafo profesional no solo se plante\u00f3 su proyecto como plasmaci\u00f3n de las calles con las ruinas de los edificios. En La destrucci\u00f3n del bajo Manhattan tambi\u00e9n retrat\u00f3 el interior de \u00e9stos, recorriendo algunos planta por planta; apartamento a apartamento. Adem\u00e1s, sus fotograf\u00edas recogen retratos de algunos de sus \u00faltimos habitantes, de los saqueadores y de los obreros que trabajaron en las demoliciones. A \u00e9stos \u00faltimos, el fot\u00f3grafo les captura en plena faena y alaba su trabajo como muy profesional. <\/p>\r\n<p>Sin conocer la obra de Danny Lyon, un sentimiento similar me invadi\u00f3 a principios del siglo XXI en Madrid, viendo c\u00f3mo desaparec\u00edan barrios enteros. Algunos, barrios de infraviviendas, pero que reflejaban c\u00f3mo hab\u00edan aguantado hasta el nuevo siglo. Hasta que la zona en la que se encontraba interes\u00f3 para hacer negocios inmobiliarios. A este proyecto fotogr\u00e1fico lo llam\u00e9 Madrid preol\u00edmpica. <\/p>\r\n","protected":false},"excerpt":{"rendered":"<p>La documentaci\u00f3n de la destrucci\u00f3n del Bajo Manhattan que hizo el fot\u00f3grafo Danny Lyon pudo verse en PHotoESPA\u00d1A 2020; en el museo ICO de Madrid. Se trata de un ejercicio de preservaci\u00f3n de una \u00e9poca. De un intento emotivo de preservar los \u00faltimos meses de unas calles que ese encontraban entre las m\u00e1s antiguas de [&hellip;]<\/p>\n","protected":false},"author":2,"featured_media":2556,"comment_status":"closed","ping_status":"open","sticky":false,"template":"","format":"standard","meta":[],"categories":[45,189,172,207,1],"tags":[682,152,99,348,284,338,683,307,527,528,121,452],"yoast_head":"<!-- This site is optimized with the Yoast SEO plugin v20.8 - https:\/\/yoast.com\/wordpress\/plugins\/seo\/ -->\n<title>La destrucci\u00f3n del Bajo Manhattan - Luis Miguel del Campo<\/title>\n<meta name=\"description\" content=\"La destrucci\u00f3n del bajo Manhattan que document\u00f3 Danny Lyon a finales de la d\u00e9cada de 1960 se pudo ver en PHotoESPA\u00d1A 2020\" \/>\n<meta name=\"robots\" content=\"index, follow, max-snippet:-1, max-image-preview:large, max-video-preview:-1\" \/>\n<link rel=\"canonical\" href=\"https:\/\/www.fotografo-profesional.net\/diario\/2021\/02\/09\/la-destruccion-del-bajo-manhattan\/\" \/>\n<meta property=\"og:locale\" content=\"es_ES\" \/>\n<meta property=\"og:type\" content=\"article\" \/>\n<meta property=\"og:title\" content=\"La destrucci\u00f3n del Bajo Manhattan - Luis Miguel del Campo\" \/>\n<meta property=\"og:description\" content=\"La destrucci\u00f3n del bajo Manhattan que document\u00f3 Danny Lyon a finales de la d\u00e9cada de 1960 se pudo ver en PHotoESPA\u00d1A 2020\" \/>\n<meta property=\"og:url\" content=\"https:\/\/www.fotografo-profesional.net\/diario\/2021\/02\/09\/la-destruccion-del-bajo-manhattan\/\" \/>\n<meta property=\"og:site_name\" content=\"Luis Miguel del Campo\" \/>\n<meta property=\"article:published_time\" content=\"2021-02-09T07:04:20+00:00\" \/>\n<meta property=\"og:image\" content=\"https:\/\/www.fotografo-profesional.net\/diario\/wp-content\/uploads\/2021\/02\/Fotografo-profesional-en-Madrid-LMC-0164-1.jpg\" \/>\n\t<meta property=\"og:image:width\" content=\"600\" \/>\n\t<meta property=\"og:image:height\" content=\"400\" \/>\n\t<meta property=\"og:image:type\" content=\"image\/jpeg\" \/>\n<meta name=\"author\" content=\"Luis Miguel del Campo\" \/>\n<meta name=\"twitter:card\" content=\"summary_large_image\" \/>\n<meta name=\"twitter:label1\" content=\"Escrito por\" \/>\n\t<meta name=\"twitter:data1\" content=\"Luis Miguel del Campo\" \/>\n\t<meta name=\"twitter:label2\" content=\"Tiempo de lectura\" \/>\n\t<meta name=\"twitter:data2\" content=\"2 minutos\" \/>\n<script type=\"application\/ld+json\" class=\"yoast-schema-graph\">{\"@context\":\"https:\/\/schema.org\",\"@graph\":[{\"@type\":\"WebPage\",\"@id\":\"https:\/\/www.fotografo-profesional.net\/diario\/2021\/02\/09\/la-destruccion-del-bajo-manhattan\/\",\"url\":\"https:\/\/www.fotografo-profesional.net\/diario\/2021\/02\/09\/la-destruccion-del-bajo-manhattan\/\",\"name\":\"La destrucci\u00f3n del Bajo Manhattan - Luis Miguel del Campo\",\"isPartOf\":{\"@id\":\"https:\/\/www.fotografo-profesional.net\/diario\/#website\"},\"datePublished\":\"2021-02-09T07:04:20+00:00\",\"dateModified\":\"2021-02-09T07:04:20+00:00\",\"author\":{\"@id\":\"https:\/\/www.fotografo-profesional.net\/diario\/#\/schema\/person\/220504871d765b4c30a0af1d2fe93533\"},\"description\":\"La destrucci\u00f3n del bajo Manhattan que document\u00f3 Danny Lyon a finales de la d\u00e9cada de 1960 se pudo ver en PHotoESPA\u00d1A 2020\",\"breadcrumb\":{\"@id\":\"https:\/\/www.fotografo-profesional.net\/diario\/2021\/02\/09\/la-destruccion-del-bajo-manhattan\/#breadcrumb\"},\"inLanguage\":\"es\",\"potentialAction\":[{\"@type\":\"ReadAction\",\"target\":[\"https:\/\/www.fotografo-profesional.net\/diario\/2021\/02\/09\/la-destruccion-del-bajo-manhattan\/\"]}]},{\"@type\":\"BreadcrumbList\",\"@id\":\"https:\/\/www.fotografo-profesional.net\/diario\/2021\/02\/09\/la-destruccion-del-bajo-manhattan\/#breadcrumb\",\"itemListElement\":[{\"@type\":\"ListItem\",\"position\":1,\"name\":\"Inicio\",\"item\":\"https:\/\/www.fotografo-profesional.net\/diario\/\"},{\"@type\":\"ListItem\",\"position\":2,\"name\":\"La destrucci\u00f3n del Bajo Manhattan\"}]},{\"@type\":\"WebSite\",\"@id\":\"https:\/\/www.fotografo-profesional.net\/diario\/#website\",\"url\":\"https:\/\/www.fotografo-profesional.net\/diario\/\",\"name\":\"Luis Miguel del Campo\",\"description\":\"Blog de un fot\u00f3grafo profesional\",\"potentialAction\":[{\"@type\":\"SearchAction\",\"target\":{\"@type\":\"EntryPoint\",\"urlTemplate\":\"https:\/\/www.fotografo-profesional.net\/diario\/?s={search_term_string}\"},\"query-input\":\"required name=search_term_string\"}],\"inLanguage\":\"es\"},{\"@type\":\"Person\",\"@id\":\"https:\/\/www.fotografo-profesional.net\/diario\/#\/schema\/person\/220504871d765b4c30a0af1d2fe93533\",\"name\":\"Luis Miguel del Campo\",\"image\":{\"@type\":\"ImageObject\",\"inLanguage\":\"es\",\"@id\":\"https:\/\/www.fotografo-profesional.net\/diario\/#\/schema\/person\/image\/\",\"url\":\"https:\/\/secure.gravatar.com\/avatar\/84bb1120095136de86f122a882a42d61?s=96&d=mm&r=g\",\"contentUrl\":\"https:\/\/secure.gravatar.com\/avatar\/84bb1120095136de86f122a882a42d61?s=96&d=mm&r=g\",\"caption\":\"Luis Miguel del Campo\"},\"url\":\"https:\/\/www.fotografo-profesional.net\/diario\/author\/admin_lmdc\/\"}]}<\/script>\n<!-- \/ Yoast SEO plugin. -->","yoast_head_json":{"title":"La destrucci\u00f3n del Bajo Manhattan - Luis Miguel del Campo","description":"La destrucci\u00f3n del bajo Manhattan que document\u00f3 Danny Lyon a finales de la d\u00e9cada de 1960 se pudo ver en PHotoESPA\u00d1A 2020","robots":{"index":"index","follow":"follow","max-snippet":"max-snippet:-1","max-image-preview":"max-image-preview:large","max-video-preview":"max-video-preview:-1"},"canonical":"https:\/\/www.fotografo-profesional.net\/diario\/2021\/02\/09\/la-destruccion-del-bajo-manhattan\/","og_locale":"es_ES","og_type":"article","og_title":"La destrucci\u00f3n del Bajo Manhattan - Luis Miguel del Campo","og_description":"La destrucci\u00f3n del bajo Manhattan que document\u00f3 Danny Lyon a finales de la d\u00e9cada de 1960 se pudo ver en PHotoESPA\u00d1A 2020","og_url":"https:\/\/www.fotografo-profesional.net\/diario\/2021\/02\/09\/la-destruccion-del-bajo-manhattan\/","og_site_name":"Luis Miguel del Campo","article_published_time":"2021-02-09T07:04:20+00:00","og_image":[{"width":600,"height":400,"url":"https:\/\/www.fotografo-profesional.net\/diario\/wp-content\/uploads\/2021\/02\/Fotografo-profesional-en-Madrid-LMC-0164-1.jpg","type":"image\/jpeg"}],"author":"Luis Miguel del Campo","twitter_card":"summary_large_image","twitter_misc":{"Escrito por":"Luis Miguel del Campo","Tiempo de lectura":"2 minutos"},"schema":{"@context":"https:\/\/schema.org","@graph":[{"@type":"WebPage","@id":"https:\/\/www.fotografo-profesional.net\/diario\/2021\/02\/09\/la-destruccion-del-bajo-manhattan\/","url":"https:\/\/www.fotografo-profesional.net\/diario\/2021\/02\/09\/la-destruccion-del-bajo-manhattan\/","name":"La destrucci\u00f3n del Bajo Manhattan - Luis Miguel del Campo","isPartOf":{"@id":"https:\/\/www.fotografo-profesional.net\/diario\/#website"},"datePublished":"2021-02-09T07:04:20+00:00","dateModified":"2021-02-09T07:04:20+00:00","author":{"@id":"https:\/\/www.fotografo-profesional.net\/diario\/#\/schema\/person\/220504871d765b4c30a0af1d2fe93533"},"description":"La destrucci\u00f3n del bajo Manhattan que document\u00f3 Danny Lyon a finales de la d\u00e9cada de 1960 se pudo ver en PHotoESPA\u00d1A 2020","breadcrumb":{"@id":"https:\/\/www.fotografo-profesional.net\/diario\/2021\/02\/09\/la-destruccion-del-bajo-manhattan\/#breadcrumb"},"inLanguage":"es","potentialAction":[{"@type":"ReadAction","target":["https:\/\/www.fotografo-profesional.net\/diario\/2021\/02\/09\/la-destruccion-del-bajo-manhattan\/"]}]},{"@type":"BreadcrumbList","@id":"https:\/\/www.fotografo-profesional.net\/diario\/2021\/02\/09\/la-destruccion-del-bajo-manhattan\/#breadcrumb","itemListElement":[{"@type":"ListItem","position":1,"name":"Inicio","item":"https:\/\/www.fotografo-profesional.net\/diario\/"},{"@type":"ListItem","position":2,"name":"La destrucci\u00f3n del Bajo Manhattan"}]},{"@type":"WebSite","@id":"https:\/\/www.fotografo-profesional.net\/diario\/#website","url":"https:\/\/www.fotografo-profesional.net\/diario\/","name":"Luis Miguel del Campo","description":"Blog de un fot\u00f3grafo profesional","potentialAction":[{"@type":"SearchAction","target":{"@type":"EntryPoint","urlTemplate":"https:\/\/www.fotografo-profesional.net\/diario\/?s={search_term_string}"},"query-input":"required name=search_term_string"}],"inLanguage":"es"},{"@type":"Person","@id":"https:\/\/www.fotografo-profesional.net\/diario\/#\/schema\/person\/220504871d765b4c30a0af1d2fe93533","name":"Luis Miguel del Campo","image":{"@type":"ImageObject","inLanguage":"es","@id":"https:\/\/www.fotografo-profesional.net\/diario\/#\/schema\/person\/image\/","url":"https:\/\/secure.gravatar.com\/avatar\/84bb1120095136de86f122a882a42d61?s=96&d=mm&r=g","contentUrl":"https:\/\/secure.gravatar.com\/avatar\/84bb1120095136de86f122a882a42d61?s=96&d=mm&r=g","caption":"Luis Miguel del Campo"},"url":"https:\/\/www.fotografo-profesional.net\/diario\/author\/admin_lmdc\/"}]}},"_links":{"self":[{"href":"https:\/\/www.fotografo-profesional.net\/diario\/wp-json\/wp\/v2\/posts\/2549"}],"collection":[{"href":"https:\/\/www.fotografo-profesional.net\/diario\/wp-json\/wp\/v2\/posts"}],"about":[{"href":"https:\/\/www.fotografo-profesional.net\/diario\/wp-json\/wp\/v2\/types\/post"}],"author":[{"embeddable":true,"href":"https:\/\/www.fotografo-profesional.net\/diario\/wp-json\/wp\/v2\/users\/2"}],"replies":[{"embeddable":true,"href":"https:\/\/www.fotografo-profesional.net\/diario\/wp-json\/wp\/v2\/comments?post=2549"}],"version-history":[{"count":2,"href":"https:\/\/www.fotografo-profesional.net\/diario\/wp-json\/wp\/v2\/posts\/2549\/revisions"}],"predecessor-version":[{"id":2557,"href":"https:\/\/www.fotografo-profesional.net\/diario\/wp-json\/wp\/v2\/posts\/2549\/revisions\/2557"}],"wp:featuredmedia":[{"embeddable":true,"href":"https:\/\/www.fotografo-profesional.net\/diario\/wp-json\/wp\/v2\/media\/2556"}],"wp:attachment":[{"href":"https:\/\/www.fotografo-profesional.net\/diario\/wp-json\/wp\/v2\/media?parent=2549"}],"wp:term":[{"taxonomy":"category","embeddable":true,"href":"https:\/\/www.fotografo-profesional.net\/diario\/wp-json\/wp\/v2\/categories?post=2549"},{"taxonomy":"post_tag","embeddable":true,"href":"https:\/\/www.fotografo-profesional.net\/diario\/wp-json\/wp\/v2\/tags?post=2549"}],"curies":[{"name":"wp","href":"https:\/\/api.w.org\/{rel}","templated":true}]}}