{"id":2559,"date":"2021-02-17T21:19:27","date_gmt":"2021-02-17T20:19:27","guid":{"rendered":"https:\/\/www.fotografo-profesional.net\/diario\/?p=2559"},"modified":"2021-02-17T21:28:49","modified_gmt":"2021-02-17T20:28:49","slug":"fotografos-baratos-en-madrid","status":"publish","type":"post","link":"https:\/\/www.fotografo-profesional.net\/diario\/2021\/02\/17\/fotografos-baratos-en-madrid\/","title":{"rendered":"Fot\u00f3grafos baratos en Madrid"},"content":{"rendered":"\r\n<p>Aqu\u00ed puedes contratar fot\u00f3grafos baratos para trabajos de todo tipo en Madrid. Soy un fot\u00f3grafo profesional que realiza<a href=\"https:\/\/www.fotografo-profesional.net\/diario\/2018\/03\/11\/books-de-fotos-de-ninos-en-madrid\/\"><span style=\"color: #0000ff;\"><em> books de estudio<\/em><\/span><\/a>, cat\u00e1logos de producto, <a href=\"https:\/\/www.fotografo-profesional.net\/portfolio\/fotografia-de-bodas\/\"><span style=\"color: #0000ff;\"><em>fotograf\u00eda de bodas<\/em><\/span><\/a>\u2026 Suelo trabajar solo pero tambi\u00e9n formo equipo contando con otros fot\u00f3grafos profesionales baratos de Madrid cuando el cliente y las circunstancias lo requieren. Es decir, si en una boda, por ejemplo, hay muchos invitados y la pareja de novios quiere cubrir todos los momentos y a todas las personas asistentes profusamente.<\/p>\r\n<p>Cuando se necesitan varios fot\u00f3grafos baratos soy yo el que elijo y dirijo personalmente a los dem\u00e1s profesionales que har\u00e1n el trabajo en Madrid o en cualquier otra ciudad de Espa\u00f1a. De hecho, todo el que forma parte de mi equipo es un fot\u00f3grafo profesional. Y, adem\u00e1s, nunca delego la organizaci\u00f3n ni la direcci\u00f3n del trabajo porque soy el responsable de los reportajes que entrego. Y es mi nombre el que se asocia como el fot\u00f3grafo de <a href=\"https:\/\/www.fotografo-profesional.net\/diario\/2019\/12\/13\/fotografo-de-bodas-a-buen-precio\/\"><span style=\"color: #0000ff;\"><em>bodas en Madrid<\/em><\/span><\/a> barato que entrega el trabajo que hemos hecho entre todos.<\/p>\r\n<p>Para books de iniciaci\u00f3n, de <a href=\"https:\/\/www.fotografo-profesional.net\/diario\/2018\/09\/08\/books-de-desnudo-artistico-en-madrid\/\"><span style=\"color: #0000ff;\"><em>desnudo <\/em><\/span><\/a>o de otras fotos <a href=\"https:\/\/www.fotografo-profesional.net\/portfolio\/fotografia-de-estudio\/\"><span style=\"color: #0000ff;\"><em>de estudio<\/em><\/span><\/a> hago el trabajo solo porque no se necesita de otro fot\u00f3grafo profesional para ello. Lo mismo suele ocurrir si me encargan un <span style=\"color: #0000ff;\"><a style=\"color: #0000ff;\" href=\"https:\/\/www.fotografo-profesional.net\/diario\/2018\/09\/14\/lo-mas-importante-en-fotografia-de-eventos\/\"><em>reportaje de congreso<\/em><\/a><\/span> en el que no haya ponencias en distintas localizaciones a la misma hora. En este caso, como tampoco se necesita que m\u00e1s fot\u00f3grafos baratos me acompa\u00f1en, soy el \u00fanico fot\u00f3grafo que hace el trabajo en Madrid o en la ciudad en la que <a href=\"https:\/\/www.fotografo-profesional.net\/portfolio\/fotografia-de-eventos\/\"><span style=\"color: #0000ff;\"><em>se celebre el evento<\/em><\/span><\/a>. Ni se lo propongo al cliente porque procuro no engordar el coste del trabajo porque s\u00ed.<\/p>\r\n<p>Soy de los fot\u00f3grafos profesionales que, ante todo, buscan que el cliente quede contento tanto con el trabajo como con el precio. Entregando calidad a buen precio. Prefiero tener que hacer m\u00e1s <a href=\"https:\/\/www.fotografo-profesional.net\/diario\/2020\/05\/29\/reportajes-fotograficos-promocionales-en-madrid\/\"><span style=\"color: #0000ff;\"><em>reportajes a buen precio<\/em><\/span><\/a> para rentabilizar mi trabajo que engordar unos pocos. Porque me gusta y disfruto con mi trabajo.<\/p>\r\n","protected":false},"excerpt":{"rendered":"<p>Aqu\u00ed puedes contratar fot\u00f3grafos baratos para trabajos de todo tipo en Madrid. Soy un fot\u00f3grafo profesional que realiza books de estudio, cat\u00e1logos de producto, fotograf\u00eda de bodas\u2026 Suelo trabajar solo pero tambi\u00e9n formo equipo contando con otros fot\u00f3grafos profesionales baratos de Madrid cuando el cliente y las circunstancias lo requieren. Es decir, si en una [&hellip;]<\/p>\n","protected":false},"author":2,"featured_media":0,"comment_status":"closed","ping_status":"open","sticky":false,"template":"","format":"standard","meta":[],"categories":[254,171,45,189,172,207],"tags":[315,32,290,291,99,348,284,338,454,452],"yoast_head":"<!-- This site is optimized with the Yoast SEO plugin v20.8 - https:\/\/yoast.com\/wordpress\/plugins\/seo\/ -->\n<title>Fot\u00f3grafos baratos en Madrid - Luis Miguel del Campo<\/title>\n<meta name=\"description\" content=\"Para reportajes que lo reuieran pongo a disposici\u00f3n de los clientes el equipo de fot\u00f3grafos profesionales baratos con los que trabajo en Madrid\" \/>\n<meta name=\"robots\" content=\"index, follow, max-snippet:-1, max-image-preview:large, max-video-preview:-1\" \/>\n<link rel=\"canonical\" href=\"https:\/\/www.fotografo-profesional.net\/diario\/2021\/02\/17\/fotografos-baratos-en-madrid\/\" \/>\n<meta property=\"og:locale\" content=\"es_ES\" \/>\n<meta property=\"og:type\" content=\"article\" \/>\n<meta property=\"og:title\" content=\"Fot\u00f3grafos baratos en Madrid - Luis Miguel del Campo\" \/>\n<meta property=\"og:description\" content=\"Para reportajes que lo reuieran pongo a disposici\u00f3n de los clientes el equipo de fot\u00f3grafos profesionales baratos con los que trabajo en Madrid\" \/>\n<meta property=\"og:url\" content=\"https:\/\/www.fotografo-profesional.net\/diario\/2021\/02\/17\/fotografos-baratos-en-madrid\/\" \/>\n<meta property=\"og:site_name\" content=\"Luis Miguel del Campo\" \/>\n<meta property=\"article:published_time\" content=\"2021-02-17T20:19:27+00:00\" \/>\n<meta property=\"article:modified_time\" content=\"2021-02-17T20:28:49+00:00\" \/>\n<meta name=\"author\" content=\"Luis Miguel del Campo\" \/>\n<meta name=\"twitter:card\" content=\"summary_large_image\" \/>\n<meta name=\"twitter:label1\" content=\"Escrito por\" \/>\n\t<meta name=\"twitter:data1\" content=\"Luis Miguel del Campo\" \/>\n\t<meta name=\"twitter:label2\" content=\"Tiempo de lectura\" \/>\n\t<meta name=\"twitter:data2\" content=\"2 minutos\" \/>\n<script type=\"application\/ld+json\" class=\"yoast-schema-graph\">{\"@context\":\"https:\/\/schema.org\",\"@graph\":[{\"@type\":\"WebPage\",\"@id\":\"https:\/\/www.fotografo-profesional.net\/diario\/2021\/02\/17\/fotografos-baratos-en-madrid\/\",\"url\":\"https:\/\/www.fotografo-profesional.net\/diario\/2021\/02\/17\/fotografos-baratos-en-madrid\/\",\"name\":\"Fot\u00f3grafos baratos en Madrid - Luis Miguel del Campo\",\"isPartOf\":{\"@id\":\"https:\/\/www.fotografo-profesional.net\/diario\/#website\"},\"datePublished\":\"2021-02-17T20:19:27+00:00\",\"dateModified\":\"2021-02-17T20:28:49+00:00\",\"author\":{\"@id\":\"https:\/\/www.fotografo-profesional.net\/diario\/#\/schema\/person\/220504871d765b4c30a0af1d2fe93533\"},\"description\":\"Para reportajes que lo reuieran pongo a disposici\u00f3n de los clientes el equipo de fot\u00f3grafos profesionales baratos con los que trabajo en Madrid\",\"breadcrumb\":{\"@id\":\"https:\/\/www.fotografo-profesional.net\/diario\/2021\/02\/17\/fotografos-baratos-en-madrid\/#breadcrumb\"},\"inLanguage\":\"es\",\"potentialAction\":[{\"@type\":\"ReadAction\",\"target\":[\"https:\/\/www.fotografo-profesional.net\/diario\/2021\/02\/17\/fotografos-baratos-en-madrid\/\"]}]},{\"@type\":\"BreadcrumbList\",\"@id\":\"https:\/\/www.fotografo-profesional.net\/diario\/2021\/02\/17\/fotografos-baratos-en-madrid\/#breadcrumb\",\"itemListElement\":[{\"@type\":\"ListItem\",\"position\":1,\"name\":\"Inicio\",\"item\":\"https:\/\/www.fotografo-profesional.net\/diario\/\"},{\"@type\":\"ListItem\",\"position\":2,\"name\":\"Fot\u00f3grafos baratos en Madrid\"}]},{\"@type\":\"WebSite\",\"@id\":\"https:\/\/www.fotografo-profesional.net\/diario\/#website\",\"url\":\"https:\/\/www.fotografo-profesional.net\/diario\/\",\"name\":\"Luis Miguel del Campo\",\"description\":\"Blog de un fot\u00f3grafo profesional\",\"potentialAction\":[{\"@type\":\"SearchAction\",\"target\":{\"@type\":\"EntryPoint\",\"urlTemplate\":\"https:\/\/www.fotografo-profesional.net\/diario\/?s={search_term_string}\"},\"query-input\":\"required name=search_term_string\"}],\"inLanguage\":\"es\"},{\"@type\":\"Person\",\"@id\":\"https:\/\/www.fotografo-profesional.net\/diario\/#\/schema\/person\/220504871d765b4c30a0af1d2fe93533\",\"name\":\"Luis Miguel del Campo\",\"image\":{\"@type\":\"ImageObject\",\"inLanguage\":\"es\",\"@id\":\"https:\/\/www.fotografo-profesional.net\/diario\/#\/schema\/person\/image\/\",\"url\":\"https:\/\/secure.gravatar.com\/avatar\/84bb1120095136de86f122a882a42d61?s=96&d=mm&r=g\",\"contentUrl\":\"https:\/\/secure.gravatar.com\/avatar\/84bb1120095136de86f122a882a42d61?s=96&d=mm&r=g\",\"caption\":\"Luis Miguel del Campo\"},\"url\":\"https:\/\/www.fotografo-profesional.net\/diario\/author\/admin_lmdc\/\"}]}<\/script>\n<!-- \/ Yoast SEO plugin. -->","yoast_head_json":{"title":"Fot\u00f3grafos baratos en Madrid - Luis Miguel del Campo","description":"Para reportajes que lo reuieran pongo a disposici\u00f3n de los clientes el equipo de fot\u00f3grafos profesionales baratos con los que trabajo en Madrid","robots":{"index":"index","follow":"follow","max-snippet":"max-snippet:-1","max-image-preview":"max-image-preview:large","max-video-preview":"max-video-preview:-1"},"canonical":"https:\/\/www.fotografo-profesional.net\/diario\/2021\/02\/17\/fotografos-baratos-en-madrid\/","og_locale":"es_ES","og_type":"article","og_title":"Fot\u00f3grafos baratos en Madrid - Luis Miguel del Campo","og_description":"Para reportajes que lo reuieran pongo a disposici\u00f3n de los clientes el equipo de fot\u00f3grafos profesionales baratos con los que trabajo en Madrid","og_url":"https:\/\/www.fotografo-profesional.net\/diario\/2021\/02\/17\/fotografos-baratos-en-madrid\/","og_site_name":"Luis Miguel del Campo","article_published_time":"2021-02-17T20:19:27+00:00","article_modified_time":"2021-02-17T20:28:49+00:00","author":"Luis Miguel del Campo","twitter_card":"summary_large_image","twitter_misc":{"Escrito por":"Luis Miguel del Campo","Tiempo de lectura":"2 minutos"},"schema":{"@context":"https:\/\/schema.org","@graph":[{"@type":"WebPage","@id":"https:\/\/www.fotografo-profesional.net\/diario\/2021\/02\/17\/fotografos-baratos-en-madrid\/","url":"https:\/\/www.fotografo-profesional.net\/diario\/2021\/02\/17\/fotografos-baratos-en-madrid\/","name":"Fot\u00f3grafos baratos en Madrid - Luis Miguel del Campo","isPartOf":{"@id":"https:\/\/www.fotografo-profesional.net\/diario\/#website"},"datePublished":"2021-02-17T20:19:27+00:00","dateModified":"2021-02-17T20:28:49+00:00","author":{"@id":"https:\/\/www.fotografo-profesional.net\/diario\/#\/schema\/person\/220504871d765b4c30a0af1d2fe93533"},"description":"Para reportajes que lo reuieran pongo a disposici\u00f3n de los clientes el equipo de fot\u00f3grafos profesionales baratos con los que trabajo en Madrid","breadcrumb":{"@id":"https:\/\/www.fotografo-profesional.net\/diario\/2021\/02\/17\/fotografos-baratos-en-madrid\/#breadcrumb"},"inLanguage":"es","potentialAction":[{"@type":"ReadAction","target":["https:\/\/www.fotografo-profesional.net\/diario\/2021\/02\/17\/fotografos-baratos-en-madrid\/"]}]},{"@type":"BreadcrumbList","@id":"https:\/\/www.fotografo-profesional.net\/diario\/2021\/02\/17\/fotografos-baratos-en-madrid\/#breadcrumb","itemListElement":[{"@type":"ListItem","position":1,"name":"Inicio","item":"https:\/\/www.fotografo-profesional.net\/diario\/"},{"@type":"ListItem","position":2,"name":"Fot\u00f3grafos baratos en Madrid"}]},{"@type":"WebSite","@id":"https:\/\/www.fotografo-profesional.net\/diario\/#website","url":"https:\/\/www.fotografo-profesional.net\/diario\/","name":"Luis Miguel del Campo","description":"Blog de un fot\u00f3grafo profesional","potentialAction":[{"@type":"SearchAction","target":{"@type":"EntryPoint","urlTemplate":"https:\/\/www.fotografo-profesional.net\/diario\/?s={search_term_string}"},"query-input":"required name=search_term_string"}],"inLanguage":"es"},{"@type":"Person","@id":"https:\/\/www.fotografo-profesional.net\/diario\/#\/schema\/person\/220504871d765b4c30a0af1d2fe93533","name":"Luis Miguel del Campo","image":{"@type":"ImageObject","inLanguage":"es","@id":"https:\/\/www.fotografo-profesional.net\/diario\/#\/schema\/person\/image\/","url":"https:\/\/secure.gravatar.com\/avatar\/84bb1120095136de86f122a882a42d61?s=96&d=mm&r=g","contentUrl":"https:\/\/secure.gravatar.com\/avatar\/84bb1120095136de86f122a882a42d61?s=96&d=mm&r=g","caption":"Luis Miguel del Campo"},"url":"https:\/\/www.fotografo-profesional.net\/diario\/author\/admin_lmdc\/"}]}},"_links":{"self":[{"href":"https:\/\/www.fotografo-profesional.net\/diario\/wp-json\/wp\/v2\/posts\/2559"}],"collection":[{"href":"https:\/\/www.fotografo-profesional.net\/diario\/wp-json\/wp\/v2\/posts"}],"about":[{"href":"https:\/\/www.fotografo-profesional.net\/diario\/wp-json\/wp\/v2\/types\/post"}],"author":[{"embeddable":true,"href":"https:\/\/www.fotografo-profesional.net\/diario\/wp-json\/wp\/v2\/users\/2"}],"replies":[{"embeddable":true,"href":"https:\/\/www.fotografo-profesional.net\/diario\/wp-json\/wp\/v2\/comments?post=2559"}],"version-history":[{"count":4,"href":"https:\/\/www.fotografo-profesional.net\/diario\/wp-json\/wp\/v2\/posts\/2559\/revisions"}],"predecessor-version":[{"id":2565,"href":"https:\/\/www.fotografo-profesional.net\/diario\/wp-json\/wp\/v2\/posts\/2559\/revisions\/2565"}],"wp:attachment":[{"href":"https:\/\/www.fotografo-profesional.net\/diario\/wp-json\/wp\/v2\/media?parent=2559"}],"wp:term":[{"taxonomy":"category","embeddable":true,"href":"https:\/\/www.fotografo-profesional.net\/diario\/wp-json\/wp\/v2\/categories?post=2559"},{"taxonomy":"post_tag","embeddable":true,"href":"https:\/\/www.fotografo-profesional.net\/diario\/wp-json\/wp\/v2\/tags?post=2559"}],"curies":[{"name":"wp","href":"https:\/\/api.w.org\/{rel}","templated":true}]}}