{"id":2576,"date":"2021-03-05T21:02:03","date_gmt":"2021-03-05T20:02:03","guid":{"rendered":"https:\/\/www.fotografo-profesional.net\/diario\/?p=2576"},"modified":"2021-04-10T15:35:19","modified_gmt":"2021-04-10T13:35:19","slug":"fotografo-para-boda-familiar","status":"publish","type":"post","link":"https:\/\/www.fotografo-profesional.net\/diario\/2021\/03\/05\/fotografo-para-boda-familiar\/","title":{"rendered":"Fot\u00f3grafo para boda familiar"},"content":{"rendered":"\r\n<p><img decoding=\"async\" class=\"size-full wp-image-2663 aligncenter\" src=\"https:\/\/www.fotografo-profesional.net\/diario\/wp-content\/uploads\/2021\/03\/Fotografo-profesional-en-Madrid-LMC-0174.jpg\" alt=\"Fot\u00f3grafo para boda familiar\" width=\"600\" height=\"450\" srcset=\"https:\/\/www.fotografo-profesional.net\/diario\/wp-content\/uploads\/2021\/03\/Fotografo-profesional-en-Madrid-LMC-0174.jpg 600w, https:\/\/www.fotografo-profesional.net\/diario\/wp-content\/uploads\/2021\/03\/Fotografo-profesional-en-Madrid-LMC-0174-300x225.jpg 300w\" sizes=\"(max-width: 600px) 100vw, 600px\" \/><\/p>\r\n<p>Soy fot\u00f3grafo para boda familiar. Y tambi\u00e9n para bodas con muchos invitados, aunque parece que en alg\u00fan tiempo no vamos a ver muchas de este tipo. Porque, con el tiempo, he descubierto que cuando los clientes escriben a un fot\u00f3grafo pidi\u00e9ndole presupuesto para una boda familiar, se refieren a una boda reducida. Con pocos invitados, vamos.<\/p>\r\n<p>De entrada, a m\u00ed ya me escriben sabiendo que soy un fot\u00f3grafo profesional de bodas barato, buscando a\u00fan un precio m\u00e1s barato por ser una boda familiar, como ellos dicen. Bueno, siempre acabo explic\u00e1ndoles que el hecho de que haya muchos o <a href=\"https:\/\/www.fotografo-profesional.net\/diario\/2020\/03\/07\/reportaje-de-boda-con-pocos-invitados\/\"><span style=\"color: #0000ff;\">pocos invitados<\/span> <\/a>no disminuye el n\u00famero de horas durante las que tendr\u00e9 que trabajar; aunque sean pocos los asistentes. Y esa es una de las m\u00e1s importantes razones de las <a href=\"https:\/\/www.fotografo-profesional.net\/diario\/2020\/07\/17\/tarifas-de-fotografo-de-bodas-barato-en-madrid\/\"><span style=\"color: #0000ff;\">tarifas de los fot\u00f3grafos<\/span><\/a> profesionales.<\/p>\r\n<p>Es posible que un fot\u00f3grafo que se tome en serio su trabajo pueda hacer m\u00e1s fotograf\u00edas en una boda familiar que en alguna con un n\u00famero medio de invitados. Siempre depender\u00e1 de la actitud de los invitados. Sobre todo si hay ni\u00f1os. Mucho m\u00e1s si \u00e9stos son traviesos. En este caso, el fot\u00f3grafo tiene todas las papeletas para disparar m\u00e1s veces que en una boda solo con personas mayores si es profesional, claro.<\/p>\r\n<p>As\u00ed nos sucede a todos los fot\u00f3grafos que hemos llegado a se profesionales porque nos gusta nuestro trabajo. Ocurre que, cuando se presenta una situaci\u00f3n que merece la pena capturar, no dudamos en apretar el disparador. El que sea un fot\u00f3grafo de bodas barato no implica que escatime disparos ante situaciones que lo merecen.<\/p>\r\n<p>No todos los fot\u00f3grafos somos as\u00ed. Por eso, a veces, el intentar ahorrar al m\u00e1ximo no compensa si tu pendrive de boda carece de unas cuantas im\u00e1genes que deber\u00eda tener. Quiz\u00e1 porque el fot\u00f3grafo que contratasteis no era profesional, sino un advenedizo que por pocos euros y poco esfuerzo despacha los reportajes de boda<\/p>\r\n","protected":false},"excerpt":{"rendered":"<p>Soy fot\u00f3grafo para boda familiar. Y tambi\u00e9n para bodas con muchos invitados, aunque parece que en alg\u00fan tiempo no vamos a ver muchas de este tipo. Porque, con el tiempo, he descubierto que cuando los clientes escriben a un fot\u00f3grafo pidi\u00e9ndole presupuesto para una boda familiar, se refieren a una boda reducida. Con pocos invitados, [&hellip;]<\/p>\n","protected":false},"author":2,"featured_media":2663,"comment_status":"closed","ping_status":"open","sticky":false,"template":"","format":"standard","meta":[],"categories":[175,254,16,17,171,255,45,406,172,207],"tags":[315,464,290,544,486,291,99,348,284,338,454,314,452],"yoast_head":"<!-- This site is optimized with the Yoast SEO plugin v20.8 - https:\/\/yoast.com\/wordpress\/plugins\/seo\/ -->\n<title>Fot\u00f3grafo para boda familiar - Luis Miguel del Campo<\/title>\n<meta name=\"description\" content=\"Ser fot\u00f3grafo para boda familiar, como muchas personas dicen, no significa que uno tenga que dar calidad trabajando gratis.\" \/>\n<meta name=\"robots\" content=\"index, follow, max-snippet:-1, max-image-preview:large, max-video-preview:-1\" \/>\n<link rel=\"canonical\" href=\"https:\/\/www.fotografo-profesional.net\/diario\/2021\/03\/05\/fotografo-para-boda-familiar\/\" \/>\n<meta property=\"og:locale\" content=\"es_ES\" \/>\n<meta property=\"og:type\" content=\"article\" \/>\n<meta property=\"og:title\" content=\"Fot\u00f3grafo para boda familiar - Luis Miguel del Campo\" \/>\n<meta property=\"og:description\" content=\"Ser fot\u00f3grafo para boda familiar, como muchas personas dicen, no significa que uno tenga que dar calidad trabajando gratis.\" \/>\n<meta property=\"og:url\" content=\"https:\/\/www.fotografo-profesional.net\/diario\/2021\/03\/05\/fotografo-para-boda-familiar\/\" \/>\n<meta property=\"og:site_name\" content=\"Luis Miguel del Campo\" \/>\n<meta property=\"article:published_time\" content=\"2021-03-05T20:02:03+00:00\" \/>\n<meta property=\"article:modified_time\" content=\"2021-04-10T13:35:19+00:00\" \/>\n<meta property=\"og:image\" content=\"https:\/\/www.fotografo-profesional.net\/diario\/wp-content\/uploads\/2021\/03\/Fotografo-profesional-en-Madrid-LMC-0174.jpg\" \/>\n\t<meta property=\"og:image:width\" content=\"600\" \/>\n\t<meta property=\"og:image:height\" content=\"450\" \/>\n\t<meta property=\"og:image:type\" content=\"image\/jpeg\" \/>\n<meta name=\"author\" content=\"Luis Miguel del Campo\" \/>\n<meta name=\"twitter:card\" content=\"summary_large_image\" \/>\n<meta name=\"twitter:label1\" content=\"Escrito por\" \/>\n\t<meta name=\"twitter:data1\" content=\"Luis Miguel del Campo\" \/>\n\t<meta name=\"twitter:label2\" content=\"Tiempo de lectura\" \/>\n\t<meta name=\"twitter:data2\" content=\"2 minutos\" \/>\n<script type=\"application\/ld+json\" class=\"yoast-schema-graph\">{\"@context\":\"https:\/\/schema.org\",\"@graph\":[{\"@type\":\"WebPage\",\"@id\":\"https:\/\/www.fotografo-profesional.net\/diario\/2021\/03\/05\/fotografo-para-boda-familiar\/\",\"url\":\"https:\/\/www.fotografo-profesional.net\/diario\/2021\/03\/05\/fotografo-para-boda-familiar\/\",\"name\":\"Fot\u00f3grafo para boda familiar - Luis Miguel del Campo\",\"isPartOf\":{\"@id\":\"https:\/\/www.fotografo-profesional.net\/diario\/#website\"},\"datePublished\":\"2021-03-05T20:02:03+00:00\",\"dateModified\":\"2021-04-10T13:35:19+00:00\",\"author\":{\"@id\":\"https:\/\/www.fotografo-profesional.net\/diario\/#\/schema\/person\/220504871d765b4c30a0af1d2fe93533\"},\"description\":\"Ser fot\u00f3grafo para boda familiar, como muchas personas dicen, no significa que uno tenga que dar calidad trabajando gratis.\",\"breadcrumb\":{\"@id\":\"https:\/\/www.fotografo-profesional.net\/diario\/2021\/03\/05\/fotografo-para-boda-familiar\/#breadcrumb\"},\"inLanguage\":\"es\",\"potentialAction\":[{\"@type\":\"ReadAction\",\"target\":[\"https:\/\/www.fotografo-profesional.net\/diario\/2021\/03\/05\/fotografo-para-boda-familiar\/\"]}]},{\"@type\":\"BreadcrumbList\",\"@id\":\"https:\/\/www.fotografo-profesional.net\/diario\/2021\/03\/05\/fotografo-para-boda-familiar\/#breadcrumb\",\"itemListElement\":[{\"@type\":\"ListItem\",\"position\":1,\"name\":\"Inicio\",\"item\":\"https:\/\/www.fotografo-profesional.net\/diario\/\"},{\"@type\":\"ListItem\",\"position\":2,\"name\":\"Fot\u00f3grafo para boda familiar\"}]},{\"@type\":\"WebSite\",\"@id\":\"https:\/\/www.fotografo-profesional.net\/diario\/#website\",\"url\":\"https:\/\/www.fotografo-profesional.net\/diario\/\",\"name\":\"Luis Miguel del Campo\",\"description\":\"Blog de un fot\u00f3grafo profesional\",\"potentialAction\":[{\"@type\":\"SearchAction\",\"target\":{\"@type\":\"EntryPoint\",\"urlTemplate\":\"https:\/\/www.fotografo-profesional.net\/diario\/?s={search_term_string}\"},\"query-input\":\"required name=search_term_string\"}],\"inLanguage\":\"es\"},{\"@type\":\"Person\",\"@id\":\"https:\/\/www.fotografo-profesional.net\/diario\/#\/schema\/person\/220504871d765b4c30a0af1d2fe93533\",\"name\":\"Luis Miguel del Campo\",\"image\":{\"@type\":\"ImageObject\",\"inLanguage\":\"es\",\"@id\":\"https:\/\/www.fotografo-profesional.net\/diario\/#\/schema\/person\/image\/\",\"url\":\"https:\/\/secure.gravatar.com\/avatar\/84bb1120095136de86f122a882a42d61?s=96&d=mm&r=g\",\"contentUrl\":\"https:\/\/secure.gravatar.com\/avatar\/84bb1120095136de86f122a882a42d61?s=96&d=mm&r=g\",\"caption\":\"Luis Miguel del Campo\"},\"url\":\"https:\/\/www.fotografo-profesional.net\/diario\/author\/admin_lmdc\/\"}]}<\/script>\n<!-- \/ Yoast SEO plugin. -->","yoast_head_json":{"title":"Fot\u00f3grafo para boda familiar - Luis Miguel del Campo","description":"Ser fot\u00f3grafo para boda familiar, como muchas personas dicen, no significa que uno tenga que dar calidad trabajando gratis.","robots":{"index":"index","follow":"follow","max-snippet":"max-snippet:-1","max-image-preview":"max-image-preview:large","max-video-preview":"max-video-preview:-1"},"canonical":"https:\/\/www.fotografo-profesional.net\/diario\/2021\/03\/05\/fotografo-para-boda-familiar\/","og_locale":"es_ES","og_type":"article","og_title":"Fot\u00f3grafo para boda familiar - Luis Miguel del Campo","og_description":"Ser fot\u00f3grafo para boda familiar, como muchas personas dicen, no significa que uno tenga que dar calidad trabajando gratis.","og_url":"https:\/\/www.fotografo-profesional.net\/diario\/2021\/03\/05\/fotografo-para-boda-familiar\/","og_site_name":"Luis Miguel del Campo","article_published_time":"2021-03-05T20:02:03+00:00","article_modified_time":"2021-04-10T13:35:19+00:00","og_image":[{"width":600,"height":450,"url":"https:\/\/www.fotografo-profesional.net\/diario\/wp-content\/uploads\/2021\/03\/Fotografo-profesional-en-Madrid-LMC-0174.jpg","type":"image\/jpeg"}],"author":"Luis Miguel del Campo","twitter_card":"summary_large_image","twitter_misc":{"Escrito por":"Luis Miguel del Campo","Tiempo de lectura":"2 minutos"},"schema":{"@context":"https:\/\/schema.org","@graph":[{"@type":"WebPage","@id":"https:\/\/www.fotografo-profesional.net\/diario\/2021\/03\/05\/fotografo-para-boda-familiar\/","url":"https:\/\/www.fotografo-profesional.net\/diario\/2021\/03\/05\/fotografo-para-boda-familiar\/","name":"Fot\u00f3grafo para boda familiar - Luis Miguel del Campo","isPartOf":{"@id":"https:\/\/www.fotografo-profesional.net\/diario\/#website"},"datePublished":"2021-03-05T20:02:03+00:00","dateModified":"2021-04-10T13:35:19+00:00","author":{"@id":"https:\/\/www.fotografo-profesional.net\/diario\/#\/schema\/person\/220504871d765b4c30a0af1d2fe93533"},"description":"Ser fot\u00f3grafo para boda familiar, como muchas personas dicen, no significa que uno tenga que dar calidad trabajando gratis.","breadcrumb":{"@id":"https:\/\/www.fotografo-profesional.net\/diario\/2021\/03\/05\/fotografo-para-boda-familiar\/#breadcrumb"},"inLanguage":"es","potentialAction":[{"@type":"ReadAction","target":["https:\/\/www.fotografo-profesional.net\/diario\/2021\/03\/05\/fotografo-para-boda-familiar\/"]}]},{"@type":"BreadcrumbList","@id":"https:\/\/www.fotografo-profesional.net\/diario\/2021\/03\/05\/fotografo-para-boda-familiar\/#breadcrumb","itemListElement":[{"@type":"ListItem","position":1,"name":"Inicio","item":"https:\/\/www.fotografo-profesional.net\/diario\/"},{"@type":"ListItem","position":2,"name":"Fot\u00f3grafo para boda familiar"}]},{"@type":"WebSite","@id":"https:\/\/www.fotografo-profesional.net\/diario\/#website","url":"https:\/\/www.fotografo-profesional.net\/diario\/","name":"Luis Miguel del Campo","description":"Blog de un fot\u00f3grafo profesional","potentialAction":[{"@type":"SearchAction","target":{"@type":"EntryPoint","urlTemplate":"https:\/\/www.fotografo-profesional.net\/diario\/?s={search_term_string}"},"query-input":"required name=search_term_string"}],"inLanguage":"es"},{"@type":"Person","@id":"https:\/\/www.fotografo-profesional.net\/diario\/#\/schema\/person\/220504871d765b4c30a0af1d2fe93533","name":"Luis Miguel del Campo","image":{"@type":"ImageObject","inLanguage":"es","@id":"https:\/\/www.fotografo-profesional.net\/diario\/#\/schema\/person\/image\/","url":"https:\/\/secure.gravatar.com\/avatar\/84bb1120095136de86f122a882a42d61?s=96&d=mm&r=g","contentUrl":"https:\/\/secure.gravatar.com\/avatar\/84bb1120095136de86f122a882a42d61?s=96&d=mm&r=g","caption":"Luis Miguel del Campo"},"url":"https:\/\/www.fotografo-profesional.net\/diario\/author\/admin_lmdc\/"}]}},"_links":{"self":[{"href":"https:\/\/www.fotografo-profesional.net\/diario\/wp-json\/wp\/v2\/posts\/2576"}],"collection":[{"href":"https:\/\/www.fotografo-profesional.net\/diario\/wp-json\/wp\/v2\/posts"}],"about":[{"href":"https:\/\/www.fotografo-profesional.net\/diario\/wp-json\/wp\/v2\/types\/post"}],"author":[{"embeddable":true,"href":"https:\/\/www.fotografo-profesional.net\/diario\/wp-json\/wp\/v2\/users\/2"}],"replies":[{"embeddable":true,"href":"https:\/\/www.fotografo-profesional.net\/diario\/wp-json\/wp\/v2\/comments?post=2576"}],"version-history":[{"count":4,"href":"https:\/\/www.fotografo-profesional.net\/diario\/wp-json\/wp\/v2\/posts\/2576\/revisions"}],"predecessor-version":[{"id":2665,"href":"https:\/\/www.fotografo-profesional.net\/diario\/wp-json\/wp\/v2\/posts\/2576\/revisions\/2665"}],"wp:featuredmedia":[{"embeddable":true,"href":"https:\/\/www.fotografo-profesional.net\/diario\/wp-json\/wp\/v2\/media\/2663"}],"wp:attachment":[{"href":"https:\/\/www.fotografo-profesional.net\/diario\/wp-json\/wp\/v2\/media?parent=2576"}],"wp:term":[{"taxonomy":"category","embeddable":true,"href":"https:\/\/www.fotografo-profesional.net\/diario\/wp-json\/wp\/v2\/categories?post=2576"},{"taxonomy":"post_tag","embeddable":true,"href":"https:\/\/www.fotografo-profesional.net\/diario\/wp-json\/wp\/v2\/tags?post=2576"}],"curies":[{"name":"wp","href":"https:\/\/api.w.org\/{rel}","templated":true}]}}