{"id":2750,"date":"2021-05-22T12:36:43","date_gmt":"2021-05-22T10:36:43","guid":{"rendered":"https:\/\/www.fotografo-profesional.net\/diario\/?p=2750"},"modified":"2021-05-22T17:15:19","modified_gmt":"2021-05-22T15:15:19","slug":"reportajes-de-bodas-economicos-en-madrid","status":"publish","type":"post","link":"https:\/\/www.fotografo-profesional.net\/diario\/2021\/05\/22\/reportajes-de-bodas-economicos-en-madrid\/","title":{"rendered":"Reportajes de bodas econ\u00f3micos en Madrid"},"content":{"rendered":"\r\n<p><img decoding=\"async\" class=\"size-full wp-image-2760 aligncenter\" src=\"https:\/\/www.fotografo-profesional.net\/diario\/wp-content\/uploads\/2021\/05\/Fotografo-profesional-en-Madrid-LMC-0183.jpg\" alt=\"Reportajes de bodas econ\u00f3micos\" width=\"600\" height=\"400\" srcset=\"https:\/\/www.fotografo-profesional.net\/diario\/wp-content\/uploads\/2021\/05\/Fotografo-profesional-en-Madrid-LMC-0183.jpg 600w, https:\/\/www.fotografo-profesional.net\/diario\/wp-content\/uploads\/2021\/05\/Fotografo-profesional-en-Madrid-LMC-0183-300x200.jpg 300w\" sizes=\"(max-width: 600px) 100vw, 600px\" \/><\/p>\r\n<p>Pod\u00e9is conseguir reportajes de bodas econ\u00f3micos contratando un fot\u00f3grafo profesional. No hace falta que busqu\u00e9is a alg\u00fan conocido manitas si no ten\u00e9is demasiado presupuesto para vuestra boda. Como en todas las profesiones, tambi\u00e9n hay fot\u00f3grafos profesionales con<a href=\"https:\/\/www.fotografo-profesional.net\/diario\/2020\/07\/17\/tarifas-de-fotografo-de-bodas-barato-en-madrid\/\"> tarifas econ\u00f3micas<\/a>. Solo ten\u00e9is que preguntar a vuestros amigos y conocidos, iniciar b\u00fasquedas en Internet\u2026 y, sobre todo, comprobar su trabajo f\u00edsicamente.<\/p>\r\n<p>Un fot\u00f3grafo de bodas barato tampoco necesita hinchar los precios para despu\u00e9s conquistar a los clientes con rebajas de \u00faltima hora. Si se caracteriza por entregar siempre reportajes de bodas econ\u00f3micos de calidad, sus muestrarios le avalan. Y los novios interesados comprender\u00e1n que merece la pena contratar a ese fot\u00f3grafo profesional porque su enlace matrimonial es una situaci\u00f3n irrepetible. En estos casos es preferible no arriesgarse por querer ahorrar unos pocos euros.<\/p>\r\n<p>Si el fot\u00f3grafo de bodas es demasiado barato, desconf\u00eda. Puede tratarse de un fot\u00f3grafo kamikaze, que regale su trabajo por necesidad extrema, pero ese tipo de circunstancia no es muy frecuente. Y la desesperaci\u00f3n nunca lleva a buen puerto. Los reportajes de bodas puede ser <a href=\"https:\/\/www.fotografo-profesional.net\/diario\/2019\/12\/13\/fotografo-de-bodas-a-buen-precio\/\"><span style=\"color: #0000ff;\">econ\u00f3micos hasta cierto punto<\/span><\/a>.<\/p>\r\n<p>Los fot\u00f3grafos profesionales manejamos equipos costosos, que tienen que estar al d\u00eda y en perfectas condiciones. Esto requiere un mantenimiento y, cuando llega el caso, una renovaci\u00f3n. Aparte, soportamos otros gastos fijos como tasas, cuotas e impuestos por nuestra actividad.<\/p>\r\n<p>Por eso siempre insisto en que los novios han de comprobar f\u00edsicamente los reportajes de bodas econ\u00f3micos\u00a0 del fot\u00f3grafo profesional elegido antes de contratarlo. Para comprobar la calidad real de sus fotograf\u00edas. Las im\u00e1genes en las webs necesitan poca resoluci\u00f3n. Pueden enga\u00f1ar. Por eso conviene ver en papel esas im\u00e1genes que el fot\u00f3grafo nos muestra en Internet. Para saber si ese fot\u00f3grafo de bodas barato consigue fotograf\u00edas n\u00edtidas, con buen rango din\u00e1mico, que puedan ser ampliadas hasta un tama\u00f1o razonable<\/p>\r\n","protected":false},"excerpt":{"rendered":"<p>Pod\u00e9is conseguir reportajes de bodas econ\u00f3micos contratando un fot\u00f3grafo profesional. No hace falta que busqu\u00e9is a alg\u00fan conocido manitas si no ten\u00e9is demasiado presupuesto para vuestra boda. Como en todas las profesiones, tambi\u00e9n hay fot\u00f3grafos profesionales con tarifas econ\u00f3micas. Solo ten\u00e9is que preguntar a vuestros amigos y conocidos, iniciar b\u00fasquedas en Internet\u2026 y, sobre todo, [&hellip;]<\/p>\n","protected":false},"author":2,"featured_media":0,"comment_status":"closed","ping_status":"open","sticky":false,"template":"","format":"standard","meta":[],"categories":[175,254,171,255,45,406,172,207],"tags":[450,315,464,290,291,99,348,284,338,452],"yoast_head":"<!-- This site is optimized with the Yoast SEO plugin v20.8 - https:\/\/yoast.com\/wordpress\/plugins\/seo\/ -->\n<title>Reportajes de bodas econ\u00f3micos en Madrid - Luis Miguel del Campo<\/title>\n<meta name=\"description\" content=\"Contratar reportajes de bodas econ\u00f3micos es una buena soluci\u00f3n para los malos tiempos. Eso s\u00ed, contratar un fot\u00f3grafo profesional.\" \/>\n<meta name=\"robots\" content=\"index, follow, max-snippet:-1, max-image-preview:large, max-video-preview:-1\" \/>\n<link rel=\"canonical\" href=\"https:\/\/www.fotografo-profesional.net\/diario\/2021\/05\/22\/reportajes-de-bodas-economicos-en-madrid\/\" \/>\n<meta property=\"og:locale\" content=\"es_ES\" \/>\n<meta property=\"og:type\" content=\"article\" \/>\n<meta property=\"og:title\" content=\"Reportajes de bodas econ\u00f3micos en Madrid - Luis Miguel del Campo\" \/>\n<meta property=\"og:description\" content=\"Contratar reportajes de bodas econ\u00f3micos es una buena soluci\u00f3n para los malos tiempos. Eso s\u00ed, contratar un fot\u00f3grafo profesional.\" \/>\n<meta property=\"og:url\" content=\"https:\/\/www.fotografo-profesional.net\/diario\/2021\/05\/22\/reportajes-de-bodas-economicos-en-madrid\/\" \/>\n<meta property=\"og:site_name\" content=\"Luis Miguel del Campo\" \/>\n<meta property=\"article:published_time\" content=\"2021-05-22T10:36:43+00:00\" \/>\n<meta property=\"article:modified_time\" content=\"2021-05-22T15:15:19+00:00\" \/>\n<meta property=\"og:image\" content=\"https:\/\/www.fotografo-profesional.net\/diario\/wp-content\/uploads\/2021\/05\/Fotografo-profesional-en-Madrid-LMC-0183.jpg\" \/>\n<meta name=\"author\" content=\"Luis Miguel del Campo\" \/>\n<meta name=\"twitter:card\" content=\"summary_large_image\" \/>\n<meta name=\"twitter:label1\" content=\"Escrito por\" \/>\n\t<meta name=\"twitter:data1\" content=\"Luis Miguel del Campo\" \/>\n\t<meta name=\"twitter:label2\" content=\"Tiempo de lectura\" \/>\n\t<meta name=\"twitter:data2\" content=\"2 minutos\" \/>\n<script type=\"application\/ld+json\" class=\"yoast-schema-graph\">{\"@context\":\"https:\/\/schema.org\",\"@graph\":[{\"@type\":\"WebPage\",\"@id\":\"https:\/\/www.fotografo-profesional.net\/diario\/2021\/05\/22\/reportajes-de-bodas-economicos-en-madrid\/\",\"url\":\"https:\/\/www.fotografo-profesional.net\/diario\/2021\/05\/22\/reportajes-de-bodas-economicos-en-madrid\/\",\"name\":\"Reportajes de bodas econ\u00f3micos en Madrid - Luis Miguel del Campo\",\"isPartOf\":{\"@id\":\"https:\/\/www.fotografo-profesional.net\/diario\/#website\"},\"datePublished\":\"2021-05-22T10:36:43+00:00\",\"dateModified\":\"2021-05-22T15:15:19+00:00\",\"author\":{\"@id\":\"https:\/\/www.fotografo-profesional.net\/diario\/#\/schema\/person\/220504871d765b4c30a0af1d2fe93533\"},\"description\":\"Contratar reportajes de bodas econ\u00f3micos es una buena soluci\u00f3n para los malos tiempos. Eso s\u00ed, contratar un fot\u00f3grafo profesional.\",\"breadcrumb\":{\"@id\":\"https:\/\/www.fotografo-profesional.net\/diario\/2021\/05\/22\/reportajes-de-bodas-economicos-en-madrid\/#breadcrumb\"},\"inLanguage\":\"es\",\"potentialAction\":[{\"@type\":\"ReadAction\",\"target\":[\"https:\/\/www.fotografo-profesional.net\/diario\/2021\/05\/22\/reportajes-de-bodas-economicos-en-madrid\/\"]}]},{\"@type\":\"BreadcrumbList\",\"@id\":\"https:\/\/www.fotografo-profesional.net\/diario\/2021\/05\/22\/reportajes-de-bodas-economicos-en-madrid\/#breadcrumb\",\"itemListElement\":[{\"@type\":\"ListItem\",\"position\":1,\"name\":\"Inicio\",\"item\":\"https:\/\/www.fotografo-profesional.net\/diario\/\"},{\"@type\":\"ListItem\",\"position\":2,\"name\":\"Reportajes de bodas econ\u00f3micos en Madrid\"}]},{\"@type\":\"WebSite\",\"@id\":\"https:\/\/www.fotografo-profesional.net\/diario\/#website\",\"url\":\"https:\/\/www.fotografo-profesional.net\/diario\/\",\"name\":\"Luis Miguel del Campo\",\"description\":\"Blog de un fot\u00f3grafo profesional\",\"potentialAction\":[{\"@type\":\"SearchAction\",\"target\":{\"@type\":\"EntryPoint\",\"urlTemplate\":\"https:\/\/www.fotografo-profesional.net\/diario\/?s={search_term_string}\"},\"query-input\":\"required name=search_term_string\"}],\"inLanguage\":\"es\"},{\"@type\":\"Person\",\"@id\":\"https:\/\/www.fotografo-profesional.net\/diario\/#\/schema\/person\/220504871d765b4c30a0af1d2fe93533\",\"name\":\"Luis Miguel del Campo\",\"image\":{\"@type\":\"ImageObject\",\"inLanguage\":\"es\",\"@id\":\"https:\/\/www.fotografo-profesional.net\/diario\/#\/schema\/person\/image\/\",\"url\":\"https:\/\/secure.gravatar.com\/avatar\/84bb1120095136de86f122a882a42d61?s=96&d=mm&r=g\",\"contentUrl\":\"https:\/\/secure.gravatar.com\/avatar\/84bb1120095136de86f122a882a42d61?s=96&d=mm&r=g\",\"caption\":\"Luis Miguel del Campo\"},\"url\":\"https:\/\/www.fotografo-profesional.net\/diario\/author\/admin_lmdc\/\"}]}<\/script>\n<!-- \/ Yoast SEO plugin. -->","yoast_head_json":{"title":"Reportajes de bodas econ\u00f3micos en Madrid - Luis Miguel del Campo","description":"Contratar reportajes de bodas econ\u00f3micos es una buena soluci\u00f3n para los malos tiempos. Eso s\u00ed, contratar un fot\u00f3grafo profesional.","robots":{"index":"index","follow":"follow","max-snippet":"max-snippet:-1","max-image-preview":"max-image-preview:large","max-video-preview":"max-video-preview:-1"},"canonical":"https:\/\/www.fotografo-profesional.net\/diario\/2021\/05\/22\/reportajes-de-bodas-economicos-en-madrid\/","og_locale":"es_ES","og_type":"article","og_title":"Reportajes de bodas econ\u00f3micos en Madrid - Luis Miguel del Campo","og_description":"Contratar reportajes de bodas econ\u00f3micos es una buena soluci\u00f3n para los malos tiempos. Eso s\u00ed, contratar un fot\u00f3grafo profesional.","og_url":"https:\/\/www.fotografo-profesional.net\/diario\/2021\/05\/22\/reportajes-de-bodas-economicos-en-madrid\/","og_site_name":"Luis Miguel del Campo","article_published_time":"2021-05-22T10:36:43+00:00","article_modified_time":"2021-05-22T15:15:19+00:00","og_image":[{"url":"https:\/\/www.fotografo-profesional.net\/diario\/wp-content\/uploads\/2021\/05\/Fotografo-profesional-en-Madrid-LMC-0183.jpg"}],"author":"Luis Miguel del Campo","twitter_card":"summary_large_image","twitter_misc":{"Escrito por":"Luis Miguel del Campo","Tiempo de lectura":"2 minutos"},"schema":{"@context":"https:\/\/schema.org","@graph":[{"@type":"WebPage","@id":"https:\/\/www.fotografo-profesional.net\/diario\/2021\/05\/22\/reportajes-de-bodas-economicos-en-madrid\/","url":"https:\/\/www.fotografo-profesional.net\/diario\/2021\/05\/22\/reportajes-de-bodas-economicos-en-madrid\/","name":"Reportajes de bodas econ\u00f3micos en Madrid - Luis Miguel del Campo","isPartOf":{"@id":"https:\/\/www.fotografo-profesional.net\/diario\/#website"},"datePublished":"2021-05-22T10:36:43+00:00","dateModified":"2021-05-22T15:15:19+00:00","author":{"@id":"https:\/\/www.fotografo-profesional.net\/diario\/#\/schema\/person\/220504871d765b4c30a0af1d2fe93533"},"description":"Contratar reportajes de bodas econ\u00f3micos es una buena soluci\u00f3n para los malos tiempos. Eso s\u00ed, contratar un fot\u00f3grafo profesional.","breadcrumb":{"@id":"https:\/\/www.fotografo-profesional.net\/diario\/2021\/05\/22\/reportajes-de-bodas-economicos-en-madrid\/#breadcrumb"},"inLanguage":"es","potentialAction":[{"@type":"ReadAction","target":["https:\/\/www.fotografo-profesional.net\/diario\/2021\/05\/22\/reportajes-de-bodas-economicos-en-madrid\/"]}]},{"@type":"BreadcrumbList","@id":"https:\/\/www.fotografo-profesional.net\/diario\/2021\/05\/22\/reportajes-de-bodas-economicos-en-madrid\/#breadcrumb","itemListElement":[{"@type":"ListItem","position":1,"name":"Inicio","item":"https:\/\/www.fotografo-profesional.net\/diario\/"},{"@type":"ListItem","position":2,"name":"Reportajes de bodas econ\u00f3micos en Madrid"}]},{"@type":"WebSite","@id":"https:\/\/www.fotografo-profesional.net\/diario\/#website","url":"https:\/\/www.fotografo-profesional.net\/diario\/","name":"Luis Miguel del Campo","description":"Blog de un fot\u00f3grafo profesional","potentialAction":[{"@type":"SearchAction","target":{"@type":"EntryPoint","urlTemplate":"https:\/\/www.fotografo-profesional.net\/diario\/?s={search_term_string}"},"query-input":"required name=search_term_string"}],"inLanguage":"es"},{"@type":"Person","@id":"https:\/\/www.fotografo-profesional.net\/diario\/#\/schema\/person\/220504871d765b4c30a0af1d2fe93533","name":"Luis Miguel del Campo","image":{"@type":"ImageObject","inLanguage":"es","@id":"https:\/\/www.fotografo-profesional.net\/diario\/#\/schema\/person\/image\/","url":"https:\/\/secure.gravatar.com\/avatar\/84bb1120095136de86f122a882a42d61?s=96&d=mm&r=g","contentUrl":"https:\/\/secure.gravatar.com\/avatar\/84bb1120095136de86f122a882a42d61?s=96&d=mm&r=g","caption":"Luis Miguel del Campo"},"url":"https:\/\/www.fotografo-profesional.net\/diario\/author\/admin_lmdc\/"}]}},"_links":{"self":[{"href":"https:\/\/www.fotografo-profesional.net\/diario\/wp-json\/wp\/v2\/posts\/2750"}],"collection":[{"href":"https:\/\/www.fotografo-profesional.net\/diario\/wp-json\/wp\/v2\/posts"}],"about":[{"href":"https:\/\/www.fotografo-profesional.net\/diario\/wp-json\/wp\/v2\/types\/post"}],"author":[{"embeddable":true,"href":"https:\/\/www.fotografo-profesional.net\/diario\/wp-json\/wp\/v2\/users\/2"}],"replies":[{"embeddable":true,"href":"https:\/\/www.fotografo-profesional.net\/diario\/wp-json\/wp\/v2\/comments?post=2750"}],"version-history":[{"count":6,"href":"https:\/\/www.fotografo-profesional.net\/diario\/wp-json\/wp\/v2\/posts\/2750\/revisions"}],"predecessor-version":[{"id":2761,"href":"https:\/\/www.fotografo-profesional.net\/diario\/wp-json\/wp\/v2\/posts\/2750\/revisions\/2761"}],"wp:attachment":[{"href":"https:\/\/www.fotografo-profesional.net\/diario\/wp-json\/wp\/v2\/media?parent=2750"}],"wp:term":[{"taxonomy":"category","embeddable":true,"href":"https:\/\/www.fotografo-profesional.net\/diario\/wp-json\/wp\/v2\/categories?post=2750"},{"taxonomy":"post_tag","embeddable":true,"href":"https:\/\/www.fotografo-profesional.net\/diario\/wp-json\/wp\/v2\/tags?post=2750"}],"curies":[{"name":"wp","href":"https:\/\/api.w.org\/{rel}","templated":true}]}}