{"id":2755,"date":"2021-05-25T07:46:40","date_gmt":"2021-05-25T05:46:40","guid":{"rendered":"https:\/\/www.fotografo-profesional.net\/diario\/?p=2755"},"modified":"2021-05-25T07:48:26","modified_gmt":"2021-05-25T05:48:26","slug":"fajas-ruiz-tienda-de-tallas-grandes","status":"publish","type":"post","link":"https:\/\/www.fotografo-profesional.net\/diario\/2021\/05\/25\/fajas-ruiz-tienda-de-tallas-grandes\/","title":{"rendered":"Fajas Ruiz, tienda de tallas grandes"},"content":{"rendered":"\r\n<h4><img decoding=\"async\" class=\"size-full wp-image-2765 aligncenter\" src=\"https:\/\/www.fotografo-profesional.net\/diario\/wp-content\/uploads\/2021\/05\/Fotografo-profesional-en-Madrid-LMC-0206.jpg\" alt=\"Fajas Ruiz\" width=\"600\" height=\"400\" srcset=\"https:\/\/www.fotografo-profesional.net\/diario\/wp-content\/uploads\/2021\/05\/Fotografo-profesional-en-Madrid-LMC-0206.jpg 600w, https:\/\/www.fotografo-profesional.net\/diario\/wp-content\/uploads\/2021\/05\/Fotografo-profesional-en-Madrid-LMC-0206-300x200.jpg 300w\" sizes=\"(max-width: 600px) 100vw, 600px\" \/><\/h4>\r\n<h4>Estampas de Madrid (0096)<\/h4>\r\n<p>Fajas Ruiz es un comercio tradicional madrile\u00f1o que se remonta a 1946; situado entonces en la calle Huertas. Con el paso del tiempo abrir\u00edan dos tiendas m\u00e1s en las calles de La Magdalena y de Espoz y Mina; siendo \u00e9sta la \u00faltima que cerrar\u00eda, quedando sus caracter\u00edsticas letras rojas y su deteriorada fachada para ser capturada por todo fot\u00f3grafo profesional o curioso que pase por all\u00ed.<\/p>\r\n<p>Actualmente hay tres tiendas de Fajas Ruiz en Madrid. La central, y m\u00e1s c\u00e9ntrica, est\u00e1 ubicada en la calle Narv\u00e1ez, teniendo las sucursales en el Paseo de Extremadura y en la calle Eugenia de Montijo. <br \/>Desde su inauguraci\u00f3n, Fajas Ruiz se ha distinguido por la venta de tallas grandes; tanto de fajas como de lencer\u00eda. Adem\u00e1s de fajas ortop\u00e9dicas a medida, venden sujetadores y biquinis de copas grandes o muy grandes (desde la B a la H); ba\u00f1adores y pr\u00f3tesis de mamas; fajas postparto; ortop\u00e9dicas para hombres y mujeres.<\/p>\r\n<p>Fue una tienda pionera en utilizar lycra para las fajas. Adem\u00e1s las fajas de lycra se confeccionan en la propia tienda. De cualquier tama\u00f1o, por muy grandes que sean. De hecho, los encargos no son solo locales ni nacionales; tambi\u00e9n reciben peticiones provenientes del extranjero.<\/p>\r\n<p>Los hombres tambi\u00e9n acuden a Fajas Ruiz a comprar ropa interior y fajas, ya sea para el trabajo, para montar en moto o para moldear su figura. \u00bfLos machos alfa utilizan fajas? Quiz\u00e1 sea \u00e9se uno de sus secretos nunca desvelados hasta ahora\u2026<\/p>\r\n<p>Tanto el g\u00e9nero como cualquiera de los establecimientos de Fajas Ruiz son merecedores de ser registrados por un fot\u00f3grafo profesional <a href=\"https:\/\/www.fotografo-profesional.net\/diario\/2018\/11\/11\/fotografia-eficaz-de-catalogo\/\"><span style=\"color: #0000ff;\">en un cat\u00e1logo<\/span><\/a>; para promoci\u00f3n y divulgaci\u00f3n, y por su singularidad.\u00a0 \u00a0 \u00a0 \u00a0 \u00a0 \u00a0 \u00a0 \u00a0 \u00a0 \u00a0 \u00a0 \u00a0 \u00a0 \u00a0 \u00a0 \u00a0 \u00a0 \u00a0 \u00a0 \u00a0 \u00a0<\/p>\r\n<p>La fachada de Fajas Ruiz es una <a href=\"https:\/\/www.fotografo-profesional.net\/diario\/2021\/01\/05\/casa-rua-sinonimo-de-bocadillo-de-calamares\/\"><span style=\"color: #0000ff;\">estampa ya cl\u00e1sica<\/span> <\/a>de la capital. \u00bfEs tambi\u00e9n esta tienda uno de los s\u00edmbolos del madrile\u00f1ismo creciente?<\/p>\r\n","protected":false},"excerpt":{"rendered":"<p>Estampas de Madrid (0096) Fajas Ruiz es un comercio tradicional madrile\u00f1o que se remonta a 1946; situado entonces en la calle Huertas. Con el paso del tiempo abrir\u00edan dos tiendas m\u00e1s en las calles de La Magdalena y de Espoz y Mina; siendo \u00e9sta la \u00faltima que cerrar\u00eda, quedando sus caracter\u00edsticas letras rojas y su [&hellip;]<\/p>\n","protected":false},"author":2,"featured_media":2765,"comment_status":"closed","ping_status":"open","sticky":false,"template":"","format":"standard","meta":[],"categories":[209,48,45,406,172,207],"tags":[693,109,721,110,99,348,284,338,722],"yoast_head":"<!-- This site is optimized with the Yoast SEO plugin v20.8 - https:\/\/yoast.com\/wordpress\/plugins\/seo\/ -->\n<title>Fajas Ruiz, tienda de tallas grandes - Luis Miguel del Campo<\/title>\n<meta name=\"description\" content=\"Fajas Ruiz es un cl\u00e1sico comercio de la capital, con m\u00e1s de setenta a\u00f1o de antig\u00fcedad. Especializado sobre todo en fabricar tallas grandes\" \/>\n<meta name=\"robots\" content=\"index, follow, max-snippet:-1, max-image-preview:large, max-video-preview:-1\" \/>\n<link rel=\"canonical\" href=\"https:\/\/www.fotografo-profesional.net\/diario\/2021\/05\/25\/fajas-ruiz-tienda-de-tallas-grandes\/\" \/>\n<meta property=\"og:locale\" content=\"es_ES\" \/>\n<meta property=\"og:type\" content=\"article\" \/>\n<meta property=\"og:title\" content=\"Fajas Ruiz, tienda de tallas grandes - Luis Miguel del Campo\" \/>\n<meta property=\"og:description\" content=\"Fajas Ruiz es un cl\u00e1sico comercio de la capital, con m\u00e1s de setenta a\u00f1o de antig\u00fcedad. Especializado sobre todo en fabricar tallas grandes\" \/>\n<meta property=\"og:url\" content=\"https:\/\/www.fotografo-profesional.net\/diario\/2021\/05\/25\/fajas-ruiz-tienda-de-tallas-grandes\/\" \/>\n<meta property=\"og:site_name\" content=\"Luis Miguel del Campo\" \/>\n<meta property=\"article:published_time\" content=\"2021-05-25T05:46:40+00:00\" \/>\n<meta property=\"article:modified_time\" content=\"2021-05-25T05:48:26+00:00\" \/>\n<meta property=\"og:image\" content=\"https:\/\/www.fotografo-profesional.net\/diario\/wp-content\/uploads\/2021\/05\/Fotografo-profesional-en-Madrid-LMC-0206.jpg\" \/>\n\t<meta property=\"og:image:width\" content=\"600\" \/>\n\t<meta property=\"og:image:height\" content=\"400\" \/>\n\t<meta property=\"og:image:type\" content=\"image\/jpeg\" \/>\n<meta name=\"author\" content=\"Luis Miguel del Campo\" \/>\n<meta name=\"twitter:card\" content=\"summary_large_image\" \/>\n<meta name=\"twitter:label1\" content=\"Escrito por\" \/>\n\t<meta name=\"twitter:data1\" content=\"Luis Miguel del Campo\" \/>\n\t<meta name=\"twitter:label2\" content=\"Tiempo de lectura\" \/>\n\t<meta name=\"twitter:data2\" content=\"2 minutos\" \/>\n<script type=\"application\/ld+json\" class=\"yoast-schema-graph\">{\"@context\":\"https:\/\/schema.org\",\"@graph\":[{\"@type\":\"WebPage\",\"@id\":\"https:\/\/www.fotografo-profesional.net\/diario\/2021\/05\/25\/fajas-ruiz-tienda-de-tallas-grandes\/\",\"url\":\"https:\/\/www.fotografo-profesional.net\/diario\/2021\/05\/25\/fajas-ruiz-tienda-de-tallas-grandes\/\",\"name\":\"Fajas Ruiz, tienda de tallas grandes - Luis Miguel del Campo\",\"isPartOf\":{\"@id\":\"https:\/\/www.fotografo-profesional.net\/diario\/#website\"},\"datePublished\":\"2021-05-25T05:46:40+00:00\",\"dateModified\":\"2021-05-25T05:48:26+00:00\",\"author\":{\"@id\":\"https:\/\/www.fotografo-profesional.net\/diario\/#\/schema\/person\/220504871d765b4c30a0af1d2fe93533\"},\"description\":\"Fajas Ruiz es un cl\u00e1sico comercio de la capital, con m\u00e1s de setenta a\u00f1o de antig\u00fcedad. Especializado sobre todo en fabricar tallas grandes\",\"breadcrumb\":{\"@id\":\"https:\/\/www.fotografo-profesional.net\/diario\/2021\/05\/25\/fajas-ruiz-tienda-de-tallas-grandes\/#breadcrumb\"},\"inLanguage\":\"es\",\"potentialAction\":[{\"@type\":\"ReadAction\",\"target\":[\"https:\/\/www.fotografo-profesional.net\/diario\/2021\/05\/25\/fajas-ruiz-tienda-de-tallas-grandes\/\"]}]},{\"@type\":\"BreadcrumbList\",\"@id\":\"https:\/\/www.fotografo-profesional.net\/diario\/2021\/05\/25\/fajas-ruiz-tienda-de-tallas-grandes\/#breadcrumb\",\"itemListElement\":[{\"@type\":\"ListItem\",\"position\":1,\"name\":\"Inicio\",\"item\":\"https:\/\/www.fotografo-profesional.net\/diario\/\"},{\"@type\":\"ListItem\",\"position\":2,\"name\":\"Fajas Ruiz, tienda de tallas grandes\"}]},{\"@type\":\"WebSite\",\"@id\":\"https:\/\/www.fotografo-profesional.net\/diario\/#website\",\"url\":\"https:\/\/www.fotografo-profesional.net\/diario\/\",\"name\":\"Luis Miguel del Campo\",\"description\":\"Blog de un fot\u00f3grafo profesional\",\"potentialAction\":[{\"@type\":\"SearchAction\",\"target\":{\"@type\":\"EntryPoint\",\"urlTemplate\":\"https:\/\/www.fotografo-profesional.net\/diario\/?s={search_term_string}\"},\"query-input\":\"required name=search_term_string\"}],\"inLanguage\":\"es\"},{\"@type\":\"Person\",\"@id\":\"https:\/\/www.fotografo-profesional.net\/diario\/#\/schema\/person\/220504871d765b4c30a0af1d2fe93533\",\"name\":\"Luis Miguel del Campo\",\"image\":{\"@type\":\"ImageObject\",\"inLanguage\":\"es\",\"@id\":\"https:\/\/www.fotografo-profesional.net\/diario\/#\/schema\/person\/image\/\",\"url\":\"https:\/\/secure.gravatar.com\/avatar\/84bb1120095136de86f122a882a42d61?s=96&d=mm&r=g\",\"contentUrl\":\"https:\/\/secure.gravatar.com\/avatar\/84bb1120095136de86f122a882a42d61?s=96&d=mm&r=g\",\"caption\":\"Luis Miguel del Campo\"},\"url\":\"https:\/\/www.fotografo-profesional.net\/diario\/author\/admin_lmdc\/\"}]}<\/script>\n<!-- \/ Yoast SEO plugin. -->","yoast_head_json":{"title":"Fajas Ruiz, tienda de tallas grandes - Luis Miguel del Campo","description":"Fajas Ruiz es un cl\u00e1sico comercio de la capital, con m\u00e1s de setenta a\u00f1o de antig\u00fcedad. Especializado sobre todo en fabricar tallas grandes","robots":{"index":"index","follow":"follow","max-snippet":"max-snippet:-1","max-image-preview":"max-image-preview:large","max-video-preview":"max-video-preview:-1"},"canonical":"https:\/\/www.fotografo-profesional.net\/diario\/2021\/05\/25\/fajas-ruiz-tienda-de-tallas-grandes\/","og_locale":"es_ES","og_type":"article","og_title":"Fajas Ruiz, tienda de tallas grandes - Luis Miguel del Campo","og_description":"Fajas Ruiz es un cl\u00e1sico comercio de la capital, con m\u00e1s de setenta a\u00f1o de antig\u00fcedad. Especializado sobre todo en fabricar tallas grandes","og_url":"https:\/\/www.fotografo-profesional.net\/diario\/2021\/05\/25\/fajas-ruiz-tienda-de-tallas-grandes\/","og_site_name":"Luis Miguel del Campo","article_published_time":"2021-05-25T05:46:40+00:00","article_modified_time":"2021-05-25T05:48:26+00:00","og_image":[{"width":600,"height":400,"url":"https:\/\/www.fotografo-profesional.net\/diario\/wp-content\/uploads\/2021\/05\/Fotografo-profesional-en-Madrid-LMC-0206.jpg","type":"image\/jpeg"}],"author":"Luis Miguel del Campo","twitter_card":"summary_large_image","twitter_misc":{"Escrito por":"Luis Miguel del Campo","Tiempo de lectura":"2 minutos"},"schema":{"@context":"https:\/\/schema.org","@graph":[{"@type":"WebPage","@id":"https:\/\/www.fotografo-profesional.net\/diario\/2021\/05\/25\/fajas-ruiz-tienda-de-tallas-grandes\/","url":"https:\/\/www.fotografo-profesional.net\/diario\/2021\/05\/25\/fajas-ruiz-tienda-de-tallas-grandes\/","name":"Fajas Ruiz, tienda de tallas grandes - Luis Miguel del Campo","isPartOf":{"@id":"https:\/\/www.fotografo-profesional.net\/diario\/#website"},"datePublished":"2021-05-25T05:46:40+00:00","dateModified":"2021-05-25T05:48:26+00:00","author":{"@id":"https:\/\/www.fotografo-profesional.net\/diario\/#\/schema\/person\/220504871d765b4c30a0af1d2fe93533"},"description":"Fajas Ruiz es un cl\u00e1sico comercio de la capital, con m\u00e1s de setenta a\u00f1o de antig\u00fcedad. Especializado sobre todo en fabricar tallas grandes","breadcrumb":{"@id":"https:\/\/www.fotografo-profesional.net\/diario\/2021\/05\/25\/fajas-ruiz-tienda-de-tallas-grandes\/#breadcrumb"},"inLanguage":"es","potentialAction":[{"@type":"ReadAction","target":["https:\/\/www.fotografo-profesional.net\/diario\/2021\/05\/25\/fajas-ruiz-tienda-de-tallas-grandes\/"]}]},{"@type":"BreadcrumbList","@id":"https:\/\/www.fotografo-profesional.net\/diario\/2021\/05\/25\/fajas-ruiz-tienda-de-tallas-grandes\/#breadcrumb","itemListElement":[{"@type":"ListItem","position":1,"name":"Inicio","item":"https:\/\/www.fotografo-profesional.net\/diario\/"},{"@type":"ListItem","position":2,"name":"Fajas Ruiz, tienda de tallas grandes"}]},{"@type":"WebSite","@id":"https:\/\/www.fotografo-profesional.net\/diario\/#website","url":"https:\/\/www.fotografo-profesional.net\/diario\/","name":"Luis Miguel del Campo","description":"Blog de un fot\u00f3grafo profesional","potentialAction":[{"@type":"SearchAction","target":{"@type":"EntryPoint","urlTemplate":"https:\/\/www.fotografo-profesional.net\/diario\/?s={search_term_string}"},"query-input":"required name=search_term_string"}],"inLanguage":"es"},{"@type":"Person","@id":"https:\/\/www.fotografo-profesional.net\/diario\/#\/schema\/person\/220504871d765b4c30a0af1d2fe93533","name":"Luis Miguel del Campo","image":{"@type":"ImageObject","inLanguage":"es","@id":"https:\/\/www.fotografo-profesional.net\/diario\/#\/schema\/person\/image\/","url":"https:\/\/secure.gravatar.com\/avatar\/84bb1120095136de86f122a882a42d61?s=96&d=mm&r=g","contentUrl":"https:\/\/secure.gravatar.com\/avatar\/84bb1120095136de86f122a882a42d61?s=96&d=mm&r=g","caption":"Luis Miguel del Campo"},"url":"https:\/\/www.fotografo-profesional.net\/diario\/author\/admin_lmdc\/"}]}},"_links":{"self":[{"href":"https:\/\/www.fotografo-profesional.net\/diario\/wp-json\/wp\/v2\/posts\/2755"}],"collection":[{"href":"https:\/\/www.fotografo-profesional.net\/diario\/wp-json\/wp\/v2\/posts"}],"about":[{"href":"https:\/\/www.fotografo-profesional.net\/diario\/wp-json\/wp\/v2\/types\/post"}],"author":[{"embeddable":true,"href":"https:\/\/www.fotografo-profesional.net\/diario\/wp-json\/wp\/v2\/users\/2"}],"replies":[{"embeddable":true,"href":"https:\/\/www.fotografo-profesional.net\/diario\/wp-json\/wp\/v2\/comments?post=2755"}],"version-history":[{"count":3,"href":"https:\/\/www.fotografo-profesional.net\/diario\/wp-json\/wp\/v2\/posts\/2755\/revisions"}],"predecessor-version":[{"id":2766,"href":"https:\/\/www.fotografo-profesional.net\/diario\/wp-json\/wp\/v2\/posts\/2755\/revisions\/2766"}],"wp:featuredmedia":[{"embeddable":true,"href":"https:\/\/www.fotografo-profesional.net\/diario\/wp-json\/wp\/v2\/media\/2765"}],"wp:attachment":[{"href":"https:\/\/www.fotografo-profesional.net\/diario\/wp-json\/wp\/v2\/media?parent=2755"}],"wp:term":[{"taxonomy":"category","embeddable":true,"href":"https:\/\/www.fotografo-profesional.net\/diario\/wp-json\/wp\/v2\/categories?post=2755"},{"taxonomy":"post_tag","embeddable":true,"href":"https:\/\/www.fotografo-profesional.net\/diario\/wp-json\/wp\/v2\/tags?post=2755"}],"curies":[{"name":"wp","href":"https:\/\/api.w.org\/{rel}","templated":true}]}}