{"id":2802,"date":"2021-07-02T19:31:08","date_gmt":"2021-07-02T17:31:08","guid":{"rendered":"https:\/\/www.fotografo-profesional.net\/diario\/?p=2802"},"modified":"2021-07-02T19:31:08","modified_gmt":"2021-07-02T17:31:08","slug":"fotorreportaje-barato-de-boda","status":"publish","type":"post","link":"https:\/\/www.fotografo-profesional.net\/diario\/2021\/07\/02\/fotorreportaje-barato-de-boda\/","title":{"rendered":"Fotorreportaje barato de boda"},"content":{"rendered":"\r\n<p><img decoding=\"async\" class=\"size-full wp-image-2817 aligncenter\" src=\"https:\/\/www.fotografo-profesional.net\/diario\/wp-content\/uploads\/2021\/07\/Fotografo-profesional-en-Madrid-LMC-0185.jpg\" alt=\"Fotorreportaje barato de boda\" width=\"600\" height=\"450\" srcset=\"https:\/\/www.fotografo-profesional.net\/diario\/wp-content\/uploads\/2021\/07\/Fotografo-profesional-en-Madrid-LMC-0185.jpg 600w, https:\/\/www.fotografo-profesional.net\/diario\/wp-content\/uploads\/2021\/07\/Fotografo-profesional-en-Madrid-LMC-0185-300x225.jpg 300w\" sizes=\"(max-width: 600px) 100vw, 600px\" \/><\/p>\r\n<p>Un fotorreportaje barato de boda es una buena soluci\u00f3n para evitar ahogaros en gastos si vais a celebrar vuestro enlace matrimonial; para tener unas im\u00e1genes de calidad <a href=\"https:\/\/www.fotografo-profesional.net\/diario\/2020\/07\/17\/tarifas-de-fotografo-de-bodas-barato-en-madrid\/\"><span style=\"color: #0000ff;\">a buen precio<\/span><\/a>; para poder emplear el dinero que os hab\u00e9is ahorrado contratando un fot\u00f3grafo de bodas barato en otras necesidades como el banquete; el vestido de la novia o la calesa en la que quer\u00e9is que os lleven al convite. Por ejemplo, que cada pareja tendr\u00e1 sus preferencias irrenunciables.<\/p>\r\n<p>As\u00ed que, si por fin os decid\u00eds a buscar un fot\u00f3grafo profesional para que os haga un fotorreportaje de boda barato, pod\u00e9is empezar por visitar <a href=\"https:\/\/www.fotografo-profesional.net\"><span style=\"color: #0000ff;\">mi p\u00e1gina web<\/span><\/a>. Est\u00e1 mal que yo lo diga, pero pienso que os puede interesar por varios motivos:<\/p>\r\n<p>&#8211; Llevo m\u00e1s de veinticinco a\u00f1os trabajando<a href=\"https:\/\/www.fotografo-profesional.net\/servicios\/\"><span style=\"color: #0000ff;\"> como fot\u00f3grafo profesional<\/span><\/a>.<\/p>\r\n<p>&#8211; Me dedico al fotorreportaje barato de boda desde 1990<\/p>\r\n<p>&#8211; Desde mediados de la d\u00e9cada de 1990 llevo haciendo<a href=\"https:\/\/www.fotografo-profesional.net\/diario\/2019\/08\/26\/fotografo-de-rock-en-madrid\/\"><span style=\"color: #0000ff;\"> reportajes de espect\u00e1culos y conciertos<\/span><\/a>.<\/p>\r\n<p>&#8211; S\u00e9 que no soy el mejor fot\u00f3grafo de bodas barato pero soy asequible y mi trabajo tiene una razonable relaci\u00f3n calidad-precio.<\/p>\r\n<p>Pero, por si os queda alguna duda sobre el tipo de cualidades de mi fotorreportaje de boda barato, no ten\u00e9is m\u00e1s que concertar una cita para que os ense\u00f1e mis muestrarios de bodas realizadas por m\u00ed hasta ahora. Porque es viendo sus fotos impresas y en el <a href=\"https:\/\/www.fotografo-profesional.net\/contactar\/\">contacto directo<\/a> donde realmente se aprecia la calidad del trabajo de un fot\u00f3grafo profesional de bodas. De su forma de ser. Y del trato, lo que os puede dar una idea de c\u00f3mo se comportar\u00e1 el d\u00eda de vuestro enlace. Aparte de su capacidad para reaccionar ante los problemas que surgen durante un d\u00eda de reportaje de boda.<\/p>\r\n<p>Tambi\u00e9n podr\u00e9is intuir su capacidad para solventar los inconvenientes que se puedan presentar. Aunque solo sea por las an\u00e9cdotas que os cuente de c\u00f3mo se hicieron algunas de las fotograf\u00edas de su muestrario. <br \/><br \/><\/p>\r\n","protected":false},"excerpt":{"rendered":"<p>Un fotorreportaje barato de boda es una buena soluci\u00f3n para evitar ahogaros en gastos si vais a celebrar vuestro enlace matrimonial; para tener unas im\u00e1genes de calidad a buen precio; para poder emplear el dinero que os hab\u00e9is ahorrado contratando un fot\u00f3grafo de bodas barato en otras necesidades como el banquete; el vestido de la [&hellip;]<\/p>\n","protected":false},"author":2,"featured_media":2817,"comment_status":"closed","ping_status":"open","sticky":false,"template":"","format":"standard","meta":[],"categories":[175,254,171,255,45,406,172,207],"tags":[450,32,464,290,544,430,291,99,348,284,338,454,452],"yoast_head":"<!-- This site is optimized with the Yoast SEO plugin v20.8 - https:\/\/yoast.com\/wordpress\/plugins\/seo\/ -->\n<title>Fotorreportaje barato de boda - Luis Miguel del Campo<\/title>\n<meta name=\"description\" content=\"Fotorreportaje barato de boda en Madrid con buena relaci\u00f3n calidad-precio. Una buena manera de sortear la crisis y conseguir buenas fotos\" \/>\n<meta name=\"robots\" content=\"index, follow, max-snippet:-1, max-image-preview:large, max-video-preview:-1\" \/>\n<link rel=\"canonical\" href=\"https:\/\/www.fotografo-profesional.net\/diario\/2021\/07\/02\/fotorreportaje-barato-de-boda\/\" \/>\n<meta property=\"og:locale\" content=\"es_ES\" \/>\n<meta property=\"og:type\" content=\"article\" \/>\n<meta property=\"og:title\" content=\"Fotorreportaje barato de boda - Luis Miguel del Campo\" \/>\n<meta property=\"og:description\" content=\"Fotorreportaje barato de boda en Madrid con buena relaci\u00f3n calidad-precio. Una buena manera de sortear la crisis y conseguir buenas fotos\" \/>\n<meta property=\"og:url\" content=\"https:\/\/www.fotografo-profesional.net\/diario\/2021\/07\/02\/fotorreportaje-barato-de-boda\/\" \/>\n<meta property=\"og:site_name\" content=\"Luis Miguel del Campo\" \/>\n<meta property=\"article:published_time\" content=\"2021-07-02T17:31:08+00:00\" \/>\n<meta property=\"og:image\" content=\"https:\/\/www.fotografo-profesional.net\/diario\/wp-content\/uploads\/2021\/07\/Fotografo-profesional-en-Madrid-LMC-0185.jpg\" \/>\n\t<meta property=\"og:image:width\" content=\"600\" \/>\n\t<meta property=\"og:image:height\" content=\"450\" \/>\n\t<meta property=\"og:image:type\" content=\"image\/jpeg\" \/>\n<meta name=\"author\" content=\"Luis Miguel del Campo\" \/>\n<meta name=\"twitter:card\" content=\"summary_large_image\" \/>\n<meta name=\"twitter:label1\" content=\"Escrito por\" \/>\n\t<meta name=\"twitter:data1\" content=\"Luis Miguel del Campo\" \/>\n\t<meta name=\"twitter:label2\" content=\"Tiempo de lectura\" \/>\n\t<meta name=\"twitter:data2\" content=\"2 minutos\" \/>\n<script type=\"application\/ld+json\" class=\"yoast-schema-graph\">{\"@context\":\"https:\/\/schema.org\",\"@graph\":[{\"@type\":\"WebPage\",\"@id\":\"https:\/\/www.fotografo-profesional.net\/diario\/2021\/07\/02\/fotorreportaje-barato-de-boda\/\",\"url\":\"https:\/\/www.fotografo-profesional.net\/diario\/2021\/07\/02\/fotorreportaje-barato-de-boda\/\",\"name\":\"Fotorreportaje barato de boda - Luis Miguel del Campo\",\"isPartOf\":{\"@id\":\"https:\/\/www.fotografo-profesional.net\/diario\/#website\"},\"datePublished\":\"2021-07-02T17:31:08+00:00\",\"dateModified\":\"2021-07-02T17:31:08+00:00\",\"author\":{\"@id\":\"https:\/\/www.fotografo-profesional.net\/diario\/#\/schema\/person\/220504871d765b4c30a0af1d2fe93533\"},\"description\":\"Fotorreportaje barato de boda en Madrid con buena relaci\u00f3n calidad-precio. Una buena manera de sortear la crisis y conseguir buenas fotos\",\"breadcrumb\":{\"@id\":\"https:\/\/www.fotografo-profesional.net\/diario\/2021\/07\/02\/fotorreportaje-barato-de-boda\/#breadcrumb\"},\"inLanguage\":\"es\",\"potentialAction\":[{\"@type\":\"ReadAction\",\"target\":[\"https:\/\/www.fotografo-profesional.net\/diario\/2021\/07\/02\/fotorreportaje-barato-de-boda\/\"]}]},{\"@type\":\"BreadcrumbList\",\"@id\":\"https:\/\/www.fotografo-profesional.net\/diario\/2021\/07\/02\/fotorreportaje-barato-de-boda\/#breadcrumb\",\"itemListElement\":[{\"@type\":\"ListItem\",\"position\":1,\"name\":\"Inicio\",\"item\":\"https:\/\/www.fotografo-profesional.net\/diario\/\"},{\"@type\":\"ListItem\",\"position\":2,\"name\":\"Fotorreportaje barato de boda\"}]},{\"@type\":\"WebSite\",\"@id\":\"https:\/\/www.fotografo-profesional.net\/diario\/#website\",\"url\":\"https:\/\/www.fotografo-profesional.net\/diario\/\",\"name\":\"Luis Miguel del Campo\",\"description\":\"Blog de un fot\u00f3grafo profesional\",\"potentialAction\":[{\"@type\":\"SearchAction\",\"target\":{\"@type\":\"EntryPoint\",\"urlTemplate\":\"https:\/\/www.fotografo-profesional.net\/diario\/?s={search_term_string}\"},\"query-input\":\"required name=search_term_string\"}],\"inLanguage\":\"es\"},{\"@type\":\"Person\",\"@id\":\"https:\/\/www.fotografo-profesional.net\/diario\/#\/schema\/person\/220504871d765b4c30a0af1d2fe93533\",\"name\":\"Luis Miguel del Campo\",\"image\":{\"@type\":\"ImageObject\",\"inLanguage\":\"es\",\"@id\":\"https:\/\/www.fotografo-profesional.net\/diario\/#\/schema\/person\/image\/\",\"url\":\"https:\/\/secure.gravatar.com\/avatar\/84bb1120095136de86f122a882a42d61?s=96&d=mm&r=g\",\"contentUrl\":\"https:\/\/secure.gravatar.com\/avatar\/84bb1120095136de86f122a882a42d61?s=96&d=mm&r=g\",\"caption\":\"Luis Miguel del Campo\"},\"url\":\"https:\/\/www.fotografo-profesional.net\/diario\/author\/admin_lmdc\/\"}]}<\/script>\n<!-- \/ Yoast SEO plugin. -->","yoast_head_json":{"title":"Fotorreportaje barato de boda - Luis Miguel del Campo","description":"Fotorreportaje barato de boda en Madrid con buena relaci\u00f3n calidad-precio. Una buena manera de sortear la crisis y conseguir buenas fotos","robots":{"index":"index","follow":"follow","max-snippet":"max-snippet:-1","max-image-preview":"max-image-preview:large","max-video-preview":"max-video-preview:-1"},"canonical":"https:\/\/www.fotografo-profesional.net\/diario\/2021\/07\/02\/fotorreportaje-barato-de-boda\/","og_locale":"es_ES","og_type":"article","og_title":"Fotorreportaje barato de boda - Luis Miguel del Campo","og_description":"Fotorreportaje barato de boda en Madrid con buena relaci\u00f3n calidad-precio. Una buena manera de sortear la crisis y conseguir buenas fotos","og_url":"https:\/\/www.fotografo-profesional.net\/diario\/2021\/07\/02\/fotorreportaje-barato-de-boda\/","og_site_name":"Luis Miguel del Campo","article_published_time":"2021-07-02T17:31:08+00:00","og_image":[{"width":600,"height":450,"url":"https:\/\/www.fotografo-profesional.net\/diario\/wp-content\/uploads\/2021\/07\/Fotografo-profesional-en-Madrid-LMC-0185.jpg","type":"image\/jpeg"}],"author":"Luis Miguel del Campo","twitter_card":"summary_large_image","twitter_misc":{"Escrito por":"Luis Miguel del Campo","Tiempo de lectura":"2 minutos"},"schema":{"@context":"https:\/\/schema.org","@graph":[{"@type":"WebPage","@id":"https:\/\/www.fotografo-profesional.net\/diario\/2021\/07\/02\/fotorreportaje-barato-de-boda\/","url":"https:\/\/www.fotografo-profesional.net\/diario\/2021\/07\/02\/fotorreportaje-barato-de-boda\/","name":"Fotorreportaje barato de boda - Luis Miguel del Campo","isPartOf":{"@id":"https:\/\/www.fotografo-profesional.net\/diario\/#website"},"datePublished":"2021-07-02T17:31:08+00:00","dateModified":"2021-07-02T17:31:08+00:00","author":{"@id":"https:\/\/www.fotografo-profesional.net\/diario\/#\/schema\/person\/220504871d765b4c30a0af1d2fe93533"},"description":"Fotorreportaje barato de boda en Madrid con buena relaci\u00f3n calidad-precio. Una buena manera de sortear la crisis y conseguir buenas fotos","breadcrumb":{"@id":"https:\/\/www.fotografo-profesional.net\/diario\/2021\/07\/02\/fotorreportaje-barato-de-boda\/#breadcrumb"},"inLanguage":"es","potentialAction":[{"@type":"ReadAction","target":["https:\/\/www.fotografo-profesional.net\/diario\/2021\/07\/02\/fotorreportaje-barato-de-boda\/"]}]},{"@type":"BreadcrumbList","@id":"https:\/\/www.fotografo-profesional.net\/diario\/2021\/07\/02\/fotorreportaje-barato-de-boda\/#breadcrumb","itemListElement":[{"@type":"ListItem","position":1,"name":"Inicio","item":"https:\/\/www.fotografo-profesional.net\/diario\/"},{"@type":"ListItem","position":2,"name":"Fotorreportaje barato de boda"}]},{"@type":"WebSite","@id":"https:\/\/www.fotografo-profesional.net\/diario\/#website","url":"https:\/\/www.fotografo-profesional.net\/diario\/","name":"Luis Miguel del Campo","description":"Blog de un fot\u00f3grafo profesional","potentialAction":[{"@type":"SearchAction","target":{"@type":"EntryPoint","urlTemplate":"https:\/\/www.fotografo-profesional.net\/diario\/?s={search_term_string}"},"query-input":"required name=search_term_string"}],"inLanguage":"es"},{"@type":"Person","@id":"https:\/\/www.fotografo-profesional.net\/diario\/#\/schema\/person\/220504871d765b4c30a0af1d2fe93533","name":"Luis Miguel del Campo","image":{"@type":"ImageObject","inLanguage":"es","@id":"https:\/\/www.fotografo-profesional.net\/diario\/#\/schema\/person\/image\/","url":"https:\/\/secure.gravatar.com\/avatar\/84bb1120095136de86f122a882a42d61?s=96&d=mm&r=g","contentUrl":"https:\/\/secure.gravatar.com\/avatar\/84bb1120095136de86f122a882a42d61?s=96&d=mm&r=g","caption":"Luis Miguel del Campo"},"url":"https:\/\/www.fotografo-profesional.net\/diario\/author\/admin_lmdc\/"}]}},"_links":{"self":[{"href":"https:\/\/www.fotografo-profesional.net\/diario\/wp-json\/wp\/v2\/posts\/2802"}],"collection":[{"href":"https:\/\/www.fotografo-profesional.net\/diario\/wp-json\/wp\/v2\/posts"}],"about":[{"href":"https:\/\/www.fotografo-profesional.net\/diario\/wp-json\/wp\/v2\/types\/post"}],"author":[{"embeddable":true,"href":"https:\/\/www.fotografo-profesional.net\/diario\/wp-json\/wp\/v2\/users\/2"}],"replies":[{"embeddable":true,"href":"https:\/\/www.fotografo-profesional.net\/diario\/wp-json\/wp\/v2\/comments?post=2802"}],"version-history":[{"count":3,"href":"https:\/\/www.fotografo-profesional.net\/diario\/wp-json\/wp\/v2\/posts\/2802\/revisions"}],"predecessor-version":[{"id":2818,"href":"https:\/\/www.fotografo-profesional.net\/diario\/wp-json\/wp\/v2\/posts\/2802\/revisions\/2818"}],"wp:featuredmedia":[{"embeddable":true,"href":"https:\/\/www.fotografo-profesional.net\/diario\/wp-json\/wp\/v2\/media\/2817"}],"wp:attachment":[{"href":"https:\/\/www.fotografo-profesional.net\/diario\/wp-json\/wp\/v2\/media?parent=2802"}],"wp:term":[{"taxonomy":"category","embeddable":true,"href":"https:\/\/www.fotografo-profesional.net\/diario\/wp-json\/wp\/v2\/categories?post=2802"},{"taxonomy":"post_tag","embeddable":true,"href":"https:\/\/www.fotografo-profesional.net\/diario\/wp-json\/wp\/v2\/tags?post=2802"}],"curies":[{"name":"wp","href":"https:\/\/api.w.org\/{rel}","templated":true}]}}