{"id":2834,"date":"2021-07-09T19:50:56","date_gmt":"2021-07-09T17:50:56","guid":{"rendered":"https:\/\/www.fotografo-profesional.net\/diario\/?p=2834"},"modified":"2021-07-09T19:50:56","modified_gmt":"2021-07-09T17:50:56","slug":"fotografo-de-bodas-low-cost","status":"publish","type":"post","link":"https:\/\/www.fotografo-profesional.net\/diario\/2021\/07\/09\/fotografo-de-bodas-low-cost\/","title":{"rendered":"Fot\u00f3grafo de bodas low cost"},"content":{"rendered":"\r\n<p>Aqu\u00ed tienes a un fot\u00f3grafo de bodas low cost en Madrid y donde quiera que me llamen. Ah, \u00bfque no sabes lo que significa low cost? Pues lo anterior viene a decir que soy un fot\u00f3grafo de bodas econ\u00f3mico o barato, m\u00e1s claramente dicho. Es que ahora se ha puesto de moda llamar as\u00ed al fot\u00f3grafo profesional que hace reportajes de boda <a href=\"https:\/\/www.fotografo-profesional.net\/diario\/2020\/07\/17\/tarifas-de-fotografo-de-bodas-barato-en-madrid\/\"><span style=\"color: #0000ff;\">a buen precio<\/span><\/a>; y con calidad, al menos en mi caso.<\/p>\r\n<p>Y no los hago solo en Madrid, no. Que tambi\u00e9n soy un fot\u00f3grafo de bodas low cost en el <a href=\"https:\/\/www.fotografo-profesional.net\/diario\/2020\/06\/26\/fotografo-de-bodas-en-toda-espana\/\"><span style=\"color: #0000ff;\">resto de la pen\u00ednsula<\/span><\/a>. Con gastos por desplazamiento, por supuesto. Incluso as\u00ed, seguro que os compensa contratarme. Sal\u00eds de la duda <a href=\"https:\/\/www.fotografo-profesional.net\/contactar\/\"><span style=\"color: #0000ff;\">pregunt\u00e1ndome<\/span><\/a>. <\/p>\r\n<p>Aunque soy un fot\u00f3grafo de bodas barato, no soy el m\u00e1s econ\u00f3mico. Porque ser un fot\u00f3grafo profesional cuesta todos los meses. Y no me refiero solo al esfuerzo del trabajo diario; ser profesional tambi\u00e9n cuesta econ\u00f3micamente. Ser un fot\u00f3grafo profesional implica tener una serie de gastos, como el de la cuota de aut\u00f3nomos, el del plat\u00f3 donde hago <a href=\"https:\/\/www.fotografo-profesional.net\/portfolio\/fotografia-de-estudio\/\"><span style=\"color: #0000ff;\">las fotos de estudio<\/span><\/a>, el del mantenimiento del equipo\u2026<\/p>\r\n<p>Bueno, pues despu\u00e9s de pagar todo esto sigo siendo un fot\u00f3grafo de bodas low cost y de <a href=\"https:\/\/www.fotografo-profesional.net\/servicios\/\"><span style=\"color: #0000ff;\">todo tipo de reportajes<\/span><\/a>, books o <a href=\"https:\/\/www.fotografo-profesional.net\/diario\/2018\/09\/26\/fotografia-para-publicidad-en-madrid\/\"><span style=\"color: #0000ff;\">encargos publicitarios<\/span><\/a>. <\/p>\r\n<p>No soy el m\u00e1s barato. Quiz\u00e1 lo pueda ser quien tenga que afrontar menos gastos mensuales, pero a\u00fan as\u00ed me propongo seguir ofreciendo mi trabajo a buen precio y entregar calidad. Que los clientes queden satisfechos con mis reportajes, bien sean entregados <a href=\"https:\/\/www.fotografo-profesional.net\/diario\/2020\/07\/10\/reportaje-de-boda-entregado-en-pendrive\/\"><span style=\"color: #0000ff;\">en pendrive<\/span><\/a> o en \u00e1lbum. Lo mismo da el soporte. Lo importante siempre es la calidad final del <a href=\"https:\/\/www.fotografo-profesional.net\/portfolio\/fotografia-de-bodas\/\"><span style=\"color: #0000ff;\">trabajo entregado<\/span><\/a>; con independencia del precio. <\/p>\r\n<p>Un fot\u00f3grafo de bodas low cost sin calidad tiene los d\u00edas contados. Por eso me esmero. Y no escatimo a la hora de capturar fotograf\u00edas, porque aunque acabe de hacer una buena fotograf\u00eda es posible que dos segundos despu\u00e9s consiga otra mejor\u2026 <\/p>\r\n","protected":false},"excerpt":{"rendered":"<p>Aqu\u00ed tienes a un fot\u00f3grafo de bodas low cost en Madrid y donde quiera que me llamen. Ah, \u00bfque no sabes lo que significa low cost? Pues lo anterior viene a decir que soy un fot\u00f3grafo de bodas econ\u00f3mico o barato, m\u00e1s claramente dicho. Es que ahora se ha puesto de moda llamar as\u00ed al [&hellip;]<\/p>\n","protected":false},"author":2,"featured_media":0,"comment_status":"closed","ping_status":"open","sticky":false,"template":"","format":"standard","meta":[],"categories":[175,254,15,171,255,45,406,172,207,14],"tags":[450,315,464,290,544,735,99,348,284,338,94,454,197,452],"yoast_head":"<!-- This site is optimized with the Yoast SEO plugin v20.8 - https:\/\/yoast.com\/wordpress\/plugins\/seo\/ -->\n<title>Fot\u00f3grafo de bodas low cost - Luis Miguel del Campo<\/title>\n<meta name=\"description\" content=\"Fot\u00f3grafo de bodas low cost tanto en Madrid como en el resto de la pen\u00ednsula. El buen precio va acompa\u00f1ado de calidad en el trabajo entregado.\" \/>\n<meta name=\"robots\" content=\"index, follow, max-snippet:-1, max-image-preview:large, max-video-preview:-1\" \/>\n<link rel=\"canonical\" href=\"https:\/\/www.fotografo-profesional.net\/diario\/2021\/07\/09\/fotografo-de-bodas-low-cost\/\" \/>\n<meta property=\"og:locale\" content=\"es_ES\" \/>\n<meta property=\"og:type\" content=\"article\" \/>\n<meta property=\"og:title\" content=\"Fot\u00f3grafo de bodas low cost - Luis Miguel del Campo\" \/>\n<meta property=\"og:description\" content=\"Fot\u00f3grafo de bodas low cost tanto en Madrid como en el resto de la pen\u00ednsula. El buen precio va acompa\u00f1ado de calidad en el trabajo entregado.\" \/>\n<meta property=\"og:url\" content=\"https:\/\/www.fotografo-profesional.net\/diario\/2021\/07\/09\/fotografo-de-bodas-low-cost\/\" \/>\n<meta property=\"og:site_name\" content=\"Luis Miguel del Campo\" \/>\n<meta property=\"article:published_time\" content=\"2021-07-09T17:50:56+00:00\" \/>\n<meta name=\"author\" content=\"Luis Miguel del Campo\" \/>\n<meta name=\"twitter:card\" content=\"summary_large_image\" \/>\n<meta name=\"twitter:label1\" content=\"Escrito por\" \/>\n\t<meta name=\"twitter:data1\" content=\"Luis Miguel del Campo\" \/>\n\t<meta name=\"twitter:label2\" content=\"Tiempo de lectura\" \/>\n\t<meta name=\"twitter:data2\" content=\"2 minutos\" \/>\n<script type=\"application\/ld+json\" class=\"yoast-schema-graph\">{\"@context\":\"https:\/\/schema.org\",\"@graph\":[{\"@type\":\"WebPage\",\"@id\":\"https:\/\/www.fotografo-profesional.net\/diario\/2021\/07\/09\/fotografo-de-bodas-low-cost\/\",\"url\":\"https:\/\/www.fotografo-profesional.net\/diario\/2021\/07\/09\/fotografo-de-bodas-low-cost\/\",\"name\":\"Fot\u00f3grafo de bodas low cost - Luis Miguel del Campo\",\"isPartOf\":{\"@id\":\"https:\/\/www.fotografo-profesional.net\/diario\/#website\"},\"datePublished\":\"2021-07-09T17:50:56+00:00\",\"dateModified\":\"2021-07-09T17:50:56+00:00\",\"author\":{\"@id\":\"https:\/\/www.fotografo-profesional.net\/diario\/#\/schema\/person\/220504871d765b4c30a0af1d2fe93533\"},\"description\":\"Fot\u00f3grafo de bodas low cost tanto en Madrid como en el resto de la pen\u00ednsula. El buen precio va acompa\u00f1ado de calidad en el trabajo entregado.\",\"breadcrumb\":{\"@id\":\"https:\/\/www.fotografo-profesional.net\/diario\/2021\/07\/09\/fotografo-de-bodas-low-cost\/#breadcrumb\"},\"inLanguage\":\"es\",\"potentialAction\":[{\"@type\":\"ReadAction\",\"target\":[\"https:\/\/www.fotografo-profesional.net\/diario\/2021\/07\/09\/fotografo-de-bodas-low-cost\/\"]}]},{\"@type\":\"BreadcrumbList\",\"@id\":\"https:\/\/www.fotografo-profesional.net\/diario\/2021\/07\/09\/fotografo-de-bodas-low-cost\/#breadcrumb\",\"itemListElement\":[{\"@type\":\"ListItem\",\"position\":1,\"name\":\"Inicio\",\"item\":\"https:\/\/www.fotografo-profesional.net\/diario\/\"},{\"@type\":\"ListItem\",\"position\":2,\"name\":\"Fot\u00f3grafo de bodas low cost\"}]},{\"@type\":\"WebSite\",\"@id\":\"https:\/\/www.fotografo-profesional.net\/diario\/#website\",\"url\":\"https:\/\/www.fotografo-profesional.net\/diario\/\",\"name\":\"Luis Miguel del Campo\",\"description\":\"Blog de un fot\u00f3grafo profesional\",\"potentialAction\":[{\"@type\":\"SearchAction\",\"target\":{\"@type\":\"EntryPoint\",\"urlTemplate\":\"https:\/\/www.fotografo-profesional.net\/diario\/?s={search_term_string}\"},\"query-input\":\"required name=search_term_string\"}],\"inLanguage\":\"es\"},{\"@type\":\"Person\",\"@id\":\"https:\/\/www.fotografo-profesional.net\/diario\/#\/schema\/person\/220504871d765b4c30a0af1d2fe93533\",\"name\":\"Luis Miguel del Campo\",\"image\":{\"@type\":\"ImageObject\",\"inLanguage\":\"es\",\"@id\":\"https:\/\/www.fotografo-profesional.net\/diario\/#\/schema\/person\/image\/\",\"url\":\"https:\/\/secure.gravatar.com\/avatar\/84bb1120095136de86f122a882a42d61?s=96&d=mm&r=g\",\"contentUrl\":\"https:\/\/secure.gravatar.com\/avatar\/84bb1120095136de86f122a882a42d61?s=96&d=mm&r=g\",\"caption\":\"Luis Miguel del Campo\"},\"url\":\"https:\/\/www.fotografo-profesional.net\/diario\/author\/admin_lmdc\/\"}]}<\/script>\n<!-- \/ Yoast SEO plugin. -->","yoast_head_json":{"title":"Fot\u00f3grafo de bodas low cost - Luis Miguel del Campo","description":"Fot\u00f3grafo de bodas low cost tanto en Madrid como en el resto de la pen\u00ednsula. El buen precio va acompa\u00f1ado de calidad en el trabajo entregado.","robots":{"index":"index","follow":"follow","max-snippet":"max-snippet:-1","max-image-preview":"max-image-preview:large","max-video-preview":"max-video-preview:-1"},"canonical":"https:\/\/www.fotografo-profesional.net\/diario\/2021\/07\/09\/fotografo-de-bodas-low-cost\/","og_locale":"es_ES","og_type":"article","og_title":"Fot\u00f3grafo de bodas low cost - Luis Miguel del Campo","og_description":"Fot\u00f3grafo de bodas low cost tanto en Madrid como en el resto de la pen\u00ednsula. El buen precio va acompa\u00f1ado de calidad en el trabajo entregado.","og_url":"https:\/\/www.fotografo-profesional.net\/diario\/2021\/07\/09\/fotografo-de-bodas-low-cost\/","og_site_name":"Luis Miguel del Campo","article_published_time":"2021-07-09T17:50:56+00:00","author":"Luis Miguel del Campo","twitter_card":"summary_large_image","twitter_misc":{"Escrito por":"Luis Miguel del Campo","Tiempo de lectura":"2 minutos"},"schema":{"@context":"https:\/\/schema.org","@graph":[{"@type":"WebPage","@id":"https:\/\/www.fotografo-profesional.net\/diario\/2021\/07\/09\/fotografo-de-bodas-low-cost\/","url":"https:\/\/www.fotografo-profesional.net\/diario\/2021\/07\/09\/fotografo-de-bodas-low-cost\/","name":"Fot\u00f3grafo de bodas low cost - Luis Miguel del Campo","isPartOf":{"@id":"https:\/\/www.fotografo-profesional.net\/diario\/#website"},"datePublished":"2021-07-09T17:50:56+00:00","dateModified":"2021-07-09T17:50:56+00:00","author":{"@id":"https:\/\/www.fotografo-profesional.net\/diario\/#\/schema\/person\/220504871d765b4c30a0af1d2fe93533"},"description":"Fot\u00f3grafo de bodas low cost tanto en Madrid como en el resto de la pen\u00ednsula. El buen precio va acompa\u00f1ado de calidad en el trabajo entregado.","breadcrumb":{"@id":"https:\/\/www.fotografo-profesional.net\/diario\/2021\/07\/09\/fotografo-de-bodas-low-cost\/#breadcrumb"},"inLanguage":"es","potentialAction":[{"@type":"ReadAction","target":["https:\/\/www.fotografo-profesional.net\/diario\/2021\/07\/09\/fotografo-de-bodas-low-cost\/"]}]},{"@type":"BreadcrumbList","@id":"https:\/\/www.fotografo-profesional.net\/diario\/2021\/07\/09\/fotografo-de-bodas-low-cost\/#breadcrumb","itemListElement":[{"@type":"ListItem","position":1,"name":"Inicio","item":"https:\/\/www.fotografo-profesional.net\/diario\/"},{"@type":"ListItem","position":2,"name":"Fot\u00f3grafo de bodas low cost"}]},{"@type":"WebSite","@id":"https:\/\/www.fotografo-profesional.net\/diario\/#website","url":"https:\/\/www.fotografo-profesional.net\/diario\/","name":"Luis Miguel del Campo","description":"Blog de un fot\u00f3grafo profesional","potentialAction":[{"@type":"SearchAction","target":{"@type":"EntryPoint","urlTemplate":"https:\/\/www.fotografo-profesional.net\/diario\/?s={search_term_string}"},"query-input":"required name=search_term_string"}],"inLanguage":"es"},{"@type":"Person","@id":"https:\/\/www.fotografo-profesional.net\/diario\/#\/schema\/person\/220504871d765b4c30a0af1d2fe93533","name":"Luis Miguel del Campo","image":{"@type":"ImageObject","inLanguage":"es","@id":"https:\/\/www.fotografo-profesional.net\/diario\/#\/schema\/person\/image\/","url":"https:\/\/secure.gravatar.com\/avatar\/84bb1120095136de86f122a882a42d61?s=96&d=mm&r=g","contentUrl":"https:\/\/secure.gravatar.com\/avatar\/84bb1120095136de86f122a882a42d61?s=96&d=mm&r=g","caption":"Luis Miguel del Campo"},"url":"https:\/\/www.fotografo-profesional.net\/diario\/author\/admin_lmdc\/"}]}},"_links":{"self":[{"href":"https:\/\/www.fotografo-profesional.net\/diario\/wp-json\/wp\/v2\/posts\/2834"}],"collection":[{"href":"https:\/\/www.fotografo-profesional.net\/diario\/wp-json\/wp\/v2\/posts"}],"about":[{"href":"https:\/\/www.fotografo-profesional.net\/diario\/wp-json\/wp\/v2\/types\/post"}],"author":[{"embeddable":true,"href":"https:\/\/www.fotografo-profesional.net\/diario\/wp-json\/wp\/v2\/users\/2"}],"replies":[{"embeddable":true,"href":"https:\/\/www.fotografo-profesional.net\/diario\/wp-json\/wp\/v2\/comments?post=2834"}],"version-history":[{"count":2,"href":"https:\/\/www.fotografo-profesional.net\/diario\/wp-json\/wp\/v2\/posts\/2834\/revisions"}],"predecessor-version":[{"id":2839,"href":"https:\/\/www.fotografo-profesional.net\/diario\/wp-json\/wp\/v2\/posts\/2834\/revisions\/2839"}],"wp:attachment":[{"href":"https:\/\/www.fotografo-profesional.net\/diario\/wp-json\/wp\/v2\/media?parent=2834"}],"wp:term":[{"taxonomy":"category","embeddable":true,"href":"https:\/\/www.fotografo-profesional.net\/diario\/wp-json\/wp\/v2\/categories?post=2834"},{"taxonomy":"post_tag","embeddable":true,"href":"https:\/\/www.fotografo-profesional.net\/diario\/wp-json\/wp\/v2\/tags?post=2834"}],"curies":[{"name":"wp","href":"https:\/\/api.w.org\/{rel}","templated":true}]}}