{"id":2851,"date":"2021-07-20T20:39:58","date_gmt":"2021-07-20T18:39:58","guid":{"rendered":"https:\/\/www.fotografo-profesional.net\/diario\/?p=2851"},"modified":"2021-07-21T14:50:30","modified_gmt":"2021-07-21T12:50:30","slug":"reportaje-de-actividad-profesional","status":"publish","type":"post","link":"https:\/\/www.fotografo-profesional.net\/diario\/2021\/07\/20\/reportaje-de-actividad-profesional\/","title":{"rendered":"Reportaje de actividad profesional"},"content":{"rendered":"\r\n<p><img decoding=\"async\" class=\"size-full wp-image-2860 aligncenter\" src=\"https:\/\/www.fotografo-profesional.net\/diario\/wp-content\/uploads\/2021\/07\/Fotografo-profesional-en-Madrid-LMC-0219.jpg\" alt=\"Reportaje de actividad profesional\" width=\"600\" height=\"400\" srcset=\"https:\/\/www.fotografo-profesional.net\/diario\/wp-content\/uploads\/2021\/07\/Fotografo-profesional-en-Madrid-LMC-0219.jpg 600w, https:\/\/www.fotografo-profesional.net\/diario\/wp-content\/uploads\/2021\/07\/Fotografo-profesional-en-Madrid-LMC-0219-300x200.jpg 300w\" sizes=\"(max-width: 600px) 100vw, 600px\" \/><\/p>\r\n<p>A menudo me encargan hacer un reportaje para que quede constancia de la actividad profesional desarrollada por la empresa o cliente que me lo solicita. Del estilo de la imagen superior.<\/p>\r\n<p>En este caso, las fotograf\u00edas ten\u00edan como fin ilustrar la memoria de las reformas realizadas en las puertas de un edificio con mucho trasiego de p\u00fablico. La empresa ejecutante busc\u00f3 un fot\u00f3grafo profesional que capturara en detalle las bondades de las puertas antiincendio que hab\u00edan sustituido a las anteriormente existentes. \u00c9stas \u00faltimas hab\u00edan dejado de cumplir a normativa vigente.<\/p>\r\n<p>Otras ocasiones el fin de las fotograf\u00edas del reportaje de la actividad profesional es su utilizaci\u00f3n en <a href=\"https:\/\/www.fotografo-profesional.net\/portfolio\/fotografia-publicitaria\/\"><span style=\"color: #0000ff;\">anuncios publicitarios<\/span> <\/a>de la empresa con el fin de dar a conocer sus productos. En estos casos se requiere del fot\u00f3grafo diversos puntos de vista y clara visi\u00f3n profesional; han de quedar a la vista las cualidades del producto que ofrece la marca. Presentado de la manera m\u00e1s sencilla y llamativa. Que resalte a primera vista.<\/p>\r\n<p>Los clientes valoran muy positivamente de los fot\u00f3grafos profesionales su aportaci\u00f3n personal en este tipo de trabajos; lo que se conoce como voz propia del fot\u00f3grafo. Al fin y al cabo lo que hace que una imagen llame la atenci\u00f3n y destaque entre las que puede hacer cualquier otro fot\u00f3grafo profesional es eso.<\/p>\r\n<p>Tambi\u00e9n hay veces en las que lo que se busca en un reportaje de actividad profesional es lo contrario, que sea meramente ilustrativo; sin ninguna cualidad art\u00edstica que destaque. Que se ci\u00f1a a mostrar de una forma sencilla y clara el producto ofrecido en <a href=\"https:\/\/www.fotografo-profesional.net\/diario\/2018\/03\/03\/fotografia-de-producto-para-catalogo\/\"><span style=\"color: #0000ff;\">el cat\u00e1logo<\/span><\/a>. Sin alardes que distraigan.<\/p>\r\n<p>B\u00e1sicamente es lo que me requirieron los clientes en el caso superior. \u00danicamente necesitaban las fotograf\u00edas para que quedara constancia del trabajo realizado. Y poderlo utilizar tambi\u00e9n en un cat\u00e1logo as\u00e9ptico, que no llamara la atenci\u00f3n del cliente el trabajo del fot\u00f3grafo sino el producto ofrecido por <a href=\"https:\/\/www.fotografo-profesional.net\/diario\/2018\/09\/26\/fotografia-para-publicidad-en-madrid\/\"><span style=\"color: #0000ff;\">la marca<\/span><\/a>.<\/p>\r\n","protected":false},"excerpt":{"rendered":"<p>A menudo me encargan hacer un reportaje para que quede constancia de la actividad profesional desarrollada por la empresa o cliente que me lo solicita. Del estilo de la imagen superior. En este caso, las fotograf\u00edas ten\u00edan como fin ilustrar la memoria de las reformas realizadas en las puertas de un edificio con mucho trasiego [&hellip;]<\/p>\n","protected":false},"author":2,"featured_media":2860,"comment_status":"closed","ping_status":"open","sticky":false,"template":"","format":"standard","meta":[],"categories":[88,365,19,45,406,172,207],"tags":[738,22,238,99,348,284,338],"yoast_head":"<!-- This site is optimized with the Yoast SEO plugin v20.8 - https:\/\/yoast.com\/wordpress\/plugins\/seo\/ -->\n<title>Reportaje de actividad profesional - Luis Miguel del Campo<\/title>\n<meta name=\"description\" content=\"La finalidad de un reportaje de actividad profesional puede ser tener fotograf\u00edas para publicidad o ilustrar una memoria de trabajo realizado\" \/>\n<meta name=\"robots\" content=\"index, follow, max-snippet:-1, max-image-preview:large, max-video-preview:-1\" \/>\n<link rel=\"canonical\" href=\"https:\/\/www.fotografo-profesional.net\/diario\/2021\/07\/20\/reportaje-de-actividad-profesional\/\" \/>\n<meta property=\"og:locale\" content=\"es_ES\" \/>\n<meta property=\"og:type\" content=\"article\" \/>\n<meta property=\"og:title\" content=\"Reportaje de actividad profesional - Luis Miguel del Campo\" \/>\n<meta property=\"og:description\" content=\"La finalidad de un reportaje de actividad profesional puede ser tener fotograf\u00edas para publicidad o ilustrar una memoria de trabajo realizado\" \/>\n<meta property=\"og:url\" content=\"https:\/\/www.fotografo-profesional.net\/diario\/2021\/07\/20\/reportaje-de-actividad-profesional\/\" \/>\n<meta property=\"og:site_name\" content=\"Luis Miguel del Campo\" \/>\n<meta property=\"article:published_time\" content=\"2021-07-20T18:39:58+00:00\" \/>\n<meta property=\"article:modified_time\" content=\"2021-07-21T12:50:30+00:00\" \/>\n<meta property=\"og:image\" content=\"https:\/\/www.fotografo-profesional.net\/diario\/wp-content\/uploads\/2021\/07\/Fotografo-profesional-en-Madrid-LMC-0219.jpg\" \/>\n\t<meta property=\"og:image:width\" content=\"600\" \/>\n\t<meta property=\"og:image:height\" content=\"400\" \/>\n\t<meta property=\"og:image:type\" content=\"image\/jpeg\" \/>\n<meta name=\"author\" content=\"Luis Miguel del Campo\" \/>\n<meta name=\"twitter:card\" content=\"summary_large_image\" \/>\n<meta name=\"twitter:label1\" content=\"Escrito por\" \/>\n\t<meta name=\"twitter:data1\" content=\"Luis Miguel del Campo\" \/>\n\t<meta name=\"twitter:label2\" content=\"Tiempo de lectura\" \/>\n\t<meta name=\"twitter:data2\" content=\"2 minutos\" \/>\n<script type=\"application\/ld+json\" class=\"yoast-schema-graph\">{\"@context\":\"https:\/\/schema.org\",\"@graph\":[{\"@type\":\"WebPage\",\"@id\":\"https:\/\/www.fotografo-profesional.net\/diario\/2021\/07\/20\/reportaje-de-actividad-profesional\/\",\"url\":\"https:\/\/www.fotografo-profesional.net\/diario\/2021\/07\/20\/reportaje-de-actividad-profesional\/\",\"name\":\"Reportaje de actividad profesional - Luis Miguel del Campo\",\"isPartOf\":{\"@id\":\"https:\/\/www.fotografo-profesional.net\/diario\/#website\"},\"datePublished\":\"2021-07-20T18:39:58+00:00\",\"dateModified\":\"2021-07-21T12:50:30+00:00\",\"author\":{\"@id\":\"https:\/\/www.fotografo-profesional.net\/diario\/#\/schema\/person\/220504871d765b4c30a0af1d2fe93533\"},\"description\":\"La finalidad de un reportaje de actividad profesional puede ser tener fotograf\u00edas para publicidad o ilustrar una memoria de trabajo realizado\",\"breadcrumb\":{\"@id\":\"https:\/\/www.fotografo-profesional.net\/diario\/2021\/07\/20\/reportaje-de-actividad-profesional\/#breadcrumb\"},\"inLanguage\":\"es\",\"potentialAction\":[{\"@type\":\"ReadAction\",\"target\":[\"https:\/\/www.fotografo-profesional.net\/diario\/2021\/07\/20\/reportaje-de-actividad-profesional\/\"]}]},{\"@type\":\"BreadcrumbList\",\"@id\":\"https:\/\/www.fotografo-profesional.net\/diario\/2021\/07\/20\/reportaje-de-actividad-profesional\/#breadcrumb\",\"itemListElement\":[{\"@type\":\"ListItem\",\"position\":1,\"name\":\"Inicio\",\"item\":\"https:\/\/www.fotografo-profesional.net\/diario\/\"},{\"@type\":\"ListItem\",\"position\":2,\"name\":\"Reportaje de actividad profesional\"}]},{\"@type\":\"WebSite\",\"@id\":\"https:\/\/www.fotografo-profesional.net\/diario\/#website\",\"url\":\"https:\/\/www.fotografo-profesional.net\/diario\/\",\"name\":\"Luis Miguel del Campo\",\"description\":\"Blog de un fot\u00f3grafo profesional\",\"potentialAction\":[{\"@type\":\"SearchAction\",\"target\":{\"@type\":\"EntryPoint\",\"urlTemplate\":\"https:\/\/www.fotografo-profesional.net\/diario\/?s={search_term_string}\"},\"query-input\":\"required name=search_term_string\"}],\"inLanguage\":\"es\"},{\"@type\":\"Person\",\"@id\":\"https:\/\/www.fotografo-profesional.net\/diario\/#\/schema\/person\/220504871d765b4c30a0af1d2fe93533\",\"name\":\"Luis Miguel del Campo\",\"image\":{\"@type\":\"ImageObject\",\"inLanguage\":\"es\",\"@id\":\"https:\/\/www.fotografo-profesional.net\/diario\/#\/schema\/person\/image\/\",\"url\":\"https:\/\/secure.gravatar.com\/avatar\/84bb1120095136de86f122a882a42d61?s=96&d=mm&r=g\",\"contentUrl\":\"https:\/\/secure.gravatar.com\/avatar\/84bb1120095136de86f122a882a42d61?s=96&d=mm&r=g\",\"caption\":\"Luis Miguel del Campo\"},\"url\":\"https:\/\/www.fotografo-profesional.net\/diario\/author\/admin_lmdc\/\"}]}<\/script>\n<!-- \/ Yoast SEO plugin. -->","yoast_head_json":{"title":"Reportaje de actividad profesional - Luis Miguel del Campo","description":"La finalidad de un reportaje de actividad profesional puede ser tener fotograf\u00edas para publicidad o ilustrar una memoria de trabajo realizado","robots":{"index":"index","follow":"follow","max-snippet":"max-snippet:-1","max-image-preview":"max-image-preview:large","max-video-preview":"max-video-preview:-1"},"canonical":"https:\/\/www.fotografo-profesional.net\/diario\/2021\/07\/20\/reportaje-de-actividad-profesional\/","og_locale":"es_ES","og_type":"article","og_title":"Reportaje de actividad profesional - Luis Miguel del Campo","og_description":"La finalidad de un reportaje de actividad profesional puede ser tener fotograf\u00edas para publicidad o ilustrar una memoria de trabajo realizado","og_url":"https:\/\/www.fotografo-profesional.net\/diario\/2021\/07\/20\/reportaje-de-actividad-profesional\/","og_site_name":"Luis Miguel del Campo","article_published_time":"2021-07-20T18:39:58+00:00","article_modified_time":"2021-07-21T12:50:30+00:00","og_image":[{"width":600,"height":400,"url":"https:\/\/www.fotografo-profesional.net\/diario\/wp-content\/uploads\/2021\/07\/Fotografo-profesional-en-Madrid-LMC-0219.jpg","type":"image\/jpeg"}],"author":"Luis Miguel del Campo","twitter_card":"summary_large_image","twitter_misc":{"Escrito por":"Luis Miguel del Campo","Tiempo de lectura":"2 minutos"},"schema":{"@context":"https:\/\/schema.org","@graph":[{"@type":"WebPage","@id":"https:\/\/www.fotografo-profesional.net\/diario\/2021\/07\/20\/reportaje-de-actividad-profesional\/","url":"https:\/\/www.fotografo-profesional.net\/diario\/2021\/07\/20\/reportaje-de-actividad-profesional\/","name":"Reportaje de actividad profesional - Luis Miguel del Campo","isPartOf":{"@id":"https:\/\/www.fotografo-profesional.net\/diario\/#website"},"datePublished":"2021-07-20T18:39:58+00:00","dateModified":"2021-07-21T12:50:30+00:00","author":{"@id":"https:\/\/www.fotografo-profesional.net\/diario\/#\/schema\/person\/220504871d765b4c30a0af1d2fe93533"},"description":"La finalidad de un reportaje de actividad profesional puede ser tener fotograf\u00edas para publicidad o ilustrar una memoria de trabajo realizado","breadcrumb":{"@id":"https:\/\/www.fotografo-profesional.net\/diario\/2021\/07\/20\/reportaje-de-actividad-profesional\/#breadcrumb"},"inLanguage":"es","potentialAction":[{"@type":"ReadAction","target":["https:\/\/www.fotografo-profesional.net\/diario\/2021\/07\/20\/reportaje-de-actividad-profesional\/"]}]},{"@type":"BreadcrumbList","@id":"https:\/\/www.fotografo-profesional.net\/diario\/2021\/07\/20\/reportaje-de-actividad-profesional\/#breadcrumb","itemListElement":[{"@type":"ListItem","position":1,"name":"Inicio","item":"https:\/\/www.fotografo-profesional.net\/diario\/"},{"@type":"ListItem","position":2,"name":"Reportaje de actividad profesional"}]},{"@type":"WebSite","@id":"https:\/\/www.fotografo-profesional.net\/diario\/#website","url":"https:\/\/www.fotografo-profesional.net\/diario\/","name":"Luis Miguel del Campo","description":"Blog de un fot\u00f3grafo profesional","potentialAction":[{"@type":"SearchAction","target":{"@type":"EntryPoint","urlTemplate":"https:\/\/www.fotografo-profesional.net\/diario\/?s={search_term_string}"},"query-input":"required name=search_term_string"}],"inLanguage":"es"},{"@type":"Person","@id":"https:\/\/www.fotografo-profesional.net\/diario\/#\/schema\/person\/220504871d765b4c30a0af1d2fe93533","name":"Luis Miguel del Campo","image":{"@type":"ImageObject","inLanguage":"es","@id":"https:\/\/www.fotografo-profesional.net\/diario\/#\/schema\/person\/image\/","url":"https:\/\/secure.gravatar.com\/avatar\/84bb1120095136de86f122a882a42d61?s=96&d=mm&r=g","contentUrl":"https:\/\/secure.gravatar.com\/avatar\/84bb1120095136de86f122a882a42d61?s=96&d=mm&r=g","caption":"Luis Miguel del Campo"},"url":"https:\/\/www.fotografo-profesional.net\/diario\/author\/admin_lmdc\/"}]}},"_links":{"self":[{"href":"https:\/\/www.fotografo-profesional.net\/diario\/wp-json\/wp\/v2\/posts\/2851"}],"collection":[{"href":"https:\/\/www.fotografo-profesional.net\/diario\/wp-json\/wp\/v2\/posts"}],"about":[{"href":"https:\/\/www.fotografo-profesional.net\/diario\/wp-json\/wp\/v2\/types\/post"}],"author":[{"embeddable":true,"href":"https:\/\/www.fotografo-profesional.net\/diario\/wp-json\/wp\/v2\/users\/2"}],"replies":[{"embeddable":true,"href":"https:\/\/www.fotografo-profesional.net\/diario\/wp-json\/wp\/v2\/comments?post=2851"}],"version-history":[{"count":5,"href":"https:\/\/www.fotografo-profesional.net\/diario\/wp-json\/wp\/v2\/posts\/2851\/revisions"}],"predecessor-version":[{"id":2862,"href":"https:\/\/www.fotografo-profesional.net\/diario\/wp-json\/wp\/v2\/posts\/2851\/revisions\/2862"}],"wp:featuredmedia":[{"embeddable":true,"href":"https:\/\/www.fotografo-profesional.net\/diario\/wp-json\/wp\/v2\/media\/2860"}],"wp:attachment":[{"href":"https:\/\/www.fotografo-profesional.net\/diario\/wp-json\/wp\/v2\/media?parent=2851"}],"wp:term":[{"taxonomy":"category","embeddable":true,"href":"https:\/\/www.fotografo-profesional.net\/diario\/wp-json\/wp\/v2\/categories?post=2851"},{"taxonomy":"post_tag","embeddable":true,"href":"https:\/\/www.fotografo-profesional.net\/diario\/wp-json\/wp\/v2\/tags?post=2851"}],"curies":[{"name":"wp","href":"https:\/\/api.w.org\/{rel}","templated":true}]}}