{"id":2870,"date":"2021-07-31T16:57:15","date_gmt":"2021-07-31T14:57:15","guid":{"rendered":"https:\/\/www.fotografo-profesional.net\/diario\/?p=2870"},"modified":"2021-08-02T19:59:29","modified_gmt":"2021-08-02T17:59:29","slug":"organiza-cuando-fotografiar-en-las-bodas","status":"publish","type":"post","link":"https:\/\/www.fotografo-profesional.net\/diario\/2021\/07\/31\/organiza-cuando-fotografiar-en-las-bodas\/","title":{"rendered":"Organiza cu\u00e1ndo fotografiar en las bodas"},"content":{"rendered":"\r\n<p><img decoding=\"async\" class=\"size-full wp-image-2117 aligncenter\" src=\"https:\/\/www.fotografo-profesional.net\/diario\/wp-content\/uploads\/2020\/07\/Fot\u00f3grafo-profesional-en-Madrid-LMC-0110.jpg\" alt=\"Organiza cu\u00e1ndo fotografiar en las bodas\" width=\"600\" height=\"450\" srcset=\"https:\/\/www.fotografo-profesional.net\/diario\/wp-content\/uploads\/2020\/07\/Fot\u00f3grafo-profesional-en-Madrid-LMC-0110.jpg 600w, https:\/\/www.fotografo-profesional.net\/diario\/wp-content\/uploads\/2020\/07\/Fot\u00f3grafo-profesional-en-Madrid-LMC-0110-300x225.jpg 300w\" sizes=\"(max-width: 600px) 100vw, 600px\" \/><\/p>\r\n<p>\u00e7Organiza cu\u00e1ndo fotografiar en las bodas. Y, sobre todo, c\u00f3mo. Porque en un mundo como el de hoy todo el mundo toma su tel\u00e9fono m\u00f3vil para inmortalizar lo que sucede a su alrededor. Incluso en las bodas, donde hay un fot\u00f3grafo profesional contratado para ese fin. Y se le ha encargado el trabajo porque se supone que \u00e9l es el que lo va a hacer mejor. As\u00ed que conviene dejar las cosas bien claras con la pareja de novios; m\u00e1s si eres <a href=\"https:\/\/www.fotografo-profesional.net\/diario\/2020\/07\/17\/tarifas-de-fotografo-de-bodas-barato-en-madrid\/\"><span style=\"color: #0000ff;\">un fot\u00f3grafo de bodas barato<\/span><\/a>.<\/p>\r\n<p>Incluso habiendo advertido con antelaci\u00f3n suele ocurrir con demasiada frecuencia que mientras el fot\u00f3grafo realiza su trabajo se arremolinen a su alrededor los invitados<a href=\"https:\/\/www.fotografo-profesional.net\/diario\/2019\/07\/15\/fotografia-de-bodas-en-fincas\/\"><span style=\"color: #0000ff;\"> intentando capturar la instant\u00e1nea<\/span> <\/a>como un profesional m\u00e1s. Hay hasta quien aspira a conseguir <a href=\"https:\/\/www.fotografo-profesional.net\/diario\/2019\/08\/23\/ventajas-del-reportaje-de-boda-completa\/\"><span style=\"color: #0000ff;\">el reportaje de boda completo<\/span><\/a>. Pero lo \u00fanico que consiguen es molestar a los fot\u00f3grafos profesionales y distraer a los novios. No deja de sorprender porque se supone que se le ha contratado a \u00e9l para tener<a href=\"https:\/\/www.fotografo-profesional.net\/portfolio\/fotografia-de-bodas\/\"><span style=\"color: #0000ff;\"> fotograf\u00edas profesionales de la boda<\/span><\/a>. Es decir, buenas.<\/p>\r\n<p>Habiendo <a href=\"https:\/\/www.fotografo-profesional.net\/diario\/2021\/06\/12\/reportajes-de-bodas-religiosas\/\"><span style=\"color: #0000ff;\">ceremonia religiosa<\/span><\/a> es m\u00e1s dif\u00edcil que esto suceda porque est\u00e1n obligados a permanecer en los bancos. No obstante, conviene tener claro cu\u00e1ndo hay que contarles claramente la estrategia para fotografiar en las bodas. Por ejemplo, a la salida de la ceremonia, despu\u00e9s de haber capturado <span style=\"color: #0000ff;\">el lanzamiento del arroz<\/span> se dejan unos minutos razonables para que los familiares y amigos tomen sus fotograf\u00edas; pero despu\u00e9s el fot\u00f3grafo profesional empieza a disparar y antes manda retirarse a los dem\u00e1s supuestos fot\u00f3grafos. Hay que hacerse respetar aunque seas un fot\u00f3grafo de bodas barato y los invitados lo sepan. <br \/>Para <span style=\"color: #0000ff;\"><a style=\"color: #0000ff;\" href=\"https:\/\/www.fotografo-profesional.net\/diario\/2019\/12\/13\/fotografo-de-bodas-a-buen-precio\/\">las fotos posadas<\/a><\/span> en lugares con encanto est\u00e1 muy claro cu\u00e1ndo y d\u00f3nde fotografiar en las bodas sin ser molestado por los invitados. Sobre todo porque el fot\u00f3grafo se desplazar\u00e1 a los lugares elegidos \u00fanicamente con la pareja de reci\u00e9n casados.<\/p>\r\n","protected":false},"excerpt":{"rendered":"<p>\u00e7Organiza cu\u00e1ndo fotografiar en las bodas. Y, sobre todo, c\u00f3mo. Porque en un mundo como el de hoy todo el mundo toma su tel\u00e9fono m\u00f3vil para inmortalizar lo que sucede a su alrededor. Incluso en las bodas, donde hay un fot\u00f3grafo profesional contratado para ese fin. Y se le ha encargado el trabajo porque se [&hellip;]<\/p>\n","protected":false},"author":2,"featured_media":2117,"comment_status":"closed","ping_status":"open","sticky":false,"template":"","format":"standard","meta":[],"categories":[175,15,171,255,45,406,172,207],"tags":[315,464,290,544,486,430,291,99,348,606,525,643,284,338,454,452],"yoast_head":"<!-- This site is optimized with the Yoast SEO plugin v20.8 - https:\/\/yoast.com\/wordpress\/plugins\/seo\/ -->\n<title>Organiza cu\u00e1ndo fotografiar en las bodas - Luis Miguel del Campo<\/title>\n<meta name=\"description\" content=\"Ante las malas costumbres de que todos utilicen su tel\u00e9fono m\u00f3vil continuamente, el fot\u00f3grafo ha de organizar cu\u00e1ndo fotografiar en las bodas\" \/>\n<meta name=\"robots\" content=\"index, follow, max-snippet:-1, max-image-preview:large, max-video-preview:-1\" \/>\n<link rel=\"canonical\" href=\"https:\/\/www.fotografo-profesional.net\/diario\/2021\/07\/31\/organiza-cuando-fotografiar-en-las-bodas\/\" \/>\n<meta property=\"og:locale\" content=\"es_ES\" \/>\n<meta property=\"og:type\" content=\"article\" \/>\n<meta property=\"og:title\" content=\"Organiza cu\u00e1ndo fotografiar en las bodas - Luis Miguel del Campo\" \/>\n<meta property=\"og:description\" content=\"Ante las malas costumbres de que todos utilicen su tel\u00e9fono m\u00f3vil continuamente, el fot\u00f3grafo ha de organizar cu\u00e1ndo fotografiar en las bodas\" \/>\n<meta property=\"og:url\" content=\"https:\/\/www.fotografo-profesional.net\/diario\/2021\/07\/31\/organiza-cuando-fotografiar-en-las-bodas\/\" \/>\n<meta property=\"og:site_name\" content=\"Luis Miguel del Campo\" \/>\n<meta property=\"article:published_time\" content=\"2021-07-31T14:57:15+00:00\" \/>\n<meta property=\"article:modified_time\" content=\"2021-08-02T17:59:29+00:00\" \/>\n<meta property=\"og:image\" content=\"https:\/\/www.fotografo-profesional.net\/diario\/wp-content\/uploads\/2020\/07\/Fot\u00f3grafo-profesional-en-Madrid-LMC-0110.jpg\" \/>\n\t<meta property=\"og:image:width\" content=\"600\" \/>\n\t<meta property=\"og:image:height\" content=\"450\" \/>\n\t<meta property=\"og:image:type\" content=\"image\/jpeg\" \/>\n<meta name=\"author\" content=\"Luis Miguel del Campo\" \/>\n<meta name=\"twitter:card\" content=\"summary_large_image\" \/>\n<meta name=\"twitter:label1\" content=\"Escrito por\" \/>\n\t<meta name=\"twitter:data1\" content=\"Luis Miguel del Campo\" \/>\n\t<meta name=\"twitter:label2\" content=\"Tiempo de lectura\" \/>\n\t<meta name=\"twitter:data2\" content=\"2 minutos\" \/>\n<script type=\"application\/ld+json\" class=\"yoast-schema-graph\">{\"@context\":\"https:\/\/schema.org\",\"@graph\":[{\"@type\":\"WebPage\",\"@id\":\"https:\/\/www.fotografo-profesional.net\/diario\/2021\/07\/31\/organiza-cuando-fotografiar-en-las-bodas\/\",\"url\":\"https:\/\/www.fotografo-profesional.net\/diario\/2021\/07\/31\/organiza-cuando-fotografiar-en-las-bodas\/\",\"name\":\"Organiza cu\u00e1ndo fotografiar en las bodas - Luis Miguel del Campo\",\"isPartOf\":{\"@id\":\"https:\/\/www.fotografo-profesional.net\/diario\/#website\"},\"datePublished\":\"2021-07-31T14:57:15+00:00\",\"dateModified\":\"2021-08-02T17:59:29+00:00\",\"author\":{\"@id\":\"https:\/\/www.fotografo-profesional.net\/diario\/#\/schema\/person\/220504871d765b4c30a0af1d2fe93533\"},\"description\":\"Ante las malas costumbres de que todos utilicen su tel\u00e9fono m\u00f3vil continuamente, el fot\u00f3grafo ha de organizar cu\u00e1ndo fotografiar en las bodas\",\"breadcrumb\":{\"@id\":\"https:\/\/www.fotografo-profesional.net\/diario\/2021\/07\/31\/organiza-cuando-fotografiar-en-las-bodas\/#breadcrumb\"},\"inLanguage\":\"es\",\"potentialAction\":[{\"@type\":\"ReadAction\",\"target\":[\"https:\/\/www.fotografo-profesional.net\/diario\/2021\/07\/31\/organiza-cuando-fotografiar-en-las-bodas\/\"]}]},{\"@type\":\"BreadcrumbList\",\"@id\":\"https:\/\/www.fotografo-profesional.net\/diario\/2021\/07\/31\/organiza-cuando-fotografiar-en-las-bodas\/#breadcrumb\",\"itemListElement\":[{\"@type\":\"ListItem\",\"position\":1,\"name\":\"Inicio\",\"item\":\"https:\/\/www.fotografo-profesional.net\/diario\/\"},{\"@type\":\"ListItem\",\"position\":2,\"name\":\"Organiza cu\u00e1ndo fotografiar en las bodas\"}]},{\"@type\":\"WebSite\",\"@id\":\"https:\/\/www.fotografo-profesional.net\/diario\/#website\",\"url\":\"https:\/\/www.fotografo-profesional.net\/diario\/\",\"name\":\"Luis Miguel del Campo\",\"description\":\"Blog de un fot\u00f3grafo profesional\",\"potentialAction\":[{\"@type\":\"SearchAction\",\"target\":{\"@type\":\"EntryPoint\",\"urlTemplate\":\"https:\/\/www.fotografo-profesional.net\/diario\/?s={search_term_string}\"},\"query-input\":\"required name=search_term_string\"}],\"inLanguage\":\"es\"},{\"@type\":\"Person\",\"@id\":\"https:\/\/www.fotografo-profesional.net\/diario\/#\/schema\/person\/220504871d765b4c30a0af1d2fe93533\",\"name\":\"Luis Miguel del Campo\",\"image\":{\"@type\":\"ImageObject\",\"inLanguage\":\"es\",\"@id\":\"https:\/\/www.fotografo-profesional.net\/diario\/#\/schema\/person\/image\/\",\"url\":\"https:\/\/secure.gravatar.com\/avatar\/84bb1120095136de86f122a882a42d61?s=96&d=mm&r=g\",\"contentUrl\":\"https:\/\/secure.gravatar.com\/avatar\/84bb1120095136de86f122a882a42d61?s=96&d=mm&r=g\",\"caption\":\"Luis Miguel del Campo\"},\"url\":\"https:\/\/www.fotografo-profesional.net\/diario\/author\/admin_lmdc\/\"}]}<\/script>\n<!-- \/ Yoast SEO plugin. -->","yoast_head_json":{"title":"Organiza cu\u00e1ndo fotografiar en las bodas - Luis Miguel del Campo","description":"Ante las malas costumbres de que todos utilicen su tel\u00e9fono m\u00f3vil continuamente, el fot\u00f3grafo ha de organizar cu\u00e1ndo fotografiar en las bodas","robots":{"index":"index","follow":"follow","max-snippet":"max-snippet:-1","max-image-preview":"max-image-preview:large","max-video-preview":"max-video-preview:-1"},"canonical":"https:\/\/www.fotografo-profesional.net\/diario\/2021\/07\/31\/organiza-cuando-fotografiar-en-las-bodas\/","og_locale":"es_ES","og_type":"article","og_title":"Organiza cu\u00e1ndo fotografiar en las bodas - Luis Miguel del Campo","og_description":"Ante las malas costumbres de que todos utilicen su tel\u00e9fono m\u00f3vil continuamente, el fot\u00f3grafo ha de organizar cu\u00e1ndo fotografiar en las bodas","og_url":"https:\/\/www.fotografo-profesional.net\/diario\/2021\/07\/31\/organiza-cuando-fotografiar-en-las-bodas\/","og_site_name":"Luis Miguel del Campo","article_published_time":"2021-07-31T14:57:15+00:00","article_modified_time":"2021-08-02T17:59:29+00:00","og_image":[{"width":600,"height":450,"url":"https:\/\/www.fotografo-profesional.net\/diario\/wp-content\/uploads\/2020\/07\/Fot\u00f3grafo-profesional-en-Madrid-LMC-0110.jpg","type":"image\/jpeg"}],"author":"Luis Miguel del Campo","twitter_card":"summary_large_image","twitter_misc":{"Escrito por":"Luis Miguel del Campo","Tiempo de lectura":"2 minutos"},"schema":{"@context":"https:\/\/schema.org","@graph":[{"@type":"WebPage","@id":"https:\/\/www.fotografo-profesional.net\/diario\/2021\/07\/31\/organiza-cuando-fotografiar-en-las-bodas\/","url":"https:\/\/www.fotografo-profesional.net\/diario\/2021\/07\/31\/organiza-cuando-fotografiar-en-las-bodas\/","name":"Organiza cu\u00e1ndo fotografiar en las bodas - Luis Miguel del Campo","isPartOf":{"@id":"https:\/\/www.fotografo-profesional.net\/diario\/#website"},"datePublished":"2021-07-31T14:57:15+00:00","dateModified":"2021-08-02T17:59:29+00:00","author":{"@id":"https:\/\/www.fotografo-profesional.net\/diario\/#\/schema\/person\/220504871d765b4c30a0af1d2fe93533"},"description":"Ante las malas costumbres de que todos utilicen su tel\u00e9fono m\u00f3vil continuamente, el fot\u00f3grafo ha de organizar cu\u00e1ndo fotografiar en las bodas","breadcrumb":{"@id":"https:\/\/www.fotografo-profesional.net\/diario\/2021\/07\/31\/organiza-cuando-fotografiar-en-las-bodas\/#breadcrumb"},"inLanguage":"es","potentialAction":[{"@type":"ReadAction","target":["https:\/\/www.fotografo-profesional.net\/diario\/2021\/07\/31\/organiza-cuando-fotografiar-en-las-bodas\/"]}]},{"@type":"BreadcrumbList","@id":"https:\/\/www.fotografo-profesional.net\/diario\/2021\/07\/31\/organiza-cuando-fotografiar-en-las-bodas\/#breadcrumb","itemListElement":[{"@type":"ListItem","position":1,"name":"Inicio","item":"https:\/\/www.fotografo-profesional.net\/diario\/"},{"@type":"ListItem","position":2,"name":"Organiza cu\u00e1ndo fotografiar en las bodas"}]},{"@type":"WebSite","@id":"https:\/\/www.fotografo-profesional.net\/diario\/#website","url":"https:\/\/www.fotografo-profesional.net\/diario\/","name":"Luis Miguel del Campo","description":"Blog de un fot\u00f3grafo profesional","potentialAction":[{"@type":"SearchAction","target":{"@type":"EntryPoint","urlTemplate":"https:\/\/www.fotografo-profesional.net\/diario\/?s={search_term_string}"},"query-input":"required name=search_term_string"}],"inLanguage":"es"},{"@type":"Person","@id":"https:\/\/www.fotografo-profesional.net\/diario\/#\/schema\/person\/220504871d765b4c30a0af1d2fe93533","name":"Luis Miguel del Campo","image":{"@type":"ImageObject","inLanguage":"es","@id":"https:\/\/www.fotografo-profesional.net\/diario\/#\/schema\/person\/image\/","url":"https:\/\/secure.gravatar.com\/avatar\/84bb1120095136de86f122a882a42d61?s=96&d=mm&r=g","contentUrl":"https:\/\/secure.gravatar.com\/avatar\/84bb1120095136de86f122a882a42d61?s=96&d=mm&r=g","caption":"Luis Miguel del Campo"},"url":"https:\/\/www.fotografo-profesional.net\/diario\/author\/admin_lmdc\/"}]}},"_links":{"self":[{"href":"https:\/\/www.fotografo-profesional.net\/diario\/wp-json\/wp\/v2\/posts\/2870"}],"collection":[{"href":"https:\/\/www.fotografo-profesional.net\/diario\/wp-json\/wp\/v2\/posts"}],"about":[{"href":"https:\/\/www.fotografo-profesional.net\/diario\/wp-json\/wp\/v2\/types\/post"}],"author":[{"embeddable":true,"href":"https:\/\/www.fotografo-profesional.net\/diario\/wp-json\/wp\/v2\/users\/2"}],"replies":[{"embeddable":true,"href":"https:\/\/www.fotografo-profesional.net\/diario\/wp-json\/wp\/v2\/comments?post=2870"}],"version-history":[{"count":4,"href":"https:\/\/www.fotografo-profesional.net\/diario\/wp-json\/wp\/v2\/posts\/2870\/revisions"}],"predecessor-version":[{"id":2890,"href":"https:\/\/www.fotografo-profesional.net\/diario\/wp-json\/wp\/v2\/posts\/2870\/revisions\/2890"}],"wp:featuredmedia":[{"embeddable":true,"href":"https:\/\/www.fotografo-profesional.net\/diario\/wp-json\/wp\/v2\/media\/2117"}],"wp:attachment":[{"href":"https:\/\/www.fotografo-profesional.net\/diario\/wp-json\/wp\/v2\/media?parent=2870"}],"wp:term":[{"taxonomy":"category","embeddable":true,"href":"https:\/\/www.fotografo-profesional.net\/diario\/wp-json\/wp\/v2\/categories?post=2870"},{"taxonomy":"post_tag","embeddable":true,"href":"https:\/\/www.fotografo-profesional.net\/diario\/wp-json\/wp\/v2\/tags?post=2870"}],"curies":[{"name":"wp","href":"https:\/\/api.w.org\/{rel}","templated":true}]}}