{"id":2910,"date":"2021-08-20T21:56:12","date_gmt":"2021-08-20T19:56:12","guid":{"rendered":"https:\/\/www.fotografo-profesional.net\/diario\/?p=2910"},"modified":"2021-08-20T21:57:36","modified_gmt":"2021-08-20T19:57:36","slug":"lo-mas-importante-no-es-el-precio","status":"publish","type":"post","link":"https:\/\/www.fotografo-profesional.net\/diario\/2021\/08\/20\/lo-mas-importante-no-es-el-precio\/","title":{"rendered":"Lo m\u00e1s importante no es el precio"},"content":{"rendered":"\r\n<p>El precio no es lo m\u00e1s importante a la hora de elegir un fot\u00f3grafo profesional que os haga vuestro reportaje de boda. S\u00e9 que en estos tiempos siempre ayuda elegir un fot\u00f3grafo de bodas barato; pero hay que hacerlo estando seguros de que el ahorro no os vaya a salir caro.<\/p>\r\n<p>Me explico. Las situaciones que se dan en una boda son irrepetibles. Si el fot\u00f3grafo que hab\u00e9is elegido para vuestra boda no consigue captarlos os dar\u00e9is cuenta de que el precio no es lo m\u00e1s importante. Pero ser\u00e1 tarde. Porque lo sabr\u00e9is cuando os haya ense\u00f1ado el reportaje de la boda, y vuestro error ya no tendr\u00e1 arreglo. Comprender\u00e9is entonces que ten\u00edais que haber elegido a un fot\u00f3grafo profesional para que lo hiciera. <a href=\"https:\/\/www.fotografo-profesional.net\/portfolio\/fotografia-de-bodas\/\"><span style=\"color: #0000ff;\">A un buen fot\u00f3grafo<\/span><\/a>.<\/p>\r\n<p>\u201cSi vimos sus fotos y estaban muy bien\u201d, responder\u00e9is. S\u00ed, pero visteis fotograf\u00edas sueltas, no el reportaje completo. Una de esta boda, otra de esa otra\u2026 Las mejores. Las que le salieron bien de cada boda.<\/p>\r\n<p>Por eso siempre recomiendo a las parejas que concierten una cita con todos los fot\u00f3grafos profesionales que consideren que son los mejores candidatos a hacerles su reportaje de boda; y viendo sus trabajos de boda completa, ya impresos, elijan al que m\u00e1s les convenza; <a href=\"https:\/\/www.fotografo-profesional.net\/diario\/2020\/07\/17\/tarifas-de-fotografo-de-bodas-barato-en-madrid\/\"><span style=\"color: #0000ff;\">por calidad y por precio<\/span><\/a>. Porque yo mismo, que soy un fot\u00f3grafo profesional de bodas barato, insisto en ense\u00f1ar mis \u00e1lbumes de bodas completas a las parejas interesadas en contratarme. Porque quiero que comprueben f\u00edsicamente que <a href=\"https:\/\/www.fotografo-profesional.net\/diario\/2019\/12\/13\/fotografo-de-bodas-a-buen-precio\/\"><span style=\"color: #0000ff;\">entrego calidad a buen precio<\/span><\/a>. Sin trampa ni cart\u00f3n.<\/p>\r\n<p>Espero que os sirva mi exposici\u00f3n anterior. Sobre todo para que no descubr\u00e1is tarde que el precio del fot\u00f3grafo no es lo m\u00e1s importante en un reportaje de boda. Lo m\u00e1s importante es la calidad del fot\u00f3grafo. \u00bfQue ten\u00e9is poco presupuesto? Pues buscad un fot\u00f3grafo de bodas barato siguiendo las indicaciones anteriores.\u00a0<\/p>\r\n","protected":false},"excerpt":{"rendered":"<p>El precio no es lo m\u00e1s importante a la hora de elegir un fot\u00f3grafo profesional que os haga vuestro reportaje de boda. S\u00e9 que en estos tiempos siempre ayuda elegir un fot\u00f3grafo de bodas barato; pero hay que hacerlo estando seguros de que el ahorro no os vaya a salir caro. Me explico. Las situaciones [&hellip;]<\/p>\n","protected":false},"author":2,"featured_media":0,"comment_status":"closed","ping_status":"open","sticky":false,"template":"","format":"standard","meta":[],"categories":[175,254,171,255,45,406,172,207],"tags":[315,464,290,544,759,486,430,99,348,284,338,757,758,581,596,452],"yoast_head":"<!-- This site is optimized with the Yoast SEO plugin v20.8 - https:\/\/yoast.com\/wordpress\/plugins\/seo\/ -->\n<title>Lo m\u00e1s importante no es el precio - Luis Miguel del Campo<\/title>\n<meta name=\"description\" content=\"Hoy expongo una serie de razones para intentar que les quede claro a los novios que el precio no es lo m\u00e1s importante de un reportaje de boda\" \/>\n<meta name=\"robots\" content=\"index, follow, max-snippet:-1, max-image-preview:large, max-video-preview:-1\" \/>\n<link rel=\"canonical\" href=\"https:\/\/www.fotografo-profesional.net\/diario\/2021\/08\/20\/lo-mas-importante-no-es-el-precio\/\" \/>\n<meta property=\"og:locale\" content=\"es_ES\" \/>\n<meta property=\"og:type\" content=\"article\" \/>\n<meta property=\"og:title\" content=\"Lo m\u00e1s importante no es el precio - Luis Miguel del Campo\" \/>\n<meta property=\"og:description\" content=\"Hoy expongo una serie de razones para intentar que les quede claro a los novios que el precio no es lo m\u00e1s importante de un reportaje de boda\" \/>\n<meta property=\"og:url\" content=\"https:\/\/www.fotografo-profesional.net\/diario\/2021\/08\/20\/lo-mas-importante-no-es-el-precio\/\" \/>\n<meta property=\"og:site_name\" content=\"Luis Miguel del Campo\" \/>\n<meta property=\"article:published_time\" content=\"2021-08-20T19:56:12+00:00\" \/>\n<meta property=\"article:modified_time\" content=\"2021-08-20T19:57:36+00:00\" \/>\n<meta name=\"author\" content=\"Luis Miguel del Campo\" \/>\n<meta name=\"twitter:card\" content=\"summary_large_image\" \/>\n<meta name=\"twitter:label1\" content=\"Escrito por\" \/>\n\t<meta name=\"twitter:data1\" content=\"Luis Miguel del Campo\" \/>\n\t<meta name=\"twitter:label2\" content=\"Tiempo de lectura\" \/>\n\t<meta name=\"twitter:data2\" content=\"2 minutos\" \/>\n<script type=\"application\/ld+json\" class=\"yoast-schema-graph\">{\"@context\":\"https:\/\/schema.org\",\"@graph\":[{\"@type\":\"WebPage\",\"@id\":\"https:\/\/www.fotografo-profesional.net\/diario\/2021\/08\/20\/lo-mas-importante-no-es-el-precio\/\",\"url\":\"https:\/\/www.fotografo-profesional.net\/diario\/2021\/08\/20\/lo-mas-importante-no-es-el-precio\/\",\"name\":\"Lo m\u00e1s importante no es el precio - Luis Miguel del Campo\",\"isPartOf\":{\"@id\":\"https:\/\/www.fotografo-profesional.net\/diario\/#website\"},\"datePublished\":\"2021-08-20T19:56:12+00:00\",\"dateModified\":\"2021-08-20T19:57:36+00:00\",\"author\":{\"@id\":\"https:\/\/www.fotografo-profesional.net\/diario\/#\/schema\/person\/220504871d765b4c30a0af1d2fe93533\"},\"description\":\"Hoy expongo una serie de razones para intentar que les quede claro a los novios que el precio no es lo m\u00e1s importante de un reportaje de boda\",\"breadcrumb\":{\"@id\":\"https:\/\/www.fotografo-profesional.net\/diario\/2021\/08\/20\/lo-mas-importante-no-es-el-precio\/#breadcrumb\"},\"inLanguage\":\"es\",\"potentialAction\":[{\"@type\":\"ReadAction\",\"target\":[\"https:\/\/www.fotografo-profesional.net\/diario\/2021\/08\/20\/lo-mas-importante-no-es-el-precio\/\"]}]},{\"@type\":\"BreadcrumbList\",\"@id\":\"https:\/\/www.fotografo-profesional.net\/diario\/2021\/08\/20\/lo-mas-importante-no-es-el-precio\/#breadcrumb\",\"itemListElement\":[{\"@type\":\"ListItem\",\"position\":1,\"name\":\"Inicio\",\"item\":\"https:\/\/www.fotografo-profesional.net\/diario\/\"},{\"@type\":\"ListItem\",\"position\":2,\"name\":\"Lo m\u00e1s importante no es el precio\"}]},{\"@type\":\"WebSite\",\"@id\":\"https:\/\/www.fotografo-profesional.net\/diario\/#website\",\"url\":\"https:\/\/www.fotografo-profesional.net\/diario\/\",\"name\":\"Luis Miguel del Campo\",\"description\":\"Blog de un fot\u00f3grafo profesional\",\"potentialAction\":[{\"@type\":\"SearchAction\",\"target\":{\"@type\":\"EntryPoint\",\"urlTemplate\":\"https:\/\/www.fotografo-profesional.net\/diario\/?s={search_term_string}\"},\"query-input\":\"required name=search_term_string\"}],\"inLanguage\":\"es\"},{\"@type\":\"Person\",\"@id\":\"https:\/\/www.fotografo-profesional.net\/diario\/#\/schema\/person\/220504871d765b4c30a0af1d2fe93533\",\"name\":\"Luis Miguel del Campo\",\"image\":{\"@type\":\"ImageObject\",\"inLanguage\":\"es\",\"@id\":\"https:\/\/www.fotografo-profesional.net\/diario\/#\/schema\/person\/image\/\",\"url\":\"https:\/\/secure.gravatar.com\/avatar\/84bb1120095136de86f122a882a42d61?s=96&d=mm&r=g\",\"contentUrl\":\"https:\/\/secure.gravatar.com\/avatar\/84bb1120095136de86f122a882a42d61?s=96&d=mm&r=g\",\"caption\":\"Luis Miguel del Campo\"},\"url\":\"https:\/\/www.fotografo-profesional.net\/diario\/author\/admin_lmdc\/\"}]}<\/script>\n<!-- \/ Yoast SEO plugin. -->","yoast_head_json":{"title":"Lo m\u00e1s importante no es el precio - Luis Miguel del Campo","description":"Hoy expongo una serie de razones para intentar que les quede claro a los novios que el precio no es lo m\u00e1s importante de un reportaje de boda","robots":{"index":"index","follow":"follow","max-snippet":"max-snippet:-1","max-image-preview":"max-image-preview:large","max-video-preview":"max-video-preview:-1"},"canonical":"https:\/\/www.fotografo-profesional.net\/diario\/2021\/08\/20\/lo-mas-importante-no-es-el-precio\/","og_locale":"es_ES","og_type":"article","og_title":"Lo m\u00e1s importante no es el precio - Luis Miguel del Campo","og_description":"Hoy expongo una serie de razones para intentar que les quede claro a los novios que el precio no es lo m\u00e1s importante de un reportaje de boda","og_url":"https:\/\/www.fotografo-profesional.net\/diario\/2021\/08\/20\/lo-mas-importante-no-es-el-precio\/","og_site_name":"Luis Miguel del Campo","article_published_time":"2021-08-20T19:56:12+00:00","article_modified_time":"2021-08-20T19:57:36+00:00","author":"Luis Miguel del Campo","twitter_card":"summary_large_image","twitter_misc":{"Escrito por":"Luis Miguel del Campo","Tiempo de lectura":"2 minutos"},"schema":{"@context":"https:\/\/schema.org","@graph":[{"@type":"WebPage","@id":"https:\/\/www.fotografo-profesional.net\/diario\/2021\/08\/20\/lo-mas-importante-no-es-el-precio\/","url":"https:\/\/www.fotografo-profesional.net\/diario\/2021\/08\/20\/lo-mas-importante-no-es-el-precio\/","name":"Lo m\u00e1s importante no es el precio - Luis Miguel del Campo","isPartOf":{"@id":"https:\/\/www.fotografo-profesional.net\/diario\/#website"},"datePublished":"2021-08-20T19:56:12+00:00","dateModified":"2021-08-20T19:57:36+00:00","author":{"@id":"https:\/\/www.fotografo-profesional.net\/diario\/#\/schema\/person\/220504871d765b4c30a0af1d2fe93533"},"description":"Hoy expongo una serie de razones para intentar que les quede claro a los novios que el precio no es lo m\u00e1s importante de un reportaje de boda","breadcrumb":{"@id":"https:\/\/www.fotografo-profesional.net\/diario\/2021\/08\/20\/lo-mas-importante-no-es-el-precio\/#breadcrumb"},"inLanguage":"es","potentialAction":[{"@type":"ReadAction","target":["https:\/\/www.fotografo-profesional.net\/diario\/2021\/08\/20\/lo-mas-importante-no-es-el-precio\/"]}]},{"@type":"BreadcrumbList","@id":"https:\/\/www.fotografo-profesional.net\/diario\/2021\/08\/20\/lo-mas-importante-no-es-el-precio\/#breadcrumb","itemListElement":[{"@type":"ListItem","position":1,"name":"Inicio","item":"https:\/\/www.fotografo-profesional.net\/diario\/"},{"@type":"ListItem","position":2,"name":"Lo m\u00e1s importante no es el precio"}]},{"@type":"WebSite","@id":"https:\/\/www.fotografo-profesional.net\/diario\/#website","url":"https:\/\/www.fotografo-profesional.net\/diario\/","name":"Luis Miguel del Campo","description":"Blog de un fot\u00f3grafo profesional","potentialAction":[{"@type":"SearchAction","target":{"@type":"EntryPoint","urlTemplate":"https:\/\/www.fotografo-profesional.net\/diario\/?s={search_term_string}"},"query-input":"required name=search_term_string"}],"inLanguage":"es"},{"@type":"Person","@id":"https:\/\/www.fotografo-profesional.net\/diario\/#\/schema\/person\/220504871d765b4c30a0af1d2fe93533","name":"Luis Miguel del Campo","image":{"@type":"ImageObject","inLanguage":"es","@id":"https:\/\/www.fotografo-profesional.net\/diario\/#\/schema\/person\/image\/","url":"https:\/\/secure.gravatar.com\/avatar\/84bb1120095136de86f122a882a42d61?s=96&d=mm&r=g","contentUrl":"https:\/\/secure.gravatar.com\/avatar\/84bb1120095136de86f122a882a42d61?s=96&d=mm&r=g","caption":"Luis Miguel del Campo"},"url":"https:\/\/www.fotografo-profesional.net\/diario\/author\/admin_lmdc\/"}]}},"_links":{"self":[{"href":"https:\/\/www.fotografo-profesional.net\/diario\/wp-json\/wp\/v2\/posts\/2910"}],"collection":[{"href":"https:\/\/www.fotografo-profesional.net\/diario\/wp-json\/wp\/v2\/posts"}],"about":[{"href":"https:\/\/www.fotografo-profesional.net\/diario\/wp-json\/wp\/v2\/types\/post"}],"author":[{"embeddable":true,"href":"https:\/\/www.fotografo-profesional.net\/diario\/wp-json\/wp\/v2\/users\/2"}],"replies":[{"embeddable":true,"href":"https:\/\/www.fotografo-profesional.net\/diario\/wp-json\/wp\/v2\/comments?post=2910"}],"version-history":[{"count":3,"href":"https:\/\/www.fotografo-profesional.net\/diario\/wp-json\/wp\/v2\/posts\/2910\/revisions"}],"predecessor-version":[{"id":2920,"href":"https:\/\/www.fotografo-profesional.net\/diario\/wp-json\/wp\/v2\/posts\/2910\/revisions\/2920"}],"wp:attachment":[{"href":"https:\/\/www.fotografo-profesional.net\/diario\/wp-json\/wp\/v2\/media?parent=2910"}],"wp:term":[{"taxonomy":"category","embeddable":true,"href":"https:\/\/www.fotografo-profesional.net\/diario\/wp-json\/wp\/v2\/categories?post=2910"},{"taxonomy":"post_tag","embeddable":true,"href":"https:\/\/www.fotografo-profesional.net\/diario\/wp-json\/wp\/v2\/tags?post=2910"}],"curies":[{"name":"wp","href":"https:\/\/api.w.org\/{rel}","templated":true}]}}