{"id":2918,"date":"2021-08-24T09:49:22","date_gmt":"2021-08-24T07:49:22","guid":{"rendered":"https:\/\/www.fotografo-profesional.net\/diario\/?p=2918"},"modified":"2021-08-24T10:17:52","modified_gmt":"2021-08-24T08:17:52","slug":"reforma-del-estadio-santiago-bernabeu","status":"publish","type":"post","link":"https:\/\/www.fotografo-profesional.net\/diario\/2021\/08\/24\/reforma-del-estadio-santiago-bernabeu\/","title":{"rendered":"Reforma del estadio Santiago Bernab\u00e9u"},"content":{"rendered":"\r\n<h4><img decoding=\"async\" class=\"alignnone size-full wp-image-2924\" src=\"https:\/\/www.fotografo-profesional.net\/diario\/wp-content\/uploads\/2021\/08\/Fotografo-profesional-en-Madrid-LMC-0224.jpg\" alt=\"Reforma en el estadio Santiago Bernab\u00e9u\" width=\"600\" height=\"429\" srcset=\"https:\/\/www.fotografo-profesional.net\/diario\/wp-content\/uploads\/2021\/08\/Fotografo-profesional-en-Madrid-LMC-0224.jpg 600w, https:\/\/www.fotografo-profesional.net\/diario\/wp-content\/uploads\/2021\/08\/Fotografo-profesional-en-Madrid-LMC-0224-300x215.jpg 300w\" sizes=\"(max-width: 600px) 100vw, 600px\" \/><\/h4>\r\n<h4>Estampas de Madrid (0099)<\/h4>\r\n<p>Debiera decirse la \u00faltima reforma del estadio Santiago Bernab\u00e9u. Esta ya cl\u00e1sica edificaci\u00f3n de Madrid fue inaugurada el 14 de diciembre de 1947. Lleva el nombre del presidente del Real Madrid bajo cuyo mandato se construy\u00f3 para sustituir al viejo estadio de Chamart\u00edn. \u00c9ste \u00faltimo, muy deteriorado en la Guerra Civil, se encontraba en los terrenos colindantes.<\/p>\r\n<p>Conservamos im\u00e1genes del aspecto del antiguo estadio de Chamart\u00edn gracias a <a href=\"https:\/\/www.fotografo-profesional.net\/diario\/2021\/07\/06\/circulo-de-bellas-artes-de-madrid\/\"><span style=\"color: #0000ff;\">las magn\u00edficas estampas<\/span><\/a> tomadas por los fot\u00f3grafos de aquella \u00e9poca. La capacidad del nuevo estadio era de 75.145 espectadores; 27.645 sentados (7.125 cubiertos). El resto, ten\u00eda que ver los partidos de pie y expuestos a las inclemencias del tiempo. Al fin y al cabo \u00e9sa es una de las misiones de todo fot\u00f3grafo profesional: documentar el paso del tiempo. Congelarlo para las generaciones venideras.<\/p>\r\n<p>La primera reforma del estadio Santiago Bernab\u00e9u se llev\u00f3 a cabo en 1953. El motivo: la gran demanda de entradas para ver los partidos del Real Madrid. Para solucionarlo se construir\u00eda un tercer anfiteatro.<\/p>\r\n<p>Con motivo del Mundial 82 de f\u00fatbol se tuvo que acometer otra reforma del estadio Santiago Bernab\u00e9u. \u00c9sta consisti\u00f3 en reducir el n\u00famero de asientos para adecuar las instalaciones a la normativa de la FIFA. La capacidad del estadio se redujo de 125.000 a 90.800 espectadores.<\/p>\r\n<p>En la d\u00e9cada de 1990 se reformar\u00eda nuevamente, esta vez construyendo una grada lateral con la que el n\u00famero de espectadores se aumentar\u00eda con 20.200 localidades. Ya desde esta d\u00e9cada, aparte de por mucho fot\u00f3grafo profesional, este estadio de f\u00fatbol empezar\u00eda a ser fotografiado por infinidad de turistas que llegaban a Madrid.<\/p>\r\n<h4>Siglo XXI<\/h4>\r\n<p>Durante la d\u00e9cada de 2000 se produjo otra reforma del estadio Santiago Bernab\u00e9u con el fin de mejorar la calidad y comodidad de las instalaciones. As\u00ed, la UEFA le conceder\u00eda en 2007 la categor\u00eda de \u201cestadio de \u00e9lite\u201d. El estadio Aparte de que todo fot\u00f3grafo profesional se ha dedicado.<\/p>\r\n<p>La \u00faltima reforma del estadio Santiago Bernab\u00e9u, en curso, pretende entre otras cuestiones el recubrimiento total del estadio mediante una cubierta retr\u00e1ctil.<\/p>\r\n<p><a href=\"https:\/\/www.fotografo-profesional.net\"><span style=\"color: #0000ff;\">Este fot\u00f3grafo profesional<\/span><\/a> no ha querido ser menos y la semana pasada captur\u00f3 esta estampa del derribo de las antiguas torres de acceso por el Paseo de la Castellana.<\/p>\r\n","protected":false},"excerpt":{"rendered":"<p>Estampas de Madrid (0099) Debiera decirse la \u00faltima reforma del estadio Santiago Bernab\u00e9u. Esta ya cl\u00e1sica edificaci\u00f3n de Madrid fue inaugurada el 14 de diciembre de 1947. Lleva el nombre del presidente del Real Madrid bajo cuyo mandato se construy\u00f3 para sustituir al viejo estadio de Chamart\u00edn. \u00c9ste \u00faltimo, muy deteriorado en la Guerra Civil, [&hellip;]<\/p>\n","protected":false},"author":2,"featured_media":2924,"comment_status":"closed","ping_status":"open","sticky":false,"template":"","format":"standard","meta":[],"categories":[209,48,45,406,174,172,207],"tags":[760,109,110,99,348,284,338,761,452],"yoast_head":"<!-- This site is optimized with the Yoast SEO plugin v20.8 - https:\/\/yoast.com\/wordpress\/plugins\/seo\/ -->\n<title>Reforma del estadio Santiago Bernab\u00e9u - Luis Miguel del Campo<\/title>\n<meta name=\"description\" content=\"La actual reforma del estadio Santiago Bernab\u00e9u no es la primera a lo largo de la historia. Hacemos un breve repaso de las m\u00e1s significativas\" \/>\n<meta name=\"robots\" content=\"index, follow, max-snippet:-1, max-image-preview:large, max-video-preview:-1\" \/>\n<link rel=\"canonical\" href=\"https:\/\/www.fotografo-profesional.net\/diario\/2021\/08\/24\/reforma-del-estadio-santiago-bernabeu\/\" \/>\n<meta property=\"og:locale\" content=\"es_ES\" \/>\n<meta property=\"og:type\" content=\"article\" \/>\n<meta property=\"og:title\" content=\"Reforma del estadio Santiago Bernab\u00e9u - Luis Miguel del Campo\" \/>\n<meta property=\"og:description\" content=\"La actual reforma del estadio Santiago Bernab\u00e9u no es la primera a lo largo de la historia. Hacemos un breve repaso de las m\u00e1s significativas\" \/>\n<meta property=\"og:url\" content=\"https:\/\/www.fotografo-profesional.net\/diario\/2021\/08\/24\/reforma-del-estadio-santiago-bernabeu\/\" \/>\n<meta property=\"og:site_name\" content=\"Luis Miguel del Campo\" \/>\n<meta property=\"article:published_time\" content=\"2021-08-24T07:49:22+00:00\" \/>\n<meta property=\"article:modified_time\" content=\"2021-08-24T08:17:52+00:00\" \/>\n<meta property=\"og:image\" content=\"https:\/\/www.fotografo-profesional.net\/diario\/wp-content\/uploads\/2021\/08\/Fotografo-profesional-en-Madrid-LMC-0224.jpg\" \/>\n\t<meta property=\"og:image:width\" content=\"600\" \/>\n\t<meta property=\"og:image:height\" content=\"429\" \/>\n\t<meta property=\"og:image:type\" content=\"image\/jpeg\" \/>\n<meta name=\"author\" content=\"Luis Miguel del Campo\" \/>\n<meta name=\"twitter:card\" content=\"summary_large_image\" \/>\n<meta name=\"twitter:label1\" content=\"Escrito por\" \/>\n\t<meta name=\"twitter:data1\" content=\"Luis Miguel del Campo\" \/>\n\t<meta name=\"twitter:label2\" content=\"Tiempo de lectura\" \/>\n\t<meta name=\"twitter:data2\" content=\"2 minutos\" \/>\n<script type=\"application\/ld+json\" class=\"yoast-schema-graph\">{\"@context\":\"https:\/\/schema.org\",\"@graph\":[{\"@type\":\"WebPage\",\"@id\":\"https:\/\/www.fotografo-profesional.net\/diario\/2021\/08\/24\/reforma-del-estadio-santiago-bernabeu\/\",\"url\":\"https:\/\/www.fotografo-profesional.net\/diario\/2021\/08\/24\/reforma-del-estadio-santiago-bernabeu\/\",\"name\":\"Reforma del estadio Santiago Bernab\u00e9u - Luis Miguel del Campo\",\"isPartOf\":{\"@id\":\"https:\/\/www.fotografo-profesional.net\/diario\/#website\"},\"datePublished\":\"2021-08-24T07:49:22+00:00\",\"dateModified\":\"2021-08-24T08:17:52+00:00\",\"author\":{\"@id\":\"https:\/\/www.fotografo-profesional.net\/diario\/#\/schema\/person\/220504871d765b4c30a0af1d2fe93533\"},\"description\":\"La actual reforma del estadio Santiago Bernab\u00e9u no es la primera a lo largo de la historia. Hacemos un breve repaso de las m\u00e1s significativas\",\"breadcrumb\":{\"@id\":\"https:\/\/www.fotografo-profesional.net\/diario\/2021\/08\/24\/reforma-del-estadio-santiago-bernabeu\/#breadcrumb\"},\"inLanguage\":\"es\",\"potentialAction\":[{\"@type\":\"ReadAction\",\"target\":[\"https:\/\/www.fotografo-profesional.net\/diario\/2021\/08\/24\/reforma-del-estadio-santiago-bernabeu\/\"]}]},{\"@type\":\"BreadcrumbList\",\"@id\":\"https:\/\/www.fotografo-profesional.net\/diario\/2021\/08\/24\/reforma-del-estadio-santiago-bernabeu\/#breadcrumb\",\"itemListElement\":[{\"@type\":\"ListItem\",\"position\":1,\"name\":\"Inicio\",\"item\":\"https:\/\/www.fotografo-profesional.net\/diario\/\"},{\"@type\":\"ListItem\",\"position\":2,\"name\":\"Reforma del estadio Santiago Bernab\u00e9u\"}]},{\"@type\":\"WebSite\",\"@id\":\"https:\/\/www.fotografo-profesional.net\/diario\/#website\",\"url\":\"https:\/\/www.fotografo-profesional.net\/diario\/\",\"name\":\"Luis Miguel del Campo\",\"description\":\"Blog de un fot\u00f3grafo profesional\",\"potentialAction\":[{\"@type\":\"SearchAction\",\"target\":{\"@type\":\"EntryPoint\",\"urlTemplate\":\"https:\/\/www.fotografo-profesional.net\/diario\/?s={search_term_string}\"},\"query-input\":\"required name=search_term_string\"}],\"inLanguage\":\"es\"},{\"@type\":\"Person\",\"@id\":\"https:\/\/www.fotografo-profesional.net\/diario\/#\/schema\/person\/220504871d765b4c30a0af1d2fe93533\",\"name\":\"Luis Miguel del Campo\",\"image\":{\"@type\":\"ImageObject\",\"inLanguage\":\"es\",\"@id\":\"https:\/\/www.fotografo-profesional.net\/diario\/#\/schema\/person\/image\/\",\"url\":\"https:\/\/secure.gravatar.com\/avatar\/84bb1120095136de86f122a882a42d61?s=96&d=mm&r=g\",\"contentUrl\":\"https:\/\/secure.gravatar.com\/avatar\/84bb1120095136de86f122a882a42d61?s=96&d=mm&r=g\",\"caption\":\"Luis Miguel del Campo\"},\"url\":\"https:\/\/www.fotografo-profesional.net\/diario\/author\/admin_lmdc\/\"}]}<\/script>\n<!-- \/ Yoast SEO plugin. -->","yoast_head_json":{"title":"Reforma del estadio Santiago Bernab\u00e9u - Luis Miguel del Campo","description":"La actual reforma del estadio Santiago Bernab\u00e9u no es la primera a lo largo de la historia. Hacemos un breve repaso de las m\u00e1s significativas","robots":{"index":"index","follow":"follow","max-snippet":"max-snippet:-1","max-image-preview":"max-image-preview:large","max-video-preview":"max-video-preview:-1"},"canonical":"https:\/\/www.fotografo-profesional.net\/diario\/2021\/08\/24\/reforma-del-estadio-santiago-bernabeu\/","og_locale":"es_ES","og_type":"article","og_title":"Reforma del estadio Santiago Bernab\u00e9u - Luis Miguel del Campo","og_description":"La actual reforma del estadio Santiago Bernab\u00e9u no es la primera a lo largo de la historia. Hacemos un breve repaso de las m\u00e1s significativas","og_url":"https:\/\/www.fotografo-profesional.net\/diario\/2021\/08\/24\/reforma-del-estadio-santiago-bernabeu\/","og_site_name":"Luis Miguel del Campo","article_published_time":"2021-08-24T07:49:22+00:00","article_modified_time":"2021-08-24T08:17:52+00:00","og_image":[{"width":600,"height":429,"url":"https:\/\/www.fotografo-profesional.net\/diario\/wp-content\/uploads\/2021\/08\/Fotografo-profesional-en-Madrid-LMC-0224.jpg","type":"image\/jpeg"}],"author":"Luis Miguel del Campo","twitter_card":"summary_large_image","twitter_misc":{"Escrito por":"Luis Miguel del Campo","Tiempo de lectura":"2 minutos"},"schema":{"@context":"https:\/\/schema.org","@graph":[{"@type":"WebPage","@id":"https:\/\/www.fotografo-profesional.net\/diario\/2021\/08\/24\/reforma-del-estadio-santiago-bernabeu\/","url":"https:\/\/www.fotografo-profesional.net\/diario\/2021\/08\/24\/reforma-del-estadio-santiago-bernabeu\/","name":"Reforma del estadio Santiago Bernab\u00e9u - Luis Miguel del Campo","isPartOf":{"@id":"https:\/\/www.fotografo-profesional.net\/diario\/#website"},"datePublished":"2021-08-24T07:49:22+00:00","dateModified":"2021-08-24T08:17:52+00:00","author":{"@id":"https:\/\/www.fotografo-profesional.net\/diario\/#\/schema\/person\/220504871d765b4c30a0af1d2fe93533"},"description":"La actual reforma del estadio Santiago Bernab\u00e9u no es la primera a lo largo de la historia. Hacemos un breve repaso de las m\u00e1s significativas","breadcrumb":{"@id":"https:\/\/www.fotografo-profesional.net\/diario\/2021\/08\/24\/reforma-del-estadio-santiago-bernabeu\/#breadcrumb"},"inLanguage":"es","potentialAction":[{"@type":"ReadAction","target":["https:\/\/www.fotografo-profesional.net\/diario\/2021\/08\/24\/reforma-del-estadio-santiago-bernabeu\/"]}]},{"@type":"BreadcrumbList","@id":"https:\/\/www.fotografo-profesional.net\/diario\/2021\/08\/24\/reforma-del-estadio-santiago-bernabeu\/#breadcrumb","itemListElement":[{"@type":"ListItem","position":1,"name":"Inicio","item":"https:\/\/www.fotografo-profesional.net\/diario\/"},{"@type":"ListItem","position":2,"name":"Reforma del estadio Santiago Bernab\u00e9u"}]},{"@type":"WebSite","@id":"https:\/\/www.fotografo-profesional.net\/diario\/#website","url":"https:\/\/www.fotografo-profesional.net\/diario\/","name":"Luis Miguel del Campo","description":"Blog de un fot\u00f3grafo profesional","potentialAction":[{"@type":"SearchAction","target":{"@type":"EntryPoint","urlTemplate":"https:\/\/www.fotografo-profesional.net\/diario\/?s={search_term_string}"},"query-input":"required name=search_term_string"}],"inLanguage":"es"},{"@type":"Person","@id":"https:\/\/www.fotografo-profesional.net\/diario\/#\/schema\/person\/220504871d765b4c30a0af1d2fe93533","name":"Luis Miguel del Campo","image":{"@type":"ImageObject","inLanguage":"es","@id":"https:\/\/www.fotografo-profesional.net\/diario\/#\/schema\/person\/image\/","url":"https:\/\/secure.gravatar.com\/avatar\/84bb1120095136de86f122a882a42d61?s=96&d=mm&r=g","contentUrl":"https:\/\/secure.gravatar.com\/avatar\/84bb1120095136de86f122a882a42d61?s=96&d=mm&r=g","caption":"Luis Miguel del Campo"},"url":"https:\/\/www.fotografo-profesional.net\/diario\/author\/admin_lmdc\/"}]}},"_links":{"self":[{"href":"https:\/\/www.fotografo-profesional.net\/diario\/wp-json\/wp\/v2\/posts\/2918"}],"collection":[{"href":"https:\/\/www.fotografo-profesional.net\/diario\/wp-json\/wp\/v2\/posts"}],"about":[{"href":"https:\/\/www.fotografo-profesional.net\/diario\/wp-json\/wp\/v2\/types\/post"}],"author":[{"embeddable":true,"href":"https:\/\/www.fotografo-profesional.net\/diario\/wp-json\/wp\/v2\/users\/2"}],"replies":[{"embeddable":true,"href":"https:\/\/www.fotografo-profesional.net\/diario\/wp-json\/wp\/v2\/comments?post=2918"}],"version-history":[{"count":4,"href":"https:\/\/www.fotografo-profesional.net\/diario\/wp-json\/wp\/v2\/posts\/2918\/revisions"}],"predecessor-version":[{"id":2926,"href":"https:\/\/www.fotografo-profesional.net\/diario\/wp-json\/wp\/v2\/posts\/2918\/revisions\/2926"}],"wp:featuredmedia":[{"embeddable":true,"href":"https:\/\/www.fotografo-profesional.net\/diario\/wp-json\/wp\/v2\/media\/2924"}],"wp:attachment":[{"href":"https:\/\/www.fotografo-profesional.net\/diario\/wp-json\/wp\/v2\/media?parent=2918"}],"wp:term":[{"taxonomy":"category","embeddable":true,"href":"https:\/\/www.fotografo-profesional.net\/diario\/wp-json\/wp\/v2\/categories?post=2918"},{"taxonomy":"post_tag","embeddable":true,"href":"https:\/\/www.fotografo-profesional.net\/diario\/wp-json\/wp\/v2\/tags?post=2918"}],"curies":[{"name":"wp","href":"https:\/\/api.w.org\/{rel}","templated":true}]}}