{"id":2928,"date":"2021-08-31T10:48:54","date_gmt":"2021-08-31T08:48:54","guid":{"rendered":"https:\/\/www.fotografo-profesional.net\/diario\/?p=2928"},"modified":"2021-08-31T10:57:44","modified_gmt":"2021-08-31T08:57:44","slug":"pia-elizondo-the-fall-serie-fotografica","status":"publish","type":"post","link":"https:\/\/www.fotografo-profesional.net\/diario\/2021\/08\/31\/pia-elizondo-the-fall-serie-fotografica\/","title":{"rendered":"P\u00eda Elizondo. The Fall, serie fotogr\u00e1fica"},"content":{"rendered":"\r\n<p><img decoding=\"async\" class=\"size-full wp-image-2933 aligncenter\" src=\"https:\/\/www.fotografo-profesional.net\/diario\/wp-content\/uploads\/2021\/08\/Fotografo-profesional-en-Madrid-LMC-0225-1.jpg\" alt=\"Aspecto de la planta baja de la exposici\u00f3n de P\u00eda Elizondo\" width=\"600\" height=\"400\" srcset=\"https:\/\/www.fotografo-profesional.net\/diario\/wp-content\/uploads\/2021\/08\/Fotografo-profesional-en-Madrid-LMC-0225-1.jpg 600w, https:\/\/www.fotografo-profesional.net\/diario\/wp-content\/uploads\/2021\/08\/Fotografo-profesional-en-Madrid-LMC-0225-1-300x200.jpg 300w\" sizes=\"(max-width: 600px) 100vw, 600px\" \/><\/p>\r\n<p>La fot\u00f3grafa P\u00eda Elizondo ofrece en The Fall una vis\u00f3n de la profesional no solo sobre Aleppo, de cuyas im\u00e1genes versa esta serie fotogr\u00e1fica. En concreto, sobre <strong>el conflicto b\u00e9lico en Siria<\/strong>, de la que Aleppo se puede considerar s\u00edmbolo de su guerra civil.<\/p>\r\n<p>Y P\u00eda Elizondo habla del conflicto tomando las fotograf\u00edas que nos muestra de fragmentos fijo de los v\u00eddeos transmitidos en 2017. Lo hace as\u00ed para se\u00f1alar que actualmente muchas de nuestras experiencias sobre lo que ocurre en el mundo no son directas ni personales, sino condicionadas por la informaci\u00f3n que nos transmiten los medios de comunicaci\u00f3n. Nuestras opiniones tambi\u00e9n lo son.<\/p>\r\n<p><img decoding=\"async\" class=\"size-full wp-image-2935 aligncenter\" src=\"https:\/\/www.fotografo-profesional.net\/diario\/wp-content\/uploads\/2021\/08\/Fotografo-profesional-en-Madrid-LMC-0225-2.jpg\" alt=\"Dos fotograf\u00edas de la exposici\u00f3n del Instituto Cultural de M\u00e9xico en Espa\u00f1a\" width=\"600\" height=\"400\" srcset=\"https:\/\/www.fotografo-profesional.net\/diario\/wp-content\/uploads\/2021\/08\/Fotografo-profesional-en-Madrid-LMC-0225-2.jpg 600w, https:\/\/www.fotografo-profesional.net\/diario\/wp-content\/uploads\/2021\/08\/Fotografo-profesional-en-Madrid-LMC-0225-2-300x200.jpg 300w\" sizes=\"(max-width: 600px) 100vw, 600px\" \/><\/p>\r\n<p>La aportaci\u00f3n de <strong>P\u00eda Elizondo<\/strong> consiste en la elecci\u00f3n de instantes fijos concretos de los v\u00eddeos transmitidos por la televisi\u00f3n y las redes medi\u00e1ticas francesas. Esta elecci\u00f3n no se corresponde con acontecimientos rese\u00f1ables en el transcurso de la guerra civil siria. M\u00e1s bien se trata de aquellas im\u00e1genes que resultan m\u00e1s relevantes a la fot\u00f3grafa profesional y que le sirven para expresar su opini\u00f3n sobre el conflicto. Sobre su experiencia, tambi\u00e9n adquirida en diferido, sobre el conflicto.<\/p>\r\n<p><img decoding=\"async\" class=\"size-full wp-image-2938 aligncenter\" src=\"https:\/\/www.fotografo-profesional.net\/diario\/wp-content\/uploads\/2021\/08\/Fotografo-profesional-en-Madrid-LMC-0225-3.jpg\" alt=\"Fotograf\u00edas de P\u00eda Elizondo en la planta superior\" width=\"600\" height=\"400\" srcset=\"https:\/\/www.fotografo-profesional.net\/diario\/wp-content\/uploads\/2021\/08\/Fotografo-profesional-en-Madrid-LMC-0225-3.jpg 600w, https:\/\/www.fotografo-profesional.net\/diario\/wp-content\/uploads\/2021\/08\/Fotografo-profesional-en-Madrid-LMC-0225-3-300x200.jpg 300w\" sizes=\"(max-width: 600px) 100vw, 600px\" \/><\/p>\r\n<p>Pero P\u00eda Elizondo adem\u00e1s quiere hacernos entrar en el interior de lo que estamos viendo, para llegar a su significado. A nuestra experiencia m\u00e1s personal de lo que estamos viendo. Lo hace mediante el tratamiento de las im\u00e1genes fijas que ha tomado prestadas.<\/p>\r\n<p>Las transforma en blanco y negro; vi\u00f1etea el encuadre, lo que les da homogeneidad y el aspecto del marco de las televisiones antiguas, de tubo. De esta forma intenta que nos impliquemos, que entremos en ellas; en su verdadero significado. Llegando a una sensaci\u00f3n y experiencia m\u00e1s personales sobre lo que sucede en las im\u00e1genes.<\/p>\r\n<p><img decoding=\"async\" class=\"size-full wp-image-2939 aligncenter\" src=\"https:\/\/www.fotografo-profesional.net\/diario\/wp-content\/uploads\/2021\/08\/Fotografo-profesional-en-Madrid-LMC-0225-4.jpg\" alt=\"Dos fotograf\u00edas de la muestra de P\u00eda Elizondo\" width=\"600\" height=\"400\" srcset=\"https:\/\/www.fotografo-profesional.net\/diario\/wp-content\/uploads\/2021\/08\/Fotografo-profesional-en-Madrid-LMC-0225-4.jpg 600w, https:\/\/www.fotografo-profesional.net\/diario\/wp-content\/uploads\/2021\/08\/Fotografo-profesional-en-Madrid-LMC-0225-4-300x200.jpg 300w\" sizes=\"(max-width: 600px) 100vw, 600px\" \/><\/p>\r\n<p>The Fall forma parte de las exposiciones que <a href=\"https:\/\/www.fotografo-profesional.net\/diario\/2021\/06\/29\/bill-brandt-en-photoespana-2021\/\"><span style=\"color: #0000ff;\">ofrece PHotoESPA\u00d1A 2021<\/span><\/a>. Se puede contemplar en el Instituto Cultural de Mexico en Espa\u00f1a (Carrera de San Jer\u00f3nimo, 46) hasta el 7 de septiembre.<\/p>\r\n","protected":false},"excerpt":{"rendered":"<p>La fot\u00f3grafa P\u00eda Elizondo ofrece en The Fall una vis\u00f3n de la profesional no solo sobre Aleppo, de cuyas im\u00e1genes versa esta serie fotogr\u00e1fica. En concreto, sobre el conflicto b\u00e9lico en Siria, de la que Aleppo se puede considerar s\u00edmbolo de su guerra civil. Y P\u00eda Elizondo habla del conflicto tomando las fotograf\u00edas que nos [&hellip;]<\/p>\n","protected":false},"author":2,"featured_media":2933,"comment_status":"closed","ping_status":"open","sticky":false,"template":"","format":"standard","meta":[],"categories":[431,35,395,330,45,406,172,207],"tags":[531,152,506,99,348,284,338,762,197,452],"yoast_head":"<!-- This site is optimized with the Yoast SEO plugin v20.8 - https:\/\/yoast.com\/wordpress\/plugins\/seo\/ -->\n<title>P\u00eda Elizondo. The Fall, serie fotogr\u00e1fica - Luis Miguel del Campo<\/title>\n<meta name=\"description\" content=\"PHotoESPA\u00d1A 2021 ofrece The Fall, serie fotogr\u00e1fica de P\u00eda Elizondo sobre Aleppo. Se puede ver en el Instituto Cultural de M\u00e9xico en Madrid\" \/>\n<meta name=\"robots\" content=\"index, follow, max-snippet:-1, max-image-preview:large, max-video-preview:-1\" \/>\n<link rel=\"canonical\" href=\"https:\/\/www.fotografo-profesional.net\/diario\/2021\/08\/31\/pia-elizondo-the-fall-serie-fotografica\/\" \/>\n<meta property=\"og:locale\" content=\"es_ES\" \/>\n<meta property=\"og:type\" content=\"article\" \/>\n<meta property=\"og:title\" content=\"P\u00eda Elizondo. The Fall, serie fotogr\u00e1fica - Luis Miguel del Campo\" \/>\n<meta property=\"og:description\" content=\"PHotoESPA\u00d1A 2021 ofrece The Fall, serie fotogr\u00e1fica de P\u00eda Elizondo sobre Aleppo. Se puede ver en el Instituto Cultural de M\u00e9xico en Madrid\" \/>\n<meta property=\"og:url\" content=\"https:\/\/www.fotografo-profesional.net\/diario\/2021\/08\/31\/pia-elizondo-the-fall-serie-fotografica\/\" \/>\n<meta property=\"og:site_name\" content=\"Luis Miguel del Campo\" \/>\n<meta property=\"article:published_time\" content=\"2021-08-31T08:48:54+00:00\" \/>\n<meta property=\"article:modified_time\" content=\"2021-08-31T08:57:44+00:00\" \/>\n<meta property=\"og:image\" content=\"https:\/\/www.fotografo-profesional.net\/diario\/wp-content\/uploads\/2021\/08\/Fotografo-profesional-en-Madrid-LMC-0225-1.jpg\" \/>\n\t<meta property=\"og:image:width\" content=\"600\" \/>\n\t<meta property=\"og:image:height\" content=\"400\" \/>\n\t<meta property=\"og:image:type\" content=\"image\/jpeg\" \/>\n<meta name=\"author\" content=\"Luis Miguel del Campo\" \/>\n<meta name=\"twitter:card\" content=\"summary_large_image\" \/>\n<meta name=\"twitter:label1\" content=\"Escrito por\" \/>\n\t<meta name=\"twitter:data1\" content=\"Luis Miguel del Campo\" \/>\n\t<meta name=\"twitter:label2\" content=\"Tiempo de lectura\" \/>\n\t<meta name=\"twitter:data2\" content=\"3 minutos\" \/>\n<script type=\"application\/ld+json\" class=\"yoast-schema-graph\">{\"@context\":\"https:\/\/schema.org\",\"@graph\":[{\"@type\":\"WebPage\",\"@id\":\"https:\/\/www.fotografo-profesional.net\/diario\/2021\/08\/31\/pia-elizondo-the-fall-serie-fotografica\/\",\"url\":\"https:\/\/www.fotografo-profesional.net\/diario\/2021\/08\/31\/pia-elizondo-the-fall-serie-fotografica\/\",\"name\":\"P\u00eda Elizondo. The Fall, serie fotogr\u00e1fica - Luis Miguel del Campo\",\"isPartOf\":{\"@id\":\"https:\/\/www.fotografo-profesional.net\/diario\/#website\"},\"datePublished\":\"2021-08-31T08:48:54+00:00\",\"dateModified\":\"2021-08-31T08:57:44+00:00\",\"author\":{\"@id\":\"https:\/\/www.fotografo-profesional.net\/diario\/#\/schema\/person\/220504871d765b4c30a0af1d2fe93533\"},\"description\":\"PHotoESPA\u00d1A 2021 ofrece The Fall, serie fotogr\u00e1fica de P\u00eda Elizondo sobre Aleppo. Se puede ver en el Instituto Cultural de M\u00e9xico en Madrid\",\"breadcrumb\":{\"@id\":\"https:\/\/www.fotografo-profesional.net\/diario\/2021\/08\/31\/pia-elizondo-the-fall-serie-fotografica\/#breadcrumb\"},\"inLanguage\":\"es\",\"potentialAction\":[{\"@type\":\"ReadAction\",\"target\":[\"https:\/\/www.fotografo-profesional.net\/diario\/2021\/08\/31\/pia-elizondo-the-fall-serie-fotografica\/\"]}]},{\"@type\":\"BreadcrumbList\",\"@id\":\"https:\/\/www.fotografo-profesional.net\/diario\/2021\/08\/31\/pia-elizondo-the-fall-serie-fotografica\/#breadcrumb\",\"itemListElement\":[{\"@type\":\"ListItem\",\"position\":1,\"name\":\"Inicio\",\"item\":\"https:\/\/www.fotografo-profesional.net\/diario\/\"},{\"@type\":\"ListItem\",\"position\":2,\"name\":\"P\u00eda Elizondo. The Fall, serie fotogr\u00e1fica\"}]},{\"@type\":\"WebSite\",\"@id\":\"https:\/\/www.fotografo-profesional.net\/diario\/#website\",\"url\":\"https:\/\/www.fotografo-profesional.net\/diario\/\",\"name\":\"Luis Miguel del Campo\",\"description\":\"Blog de un fot\u00f3grafo profesional\",\"potentialAction\":[{\"@type\":\"SearchAction\",\"target\":{\"@type\":\"EntryPoint\",\"urlTemplate\":\"https:\/\/www.fotografo-profesional.net\/diario\/?s={search_term_string}\"},\"query-input\":\"required name=search_term_string\"}],\"inLanguage\":\"es\"},{\"@type\":\"Person\",\"@id\":\"https:\/\/www.fotografo-profesional.net\/diario\/#\/schema\/person\/220504871d765b4c30a0af1d2fe93533\",\"name\":\"Luis Miguel del Campo\",\"image\":{\"@type\":\"ImageObject\",\"inLanguage\":\"es\",\"@id\":\"https:\/\/www.fotografo-profesional.net\/diario\/#\/schema\/person\/image\/\",\"url\":\"https:\/\/secure.gravatar.com\/avatar\/84bb1120095136de86f122a882a42d61?s=96&d=mm&r=g\",\"contentUrl\":\"https:\/\/secure.gravatar.com\/avatar\/84bb1120095136de86f122a882a42d61?s=96&d=mm&r=g\",\"caption\":\"Luis Miguel del Campo\"},\"url\":\"https:\/\/www.fotografo-profesional.net\/diario\/author\/admin_lmdc\/\"}]}<\/script>\n<!-- \/ Yoast SEO plugin. -->","yoast_head_json":{"title":"P\u00eda Elizondo. The Fall, serie fotogr\u00e1fica - Luis Miguel del Campo","description":"PHotoESPA\u00d1A 2021 ofrece The Fall, serie fotogr\u00e1fica de P\u00eda Elizondo sobre Aleppo. Se puede ver en el Instituto Cultural de M\u00e9xico en Madrid","robots":{"index":"index","follow":"follow","max-snippet":"max-snippet:-1","max-image-preview":"max-image-preview:large","max-video-preview":"max-video-preview:-1"},"canonical":"https:\/\/www.fotografo-profesional.net\/diario\/2021\/08\/31\/pia-elizondo-the-fall-serie-fotografica\/","og_locale":"es_ES","og_type":"article","og_title":"P\u00eda Elizondo. The Fall, serie fotogr\u00e1fica - Luis Miguel del Campo","og_description":"PHotoESPA\u00d1A 2021 ofrece The Fall, serie fotogr\u00e1fica de P\u00eda Elizondo sobre Aleppo. Se puede ver en el Instituto Cultural de M\u00e9xico en Madrid","og_url":"https:\/\/www.fotografo-profesional.net\/diario\/2021\/08\/31\/pia-elizondo-the-fall-serie-fotografica\/","og_site_name":"Luis Miguel del Campo","article_published_time":"2021-08-31T08:48:54+00:00","article_modified_time":"2021-08-31T08:57:44+00:00","og_image":[{"width":600,"height":400,"url":"https:\/\/www.fotografo-profesional.net\/diario\/wp-content\/uploads\/2021\/08\/Fotografo-profesional-en-Madrid-LMC-0225-1.jpg","type":"image\/jpeg"}],"author":"Luis Miguel del Campo","twitter_card":"summary_large_image","twitter_misc":{"Escrito por":"Luis Miguel del Campo","Tiempo de lectura":"3 minutos"},"schema":{"@context":"https:\/\/schema.org","@graph":[{"@type":"WebPage","@id":"https:\/\/www.fotografo-profesional.net\/diario\/2021\/08\/31\/pia-elizondo-the-fall-serie-fotografica\/","url":"https:\/\/www.fotografo-profesional.net\/diario\/2021\/08\/31\/pia-elizondo-the-fall-serie-fotografica\/","name":"P\u00eda Elizondo. The Fall, serie fotogr\u00e1fica - Luis Miguel del Campo","isPartOf":{"@id":"https:\/\/www.fotografo-profesional.net\/diario\/#website"},"datePublished":"2021-08-31T08:48:54+00:00","dateModified":"2021-08-31T08:57:44+00:00","author":{"@id":"https:\/\/www.fotografo-profesional.net\/diario\/#\/schema\/person\/220504871d765b4c30a0af1d2fe93533"},"description":"PHotoESPA\u00d1A 2021 ofrece The Fall, serie fotogr\u00e1fica de P\u00eda Elizondo sobre Aleppo. Se puede ver en el Instituto Cultural de M\u00e9xico en Madrid","breadcrumb":{"@id":"https:\/\/www.fotografo-profesional.net\/diario\/2021\/08\/31\/pia-elizondo-the-fall-serie-fotografica\/#breadcrumb"},"inLanguage":"es","potentialAction":[{"@type":"ReadAction","target":["https:\/\/www.fotografo-profesional.net\/diario\/2021\/08\/31\/pia-elizondo-the-fall-serie-fotografica\/"]}]},{"@type":"BreadcrumbList","@id":"https:\/\/www.fotografo-profesional.net\/diario\/2021\/08\/31\/pia-elizondo-the-fall-serie-fotografica\/#breadcrumb","itemListElement":[{"@type":"ListItem","position":1,"name":"Inicio","item":"https:\/\/www.fotografo-profesional.net\/diario\/"},{"@type":"ListItem","position":2,"name":"P\u00eda Elizondo. The Fall, serie fotogr\u00e1fica"}]},{"@type":"WebSite","@id":"https:\/\/www.fotografo-profesional.net\/diario\/#website","url":"https:\/\/www.fotografo-profesional.net\/diario\/","name":"Luis Miguel del Campo","description":"Blog de un fot\u00f3grafo profesional","potentialAction":[{"@type":"SearchAction","target":{"@type":"EntryPoint","urlTemplate":"https:\/\/www.fotografo-profesional.net\/diario\/?s={search_term_string}"},"query-input":"required name=search_term_string"}],"inLanguage":"es"},{"@type":"Person","@id":"https:\/\/www.fotografo-profesional.net\/diario\/#\/schema\/person\/220504871d765b4c30a0af1d2fe93533","name":"Luis Miguel del Campo","image":{"@type":"ImageObject","inLanguage":"es","@id":"https:\/\/www.fotografo-profesional.net\/diario\/#\/schema\/person\/image\/","url":"https:\/\/secure.gravatar.com\/avatar\/84bb1120095136de86f122a882a42d61?s=96&d=mm&r=g","contentUrl":"https:\/\/secure.gravatar.com\/avatar\/84bb1120095136de86f122a882a42d61?s=96&d=mm&r=g","caption":"Luis Miguel del Campo"},"url":"https:\/\/www.fotografo-profesional.net\/diario\/author\/admin_lmdc\/"}]}},"_links":{"self":[{"href":"https:\/\/www.fotografo-profesional.net\/diario\/wp-json\/wp\/v2\/posts\/2928"}],"collection":[{"href":"https:\/\/www.fotografo-profesional.net\/diario\/wp-json\/wp\/v2\/posts"}],"about":[{"href":"https:\/\/www.fotografo-profesional.net\/diario\/wp-json\/wp\/v2\/types\/post"}],"author":[{"embeddable":true,"href":"https:\/\/www.fotografo-profesional.net\/diario\/wp-json\/wp\/v2\/users\/2"}],"replies":[{"embeddable":true,"href":"https:\/\/www.fotografo-profesional.net\/diario\/wp-json\/wp\/v2\/comments?post=2928"}],"version-history":[{"count":6,"href":"https:\/\/www.fotografo-profesional.net\/diario\/wp-json\/wp\/v2\/posts\/2928\/revisions"}],"predecessor-version":[{"id":2941,"href":"https:\/\/www.fotografo-profesional.net\/diario\/wp-json\/wp\/v2\/posts\/2928\/revisions\/2941"}],"wp:featuredmedia":[{"embeddable":true,"href":"https:\/\/www.fotografo-profesional.net\/diario\/wp-json\/wp\/v2\/media\/2933"}],"wp:attachment":[{"href":"https:\/\/www.fotografo-profesional.net\/diario\/wp-json\/wp\/v2\/media?parent=2928"}],"wp:term":[{"taxonomy":"category","embeddable":true,"href":"https:\/\/www.fotografo-profesional.net\/diario\/wp-json\/wp\/v2\/categories?post=2928"},{"taxonomy":"post_tag","embeddable":true,"href":"https:\/\/www.fotografo-profesional.net\/diario\/wp-json\/wp\/v2\/tags?post=2928"}],"curies":[{"name":"wp","href":"https:\/\/api.w.org\/{rel}","templated":true}]}}