{"id":2953,"date":"2021-09-14T09:44:53","date_gmt":"2021-09-14T07:44:53","guid":{"rendered":"https:\/\/www.fotografo-profesional.net\/diario\/?p=2953"},"modified":"2021-09-14T09:44:53","modified_gmt":"2021-09-14T07:44:53","slug":"leopoldo-pomes-retrospectiva-en-photoespana","status":"publish","type":"post","link":"https:\/\/www.fotografo-profesional.net\/diario\/2021\/09\/14\/leopoldo-pomes-retrospectiva-en-photoespana\/","title":{"rendered":"Leopoldo Pom\u00e9s, retrospectiva en PHotoESPA\u00d1A"},"content":{"rendered":"\r\n<p><img decoding=\"async\" class=\"size-full wp-image-2962 aligncenter\" src=\"https:\/\/www.fotografo-profesional.net\/diario\/wp-content\/uploads\/2021\/09\/Fotografo-profesional-en-Madrid-LMC-0227-1.jpg\" alt=\"Leopoldo Pom\u00e9s, retrospectiva\" width=\"600\" height=\"400\" srcset=\"https:\/\/www.fotografo-profesional.net\/diario\/wp-content\/uploads\/2021\/09\/Fotografo-profesional-en-Madrid-LMC-0227-1.jpg 600w, https:\/\/www.fotografo-profesional.net\/diario\/wp-content\/uploads\/2021\/09\/Fotografo-profesional-en-Madrid-LMC-0227-1-300x200.jpg 300w\" sizes=\"(max-width: 600px) 100vw, 600px\" \/><\/p>\r\n<p><span style=\"color: #0000ff;\"><a style=\"color: #0000ff;\" href=\"https:\/\/www.fotografo-profesional.net\/diario\/2021\/08\/31\/pia-elizondo-the-fall-serie-fotografica\/\">PHotoESPA\u00d1A 2021<\/a><\/span> ha ofrecido \u201cDespu\u00e9s de todo\u201d, la primera exposici\u00f3n desde el fallecimiento de Leopoldo Pom\u00e9s. En ella se han mostrado las obsesiones que el fot\u00f3grafo tuvo a lo largo de su vida y su carrera profesional a trav\u00e9s de ochenta y una fotograf\u00edas; treinta de ellas in\u00e9ditas.<br \/><br \/>Se parte de las fotograf\u00edas que expuso en las Galer\u00edas Layetanas en 1955. \u00c9stas im\u00e1genes, influidas por el contacto de Leopoldo Pom\u00e9s con intelectuales y componentes de Dau al Set, causaron un gran impacto en el mundo fotogr\u00e1fico y cultural; para bien y para mal. <br \/><br \/>A partir de este punto de partida, y estimulado porque su trabajo fotogr\u00e1fico no dejara indiferente a nadie, seguir\u00eda explorando sus tendencias obsesivas dentro del mundo de la fotograf\u00eda. Una de ellas fue su fascinaci\u00f3n por las im\u00e1genes sin sombra, tendencia que perseguir\u00eda tanto en exteriores como en el estudio. Hab\u00eda pasado en poco tiempo de realizar fotograf\u00edas marcadamente oscuras a buscar y experimentar con la iluminaci\u00f3n totalmente opuesta. Este tipo de iluminaci\u00f3n la aplicar\u00eda tambi\u00e9n en su trabajo como fot\u00f3grafo profesional publicitario. <br \/><br \/>De este periodo son muy notables las fotograf\u00edas que tom\u00f3 en la playa en d\u00edas nublados\u00a0<br \/><br \/>Otra de las obsesiones de Leopoldo Pom\u00e9s fueron las mujeres. Pero centr\u00f3 su atenci\u00f3n y amistad en aquellas que intentaban escapar de las r\u00edgidas convenciones sociales de la \u00e9poca. Solo a ellas ser\u00eda a las que retratar\u00eda de forma incansable a lo largo de su vida. <br \/><br \/>Tambi\u00e9n indagar\u00eda sobre la forma y el espacio. Fotografiando edificios, esculturas, ventanas\u2026 O lugares en los que mujeres posaban para ser fotografiadas por \u00e9l. Y paisajes transitados por personas de los que le atra\u00eda la atm\u00f3sfera que encontraba que hab\u00eda en el conjunto de todo ello. En la interacci\u00f3n entre unos y otras. Desde ni\u00f1o, fomentado por su padre, cultivar\u00eda su capacidad de observaci\u00f3n.<\/p>\r\n","protected":false},"excerpt":{"rendered":"<p>PHotoESPA\u00d1A 2021 ha ofrecido \u201cDespu\u00e9s de todo\u201d, la primera exposici\u00f3n desde el fallecimiento de Leopoldo Pom\u00e9s. En ella se han mostrado las obsesiones que el fot\u00f3grafo tuvo a lo largo de su vida y su carrera profesional a trav\u00e9s de ochenta y una fotograf\u00edas; treinta de ellas in\u00e9ditas. Se parte de las fotograf\u00edas que expuso [&hellip;]<\/p>\n","protected":false},"author":2,"featured_media":2962,"comment_status":"closed","ping_status":"open","sticky":false,"template":"","format":"standard","meta":[],"categories":[431,35,395,45,406,172,207,116],"tags":[531,152,506,32,99,348,284,338,766,527,730,452],"yoast_head":"<!-- This site is optimized with the Yoast SEO plugin v20.8 - https:\/\/yoast.com\/wordpress\/plugins\/seo\/ -->\n<title>Leopoldo Pom\u00e9s, retrospectiva en PHotoESPA\u00d1A - Luis Miguel del Campo<\/title>\n<meta name=\"description\" content=\"&quot;Despu\u00e9s de todo&quot; es la primera exposici\u00f3n de la obra de Leopoldo Pom\u00e9s desde su fallecimiento. Se ha podido ver en PHotoESPA\u00d1A 2021\" \/>\n<meta name=\"robots\" content=\"index, follow, max-snippet:-1, max-image-preview:large, max-video-preview:-1\" \/>\n<link rel=\"canonical\" href=\"https:\/\/www.fotografo-profesional.net\/diario\/2021\/09\/14\/leopoldo-pomes-retrospectiva-en-photoespana\/\" \/>\n<meta property=\"og:locale\" content=\"es_ES\" \/>\n<meta property=\"og:type\" content=\"article\" \/>\n<meta property=\"og:title\" content=\"Leopoldo Pom\u00e9s, retrospectiva en PHotoESPA\u00d1A - Luis Miguel del Campo\" \/>\n<meta property=\"og:description\" content=\"&quot;Despu\u00e9s de todo&quot; es la primera exposici\u00f3n de la obra de Leopoldo Pom\u00e9s desde su fallecimiento. Se ha podido ver en PHotoESPA\u00d1A 2021\" \/>\n<meta property=\"og:url\" content=\"https:\/\/www.fotografo-profesional.net\/diario\/2021\/09\/14\/leopoldo-pomes-retrospectiva-en-photoespana\/\" \/>\n<meta property=\"og:site_name\" content=\"Luis Miguel del Campo\" \/>\n<meta property=\"article:published_time\" content=\"2021-09-14T07:44:53+00:00\" \/>\n<meta property=\"og:image\" content=\"https:\/\/www.fotografo-profesional.net\/diario\/wp-content\/uploads\/2021\/09\/Fotografo-profesional-en-Madrid-LMC-0227-1.jpg\" \/>\n\t<meta property=\"og:image:width\" content=\"600\" \/>\n\t<meta property=\"og:image:height\" content=\"400\" \/>\n\t<meta property=\"og:image:type\" content=\"image\/jpeg\" \/>\n<meta name=\"author\" content=\"Luis Miguel del Campo\" \/>\n<meta name=\"twitter:card\" content=\"summary_large_image\" \/>\n<meta name=\"twitter:label1\" content=\"Escrito por\" \/>\n\t<meta name=\"twitter:data1\" content=\"Luis Miguel del Campo\" \/>\n\t<meta name=\"twitter:label2\" content=\"Tiempo de lectura\" \/>\n\t<meta name=\"twitter:data2\" content=\"2 minutos\" \/>\n<script type=\"application\/ld+json\" class=\"yoast-schema-graph\">{\"@context\":\"https:\/\/schema.org\",\"@graph\":[{\"@type\":\"WebPage\",\"@id\":\"https:\/\/www.fotografo-profesional.net\/diario\/2021\/09\/14\/leopoldo-pomes-retrospectiva-en-photoespana\/\",\"url\":\"https:\/\/www.fotografo-profesional.net\/diario\/2021\/09\/14\/leopoldo-pomes-retrospectiva-en-photoespana\/\",\"name\":\"Leopoldo Pom\u00e9s, retrospectiva en PHotoESPA\u00d1A - Luis Miguel del Campo\",\"isPartOf\":{\"@id\":\"https:\/\/www.fotografo-profesional.net\/diario\/#website\"},\"datePublished\":\"2021-09-14T07:44:53+00:00\",\"dateModified\":\"2021-09-14T07:44:53+00:00\",\"author\":{\"@id\":\"https:\/\/www.fotografo-profesional.net\/diario\/#\/schema\/person\/220504871d765b4c30a0af1d2fe93533\"},\"description\":\"\\\"Despu\u00e9s de todo\\\" es la primera exposici\u00f3n de la obra de Leopoldo Pom\u00e9s desde su fallecimiento. Se ha podido ver en PHotoESPA\u00d1A 2021\",\"breadcrumb\":{\"@id\":\"https:\/\/www.fotografo-profesional.net\/diario\/2021\/09\/14\/leopoldo-pomes-retrospectiva-en-photoespana\/#breadcrumb\"},\"inLanguage\":\"es\",\"potentialAction\":[{\"@type\":\"ReadAction\",\"target\":[\"https:\/\/www.fotografo-profesional.net\/diario\/2021\/09\/14\/leopoldo-pomes-retrospectiva-en-photoespana\/\"]}]},{\"@type\":\"BreadcrumbList\",\"@id\":\"https:\/\/www.fotografo-profesional.net\/diario\/2021\/09\/14\/leopoldo-pomes-retrospectiva-en-photoespana\/#breadcrumb\",\"itemListElement\":[{\"@type\":\"ListItem\",\"position\":1,\"name\":\"Inicio\",\"item\":\"https:\/\/www.fotografo-profesional.net\/diario\/\"},{\"@type\":\"ListItem\",\"position\":2,\"name\":\"Leopoldo Pom\u00e9s, retrospectiva en PHotoESPA\u00d1A\"}]},{\"@type\":\"WebSite\",\"@id\":\"https:\/\/www.fotografo-profesional.net\/diario\/#website\",\"url\":\"https:\/\/www.fotografo-profesional.net\/diario\/\",\"name\":\"Luis Miguel del Campo\",\"description\":\"Blog de un fot\u00f3grafo profesional\",\"potentialAction\":[{\"@type\":\"SearchAction\",\"target\":{\"@type\":\"EntryPoint\",\"urlTemplate\":\"https:\/\/www.fotografo-profesional.net\/diario\/?s={search_term_string}\"},\"query-input\":\"required name=search_term_string\"}],\"inLanguage\":\"es\"},{\"@type\":\"Person\",\"@id\":\"https:\/\/www.fotografo-profesional.net\/diario\/#\/schema\/person\/220504871d765b4c30a0af1d2fe93533\",\"name\":\"Luis Miguel del Campo\",\"image\":{\"@type\":\"ImageObject\",\"inLanguage\":\"es\",\"@id\":\"https:\/\/www.fotografo-profesional.net\/diario\/#\/schema\/person\/image\/\",\"url\":\"https:\/\/secure.gravatar.com\/avatar\/84bb1120095136de86f122a882a42d61?s=96&d=mm&r=g\",\"contentUrl\":\"https:\/\/secure.gravatar.com\/avatar\/84bb1120095136de86f122a882a42d61?s=96&d=mm&r=g\",\"caption\":\"Luis Miguel del Campo\"},\"url\":\"https:\/\/www.fotografo-profesional.net\/diario\/author\/admin_lmdc\/\"}]}<\/script>\n<!-- \/ Yoast SEO plugin. -->","yoast_head_json":{"title":"Leopoldo Pom\u00e9s, retrospectiva en PHotoESPA\u00d1A - Luis Miguel del Campo","description":"\"Despu\u00e9s de todo\" es la primera exposici\u00f3n de la obra de Leopoldo Pom\u00e9s desde su fallecimiento. Se ha podido ver en PHotoESPA\u00d1A 2021","robots":{"index":"index","follow":"follow","max-snippet":"max-snippet:-1","max-image-preview":"max-image-preview:large","max-video-preview":"max-video-preview:-1"},"canonical":"https:\/\/www.fotografo-profesional.net\/diario\/2021\/09\/14\/leopoldo-pomes-retrospectiva-en-photoespana\/","og_locale":"es_ES","og_type":"article","og_title":"Leopoldo Pom\u00e9s, retrospectiva en PHotoESPA\u00d1A - Luis Miguel del Campo","og_description":"\"Despu\u00e9s de todo\" es la primera exposici\u00f3n de la obra de Leopoldo Pom\u00e9s desde su fallecimiento. Se ha podido ver en PHotoESPA\u00d1A 2021","og_url":"https:\/\/www.fotografo-profesional.net\/diario\/2021\/09\/14\/leopoldo-pomes-retrospectiva-en-photoespana\/","og_site_name":"Luis Miguel del Campo","article_published_time":"2021-09-14T07:44:53+00:00","og_image":[{"width":600,"height":400,"url":"https:\/\/www.fotografo-profesional.net\/diario\/wp-content\/uploads\/2021\/09\/Fotografo-profesional-en-Madrid-LMC-0227-1.jpg","type":"image\/jpeg"}],"author":"Luis Miguel del Campo","twitter_card":"summary_large_image","twitter_misc":{"Escrito por":"Luis Miguel del Campo","Tiempo de lectura":"2 minutos"},"schema":{"@context":"https:\/\/schema.org","@graph":[{"@type":"WebPage","@id":"https:\/\/www.fotografo-profesional.net\/diario\/2021\/09\/14\/leopoldo-pomes-retrospectiva-en-photoespana\/","url":"https:\/\/www.fotografo-profesional.net\/diario\/2021\/09\/14\/leopoldo-pomes-retrospectiva-en-photoespana\/","name":"Leopoldo Pom\u00e9s, retrospectiva en PHotoESPA\u00d1A - Luis Miguel del Campo","isPartOf":{"@id":"https:\/\/www.fotografo-profesional.net\/diario\/#website"},"datePublished":"2021-09-14T07:44:53+00:00","dateModified":"2021-09-14T07:44:53+00:00","author":{"@id":"https:\/\/www.fotografo-profesional.net\/diario\/#\/schema\/person\/220504871d765b4c30a0af1d2fe93533"},"description":"\"Despu\u00e9s de todo\" es la primera exposici\u00f3n de la obra de Leopoldo Pom\u00e9s desde su fallecimiento. Se ha podido ver en PHotoESPA\u00d1A 2021","breadcrumb":{"@id":"https:\/\/www.fotografo-profesional.net\/diario\/2021\/09\/14\/leopoldo-pomes-retrospectiva-en-photoespana\/#breadcrumb"},"inLanguage":"es","potentialAction":[{"@type":"ReadAction","target":["https:\/\/www.fotografo-profesional.net\/diario\/2021\/09\/14\/leopoldo-pomes-retrospectiva-en-photoespana\/"]}]},{"@type":"BreadcrumbList","@id":"https:\/\/www.fotografo-profesional.net\/diario\/2021\/09\/14\/leopoldo-pomes-retrospectiva-en-photoespana\/#breadcrumb","itemListElement":[{"@type":"ListItem","position":1,"name":"Inicio","item":"https:\/\/www.fotografo-profesional.net\/diario\/"},{"@type":"ListItem","position":2,"name":"Leopoldo Pom\u00e9s, retrospectiva en PHotoESPA\u00d1A"}]},{"@type":"WebSite","@id":"https:\/\/www.fotografo-profesional.net\/diario\/#website","url":"https:\/\/www.fotografo-profesional.net\/diario\/","name":"Luis Miguel del Campo","description":"Blog de un fot\u00f3grafo profesional","potentialAction":[{"@type":"SearchAction","target":{"@type":"EntryPoint","urlTemplate":"https:\/\/www.fotografo-profesional.net\/diario\/?s={search_term_string}"},"query-input":"required name=search_term_string"}],"inLanguage":"es"},{"@type":"Person","@id":"https:\/\/www.fotografo-profesional.net\/diario\/#\/schema\/person\/220504871d765b4c30a0af1d2fe93533","name":"Luis Miguel del Campo","image":{"@type":"ImageObject","inLanguage":"es","@id":"https:\/\/www.fotografo-profesional.net\/diario\/#\/schema\/person\/image\/","url":"https:\/\/secure.gravatar.com\/avatar\/84bb1120095136de86f122a882a42d61?s=96&d=mm&r=g","contentUrl":"https:\/\/secure.gravatar.com\/avatar\/84bb1120095136de86f122a882a42d61?s=96&d=mm&r=g","caption":"Luis Miguel del Campo"},"url":"https:\/\/www.fotografo-profesional.net\/diario\/author\/admin_lmdc\/"}]}},"_links":{"self":[{"href":"https:\/\/www.fotografo-profesional.net\/diario\/wp-json\/wp\/v2\/posts\/2953"}],"collection":[{"href":"https:\/\/www.fotografo-profesional.net\/diario\/wp-json\/wp\/v2\/posts"}],"about":[{"href":"https:\/\/www.fotografo-profesional.net\/diario\/wp-json\/wp\/v2\/types\/post"}],"author":[{"embeddable":true,"href":"https:\/\/www.fotografo-profesional.net\/diario\/wp-json\/wp\/v2\/users\/2"}],"replies":[{"embeddable":true,"href":"https:\/\/www.fotografo-profesional.net\/diario\/wp-json\/wp\/v2\/comments?post=2953"}],"version-history":[{"count":2,"href":"https:\/\/www.fotografo-profesional.net\/diario\/wp-json\/wp\/v2\/posts\/2953\/revisions"}],"predecessor-version":[{"id":2963,"href":"https:\/\/www.fotografo-profesional.net\/diario\/wp-json\/wp\/v2\/posts\/2953\/revisions\/2963"}],"wp:featuredmedia":[{"embeddable":true,"href":"https:\/\/www.fotografo-profesional.net\/diario\/wp-json\/wp\/v2\/media\/2962"}],"wp:attachment":[{"href":"https:\/\/www.fotografo-profesional.net\/diario\/wp-json\/wp\/v2\/media?parent=2953"}],"wp:term":[{"taxonomy":"category","embeddable":true,"href":"https:\/\/www.fotografo-profesional.net\/diario\/wp-json\/wp\/v2\/categories?post=2953"},{"taxonomy":"post_tag","embeddable":true,"href":"https:\/\/www.fotografo-profesional.net\/diario\/wp-json\/wp\/v2\/tags?post=2953"}],"curies":[{"name":"wp","href":"https:\/\/api.w.org\/{rel}","templated":true}]}}