{"id":2961,"date":"2021-09-18T10:22:16","date_gmt":"2021-09-18T08:22:16","guid":{"rendered":"https:\/\/www.fotografo-profesional.net\/diario\/?p=2961"},"modified":"2021-09-18T10:42:18","modified_gmt":"2021-09-18T08:42:18","slug":"regalaos-la-boda-que-os-mereceis","status":"publish","type":"post","link":"https:\/\/www.fotografo-profesional.net\/diario\/2021\/09\/18\/regalaos-la-boda-que-os-mereceis\/","title":{"rendered":"Regalaos la boda que os merec\u00e9is"},"content":{"rendered":"\r\n<p><img decoding=\"async\" class=\"alignnone size-full wp-image-2968\" src=\"https:\/\/www.fotografo-profesional.net\/diario\/wp-content\/uploads\/2021\/09\/Fotografo-profesional-en-Madrid-LMC-0228.jpg\" alt=\"La boda que os merec\u00e9is\" width=\"800\" height=\"312\" srcset=\"https:\/\/www.fotografo-profesional.net\/diario\/wp-content\/uploads\/2021\/09\/Fotografo-profesional-en-Madrid-LMC-0228.jpg 800w, https:\/\/www.fotografo-profesional.net\/diario\/wp-content\/uploads\/2021\/09\/Fotografo-profesional-en-Madrid-LMC-0228-300x117.jpg 300w, https:\/\/www.fotografo-profesional.net\/diario\/wp-content\/uploads\/2021\/09\/Fotografo-profesional-en-Madrid-LMC-0228-768x300.jpg 768w\" sizes=\"(max-width: 800px) 100vw, 800px\" \/><\/p>\r\n<p>Es el momento: regalaos la boda que os merec\u00e9is. Es lo que procede despu\u00e9s de todo lo que hemos sufrido durante casi dos a\u00f1os. Recordad las veces que hab\u00e9is estado pensando en casaros pero no os hab\u00e9is decidido; por muchos motivos:<br \/><br \/>&#8211; Las restricciones sanitarias imped\u00edan que asistieran todos los invitados que quer\u00edais.<br \/>&#8211; Dudabais no fuera a empeorar la situaci\u00f3n sanitaria y prohibieran las bodas<br \/>&#8211; Estabais en ERTE y no sab\u00edais qu\u00e9 pasar\u00eda m\u00e1s adelante<br \/>&#8211; No ten\u00edais ni para contratar a un fot\u00f3grafo de bodas barato<br \/>&#8211; Las comunidades aut\u00f3nomas estaban cerradas y no pod\u00eda venir toda la familia.<br \/><br \/>Aunque todav\u00eda no hayamos salido de la pandemia, la situaci\u00f3n ha mejorado. Bastante. Es el momento de que os regal\u00e9is la boda que os merec\u00e9is. <br \/><br \/>Probablemente ya se hayan despejado vuestras dudas econ\u00f3micas y de organizaci\u00f3n. Est\u00e9is comprobando que la situaci\u00f3n os permite celebrar vuestra boda como siempre quisisteis hacerlo; que no vaya a faltar ning\u00fan invitado. Hay\u00e1is hablado <a href=\"https:\/\/www.fotografo-profesional.net\/diario\/2018\/08\/09\/reportaje-de-boda-religiosa\/\"><span style=\"color: #3366ff;\">con la iglesia<\/span><\/a> o reservado una <a href=\"https:\/\/www.fotografo-profesional.net\/diario\/2019\/11\/26\/reportaje-de-boda-en-ayuntamiento\/\"><span style=\"color: #3366ff;\">fecha en el ayuntamiento<\/span><\/a>. Y pod\u00e1is empezar a <a href=\"https:\/\/www.fotografo-profesional.net\/portfolio\/fotografia-de-bodas\/\"><span style=\"color: #3366ff;\">buscar un fot\u00f3grafo profesional<\/span> <\/a>para el reportaje de boda, aunque sea barato. <br \/><br \/>Lo de que las fotos las haga un familiar ya nadie lo tiene en consideraci\u00f3n. A estas alturas ha quedado claro que acarrea una p\u00e9rdida de calidad y acaba en arrepentimiento. Deb\u00e9is contratar un profesional para el reportaje de la boda que os merec\u00e9is. <br \/><a href=\"https:\/\/www.fotografo-profesional.net\/diario\/2020\/07\/17\/tarifas-de-fotografo-de-bodas-barato-en-madrid\/\"><span style=\"color: #3366ff;\">De calidad y con tarifas ajustadas<\/span><\/a>. En Internet y las redes sociales hay infinidad de p\u00e1ginas web de fot\u00f3grafos profesionales de boda. Solo ten\u00e9is que ir vision\u00e1ndolas para seleccionar los fot\u00f3grafos que m\u00e1s se ajustan a vuestros gustos y pretensiones. <br \/><br \/>El siguiente paso ser\u00eda quedar con el fot\u00f3grafo profesional elegido para comprobar la calidad de su trabajo f\u00edsicamente, en \u00e1lbum o muestrario. Internet puede ser enga\u00f1oso. El trabajo de los fot\u00f3grafos de boda hay que verlo en papel, tocarlo<\/p>\r\n","protected":false},"excerpt":{"rendered":"<p>Es el momento: regalaos la boda que os merec\u00e9is. Es lo que procede despu\u00e9s de todo lo que hemos sufrido durante casi dos a\u00f1os. Recordad las veces que hab\u00e9is estado pensando en casaros pero no os hab\u00e9is decidido; por muchos motivos: &#8211; Las restricciones sanitarias imped\u00edan que asistieran todos los invitados que quer\u00edais.&#8211; Dudabais no [&hellip;]<\/p>\n","protected":false},"author":2,"featured_media":0,"comment_status":"closed","ping_status":"open","sticky":false,"template":"","format":"standard","meta":[],"categories":[175,254,171,255,45,406,207],"tags":[315,290,291,99,348,565,606,525,733,284,338,758,585,596,452],"yoast_head":"<!-- This site is optimized with the Yoast SEO plugin v20.8 - https:\/\/yoast.com\/wordpress\/plugins\/seo\/ -->\n<title>Regalaos la boda que os merec\u00e9is - Luis Miguel del Campo<\/title>\n<meta name=\"description\" content=\"La situaci\u00f3n actual empieza a ser propicia para que retom\u00e9is la idea de casaros. Pero deber\u00edais pensar en celebrar la boda que os merec\u00e9is\" \/>\n<meta name=\"robots\" content=\"index, follow, max-snippet:-1, max-image-preview:large, max-video-preview:-1\" \/>\n<link rel=\"canonical\" href=\"https:\/\/www.fotografo-profesional.net\/diario\/2021\/09\/18\/regalaos-la-boda-que-os-mereceis\/\" \/>\n<meta property=\"og:locale\" content=\"es_ES\" \/>\n<meta property=\"og:type\" content=\"article\" \/>\n<meta property=\"og:title\" content=\"Regalaos la boda que os merec\u00e9is - Luis Miguel del Campo\" \/>\n<meta property=\"og:description\" content=\"La situaci\u00f3n actual empieza a ser propicia para que retom\u00e9is la idea de casaros. Pero deber\u00edais pensar en celebrar la boda que os merec\u00e9is\" \/>\n<meta property=\"og:url\" content=\"https:\/\/www.fotografo-profesional.net\/diario\/2021\/09\/18\/regalaos-la-boda-que-os-mereceis\/\" \/>\n<meta property=\"og:site_name\" content=\"Luis Miguel del Campo\" \/>\n<meta property=\"article:published_time\" content=\"2021-09-18T08:22:16+00:00\" \/>\n<meta property=\"article:modified_time\" content=\"2021-09-18T08:42:18+00:00\" \/>\n<meta property=\"og:image\" content=\"https:\/\/www.fotografo-profesional.net\/diario\/wp-content\/uploads\/2021\/09\/Fotografo-profesional-en-Madrid-LMC-0228.jpg\" \/>\n<meta name=\"author\" content=\"Luis Miguel del Campo\" \/>\n<meta name=\"twitter:card\" content=\"summary_large_image\" \/>\n<meta name=\"twitter:label1\" content=\"Escrito por\" \/>\n\t<meta name=\"twitter:data1\" content=\"Luis Miguel del Campo\" \/>\n\t<meta name=\"twitter:label2\" content=\"Tiempo de lectura\" \/>\n\t<meta name=\"twitter:data2\" content=\"2 minutos\" \/>\n<script type=\"application\/ld+json\" class=\"yoast-schema-graph\">{\"@context\":\"https:\/\/schema.org\",\"@graph\":[{\"@type\":\"WebPage\",\"@id\":\"https:\/\/www.fotografo-profesional.net\/diario\/2021\/09\/18\/regalaos-la-boda-que-os-mereceis\/\",\"url\":\"https:\/\/www.fotografo-profesional.net\/diario\/2021\/09\/18\/regalaos-la-boda-que-os-mereceis\/\",\"name\":\"Regalaos la boda que os merec\u00e9is - Luis Miguel del Campo\",\"isPartOf\":{\"@id\":\"https:\/\/www.fotografo-profesional.net\/diario\/#website\"},\"datePublished\":\"2021-09-18T08:22:16+00:00\",\"dateModified\":\"2021-09-18T08:42:18+00:00\",\"author\":{\"@id\":\"https:\/\/www.fotografo-profesional.net\/diario\/#\/schema\/person\/220504871d765b4c30a0af1d2fe93533\"},\"description\":\"La situaci\u00f3n actual empieza a ser propicia para que retom\u00e9is la idea de casaros. Pero deber\u00edais pensar en celebrar la boda que os merec\u00e9is\",\"breadcrumb\":{\"@id\":\"https:\/\/www.fotografo-profesional.net\/diario\/2021\/09\/18\/regalaos-la-boda-que-os-mereceis\/#breadcrumb\"},\"inLanguage\":\"es\",\"potentialAction\":[{\"@type\":\"ReadAction\",\"target\":[\"https:\/\/www.fotografo-profesional.net\/diario\/2021\/09\/18\/regalaos-la-boda-que-os-mereceis\/\"]}]},{\"@type\":\"BreadcrumbList\",\"@id\":\"https:\/\/www.fotografo-profesional.net\/diario\/2021\/09\/18\/regalaos-la-boda-que-os-mereceis\/#breadcrumb\",\"itemListElement\":[{\"@type\":\"ListItem\",\"position\":1,\"name\":\"Inicio\",\"item\":\"https:\/\/www.fotografo-profesional.net\/diario\/\"},{\"@type\":\"ListItem\",\"position\":2,\"name\":\"Regalaos la boda que os merec\u00e9is\"}]},{\"@type\":\"WebSite\",\"@id\":\"https:\/\/www.fotografo-profesional.net\/diario\/#website\",\"url\":\"https:\/\/www.fotografo-profesional.net\/diario\/\",\"name\":\"Luis Miguel del Campo\",\"description\":\"Blog de un fot\u00f3grafo profesional\",\"potentialAction\":[{\"@type\":\"SearchAction\",\"target\":{\"@type\":\"EntryPoint\",\"urlTemplate\":\"https:\/\/www.fotografo-profesional.net\/diario\/?s={search_term_string}\"},\"query-input\":\"required name=search_term_string\"}],\"inLanguage\":\"es\"},{\"@type\":\"Person\",\"@id\":\"https:\/\/www.fotografo-profesional.net\/diario\/#\/schema\/person\/220504871d765b4c30a0af1d2fe93533\",\"name\":\"Luis Miguel del Campo\",\"image\":{\"@type\":\"ImageObject\",\"inLanguage\":\"es\",\"@id\":\"https:\/\/www.fotografo-profesional.net\/diario\/#\/schema\/person\/image\/\",\"url\":\"https:\/\/secure.gravatar.com\/avatar\/84bb1120095136de86f122a882a42d61?s=96&d=mm&r=g\",\"contentUrl\":\"https:\/\/secure.gravatar.com\/avatar\/84bb1120095136de86f122a882a42d61?s=96&d=mm&r=g\",\"caption\":\"Luis Miguel del Campo\"},\"url\":\"https:\/\/www.fotografo-profesional.net\/diario\/author\/admin_lmdc\/\"}]}<\/script>\n<!-- \/ Yoast SEO plugin. -->","yoast_head_json":{"title":"Regalaos la boda que os merec\u00e9is - Luis Miguel del Campo","description":"La situaci\u00f3n actual empieza a ser propicia para que retom\u00e9is la idea de casaros. Pero deber\u00edais pensar en celebrar la boda que os merec\u00e9is","robots":{"index":"index","follow":"follow","max-snippet":"max-snippet:-1","max-image-preview":"max-image-preview:large","max-video-preview":"max-video-preview:-1"},"canonical":"https:\/\/www.fotografo-profesional.net\/diario\/2021\/09\/18\/regalaos-la-boda-que-os-mereceis\/","og_locale":"es_ES","og_type":"article","og_title":"Regalaos la boda que os merec\u00e9is - Luis Miguel del Campo","og_description":"La situaci\u00f3n actual empieza a ser propicia para que retom\u00e9is la idea de casaros. Pero deber\u00edais pensar en celebrar la boda que os merec\u00e9is","og_url":"https:\/\/www.fotografo-profesional.net\/diario\/2021\/09\/18\/regalaos-la-boda-que-os-mereceis\/","og_site_name":"Luis Miguel del Campo","article_published_time":"2021-09-18T08:22:16+00:00","article_modified_time":"2021-09-18T08:42:18+00:00","og_image":[{"url":"https:\/\/www.fotografo-profesional.net\/diario\/wp-content\/uploads\/2021\/09\/Fotografo-profesional-en-Madrid-LMC-0228.jpg"}],"author":"Luis Miguel del Campo","twitter_card":"summary_large_image","twitter_misc":{"Escrito por":"Luis Miguel del Campo","Tiempo de lectura":"2 minutos"},"schema":{"@context":"https:\/\/schema.org","@graph":[{"@type":"WebPage","@id":"https:\/\/www.fotografo-profesional.net\/diario\/2021\/09\/18\/regalaos-la-boda-que-os-mereceis\/","url":"https:\/\/www.fotografo-profesional.net\/diario\/2021\/09\/18\/regalaos-la-boda-que-os-mereceis\/","name":"Regalaos la boda que os merec\u00e9is - Luis Miguel del Campo","isPartOf":{"@id":"https:\/\/www.fotografo-profesional.net\/diario\/#website"},"datePublished":"2021-09-18T08:22:16+00:00","dateModified":"2021-09-18T08:42:18+00:00","author":{"@id":"https:\/\/www.fotografo-profesional.net\/diario\/#\/schema\/person\/220504871d765b4c30a0af1d2fe93533"},"description":"La situaci\u00f3n actual empieza a ser propicia para que retom\u00e9is la idea de casaros. Pero deber\u00edais pensar en celebrar la boda que os merec\u00e9is","breadcrumb":{"@id":"https:\/\/www.fotografo-profesional.net\/diario\/2021\/09\/18\/regalaos-la-boda-que-os-mereceis\/#breadcrumb"},"inLanguage":"es","potentialAction":[{"@type":"ReadAction","target":["https:\/\/www.fotografo-profesional.net\/diario\/2021\/09\/18\/regalaos-la-boda-que-os-mereceis\/"]}]},{"@type":"BreadcrumbList","@id":"https:\/\/www.fotografo-profesional.net\/diario\/2021\/09\/18\/regalaos-la-boda-que-os-mereceis\/#breadcrumb","itemListElement":[{"@type":"ListItem","position":1,"name":"Inicio","item":"https:\/\/www.fotografo-profesional.net\/diario\/"},{"@type":"ListItem","position":2,"name":"Regalaos la boda que os merec\u00e9is"}]},{"@type":"WebSite","@id":"https:\/\/www.fotografo-profesional.net\/diario\/#website","url":"https:\/\/www.fotografo-profesional.net\/diario\/","name":"Luis Miguel del Campo","description":"Blog de un fot\u00f3grafo profesional","potentialAction":[{"@type":"SearchAction","target":{"@type":"EntryPoint","urlTemplate":"https:\/\/www.fotografo-profesional.net\/diario\/?s={search_term_string}"},"query-input":"required name=search_term_string"}],"inLanguage":"es"},{"@type":"Person","@id":"https:\/\/www.fotografo-profesional.net\/diario\/#\/schema\/person\/220504871d765b4c30a0af1d2fe93533","name":"Luis Miguel del Campo","image":{"@type":"ImageObject","inLanguage":"es","@id":"https:\/\/www.fotografo-profesional.net\/diario\/#\/schema\/person\/image\/","url":"https:\/\/secure.gravatar.com\/avatar\/84bb1120095136de86f122a882a42d61?s=96&d=mm&r=g","contentUrl":"https:\/\/secure.gravatar.com\/avatar\/84bb1120095136de86f122a882a42d61?s=96&d=mm&r=g","caption":"Luis Miguel del Campo"},"url":"https:\/\/www.fotografo-profesional.net\/diario\/author\/admin_lmdc\/"}]}},"_links":{"self":[{"href":"https:\/\/www.fotografo-profesional.net\/diario\/wp-json\/wp\/v2\/posts\/2961"}],"collection":[{"href":"https:\/\/www.fotografo-profesional.net\/diario\/wp-json\/wp\/v2\/posts"}],"about":[{"href":"https:\/\/www.fotografo-profesional.net\/diario\/wp-json\/wp\/v2\/types\/post"}],"author":[{"embeddable":true,"href":"https:\/\/www.fotografo-profesional.net\/diario\/wp-json\/wp\/v2\/users\/2"}],"replies":[{"embeddable":true,"href":"https:\/\/www.fotografo-profesional.net\/diario\/wp-json\/wp\/v2\/comments?post=2961"}],"version-history":[{"count":4,"href":"https:\/\/www.fotografo-profesional.net\/diario\/wp-json\/wp\/v2\/posts\/2961\/revisions"}],"predecessor-version":[{"id":2969,"href":"https:\/\/www.fotografo-profesional.net\/diario\/wp-json\/wp\/v2\/posts\/2961\/revisions\/2969"}],"wp:attachment":[{"href":"https:\/\/www.fotografo-profesional.net\/diario\/wp-json\/wp\/v2\/media?parent=2961"}],"wp:term":[{"taxonomy":"category","embeddable":true,"href":"https:\/\/www.fotografo-profesional.net\/diario\/wp-json\/wp\/v2\/categories?post=2961"},{"taxonomy":"post_tag","embeddable":true,"href":"https:\/\/www.fotografo-profesional.net\/diario\/wp-json\/wp\/v2\/tags?post=2961"}],"curies":[{"name":"wp","href":"https:\/\/api.w.org\/{rel}","templated":true}]}}