{"id":2980,"date":"2021-10-05T09:48:45","date_gmt":"2021-10-05T07:48:45","guid":{"rendered":"https:\/\/www.fotografo-profesional.net\/diario\/?p=2980"},"modified":"2021-10-13T16:54:28","modified_gmt":"2021-10-13T14:54:28","slug":"el-festival-gigante-en-alcala-de-henares","status":"publish","type":"post","link":"https:\/\/www.fotografo-profesional.net\/diario\/2021\/10\/05\/el-festival-gigante-en-alcala-de-henares\/","title":{"rendered":"El Festival Gigante en Alcal\u00e1 de Henares"},"content":{"rendered":"\r\n<p><img decoding=\"async\" class=\"size-full wp-image-2991 aligncenter\" src=\"https:\/\/www.fotografo-profesional.net\/diario\/wp-content\/uploads\/2021\/10\/Fotografo-profesional-en-Madrid-LMC-0229-1-1.jpg\" alt=\"Escenario Sideral del Festival Gigante\" width=\"600\" height=\"370\" srcset=\"https:\/\/www.fotografo-profesional.net\/diario\/wp-content\/uploads\/2021\/10\/Fotografo-profesional-en-Madrid-LMC-0229-1-1.jpg 600w, https:\/\/www.fotografo-profesional.net\/diario\/wp-content\/uploads\/2021\/10\/Fotografo-profesional-en-Madrid-LMC-0229-1-1-300x185.jpg 300w\" sizes=\"(max-width: 600px) 100vw, 600px\" \/><\/p>\r\n<h3>Estampas de Madrid (0101)<\/h3>\r\n<p>El <strong>Festival Gigante<\/strong> de 2021 se celebr\u00f3 en <strong>Alcal\u00e1 de Henares<\/strong> (Madrid) a finales del mes de agosto. Fue su primera edici\u00f3n en esta ciudad, pues el a\u00f1o anterior no pudo celebrarse debido a la crisis sanitaria que padecemos. Pero este a\u00f1o, aunque con precauciones, tuvo lugar en dos ubicaciones de la ciudad complutense.<\/p>\r\n<div id=\"attachment_2992\" style=\"width: 610px\" class=\"wp-caption aligncenter\"><img aria-describedby=\"caption-attachment-2992\" decoding=\"async\" class=\"size-full wp-image-2992\" src=\"https:\/\/www.fotografo-profesional.net\/diario\/wp-content\/uploads\/2021\/10\/Fotografo-profesional-en-Madrid-LMC-0229-2-1.jpg\" alt=\"Nocturnos actuando en el Festival Gigante\" width=\"600\" height=\"400\" srcset=\"https:\/\/www.fotografo-profesional.net\/diario\/wp-content\/uploads\/2021\/10\/Fotografo-profesional-en-Madrid-LMC-0229-2-1.jpg 600w, https:\/\/www.fotografo-profesional.net\/diario\/wp-content\/uploads\/2021\/10\/Fotografo-profesional-en-Madrid-LMC-0229-2-1-300x200.jpg 300w\" sizes=\"(max-width: 600px) 100vw, 600px\" \/><p id=\"caption-attachment-2992\" class=\"wp-caption-text\">Nocturnos en el Festival Gigante<\/p><\/div>\r\n<p>A modo de preparaci\u00f3n para los conciertos del \u00faltimo fin de semana del mes, en que actuar\u00edan las bandas con mayor n\u00famero de seguidores, el Festival Gigante comenzar\u00eda el domingo 22 en el Parque de Sementales; en el llamado <strong>escenario Sideral<\/strong>. Hasta el d\u00eda 25 tocar\u00edan all\u00ed formaciones como <strong>\u00c1lvaro Suite<\/strong>, <strong>Ainoa Buitrago<\/strong>, <strong>Suu<\/strong>, <strong>Comandante Twin<\/strong> y los alcala\u00ednos <strong>Nocturnos<\/strong>. Un total de doce grupos, tres por d\u00eda. Actuaciones que seguir\u00edan y de las que ya <a href=\"https:\/\/www.fotografo-profesional.net\/diario\/2019\/08\/26\/fotografo-de-rock-en-madrid\/\"><span style=\"color: #0000ff;\">informar\u00eda la prensa musical<\/span><\/a> y los fot\u00f3grafos profesionales.<\/p>\r\n<p><img decoding=\"async\" class=\"size-full wp-image-2993 aligncenter\" src=\"https:\/\/www.fotografo-profesional.net\/diario\/wp-content\/uploads\/2021\/10\/Fotografo-profesional-en-Madrid-LMC-0229-3-1.jpg\" alt=\"P\u00fablico del Festival Gigante 2021 durante una actuaci\u00f3n en el escenario Gigante\" width=\"600\" height=\"400\" srcset=\"https:\/\/www.fotografo-profesional.net\/diario\/wp-content\/uploads\/2021\/10\/Fotografo-profesional-en-Madrid-LMC-0229-3-1.jpg 600w, https:\/\/www.fotografo-profesional.net\/diario\/wp-content\/uploads\/2021\/10\/Fotografo-profesional-en-Madrid-LMC-0229-3-1-300x200.jpg 300w\" sizes=\"(max-width: 600px) 100vw, 600px\" \/><\/p>\r\n<p>Pero las jornadas del Festival Gigante con mayor afluencia de p\u00fablico empezar\u00edan el <span style=\"color: #000000;\">jueves 26 de agosto <\/span>en el <strong>escenario Gigante<\/strong>; situado en la Huerta del Obispo (con espacio para acoger a un mayor n\u00famero de espectadores). En esta primera jornada actuar\u00edan formaciones de la talla y popularidad de <strong>Carolina Durante<\/strong> y <strong>Ciudad Jara<\/strong>. A partir de esta fecha seguir\u00edan el evento hasta el fot\u00f3grafo profesional y prensa impresa locales, algo no siempre habitual cuando se trata de pop o rock poco convencional o sin conocimiento multitudinario.<\/p>\r\n<p><img decoding=\"async\" class=\"size-full wp-image-2994 aligncenter\" src=\"https:\/\/www.fotografo-profesional.net\/diario\/wp-content\/uploads\/2021\/10\/Fotografo-profesional-en-Madrid-LMC-0229-4.jpg\" alt=\"Viva Suecia en el Festival Gigante de 2021\" width=\"600\" height=\"400\" srcset=\"https:\/\/www.fotografo-profesional.net\/diario\/wp-content\/uploads\/2021\/10\/Fotografo-profesional-en-Madrid-LMC-0229-4.jpg 600w, https:\/\/www.fotografo-profesional.net\/diario\/wp-content\/uploads\/2021\/10\/Fotografo-profesional-en-Madrid-LMC-0229-4-300x200.jpg 300w\" sizes=\"(max-width: 600px) 100vw, 600px\" \/><\/p>\r\n<p>Durante las otras dos jornadas grandes del Festival Gigante se pudo disfrutar de grupos <a href=\"https:\/\/www.insonoro.com\/cronica\/4644\/festival-gigante-2021:-amaral---arde-bogota---la-bien-querida---veintiuno\"><span style=\"color: #0000ff;\">de la talla de <strong>Amaral<\/strong><\/span><\/a>, <strong>Arde Bogot\u00e1<\/strong> y <strong>Viva Suecia<\/strong>. Tambi\u00e9n de solistas como <strong>La Bien Querida<\/strong> y <strong>Xoel L\u00f3pez<\/strong>. Que, aparte de hacer disfrutar al p\u00fablico, ofrecer\u00edan grandes momentos para ser inmortalizados por cualquier <a href=\"https:\/\/www.fotografo-profesional.net\/portfolio\/fotografia-de-espectaculos\/\"><span style=\"color: #0000ff;\">fot\u00f3grafo profesional cualificado<\/span><\/a>.<\/p>\r\n<h3>Otros eventos culturales muy recomendables de Alcal\u00e1 de Henares\u00a0<\/h3>\r\n<p>Esta propuesta cultural dirigida a una gran cantidad de personas se une y complementa a otras ya consolidadas en la ciudad como <a href=\"https:\/\/www.fotografo-profesional.net\/diario\/2018\/10\/10\/mercado-cervantino-de-alcala-de-henares\/\"><span style=\"color: #000080;\">el <strong>Mercado Cervantino<\/strong><\/span><\/a>, <strong>Don Juan en Alcal\u00e1<\/strong>, el <strong>Festival Iberoamericano de Teatro<\/strong>; o <strong>Alcine<\/strong> (festival internacional de cine con m\u00e1s de cincuenta ediciones).<\/p>\r\n","protected":false},"excerpt":{"rendered":"<p>Estampas de Madrid (0101) El Festival Gigante de 2021 se celebr\u00f3 en Alcal\u00e1 de Henares (Madrid) a finales del mes de agosto. Fue su primera edici\u00f3n en esta ciudad, pues el a\u00f1o anterior no pudo celebrarse debido a la crisis sanitaria que padecemos. Pero este a\u00f1o, aunque con precauciones, tuvo lugar en dos ubicaciones de [&hellip;]<\/p>\n","protected":false},"author":2,"featured_media":2993,"comment_status":"closed","ping_status":"open","sticky":false,"template":"","format":"standard","meta":[],"categories":[43,65,211,45,406,172,207,262],"tags":[143,774,773,769,770,775,778,771,99,348,772,711,284,338,776,777,779,780,781,782,783],"yoast_head":"<!-- This site is optimized with the Yoast SEO plugin v20.8 - https:\/\/yoast.com\/wordpress\/plugins\/seo\/ -->\n<title>El Festival Gigante en Alcal\u00e1 de Henares - Luis Miguel del Campo<\/title>\n<meta name=\"description\" content=\"El Festival Gigante de 2021 se celebr\u00f3 a finales de agosto en Alcal\u00e1 de Henares con notable asistencia de p\u00fablico.\" \/>\n<meta name=\"robots\" content=\"index, follow, max-snippet:-1, max-image-preview:large, max-video-preview:-1\" \/>\n<link rel=\"canonical\" href=\"https:\/\/www.fotografo-profesional.net\/diario\/2021\/10\/05\/el-festival-gigante-en-alcala-de-henares\/\" \/>\n<meta property=\"og:locale\" content=\"es_ES\" \/>\n<meta property=\"og:type\" content=\"article\" \/>\n<meta property=\"og:title\" content=\"El Festival Gigante en Alcal\u00e1 de Henares - Luis Miguel del Campo\" \/>\n<meta property=\"og:description\" content=\"El Festival Gigante de 2021 se celebr\u00f3 a finales de agosto en Alcal\u00e1 de Henares con notable asistencia de p\u00fablico.\" \/>\n<meta property=\"og:url\" content=\"https:\/\/www.fotografo-profesional.net\/diario\/2021\/10\/05\/el-festival-gigante-en-alcala-de-henares\/\" \/>\n<meta property=\"og:site_name\" content=\"Luis Miguel del Campo\" \/>\n<meta property=\"article:published_time\" content=\"2021-10-05T07:48:45+00:00\" \/>\n<meta property=\"article:modified_time\" content=\"2021-10-13T14:54:28+00:00\" \/>\n<meta property=\"og:image\" content=\"https:\/\/www.fotografo-profesional.net\/diario\/wp-content\/uploads\/2021\/10\/Fotografo-profesional-en-Madrid-LMC-0229-3-1.jpg\" \/>\n\t<meta property=\"og:image:width\" content=\"600\" \/>\n\t<meta property=\"og:image:height\" content=\"400\" \/>\n\t<meta property=\"og:image:type\" content=\"image\/jpeg\" \/>\n<meta name=\"author\" content=\"Luis Miguel del Campo\" \/>\n<meta name=\"twitter:card\" content=\"summary_large_image\" \/>\n<meta name=\"twitter:label1\" content=\"Escrito por\" \/>\n\t<meta name=\"twitter:data1\" content=\"Luis Miguel del Campo\" \/>\n\t<meta name=\"twitter:label2\" content=\"Tiempo de lectura\" \/>\n\t<meta name=\"twitter:data2\" content=\"3 minutos\" \/>\n<script type=\"application\/ld+json\" class=\"yoast-schema-graph\">{\"@context\":\"https:\/\/schema.org\",\"@graph\":[{\"@type\":\"WebPage\",\"@id\":\"https:\/\/www.fotografo-profesional.net\/diario\/2021\/10\/05\/el-festival-gigante-en-alcala-de-henares\/\",\"url\":\"https:\/\/www.fotografo-profesional.net\/diario\/2021\/10\/05\/el-festival-gigante-en-alcala-de-henares\/\",\"name\":\"El Festival Gigante en Alcal\u00e1 de Henares - Luis Miguel del Campo\",\"isPartOf\":{\"@id\":\"https:\/\/www.fotografo-profesional.net\/diario\/#website\"},\"datePublished\":\"2021-10-05T07:48:45+00:00\",\"dateModified\":\"2021-10-13T14:54:28+00:00\",\"author\":{\"@id\":\"https:\/\/www.fotografo-profesional.net\/diario\/#\/schema\/person\/220504871d765b4c30a0af1d2fe93533\"},\"description\":\"El Festival Gigante de 2021 se celebr\u00f3 a finales de agosto en Alcal\u00e1 de Henares con notable asistencia de p\u00fablico.\",\"breadcrumb\":{\"@id\":\"https:\/\/www.fotografo-profesional.net\/diario\/2021\/10\/05\/el-festival-gigante-en-alcala-de-henares\/#breadcrumb\"},\"inLanguage\":\"es\",\"potentialAction\":[{\"@type\":\"ReadAction\",\"target\":[\"https:\/\/www.fotografo-profesional.net\/diario\/2021\/10\/05\/el-festival-gigante-en-alcala-de-henares\/\"]}]},{\"@type\":\"BreadcrumbList\",\"@id\":\"https:\/\/www.fotografo-profesional.net\/diario\/2021\/10\/05\/el-festival-gigante-en-alcala-de-henares\/#breadcrumb\",\"itemListElement\":[{\"@type\":\"ListItem\",\"position\":1,\"name\":\"Inicio\",\"item\":\"https:\/\/www.fotografo-profesional.net\/diario\/\"},{\"@type\":\"ListItem\",\"position\":2,\"name\":\"El Festival Gigante en Alcal\u00e1 de Henares\"}]},{\"@type\":\"WebSite\",\"@id\":\"https:\/\/www.fotografo-profesional.net\/diario\/#website\",\"url\":\"https:\/\/www.fotografo-profesional.net\/diario\/\",\"name\":\"Luis Miguel del Campo\",\"description\":\"Blog de un fot\u00f3grafo profesional\",\"potentialAction\":[{\"@type\":\"SearchAction\",\"target\":{\"@type\":\"EntryPoint\",\"urlTemplate\":\"https:\/\/www.fotografo-profesional.net\/diario\/?s={search_term_string}\"},\"query-input\":\"required name=search_term_string\"}],\"inLanguage\":\"es\"},{\"@type\":\"Person\",\"@id\":\"https:\/\/www.fotografo-profesional.net\/diario\/#\/schema\/person\/220504871d765b4c30a0af1d2fe93533\",\"name\":\"Luis Miguel del Campo\",\"image\":{\"@type\":\"ImageObject\",\"inLanguage\":\"es\",\"@id\":\"https:\/\/www.fotografo-profesional.net\/diario\/#\/schema\/person\/image\/\",\"url\":\"https:\/\/secure.gravatar.com\/avatar\/84bb1120095136de86f122a882a42d61?s=96&d=mm&r=g\",\"contentUrl\":\"https:\/\/secure.gravatar.com\/avatar\/84bb1120095136de86f122a882a42d61?s=96&d=mm&r=g\",\"caption\":\"Luis Miguel del Campo\"},\"url\":\"https:\/\/www.fotografo-profesional.net\/diario\/author\/admin_lmdc\/\"}]}<\/script>\n<!-- \/ Yoast SEO plugin. -->","yoast_head_json":{"title":"El Festival Gigante en Alcal\u00e1 de Henares - Luis Miguel del Campo","description":"El Festival Gigante de 2021 se celebr\u00f3 a finales de agosto en Alcal\u00e1 de Henares con notable asistencia de p\u00fablico.","robots":{"index":"index","follow":"follow","max-snippet":"max-snippet:-1","max-image-preview":"max-image-preview:large","max-video-preview":"max-video-preview:-1"},"canonical":"https:\/\/www.fotografo-profesional.net\/diario\/2021\/10\/05\/el-festival-gigante-en-alcala-de-henares\/","og_locale":"es_ES","og_type":"article","og_title":"El Festival Gigante en Alcal\u00e1 de Henares - Luis Miguel del Campo","og_description":"El Festival Gigante de 2021 se celebr\u00f3 a finales de agosto en Alcal\u00e1 de Henares con notable asistencia de p\u00fablico.","og_url":"https:\/\/www.fotografo-profesional.net\/diario\/2021\/10\/05\/el-festival-gigante-en-alcala-de-henares\/","og_site_name":"Luis Miguel del Campo","article_published_time":"2021-10-05T07:48:45+00:00","article_modified_time":"2021-10-13T14:54:28+00:00","og_image":[{"width":600,"height":400,"url":"https:\/\/www.fotografo-profesional.net\/diario\/wp-content\/uploads\/2021\/10\/Fotografo-profesional-en-Madrid-LMC-0229-3-1.jpg","type":"image\/jpeg"}],"author":"Luis Miguel del Campo","twitter_card":"summary_large_image","twitter_misc":{"Escrito por":"Luis Miguel del Campo","Tiempo de lectura":"3 minutos"},"schema":{"@context":"https:\/\/schema.org","@graph":[{"@type":"WebPage","@id":"https:\/\/www.fotografo-profesional.net\/diario\/2021\/10\/05\/el-festival-gigante-en-alcala-de-henares\/","url":"https:\/\/www.fotografo-profesional.net\/diario\/2021\/10\/05\/el-festival-gigante-en-alcala-de-henares\/","name":"El Festival Gigante en Alcal\u00e1 de Henares - Luis Miguel del Campo","isPartOf":{"@id":"https:\/\/www.fotografo-profesional.net\/diario\/#website"},"datePublished":"2021-10-05T07:48:45+00:00","dateModified":"2021-10-13T14:54:28+00:00","author":{"@id":"https:\/\/www.fotografo-profesional.net\/diario\/#\/schema\/person\/220504871d765b4c30a0af1d2fe93533"},"description":"El Festival Gigante de 2021 se celebr\u00f3 a finales de agosto en Alcal\u00e1 de Henares con notable asistencia de p\u00fablico.","breadcrumb":{"@id":"https:\/\/www.fotografo-profesional.net\/diario\/2021\/10\/05\/el-festival-gigante-en-alcala-de-henares\/#breadcrumb"},"inLanguage":"es","potentialAction":[{"@type":"ReadAction","target":["https:\/\/www.fotografo-profesional.net\/diario\/2021\/10\/05\/el-festival-gigante-en-alcala-de-henares\/"]}]},{"@type":"BreadcrumbList","@id":"https:\/\/www.fotografo-profesional.net\/diario\/2021\/10\/05\/el-festival-gigante-en-alcala-de-henares\/#breadcrumb","itemListElement":[{"@type":"ListItem","position":1,"name":"Inicio","item":"https:\/\/www.fotografo-profesional.net\/diario\/"},{"@type":"ListItem","position":2,"name":"El Festival Gigante en Alcal\u00e1 de Henares"}]},{"@type":"WebSite","@id":"https:\/\/www.fotografo-profesional.net\/diario\/#website","url":"https:\/\/www.fotografo-profesional.net\/diario\/","name":"Luis Miguel del Campo","description":"Blog de un fot\u00f3grafo profesional","potentialAction":[{"@type":"SearchAction","target":{"@type":"EntryPoint","urlTemplate":"https:\/\/www.fotografo-profesional.net\/diario\/?s={search_term_string}"},"query-input":"required name=search_term_string"}],"inLanguage":"es"},{"@type":"Person","@id":"https:\/\/www.fotografo-profesional.net\/diario\/#\/schema\/person\/220504871d765b4c30a0af1d2fe93533","name":"Luis Miguel del Campo","image":{"@type":"ImageObject","inLanguage":"es","@id":"https:\/\/www.fotografo-profesional.net\/diario\/#\/schema\/person\/image\/","url":"https:\/\/secure.gravatar.com\/avatar\/84bb1120095136de86f122a882a42d61?s=96&d=mm&r=g","contentUrl":"https:\/\/secure.gravatar.com\/avatar\/84bb1120095136de86f122a882a42d61?s=96&d=mm&r=g","caption":"Luis Miguel del Campo"},"url":"https:\/\/www.fotografo-profesional.net\/diario\/author\/admin_lmdc\/"}]}},"_links":{"self":[{"href":"https:\/\/www.fotografo-profesional.net\/diario\/wp-json\/wp\/v2\/posts\/2980"}],"collection":[{"href":"https:\/\/www.fotografo-profesional.net\/diario\/wp-json\/wp\/v2\/posts"}],"about":[{"href":"https:\/\/www.fotografo-profesional.net\/diario\/wp-json\/wp\/v2\/types\/post"}],"author":[{"embeddable":true,"href":"https:\/\/www.fotografo-profesional.net\/diario\/wp-json\/wp\/v2\/users\/2"}],"replies":[{"embeddable":true,"href":"https:\/\/www.fotografo-profesional.net\/diario\/wp-json\/wp\/v2\/comments?post=2980"}],"version-history":[{"count":7,"href":"https:\/\/www.fotografo-profesional.net\/diario\/wp-json\/wp\/v2\/posts\/2980\/revisions"}],"predecessor-version":[{"id":3005,"href":"https:\/\/www.fotografo-profesional.net\/diario\/wp-json\/wp\/v2\/posts\/2980\/revisions\/3005"}],"wp:featuredmedia":[{"embeddable":true,"href":"https:\/\/www.fotografo-profesional.net\/diario\/wp-json\/wp\/v2\/media\/2993"}],"wp:attachment":[{"href":"https:\/\/www.fotografo-profesional.net\/diario\/wp-json\/wp\/v2\/media?parent=2980"}],"wp:term":[{"taxonomy":"category","embeddable":true,"href":"https:\/\/www.fotografo-profesional.net\/diario\/wp-json\/wp\/v2\/categories?post=2980"},{"taxonomy":"post_tag","embeddable":true,"href":"https:\/\/www.fotografo-profesional.net\/diario\/wp-json\/wp\/v2\/tags?post=2980"}],"curies":[{"name":"wp","href":"https:\/\/api.w.org\/{rel}","templated":true}]}}