{"id":2983,"date":"2021-10-08T21:54:40","date_gmt":"2021-10-08T19:54:40","guid":{"rendered":"https:\/\/www.fotografo-profesional.net\/diario\/?p=2983"},"modified":"2021-10-08T21:54:40","modified_gmt":"2021-10-08T19:54:40","slug":"busca-empatia-ademas-de-buen-precio","status":"publish","type":"post","link":"https:\/\/www.fotografo-profesional.net\/diario\/2021\/10\/08\/busca-empatia-ademas-de-buen-precio\/","title":{"rendered":"Busca empat\u00eda adem\u00e1s de buen precio"},"content":{"rendered":"\r\n<p>Nunca conseguir\u00e9is lo que necesit\u00e1is si no busc\u00e1is empat\u00eda adem\u00e1s de buen precio en un fot\u00f3grafo profesional para vuestro reportaje de boda. No solo porque un fot\u00f3grafo de bodas que sea barato quiz\u00e1 no signifique que sea bueno. Es l\u00f3gico que intent\u00e9is optimizar el coste de vuestro enlace matrimonial, pero solo hasta cierto punto. Y dependiendo en qu\u00e9.<br \/><br \/>Es preferible ahorrar en el restaurante que en la contrataci\u00f3n de un fot\u00f3grafo profesional. Pod\u00e9is buscar el lugar m\u00e1s barato para el convite si \u00e9ste est\u00e1 en una categor\u00eda de establecimiento ya comprobada y reconocida. Si ha quedado satisfecho con la comida, ninguno de los invitados va a valorar con estrellas la categor\u00eda del restaurante. Ni va a poner ning\u00fan pero.<br \/>Sin embargo, la diferencia entre los fot\u00f3grafos profesionales y los que no lo son si la nota todo el que <a href=\"https:\/\/www.fotografo-profesional.net\/portfolio\/fotografia-de-bodas\/\"><span style=\"color: #0000ff;\">contempla reportajes fotogr\u00e1ficos de bodas<\/span><\/a>. Incluso, entre los trabajos de dos fot\u00f3grafos profesionales siempre destaca el del que ha tenido m\u00e1s empat\u00eda con los novios adem\u00e1s de ofrecerles buen precio. No importando cu\u00e1l de ellos sea el fot\u00f3grafo de bodas m\u00e1s barato.<br \/><br \/>Hay que <a href=\"https:\/\/www.fotografo-profesional.net\/diario\/2020\/07\/17\/tarifas-de-fotografo-de-bodas-barato-en-madrid\/\"><span style=\"color: #0000ff;\">mirar las tarifas<\/span> <\/a>para escoger las que m\u00e1s se ajusten a vuestro presupuesto, pero despu\u00e9s ten\u00e9is que quedar con los fot\u00f3grafos; con los que hayan pasado vuestra primera selecci\u00f3n. Aunque hay\u00e1is visto una y otra vez su trabajo en Internet, deb\u00e9is comprobar que las fotograf\u00edas son igual de buenas en papel. Y que el reportaje completo no tenga ning\u00fan momento irrepetible que falte o que el fot\u00f3grafo no lo haya resuelto bien.<br \/><br \/>Adem\u00e1s, en los reportajes de bodas completas se puede apreciar quienes son los fot\u00f3grafos que ofrecen empat\u00eda adem\u00e1s de buen precio. \u00bfC\u00f3mo? Muy sencillo. En los reportajes completos se ven esos momentos que nadie considera fundamentales pero que un buen fot\u00f3grafo sabe captar. Tales como esas miradas espont\u00e1neas o esas caricias emotivas que posadas no resultan aut\u00e9nticas; ni convincentes. <br \/><br \/><br \/><br \/><\/p>\r\n","protected":false},"excerpt":{"rendered":"<p>Nunca conseguir\u00e9is lo que necesit\u00e1is si no busc\u00e1is empat\u00eda adem\u00e1s de buen precio en un fot\u00f3grafo profesional para vuestro reportaje de boda. No solo porque un fot\u00f3grafo de bodas que sea barato quiz\u00e1 no signifique que sea bueno. Es l\u00f3gico que intent\u00e9is optimizar el coste de vuestro enlace matrimonial, pero solo hasta cierto punto. Y [&hellip;]<\/p>\n","protected":false},"author":2,"featured_media":0,"comment_status":"closed","ping_status":"open","sticky":false,"template":"","format":"standard","meta":[],"categories":[175,254,171,255,45,406,172,207],"tags":[714,291,99,653,348,606,642,284,338,572],"yoast_head":"<!-- This site is optimized with the Yoast SEO plugin v20.8 - https:\/\/yoast.com\/wordpress\/plugins\/seo\/ -->\n<title>Busca empat\u00eda adem\u00e1s de buen precio - Luis Miguel del Campo<\/title>\n<meta name=\"description\" content=\"No deb\u00e9is precipitaros al elegir un fot\u00f3grafo de boda. Es recomendable que busqu\u00e9is un profesional con empat\u00eda adem\u00e1s de buen precio.\" \/>\n<meta name=\"robots\" content=\"index, follow, max-snippet:-1, max-image-preview:large, max-video-preview:-1\" \/>\n<link rel=\"canonical\" href=\"https:\/\/www.fotografo-profesional.net\/diario\/2021\/10\/08\/busca-empatia-ademas-de-buen-precio\/\" \/>\n<meta property=\"og:locale\" content=\"es_ES\" \/>\n<meta property=\"og:type\" content=\"article\" \/>\n<meta property=\"og:title\" content=\"Busca empat\u00eda adem\u00e1s de buen precio - Luis Miguel del Campo\" \/>\n<meta property=\"og:description\" content=\"No deb\u00e9is precipitaros al elegir un fot\u00f3grafo de boda. Es recomendable que busqu\u00e9is un profesional con empat\u00eda adem\u00e1s de buen precio.\" \/>\n<meta property=\"og:url\" content=\"https:\/\/www.fotografo-profesional.net\/diario\/2021\/10\/08\/busca-empatia-ademas-de-buen-precio\/\" \/>\n<meta property=\"og:site_name\" content=\"Luis Miguel del Campo\" \/>\n<meta property=\"article:published_time\" content=\"2021-10-08T19:54:40+00:00\" \/>\n<meta name=\"author\" content=\"Luis Miguel del Campo\" \/>\n<meta name=\"twitter:card\" content=\"summary_large_image\" \/>\n<meta name=\"twitter:label1\" content=\"Escrito por\" \/>\n\t<meta name=\"twitter:data1\" content=\"Luis Miguel del Campo\" \/>\n\t<meta name=\"twitter:label2\" content=\"Tiempo de lectura\" \/>\n\t<meta name=\"twitter:data2\" content=\"2 minutos\" \/>\n<script type=\"application\/ld+json\" class=\"yoast-schema-graph\">{\"@context\":\"https:\/\/schema.org\",\"@graph\":[{\"@type\":\"WebPage\",\"@id\":\"https:\/\/www.fotografo-profesional.net\/diario\/2021\/10\/08\/busca-empatia-ademas-de-buen-precio\/\",\"url\":\"https:\/\/www.fotografo-profesional.net\/diario\/2021\/10\/08\/busca-empatia-ademas-de-buen-precio\/\",\"name\":\"Busca empat\u00eda adem\u00e1s de buen precio - Luis Miguel del Campo\",\"isPartOf\":{\"@id\":\"https:\/\/www.fotografo-profesional.net\/diario\/#website\"},\"datePublished\":\"2021-10-08T19:54:40+00:00\",\"dateModified\":\"2021-10-08T19:54:40+00:00\",\"author\":{\"@id\":\"https:\/\/www.fotografo-profesional.net\/diario\/#\/schema\/person\/220504871d765b4c30a0af1d2fe93533\"},\"description\":\"No deb\u00e9is precipitaros al elegir un fot\u00f3grafo de boda. Es recomendable que busqu\u00e9is un profesional con empat\u00eda adem\u00e1s de buen precio.\",\"breadcrumb\":{\"@id\":\"https:\/\/www.fotografo-profesional.net\/diario\/2021\/10\/08\/busca-empatia-ademas-de-buen-precio\/#breadcrumb\"},\"inLanguage\":\"es\",\"potentialAction\":[{\"@type\":\"ReadAction\",\"target\":[\"https:\/\/www.fotografo-profesional.net\/diario\/2021\/10\/08\/busca-empatia-ademas-de-buen-precio\/\"]}]},{\"@type\":\"BreadcrumbList\",\"@id\":\"https:\/\/www.fotografo-profesional.net\/diario\/2021\/10\/08\/busca-empatia-ademas-de-buen-precio\/#breadcrumb\",\"itemListElement\":[{\"@type\":\"ListItem\",\"position\":1,\"name\":\"Inicio\",\"item\":\"https:\/\/www.fotografo-profesional.net\/diario\/\"},{\"@type\":\"ListItem\",\"position\":2,\"name\":\"Busca empat\u00eda adem\u00e1s de buen precio\"}]},{\"@type\":\"WebSite\",\"@id\":\"https:\/\/www.fotografo-profesional.net\/diario\/#website\",\"url\":\"https:\/\/www.fotografo-profesional.net\/diario\/\",\"name\":\"Luis Miguel del Campo\",\"description\":\"Blog de un fot\u00f3grafo profesional\",\"potentialAction\":[{\"@type\":\"SearchAction\",\"target\":{\"@type\":\"EntryPoint\",\"urlTemplate\":\"https:\/\/www.fotografo-profesional.net\/diario\/?s={search_term_string}\"},\"query-input\":\"required name=search_term_string\"}],\"inLanguage\":\"es\"},{\"@type\":\"Person\",\"@id\":\"https:\/\/www.fotografo-profesional.net\/diario\/#\/schema\/person\/220504871d765b4c30a0af1d2fe93533\",\"name\":\"Luis Miguel del Campo\",\"image\":{\"@type\":\"ImageObject\",\"inLanguage\":\"es\",\"@id\":\"https:\/\/www.fotografo-profesional.net\/diario\/#\/schema\/person\/image\/\",\"url\":\"https:\/\/secure.gravatar.com\/avatar\/84bb1120095136de86f122a882a42d61?s=96&d=mm&r=g\",\"contentUrl\":\"https:\/\/secure.gravatar.com\/avatar\/84bb1120095136de86f122a882a42d61?s=96&d=mm&r=g\",\"caption\":\"Luis Miguel del Campo\"},\"url\":\"https:\/\/www.fotografo-profesional.net\/diario\/author\/admin_lmdc\/\"}]}<\/script>\n<!-- \/ Yoast SEO plugin. -->","yoast_head_json":{"title":"Busca empat\u00eda adem\u00e1s de buen precio - Luis Miguel del Campo","description":"No deb\u00e9is precipitaros al elegir un fot\u00f3grafo de boda. Es recomendable que busqu\u00e9is un profesional con empat\u00eda adem\u00e1s de buen precio.","robots":{"index":"index","follow":"follow","max-snippet":"max-snippet:-1","max-image-preview":"max-image-preview:large","max-video-preview":"max-video-preview:-1"},"canonical":"https:\/\/www.fotografo-profesional.net\/diario\/2021\/10\/08\/busca-empatia-ademas-de-buen-precio\/","og_locale":"es_ES","og_type":"article","og_title":"Busca empat\u00eda adem\u00e1s de buen precio - Luis Miguel del Campo","og_description":"No deb\u00e9is precipitaros al elegir un fot\u00f3grafo de boda. Es recomendable que busqu\u00e9is un profesional con empat\u00eda adem\u00e1s de buen precio.","og_url":"https:\/\/www.fotografo-profesional.net\/diario\/2021\/10\/08\/busca-empatia-ademas-de-buen-precio\/","og_site_name":"Luis Miguel del Campo","article_published_time":"2021-10-08T19:54:40+00:00","author":"Luis Miguel del Campo","twitter_card":"summary_large_image","twitter_misc":{"Escrito por":"Luis Miguel del Campo","Tiempo de lectura":"2 minutos"},"schema":{"@context":"https:\/\/schema.org","@graph":[{"@type":"WebPage","@id":"https:\/\/www.fotografo-profesional.net\/diario\/2021\/10\/08\/busca-empatia-ademas-de-buen-precio\/","url":"https:\/\/www.fotografo-profesional.net\/diario\/2021\/10\/08\/busca-empatia-ademas-de-buen-precio\/","name":"Busca empat\u00eda adem\u00e1s de buen precio - Luis Miguel del Campo","isPartOf":{"@id":"https:\/\/www.fotografo-profesional.net\/diario\/#website"},"datePublished":"2021-10-08T19:54:40+00:00","dateModified":"2021-10-08T19:54:40+00:00","author":{"@id":"https:\/\/www.fotografo-profesional.net\/diario\/#\/schema\/person\/220504871d765b4c30a0af1d2fe93533"},"description":"No deb\u00e9is precipitaros al elegir un fot\u00f3grafo de boda. Es recomendable que busqu\u00e9is un profesional con empat\u00eda adem\u00e1s de buen precio.","breadcrumb":{"@id":"https:\/\/www.fotografo-profesional.net\/diario\/2021\/10\/08\/busca-empatia-ademas-de-buen-precio\/#breadcrumb"},"inLanguage":"es","potentialAction":[{"@type":"ReadAction","target":["https:\/\/www.fotografo-profesional.net\/diario\/2021\/10\/08\/busca-empatia-ademas-de-buen-precio\/"]}]},{"@type":"BreadcrumbList","@id":"https:\/\/www.fotografo-profesional.net\/diario\/2021\/10\/08\/busca-empatia-ademas-de-buen-precio\/#breadcrumb","itemListElement":[{"@type":"ListItem","position":1,"name":"Inicio","item":"https:\/\/www.fotografo-profesional.net\/diario\/"},{"@type":"ListItem","position":2,"name":"Busca empat\u00eda adem\u00e1s de buen precio"}]},{"@type":"WebSite","@id":"https:\/\/www.fotografo-profesional.net\/diario\/#website","url":"https:\/\/www.fotografo-profesional.net\/diario\/","name":"Luis Miguel del Campo","description":"Blog de un fot\u00f3grafo profesional","potentialAction":[{"@type":"SearchAction","target":{"@type":"EntryPoint","urlTemplate":"https:\/\/www.fotografo-profesional.net\/diario\/?s={search_term_string}"},"query-input":"required name=search_term_string"}],"inLanguage":"es"},{"@type":"Person","@id":"https:\/\/www.fotografo-profesional.net\/diario\/#\/schema\/person\/220504871d765b4c30a0af1d2fe93533","name":"Luis Miguel del Campo","image":{"@type":"ImageObject","inLanguage":"es","@id":"https:\/\/www.fotografo-profesional.net\/diario\/#\/schema\/person\/image\/","url":"https:\/\/secure.gravatar.com\/avatar\/84bb1120095136de86f122a882a42d61?s=96&d=mm&r=g","contentUrl":"https:\/\/secure.gravatar.com\/avatar\/84bb1120095136de86f122a882a42d61?s=96&d=mm&r=g","caption":"Luis Miguel del Campo"},"url":"https:\/\/www.fotografo-profesional.net\/diario\/author\/admin_lmdc\/"}]}},"_links":{"self":[{"href":"https:\/\/www.fotografo-profesional.net\/diario\/wp-json\/wp\/v2\/posts\/2983"}],"collection":[{"href":"https:\/\/www.fotografo-profesional.net\/diario\/wp-json\/wp\/v2\/posts"}],"about":[{"href":"https:\/\/www.fotografo-profesional.net\/diario\/wp-json\/wp\/v2\/types\/post"}],"author":[{"embeddable":true,"href":"https:\/\/www.fotografo-profesional.net\/diario\/wp-json\/wp\/v2\/users\/2"}],"replies":[{"embeddable":true,"href":"https:\/\/www.fotografo-profesional.net\/diario\/wp-json\/wp\/v2\/comments?post=2983"}],"version-history":[{"count":3,"href":"https:\/\/www.fotografo-profesional.net\/diario\/wp-json\/wp\/v2\/posts\/2983\/revisions"}],"predecessor-version":[{"id":2999,"href":"https:\/\/www.fotografo-profesional.net\/diario\/wp-json\/wp\/v2\/posts\/2983\/revisions\/2999"}],"wp:attachment":[{"href":"https:\/\/www.fotografo-profesional.net\/diario\/wp-json\/wp\/v2\/media?parent=2983"}],"wp:term":[{"taxonomy":"category","embeddable":true,"href":"https:\/\/www.fotografo-profesional.net\/diario\/wp-json\/wp\/v2\/categories?post=2983"},{"taxonomy":"post_tag","embeddable":true,"href":"https:\/\/www.fotografo-profesional.net\/diario\/wp-json\/wp\/v2\/tags?post=2983"}],"curies":[{"name":"wp","href":"https:\/\/api.w.org\/{rel}","templated":true}]}}