{"id":3001,"date":"2021-10-15T21:34:51","date_gmt":"2021-10-15T19:34:51","guid":{"rendered":"https:\/\/www.fotografo-profesional.net\/diario\/?p=3001"},"modified":"2021-10-15T21:36:51","modified_gmt":"2021-10-15T19:36:51","slug":"un-reportaje-tiene-que-contar-una-historia","status":"publish","type":"post","link":"https:\/\/www.fotografo-profesional.net\/diario\/2021\/10\/15\/un-reportaje-tiene-que-contar-una-historia\/","title":{"rendered":"Un reportaje tiene que contar una historia"},"content":{"rendered":"\r\n<p><img decoding=\"async\" class=\"size-full wp-image-3012 aligncenter\" src=\"https:\/\/www.fotografo-profesional.net\/diario\/wp-content\/uploads\/2021\/10\/Fotografo-profesional-en-Madrid-LMC-0178.jpg\" alt=\"Un reportaje siempre cuenta una historia\" width=\"600\" height=\"450\" srcset=\"https:\/\/www.fotografo-profesional.net\/diario\/wp-content\/uploads\/2021\/10\/Fotografo-profesional-en-Madrid-LMC-0178.jpg 600w, https:\/\/www.fotografo-profesional.net\/diario\/wp-content\/uploads\/2021\/10\/Fotografo-profesional-en-Madrid-LMC-0178-300x225.jpg 300w\" sizes=\"(max-width: 600px) 100vw, 600px\" \/><\/p>\r\n<p>Un reportaje tiene que contar una historia, la de la boda en este caso. Empezando por c\u00f3mo transcurre la ma\u00f1ana del d\u00eda se\u00f1alado y acabando con el baile si se ha contratado al fot\u00f3grafo profesional <a href=\"https:\/\/www.fotografo-profesional.net\/diario\/2019\/08\/23\/ventajas-del-reportaje-de-boda-completa\/\"><span style=\"color: #0000ff;\">para capturar la boda completa<\/span><\/a>. Lo mismo da que se haya <a href=\"https:\/\/www.fotografo-profesional.net\/diario\/2020\/07\/17\/tarifas-de-fotografo-de-bodas-barato-en-madrid\/\"><span style=\"color: #0000ff;\">contratado a un fot\u00f3grafo de bodas barato<\/span> <\/a>que a uno de tarifa elevada, que la ceremonia <a href=\"https:\/\/www.fotografo-profesional.net\/diario\/2018\/08\/09\/reportaje-de-boda-religiosa\/\"><span style=\"color: #0000ff;\">se celebre en una iglesia<\/span> <\/a>o sea civil (bien en juzgado o <a href=\"https:\/\/www.fotografo-profesional.net\/diario\/2019\/11\/26\/reportaje-de-boda-en-ayuntamiento\/\"><span style=\"color: #0000ff;\">en una junta municipal<\/span><\/a>). Cualquiera de estas circunstancias no cambia lo dicho al principio. <br \/><br \/>Aparte de que un reportaje cuente una historia ha de tener una unidad de estilo reconocible y resulte el m\u00e1s ajustado al gusto de los novios; y adecuado a las circunstancias y <a href=\"https:\/\/www.fotografo-profesional.net\/diario\/2019\/07\/15\/fotografia-de-bodas-en-fincas\/\"><span style=\"color: #0000ff;\">lugares en que se ha celebrado<\/span> <\/a>el enlace pese a las personalidades de los reci\u00e9n casados. Porque no tendr\u00eda sentido que la est\u00e9tica y el tono de las <a href=\"https:\/\/www.fotografo-profesional.net\/portfolio\/fotografia-de-bodas\/\"><span style=\"color: #0000ff;\">fotograf\u00edas de una boda<\/span><\/a> celebrada en el campo en un d\u00eda de sol radiante fuera t\u00e9trico porque a los novios les guste la est\u00e9tica siniestra. <br \/><br \/>En estas circunstancias el fot\u00f3grafo puede conseguir alg\u00fan matiz en el procesado profesional para que un reportaje de boda resulte una historia con est\u00e9tica ligeramente similar a los gustos de los novios, pero no puede hacer milagros. El error, en este caso, no habr\u00eda consistido en la elecci\u00f3n del fot\u00f3grafo sino del lugar de celebraci\u00f3n. <br \/><br \/><\/p>\r\n<h3>Un reportaje con una historia de est\u00e9tica determinada<\/h3>\r\n<p>Si los novios quieren un reportaje con una est\u00e9tica de historia siniestra lo mejor ser\u00eda que celebrasen su enlace de boda en un castillo; o en un s\u00f3tano estrecho y poco iluminado. De por s\u00ed, las jornadas de boda ya transcurren a un ritmo vertiginoso como para pedirle a un fot\u00f3grafo de bodas que haga milagros con el acabado de las fotos y que adem\u00e1s sea barato. Los fot\u00f3grafos profesionales son majos y eficientes en su trabajo pero no son magos. <br \/><br \/>Con que su trabajo tenga coherencia, espontaneidad, originalidad y calidad deber\u00edamos estar m\u00e1s que satisfechos. Porque esto solo lo consigue un buen fot\u00f3grafo profesional.<\/p>\r\n","protected":false},"excerpt":{"rendered":"<p>Un reportaje tiene que contar una historia, la de la boda en este caso. Empezando por c\u00f3mo transcurre la ma\u00f1ana del d\u00eda se\u00f1alado y acabando con el baile si se ha contratado al fot\u00f3grafo profesional para capturar la boda completa. Lo mismo da que se haya contratado a un fot\u00f3grafo de bodas barato que a [&hellip;]<\/p>\n","protected":false},"author":2,"featured_media":3012,"comment_status":"closed","ping_status":"open","sticky":false,"template":"","format":"standard","meta":[],"categories":[175,254,45,406,172,207,177,14],"tags":[577,430,785,291,99,618,348,565,284,626,784,338,757,758,581,654,644],"yoast_head":"<!-- This site is optimized with the Yoast SEO plugin v20.8 - https:\/\/yoast.com\/wordpress\/plugins\/seo\/ -->\n<title>Un reportaje tiene que contar una historia - Luis Miguel del Campo<\/title>\n<meta name=\"description\" content=\"Un buen reportaje tiene que contar una historia. La de la jornada del enlace matrimonial, en este caso, con una est\u00e9tica, originalidad y calidad.\" \/>\n<meta name=\"robots\" content=\"index, follow, max-snippet:-1, max-image-preview:large, max-video-preview:-1\" \/>\n<link rel=\"canonical\" href=\"https:\/\/www.fotografo-profesional.net\/diario\/2021\/10\/15\/un-reportaje-tiene-que-contar-una-historia\/\" \/>\n<meta property=\"og:locale\" content=\"es_ES\" \/>\n<meta property=\"og:type\" content=\"article\" \/>\n<meta property=\"og:title\" content=\"Un reportaje tiene que contar una historia - Luis Miguel del Campo\" \/>\n<meta property=\"og:description\" content=\"Un buen reportaje tiene que contar una historia. La de la jornada del enlace matrimonial, en este caso, con una est\u00e9tica, originalidad y calidad.\" \/>\n<meta property=\"og:url\" content=\"https:\/\/www.fotografo-profesional.net\/diario\/2021\/10\/15\/un-reportaje-tiene-que-contar-una-historia\/\" \/>\n<meta property=\"og:site_name\" content=\"Luis Miguel del Campo\" \/>\n<meta property=\"article:published_time\" content=\"2021-10-15T19:34:51+00:00\" \/>\n<meta property=\"article:modified_time\" content=\"2021-10-15T19:36:51+00:00\" \/>\n<meta property=\"og:image\" content=\"https:\/\/www.fotografo-profesional.net\/diario\/wp-content\/uploads\/2021\/10\/Fotografo-profesional-en-Madrid-LMC-0178.jpg\" \/>\n\t<meta property=\"og:image:width\" content=\"600\" \/>\n\t<meta property=\"og:image:height\" content=\"450\" \/>\n\t<meta property=\"og:image:type\" content=\"image\/jpeg\" \/>\n<meta name=\"author\" content=\"Luis Miguel del Campo\" \/>\n<meta name=\"twitter:card\" content=\"summary_large_image\" \/>\n<meta name=\"twitter:label1\" content=\"Escrito por\" \/>\n\t<meta name=\"twitter:data1\" content=\"Luis Miguel del Campo\" \/>\n\t<meta name=\"twitter:label2\" content=\"Tiempo de lectura\" \/>\n\t<meta name=\"twitter:data2\" content=\"2 minutos\" \/>\n<script type=\"application\/ld+json\" class=\"yoast-schema-graph\">{\"@context\":\"https:\/\/schema.org\",\"@graph\":[{\"@type\":\"WebPage\",\"@id\":\"https:\/\/www.fotografo-profesional.net\/diario\/2021\/10\/15\/un-reportaje-tiene-que-contar-una-historia\/\",\"url\":\"https:\/\/www.fotografo-profesional.net\/diario\/2021\/10\/15\/un-reportaje-tiene-que-contar-una-historia\/\",\"name\":\"Un reportaje tiene que contar una historia - Luis Miguel del Campo\",\"isPartOf\":{\"@id\":\"https:\/\/www.fotografo-profesional.net\/diario\/#website\"},\"datePublished\":\"2021-10-15T19:34:51+00:00\",\"dateModified\":\"2021-10-15T19:36:51+00:00\",\"author\":{\"@id\":\"https:\/\/www.fotografo-profesional.net\/diario\/#\/schema\/person\/220504871d765b4c30a0af1d2fe93533\"},\"description\":\"Un buen reportaje tiene que contar una historia. La de la jornada del enlace matrimonial, en este caso, con una est\u00e9tica, originalidad y calidad.\",\"breadcrumb\":{\"@id\":\"https:\/\/www.fotografo-profesional.net\/diario\/2021\/10\/15\/un-reportaje-tiene-que-contar-una-historia\/#breadcrumb\"},\"inLanguage\":\"es\",\"potentialAction\":[{\"@type\":\"ReadAction\",\"target\":[\"https:\/\/www.fotografo-profesional.net\/diario\/2021\/10\/15\/un-reportaje-tiene-que-contar-una-historia\/\"]}]},{\"@type\":\"BreadcrumbList\",\"@id\":\"https:\/\/www.fotografo-profesional.net\/diario\/2021\/10\/15\/un-reportaje-tiene-que-contar-una-historia\/#breadcrumb\",\"itemListElement\":[{\"@type\":\"ListItem\",\"position\":1,\"name\":\"Inicio\",\"item\":\"https:\/\/www.fotografo-profesional.net\/diario\/\"},{\"@type\":\"ListItem\",\"position\":2,\"name\":\"Un reportaje tiene que contar una historia\"}]},{\"@type\":\"WebSite\",\"@id\":\"https:\/\/www.fotografo-profesional.net\/diario\/#website\",\"url\":\"https:\/\/www.fotografo-profesional.net\/diario\/\",\"name\":\"Luis Miguel del Campo\",\"description\":\"Blog de un fot\u00f3grafo profesional\",\"potentialAction\":[{\"@type\":\"SearchAction\",\"target\":{\"@type\":\"EntryPoint\",\"urlTemplate\":\"https:\/\/www.fotografo-profesional.net\/diario\/?s={search_term_string}\"},\"query-input\":\"required name=search_term_string\"}],\"inLanguage\":\"es\"},{\"@type\":\"Person\",\"@id\":\"https:\/\/www.fotografo-profesional.net\/diario\/#\/schema\/person\/220504871d765b4c30a0af1d2fe93533\",\"name\":\"Luis Miguel del Campo\",\"image\":{\"@type\":\"ImageObject\",\"inLanguage\":\"es\",\"@id\":\"https:\/\/www.fotografo-profesional.net\/diario\/#\/schema\/person\/image\/\",\"url\":\"https:\/\/secure.gravatar.com\/avatar\/84bb1120095136de86f122a882a42d61?s=96&d=mm&r=g\",\"contentUrl\":\"https:\/\/secure.gravatar.com\/avatar\/84bb1120095136de86f122a882a42d61?s=96&d=mm&r=g\",\"caption\":\"Luis Miguel del Campo\"},\"url\":\"https:\/\/www.fotografo-profesional.net\/diario\/author\/admin_lmdc\/\"}]}<\/script>\n<!-- \/ Yoast SEO plugin. -->","yoast_head_json":{"title":"Un reportaje tiene que contar una historia - Luis Miguel del Campo","description":"Un buen reportaje tiene que contar una historia. La de la jornada del enlace matrimonial, en este caso, con una est\u00e9tica, originalidad y calidad.","robots":{"index":"index","follow":"follow","max-snippet":"max-snippet:-1","max-image-preview":"max-image-preview:large","max-video-preview":"max-video-preview:-1"},"canonical":"https:\/\/www.fotografo-profesional.net\/diario\/2021\/10\/15\/un-reportaje-tiene-que-contar-una-historia\/","og_locale":"es_ES","og_type":"article","og_title":"Un reportaje tiene que contar una historia - Luis Miguel del Campo","og_description":"Un buen reportaje tiene que contar una historia. La de la jornada del enlace matrimonial, en este caso, con una est\u00e9tica, originalidad y calidad.","og_url":"https:\/\/www.fotografo-profesional.net\/diario\/2021\/10\/15\/un-reportaje-tiene-que-contar-una-historia\/","og_site_name":"Luis Miguel del Campo","article_published_time":"2021-10-15T19:34:51+00:00","article_modified_time":"2021-10-15T19:36:51+00:00","og_image":[{"width":600,"height":450,"url":"https:\/\/www.fotografo-profesional.net\/diario\/wp-content\/uploads\/2021\/10\/Fotografo-profesional-en-Madrid-LMC-0178.jpg","type":"image\/jpeg"}],"author":"Luis Miguel del Campo","twitter_card":"summary_large_image","twitter_misc":{"Escrito por":"Luis Miguel del Campo","Tiempo de lectura":"2 minutos"},"schema":{"@context":"https:\/\/schema.org","@graph":[{"@type":"WebPage","@id":"https:\/\/www.fotografo-profesional.net\/diario\/2021\/10\/15\/un-reportaje-tiene-que-contar-una-historia\/","url":"https:\/\/www.fotografo-profesional.net\/diario\/2021\/10\/15\/un-reportaje-tiene-que-contar-una-historia\/","name":"Un reportaje tiene que contar una historia - Luis Miguel del Campo","isPartOf":{"@id":"https:\/\/www.fotografo-profesional.net\/diario\/#website"},"datePublished":"2021-10-15T19:34:51+00:00","dateModified":"2021-10-15T19:36:51+00:00","author":{"@id":"https:\/\/www.fotografo-profesional.net\/diario\/#\/schema\/person\/220504871d765b4c30a0af1d2fe93533"},"description":"Un buen reportaje tiene que contar una historia. La de la jornada del enlace matrimonial, en este caso, con una est\u00e9tica, originalidad y calidad.","breadcrumb":{"@id":"https:\/\/www.fotografo-profesional.net\/diario\/2021\/10\/15\/un-reportaje-tiene-que-contar-una-historia\/#breadcrumb"},"inLanguage":"es","potentialAction":[{"@type":"ReadAction","target":["https:\/\/www.fotografo-profesional.net\/diario\/2021\/10\/15\/un-reportaje-tiene-que-contar-una-historia\/"]}]},{"@type":"BreadcrumbList","@id":"https:\/\/www.fotografo-profesional.net\/diario\/2021\/10\/15\/un-reportaje-tiene-que-contar-una-historia\/#breadcrumb","itemListElement":[{"@type":"ListItem","position":1,"name":"Inicio","item":"https:\/\/www.fotografo-profesional.net\/diario\/"},{"@type":"ListItem","position":2,"name":"Un reportaje tiene que contar una historia"}]},{"@type":"WebSite","@id":"https:\/\/www.fotografo-profesional.net\/diario\/#website","url":"https:\/\/www.fotografo-profesional.net\/diario\/","name":"Luis Miguel del Campo","description":"Blog de un fot\u00f3grafo profesional","potentialAction":[{"@type":"SearchAction","target":{"@type":"EntryPoint","urlTemplate":"https:\/\/www.fotografo-profesional.net\/diario\/?s={search_term_string}"},"query-input":"required name=search_term_string"}],"inLanguage":"es"},{"@type":"Person","@id":"https:\/\/www.fotografo-profesional.net\/diario\/#\/schema\/person\/220504871d765b4c30a0af1d2fe93533","name":"Luis Miguel del Campo","image":{"@type":"ImageObject","inLanguage":"es","@id":"https:\/\/www.fotografo-profesional.net\/diario\/#\/schema\/person\/image\/","url":"https:\/\/secure.gravatar.com\/avatar\/84bb1120095136de86f122a882a42d61?s=96&d=mm&r=g","contentUrl":"https:\/\/secure.gravatar.com\/avatar\/84bb1120095136de86f122a882a42d61?s=96&d=mm&r=g","caption":"Luis Miguel del Campo"},"url":"https:\/\/www.fotografo-profesional.net\/diario\/author\/admin_lmdc\/"}]}},"_links":{"self":[{"href":"https:\/\/www.fotografo-profesional.net\/diario\/wp-json\/wp\/v2\/posts\/3001"}],"collection":[{"href":"https:\/\/www.fotografo-profesional.net\/diario\/wp-json\/wp\/v2\/posts"}],"about":[{"href":"https:\/\/www.fotografo-profesional.net\/diario\/wp-json\/wp\/v2\/types\/post"}],"author":[{"embeddable":true,"href":"https:\/\/www.fotografo-profesional.net\/diario\/wp-json\/wp\/v2\/users\/2"}],"replies":[{"embeddable":true,"href":"https:\/\/www.fotografo-profesional.net\/diario\/wp-json\/wp\/v2\/comments?post=3001"}],"version-history":[{"count":3,"href":"https:\/\/www.fotografo-profesional.net\/diario\/wp-json\/wp\/v2\/posts\/3001\/revisions"}],"predecessor-version":[{"id":3014,"href":"https:\/\/www.fotografo-profesional.net\/diario\/wp-json\/wp\/v2\/posts\/3001\/revisions\/3014"}],"wp:featuredmedia":[{"embeddable":true,"href":"https:\/\/www.fotografo-profesional.net\/diario\/wp-json\/wp\/v2\/media\/3012"}],"wp:attachment":[{"href":"https:\/\/www.fotografo-profesional.net\/diario\/wp-json\/wp\/v2\/media?parent=3001"}],"wp:term":[{"taxonomy":"category","embeddable":true,"href":"https:\/\/www.fotografo-profesional.net\/diario\/wp-json\/wp\/v2\/categories?post=3001"},{"taxonomy":"post_tag","embeddable":true,"href":"https:\/\/www.fotografo-profesional.net\/diario\/wp-json\/wp\/v2\/tags?post=3001"}],"curies":[{"name":"wp","href":"https:\/\/api.w.org\/{rel}","templated":true}]}}