{"id":3011,"date":"2021-10-19T09:58:24","date_gmt":"2021-10-19T07:58:24","guid":{"rendered":"https:\/\/www.fotografo-profesional.net\/diario\/?p=3011"},"modified":"2022-02-02T11:26:38","modified_gmt":"2022-02-02T10:26:38","slug":"lhardy-restaurante-en-madrid-desde-1839","status":"publish","type":"post","link":"https:\/\/www.fotografo-profesional.net\/diario\/2021\/10\/19\/lhardy-restaurante-en-madrid-desde-1839\/","title":{"rendered":"Lhardy, restaurante en Madrid desde 1839"},"content":{"rendered":"\r\n<h3><img decoding=\"async\" class=\"size-full wp-image-3172 aligncenter\" src=\"https:\/\/www.fotografo-profesional.net\/diario\/wp-content\/uploads\/2022\/02\/Fotografo-profesional-en-madrid-LMC-0255.jpg\" alt=\"planta baja de Lhardy\" width=\"600\" height=\"400\" srcset=\"https:\/\/www.fotografo-profesional.net\/diario\/wp-content\/uploads\/2022\/02\/Fotografo-profesional-en-madrid-LMC-0255.jpg 600w, https:\/\/www.fotografo-profesional.net\/diario\/wp-content\/uploads\/2022\/02\/Fotografo-profesional-en-madrid-LMC-0255-300x200.jpg 300w\" sizes=\"(max-width: 600px) 100vw, 600px\" \/><\/h3>\r\n<h3>Estampas de Madrid (0102)<\/h3>\r\n<p>Lhardy es un famoso restaurante madrile\u00f1o fundado en el a\u00f1o 1839 por Emilio Hugenin Lhardy, de origen franc\u00e9s. No es el m\u00e1s antiguo, pero es uno de los m\u00e1s prestigiosos. Est\u00e1 ubicado en la Carrera de San Jer\u00f3nimo n\u00famero 8 desde sus inicios. <br \/>En la planta baja se puede beber, tomar el aperitivo y consumir y comprar los productos elaborados en el establecimiento, como su famoso consom\u00e9. Para comer hay que subir a la primera planta. Previamente, se debe haber reservado mesa pues Lhardy suele estar lleno. De comensales particulares y de eventos sociales para los que se requiere la presencia de un fot\u00f3grafo profesional que los registre.<br \/><br \/>Sus salones han sido testigos de infinidad de comidas de negocios e intrigas, tanto de alta pol\u00edtica, de instituciones deportivas o de diplomacia nacional e internacional.\u00a0<br \/><br \/>Tambi\u00e9n ha sido utilizado por m\u00e1s de <a href=\"https:\/\/www.fotografo-profesional.net\/servicios\/\"><span style=\"color: #0000ff;\">un fot\u00f3grafo profesional<\/span><\/a> como <span style=\"color: #0000ff;\"><a style=\"color: #0000ff;\" href=\"https:\/\/www.fotografo-profesional.net\/diario\/2018\/09\/26\/fotografia-para-publicidad-en-madrid\/\">escenario de sesiones fotogr\u00e1ficas publicitarias<\/a><\/span>. Para promoci\u00f3n propia de la firma, y ajena. Adem\u00e1s, su fachada, que conserva su aspecto original, es frecuente motivo de captura por parte de fot\u00f3grafos turistas y profesionales. <br \/><br \/><strong>Lhardy en la segunda d\u00e9cada del siglo XXI<\/strong><br \/><br \/>Este a\u00f1o 2021, Grupo de Pescader\u00edas Coru\u00f1esas (controlado por la familia Garc\u00eda Azpiroz) ha comprado Lhardy a sus catorce propietarios. Su intenci\u00f3n es salvar este centenario negocio de restauraci\u00f3n, que se encontraba en preconcurso de acreedores, manteniendo la existente plantilla de cuarenta empleados. Dicho grupo no solo ha adquirido el restaurante y la tienda de la planta baja sino todo el edificio en que se encuentran.<\/p>\r\n<p>Con ello se garantiza de forma discreta el que <a href=\"https:\/\/www.fotografo-profesional.net\/diario\/2021\/11\/23\/el-cafe-comercial-de-madrid\/\"><span style=\"color: #0000ff;\">un establecimiento se\u00f1ero<\/span><\/a> de la capital no desaparezca. Porque, para quien no est\u00e9 al tanto del mundo de los negocios, la apariencia externa del establecimiento sigue siendo la misma. Veremos si en un futuro pr\u00f3ximo se produce alguna significativa.\u00a0\u00a0<\/p>\r\n","protected":false},"excerpt":{"rendered":"<p>Estampas de Madrid (0102) Lhardy es un famoso restaurante madrile\u00f1o fundado en el a\u00f1o 1839 por Emilio Hugenin Lhardy, de origen franc\u00e9s. No es el m\u00e1s antiguo, pero es uno de los m\u00e1s prestigiosos. Est\u00e1 ubicado en la Carrera de San Jer\u00f3nimo n\u00famero 8 desde sus inicios. En la planta baja se puede beber, tomar [&hellip;]<\/p>\n","protected":false},"author":2,"featured_media":3172,"comment_status":"closed","ping_status":"open","sticky":false,"template":"","format":"standard","meta":[],"categories":[46,209,45,406,172,207],"tags":[109,99,348,284,338],"yoast_head":"<!-- This site is optimized with the Yoast SEO plugin v20.8 - https:\/\/yoast.com\/wordpress\/plugins\/seo\/ -->\n<title>Lhardy, restaurante en Madrid desde 1839 - Luis Miguel del Campo<\/title>\n<meta name=\"description\" content=\"Lhardy es famoso restaurante madrile\u00f1o fundado en 1839 que adem\u00e1s ofrece sus apreciados productos en la tienda de la planta baja.\" \/>\n<meta name=\"robots\" content=\"index, follow, max-snippet:-1, max-image-preview:large, max-video-preview:-1\" \/>\n<link rel=\"canonical\" href=\"https:\/\/www.fotografo-profesional.net\/diario\/2021\/10\/19\/lhardy-restaurante-en-madrid-desde-1839\/\" \/>\n<meta property=\"og:locale\" content=\"es_ES\" \/>\n<meta property=\"og:type\" content=\"article\" \/>\n<meta property=\"og:title\" content=\"Lhardy, restaurante en Madrid desde 1839 - Luis Miguel del Campo\" \/>\n<meta property=\"og:description\" content=\"Lhardy es famoso restaurante madrile\u00f1o fundado en 1839 que adem\u00e1s ofrece sus apreciados productos en la tienda de la planta baja.\" \/>\n<meta property=\"og:url\" content=\"https:\/\/www.fotografo-profesional.net\/diario\/2021\/10\/19\/lhardy-restaurante-en-madrid-desde-1839\/\" \/>\n<meta property=\"og:site_name\" content=\"Luis Miguel del Campo\" \/>\n<meta property=\"article:published_time\" content=\"2021-10-19T07:58:24+00:00\" \/>\n<meta property=\"article:modified_time\" content=\"2022-02-02T10:26:38+00:00\" \/>\n<meta property=\"og:image\" content=\"https:\/\/www.fotografo-profesional.net\/diario\/wp-content\/uploads\/2022\/02\/Fotografo-profesional-en-madrid-LMC-0255.jpg\" \/>\n\t<meta property=\"og:image:width\" content=\"600\" \/>\n\t<meta property=\"og:image:height\" content=\"400\" \/>\n\t<meta property=\"og:image:type\" content=\"image\/jpeg\" \/>\n<meta name=\"author\" content=\"Luis Miguel del Campo\" \/>\n<meta name=\"twitter:card\" content=\"summary_large_image\" \/>\n<meta name=\"twitter:label1\" content=\"Escrito por\" \/>\n\t<meta name=\"twitter:data1\" content=\"Luis Miguel del Campo\" \/>\n\t<meta name=\"twitter:label2\" content=\"Tiempo de lectura\" \/>\n\t<meta name=\"twitter:data2\" content=\"2 minutos\" \/>\n<script type=\"application\/ld+json\" class=\"yoast-schema-graph\">{\"@context\":\"https:\/\/schema.org\",\"@graph\":[{\"@type\":\"WebPage\",\"@id\":\"https:\/\/www.fotografo-profesional.net\/diario\/2021\/10\/19\/lhardy-restaurante-en-madrid-desde-1839\/\",\"url\":\"https:\/\/www.fotografo-profesional.net\/diario\/2021\/10\/19\/lhardy-restaurante-en-madrid-desde-1839\/\",\"name\":\"Lhardy, restaurante en Madrid desde 1839 - Luis Miguel del Campo\",\"isPartOf\":{\"@id\":\"https:\/\/www.fotografo-profesional.net\/diario\/#website\"},\"datePublished\":\"2021-10-19T07:58:24+00:00\",\"dateModified\":\"2022-02-02T10:26:38+00:00\",\"author\":{\"@id\":\"https:\/\/www.fotografo-profesional.net\/diario\/#\/schema\/person\/220504871d765b4c30a0af1d2fe93533\"},\"description\":\"Lhardy es famoso restaurante madrile\u00f1o fundado en 1839 que adem\u00e1s ofrece sus apreciados productos en la tienda de la planta baja.\",\"breadcrumb\":{\"@id\":\"https:\/\/www.fotografo-profesional.net\/diario\/2021\/10\/19\/lhardy-restaurante-en-madrid-desde-1839\/#breadcrumb\"},\"inLanguage\":\"es\",\"potentialAction\":[{\"@type\":\"ReadAction\",\"target\":[\"https:\/\/www.fotografo-profesional.net\/diario\/2021\/10\/19\/lhardy-restaurante-en-madrid-desde-1839\/\"]}]},{\"@type\":\"BreadcrumbList\",\"@id\":\"https:\/\/www.fotografo-profesional.net\/diario\/2021\/10\/19\/lhardy-restaurante-en-madrid-desde-1839\/#breadcrumb\",\"itemListElement\":[{\"@type\":\"ListItem\",\"position\":1,\"name\":\"Inicio\",\"item\":\"https:\/\/www.fotografo-profesional.net\/diario\/\"},{\"@type\":\"ListItem\",\"position\":2,\"name\":\"Lhardy, restaurante en Madrid desde 1839\"}]},{\"@type\":\"WebSite\",\"@id\":\"https:\/\/www.fotografo-profesional.net\/diario\/#website\",\"url\":\"https:\/\/www.fotografo-profesional.net\/diario\/\",\"name\":\"Luis Miguel del Campo\",\"description\":\"Blog de un fot\u00f3grafo profesional\",\"potentialAction\":[{\"@type\":\"SearchAction\",\"target\":{\"@type\":\"EntryPoint\",\"urlTemplate\":\"https:\/\/www.fotografo-profesional.net\/diario\/?s={search_term_string}\"},\"query-input\":\"required name=search_term_string\"}],\"inLanguage\":\"es\"},{\"@type\":\"Person\",\"@id\":\"https:\/\/www.fotografo-profesional.net\/diario\/#\/schema\/person\/220504871d765b4c30a0af1d2fe93533\",\"name\":\"Luis Miguel del Campo\",\"image\":{\"@type\":\"ImageObject\",\"inLanguage\":\"es\",\"@id\":\"https:\/\/www.fotografo-profesional.net\/diario\/#\/schema\/person\/image\/\",\"url\":\"https:\/\/secure.gravatar.com\/avatar\/84bb1120095136de86f122a882a42d61?s=96&d=mm&r=g\",\"contentUrl\":\"https:\/\/secure.gravatar.com\/avatar\/84bb1120095136de86f122a882a42d61?s=96&d=mm&r=g\",\"caption\":\"Luis Miguel del Campo\"},\"url\":\"https:\/\/www.fotografo-profesional.net\/diario\/author\/admin_lmdc\/\"}]}<\/script>\n<!-- \/ Yoast SEO plugin. -->","yoast_head_json":{"title":"Lhardy, restaurante en Madrid desde 1839 - Luis Miguel del Campo","description":"Lhardy es famoso restaurante madrile\u00f1o fundado en 1839 que adem\u00e1s ofrece sus apreciados productos en la tienda de la planta baja.","robots":{"index":"index","follow":"follow","max-snippet":"max-snippet:-1","max-image-preview":"max-image-preview:large","max-video-preview":"max-video-preview:-1"},"canonical":"https:\/\/www.fotografo-profesional.net\/diario\/2021\/10\/19\/lhardy-restaurante-en-madrid-desde-1839\/","og_locale":"es_ES","og_type":"article","og_title":"Lhardy, restaurante en Madrid desde 1839 - Luis Miguel del Campo","og_description":"Lhardy es famoso restaurante madrile\u00f1o fundado en 1839 que adem\u00e1s ofrece sus apreciados productos en la tienda de la planta baja.","og_url":"https:\/\/www.fotografo-profesional.net\/diario\/2021\/10\/19\/lhardy-restaurante-en-madrid-desde-1839\/","og_site_name":"Luis Miguel del Campo","article_published_time":"2021-10-19T07:58:24+00:00","article_modified_time":"2022-02-02T10:26:38+00:00","og_image":[{"width":600,"height":400,"url":"https:\/\/www.fotografo-profesional.net\/diario\/wp-content\/uploads\/2022\/02\/Fotografo-profesional-en-madrid-LMC-0255.jpg","type":"image\/jpeg"}],"author":"Luis Miguel del Campo","twitter_card":"summary_large_image","twitter_misc":{"Escrito por":"Luis Miguel del Campo","Tiempo de lectura":"2 minutos"},"schema":{"@context":"https:\/\/schema.org","@graph":[{"@type":"WebPage","@id":"https:\/\/www.fotografo-profesional.net\/diario\/2021\/10\/19\/lhardy-restaurante-en-madrid-desde-1839\/","url":"https:\/\/www.fotografo-profesional.net\/diario\/2021\/10\/19\/lhardy-restaurante-en-madrid-desde-1839\/","name":"Lhardy, restaurante en Madrid desde 1839 - Luis Miguel del Campo","isPartOf":{"@id":"https:\/\/www.fotografo-profesional.net\/diario\/#website"},"datePublished":"2021-10-19T07:58:24+00:00","dateModified":"2022-02-02T10:26:38+00:00","author":{"@id":"https:\/\/www.fotografo-profesional.net\/diario\/#\/schema\/person\/220504871d765b4c30a0af1d2fe93533"},"description":"Lhardy es famoso restaurante madrile\u00f1o fundado en 1839 que adem\u00e1s ofrece sus apreciados productos en la tienda de la planta baja.","breadcrumb":{"@id":"https:\/\/www.fotografo-profesional.net\/diario\/2021\/10\/19\/lhardy-restaurante-en-madrid-desde-1839\/#breadcrumb"},"inLanguage":"es","potentialAction":[{"@type":"ReadAction","target":["https:\/\/www.fotografo-profesional.net\/diario\/2021\/10\/19\/lhardy-restaurante-en-madrid-desde-1839\/"]}]},{"@type":"BreadcrumbList","@id":"https:\/\/www.fotografo-profesional.net\/diario\/2021\/10\/19\/lhardy-restaurante-en-madrid-desde-1839\/#breadcrumb","itemListElement":[{"@type":"ListItem","position":1,"name":"Inicio","item":"https:\/\/www.fotografo-profesional.net\/diario\/"},{"@type":"ListItem","position":2,"name":"Lhardy, restaurante en Madrid desde 1839"}]},{"@type":"WebSite","@id":"https:\/\/www.fotografo-profesional.net\/diario\/#website","url":"https:\/\/www.fotografo-profesional.net\/diario\/","name":"Luis Miguel del Campo","description":"Blog de un fot\u00f3grafo profesional","potentialAction":[{"@type":"SearchAction","target":{"@type":"EntryPoint","urlTemplate":"https:\/\/www.fotografo-profesional.net\/diario\/?s={search_term_string}"},"query-input":"required name=search_term_string"}],"inLanguage":"es"},{"@type":"Person","@id":"https:\/\/www.fotografo-profesional.net\/diario\/#\/schema\/person\/220504871d765b4c30a0af1d2fe93533","name":"Luis Miguel del Campo","image":{"@type":"ImageObject","inLanguage":"es","@id":"https:\/\/www.fotografo-profesional.net\/diario\/#\/schema\/person\/image\/","url":"https:\/\/secure.gravatar.com\/avatar\/84bb1120095136de86f122a882a42d61?s=96&d=mm&r=g","contentUrl":"https:\/\/secure.gravatar.com\/avatar\/84bb1120095136de86f122a882a42d61?s=96&d=mm&r=g","caption":"Luis Miguel del Campo"},"url":"https:\/\/www.fotografo-profesional.net\/diario\/author\/admin_lmdc\/"}]}},"_links":{"self":[{"href":"https:\/\/www.fotografo-profesional.net\/diario\/wp-json\/wp\/v2\/posts\/3011"}],"collection":[{"href":"https:\/\/www.fotografo-profesional.net\/diario\/wp-json\/wp\/v2\/posts"}],"about":[{"href":"https:\/\/www.fotografo-profesional.net\/diario\/wp-json\/wp\/v2\/types\/post"}],"author":[{"embeddable":true,"href":"https:\/\/www.fotografo-profesional.net\/diario\/wp-json\/wp\/v2\/users\/2"}],"replies":[{"embeddable":true,"href":"https:\/\/www.fotografo-profesional.net\/diario\/wp-json\/wp\/v2\/comments?post=3011"}],"version-history":[{"count":7,"href":"https:\/\/www.fotografo-profesional.net\/diario\/wp-json\/wp\/v2\/posts\/3011\/revisions"}],"predecessor-version":[{"id":3179,"href":"https:\/\/www.fotografo-profesional.net\/diario\/wp-json\/wp\/v2\/posts\/3011\/revisions\/3179"}],"wp:featuredmedia":[{"embeddable":true,"href":"https:\/\/www.fotografo-profesional.net\/diario\/wp-json\/wp\/v2\/media\/3172"}],"wp:attachment":[{"href":"https:\/\/www.fotografo-profesional.net\/diario\/wp-json\/wp\/v2\/media?parent=3011"}],"wp:term":[{"taxonomy":"category","embeddable":true,"href":"https:\/\/www.fotografo-profesional.net\/diario\/wp-json\/wp\/v2\/categories?post=3011"},{"taxonomy":"post_tag","embeddable":true,"href":"https:\/\/www.fotografo-profesional.net\/diario\/wp-json\/wp\/v2\/tags?post=3011"}],"curies":[{"name":"wp","href":"https:\/\/api.w.org\/{rel}","templated":true}]}}