{"id":3026,"date":"2021-11-02T09:56:34","date_gmt":"2021-11-02T08:56:34","guid":{"rendered":"https:\/\/www.fotografo-profesional.net\/diario\/?p=3026"},"modified":"2021-11-02T09:56:34","modified_gmt":"2021-11-02T08:56:34","slug":"margaret-watkins-retrospectiva-en-madrid","status":"publish","type":"post","link":"https:\/\/www.fotografo-profesional.net\/diario\/2021\/11\/02\/margaret-watkins-retrospectiva-en-madrid\/","title":{"rendered":"Margaret Watkins. Retrospectiva en Madrid"},"content":{"rendered":"\r\n<p><img decoding=\"async\" class=\"size-full wp-image-3032 aligncenter\" src=\"https:\/\/www.fotografo-profesional.net\/diario\/wp-content\/uploads\/2021\/11\/Fotografo-profesional-en-Madrid-LMC-0232-1.jpg\" alt=\"Exposici\u00f3n de Margaret Watkins\" width=\"600\" height=\"400\" srcset=\"https:\/\/www.fotografo-profesional.net\/diario\/wp-content\/uploads\/2021\/11\/Fotografo-profesional-en-Madrid-LMC-0232-1.jpg 600w, https:\/\/www.fotografo-profesional.net\/diario\/wp-content\/uploads\/2021\/11\/Fotografo-profesional-en-Madrid-LMC-0232-1-300x200.jpg 300w\" sizes=\"(max-width: 600px) 100vw, 600px\" \/><\/p>\r\n<p>Una extensa retrospectiva antol\u00f3gica de Margaret Watkins se pudo disfrutar en una de las <a href=\"https:\/\/www.fotografo-profesional.net\/diario\/2021\/09\/28\/barbara-morgan-gesto-danza-y-expresionismo\/\"><span style=\"color: #0000ff;\">exposiciones de PHotoESPA\u00d1A 2021<\/span><\/a>; en concreto, en Centrocentro. Su caso es parecido al de Vivian Maier en cuanto a que su legado se conserva porque dej\u00f3 su obra a un vecino en una caja sellada antes de su muerte. De no haber sido as\u00ed buena parte se pod\u00eda haber perdido. Sin embargo, Margaret Watkins fue fot\u00f3grafa profesional. Y una fot\u00f3grafa que contribuy\u00f3 a forjar la historia de la fotograf\u00eda, pese a no ser reconocida. <\/p>\r\n<p>En su obra, muy a menudo, fusiona Arte y vida dom\u00e9stica. Estudi\u00f3 en Maine, en la escuela de fotograf\u00eda de Clarence H. White, quien se convierte en su mentor. M\u00e1s tarde, en 1915, se traslada a Nueva York, donde trabaja como asistenta de Alice Boughton. Por all\u00ed pasaban personalidades del mundo del arte como William Butler Yeats, Eug\u00e9ne O\u00b4Neill, Robert Louis Stevenson y Henry James. Aprovechar\u00eda para retratar a las visitas y clientes intentando dotar a las im\u00e1genes de la fuerza que transmit\u00eda cada persona. Siempre con contornos borrosos; profundidad de campo m\u00ednima.<\/p>\r\n<p>Margaret Watkins se convertir\u00eda en fot\u00f3grafa profesional independiente en 1918. a partir de este momento empieza a desarrollar un un dise\u00f1o gr\u00e1fico de est\u00e9tica vanguardista con origen en la Bauhaus. Su trabajo adquiere notoriedad, que se ver\u00eda truncada con la muerte de White en 1925. Entonces regresa a Glasgow. <br \/>Desde all\u00ed visitar\u00eda otras ciudades europeas y Rusia, en donde tom\u00f3 fotograf\u00edas que anticipar\u00edan tendencias vanguardistas posteriores. Debido al ambiente preb\u00e9lico que se viv\u00eda en Europa durante la d\u00e9cada de 1930, Margaret Watkins no intenta retomar su carrera de fot\u00f3grafa profesional. Sin embargo, seguir\u00eda creando im\u00e1genes hasta poco antes de su fallecimiento en 1969. <\/p>\r\n<h3>\u00daltimos a\u00f1os<\/h3>\r\n<p>Durante esta \u00faltima etapa, Margaret Watkins retomar\u00eda algunos de sus negativos antiguos para hacer fotomontajes sint\u00e9ticos y planos con ellos. En definitiva, su obra puede servir de fuente de conocimiento e<a href=\"https:\/\/www.fotografo-profesional.net\/servicios\/\"><span style=\"color: #0000ff;\"> inspiraci\u00f3n de fot\u00f3grafos profesionales<\/span><\/a> y de cualquier amante del arte.<\/p>\r\n","protected":false},"excerpt":{"rendered":"<p>Una extensa retrospectiva antol\u00f3gica de Margaret Watkins se pudo disfrutar en una de las exposiciones de PHotoESPA\u00d1A 2021; en concreto, en Centrocentro. Su caso es parecido al de Vivian Maier en cuanto a que su legado se conserva porque dej\u00f3 su obra a un vecino en una caja sellada antes de su muerte. De no [&hellip;]<\/p>\n","protected":false},"author":2,"featured_media":3032,"comment_status":"closed","ping_status":"open","sticky":false,"template":"","format":"standard","meta":[],"categories":[35,395,45,406,172,207,74],"tags":[571,99,653,618,348,284,626,784,338,792,527,730,452],"yoast_head":"<!-- This site is optimized with the Yoast SEO plugin v20.8 - https:\/\/yoast.com\/wordpress\/plugins\/seo\/ -->\n<title>Margaret Watkins. Retrospectiva en Madrid - Luis Miguel del Campo<\/title>\n<meta name=\"description\" content=\"Una agradable sorpresa para los visitantes fue la retrospectiva antol\u00f3gica que PHotoESPA\u00d1A 2021 ofreci\u00f3 de la obra de Margaret Watkins\" \/>\n<meta name=\"robots\" content=\"index, follow, max-snippet:-1, max-image-preview:large, max-video-preview:-1\" \/>\n<link rel=\"canonical\" href=\"https:\/\/www.fotografo-profesional.net\/diario\/2021\/11\/02\/margaret-watkins-retrospectiva-en-madrid\/\" \/>\n<meta property=\"og:locale\" content=\"es_ES\" \/>\n<meta property=\"og:type\" content=\"article\" \/>\n<meta property=\"og:title\" content=\"Margaret Watkins. Retrospectiva en Madrid - Luis Miguel del Campo\" \/>\n<meta property=\"og:description\" content=\"Una agradable sorpresa para los visitantes fue la retrospectiva antol\u00f3gica que PHotoESPA\u00d1A 2021 ofreci\u00f3 de la obra de Margaret Watkins\" \/>\n<meta property=\"og:url\" content=\"https:\/\/www.fotografo-profesional.net\/diario\/2021\/11\/02\/margaret-watkins-retrospectiva-en-madrid\/\" \/>\n<meta property=\"og:site_name\" content=\"Luis Miguel del Campo\" \/>\n<meta property=\"article:published_time\" content=\"2021-11-02T08:56:34+00:00\" \/>\n<meta property=\"og:image\" content=\"https:\/\/www.fotografo-profesional.net\/diario\/wp-content\/uploads\/2021\/11\/Fotografo-profesional-en-Madrid-LMC-0232-1.jpg\" \/>\n\t<meta property=\"og:image:width\" content=\"600\" \/>\n\t<meta property=\"og:image:height\" content=\"400\" \/>\n\t<meta property=\"og:image:type\" content=\"image\/jpeg\" \/>\n<meta name=\"author\" content=\"Luis Miguel del Campo\" \/>\n<meta name=\"twitter:card\" content=\"summary_large_image\" \/>\n<meta name=\"twitter:label1\" content=\"Escrito por\" \/>\n\t<meta name=\"twitter:data1\" content=\"Luis Miguel del Campo\" \/>\n\t<meta name=\"twitter:label2\" content=\"Tiempo de lectura\" \/>\n\t<meta name=\"twitter:data2\" content=\"2 minutos\" \/>\n<script type=\"application\/ld+json\" class=\"yoast-schema-graph\">{\"@context\":\"https:\/\/schema.org\",\"@graph\":[{\"@type\":\"WebPage\",\"@id\":\"https:\/\/www.fotografo-profesional.net\/diario\/2021\/11\/02\/margaret-watkins-retrospectiva-en-madrid\/\",\"url\":\"https:\/\/www.fotografo-profesional.net\/diario\/2021\/11\/02\/margaret-watkins-retrospectiva-en-madrid\/\",\"name\":\"Margaret Watkins. Retrospectiva en Madrid - Luis Miguel del Campo\",\"isPartOf\":{\"@id\":\"https:\/\/www.fotografo-profesional.net\/diario\/#website\"},\"datePublished\":\"2021-11-02T08:56:34+00:00\",\"dateModified\":\"2021-11-02T08:56:34+00:00\",\"author\":{\"@id\":\"https:\/\/www.fotografo-profesional.net\/diario\/#\/schema\/person\/220504871d765b4c30a0af1d2fe93533\"},\"description\":\"Una agradable sorpresa para los visitantes fue la retrospectiva antol\u00f3gica que PHotoESPA\u00d1A 2021 ofreci\u00f3 de la obra de Margaret Watkins\",\"breadcrumb\":{\"@id\":\"https:\/\/www.fotografo-profesional.net\/diario\/2021\/11\/02\/margaret-watkins-retrospectiva-en-madrid\/#breadcrumb\"},\"inLanguage\":\"es\",\"potentialAction\":[{\"@type\":\"ReadAction\",\"target\":[\"https:\/\/www.fotografo-profesional.net\/diario\/2021\/11\/02\/margaret-watkins-retrospectiva-en-madrid\/\"]}]},{\"@type\":\"BreadcrumbList\",\"@id\":\"https:\/\/www.fotografo-profesional.net\/diario\/2021\/11\/02\/margaret-watkins-retrospectiva-en-madrid\/#breadcrumb\",\"itemListElement\":[{\"@type\":\"ListItem\",\"position\":1,\"name\":\"Inicio\",\"item\":\"https:\/\/www.fotografo-profesional.net\/diario\/\"},{\"@type\":\"ListItem\",\"position\":2,\"name\":\"Margaret Watkins. Retrospectiva en Madrid\"}]},{\"@type\":\"WebSite\",\"@id\":\"https:\/\/www.fotografo-profesional.net\/diario\/#website\",\"url\":\"https:\/\/www.fotografo-profesional.net\/diario\/\",\"name\":\"Luis Miguel del Campo\",\"description\":\"Blog de un fot\u00f3grafo profesional\",\"potentialAction\":[{\"@type\":\"SearchAction\",\"target\":{\"@type\":\"EntryPoint\",\"urlTemplate\":\"https:\/\/www.fotografo-profesional.net\/diario\/?s={search_term_string}\"},\"query-input\":\"required name=search_term_string\"}],\"inLanguage\":\"es\"},{\"@type\":\"Person\",\"@id\":\"https:\/\/www.fotografo-profesional.net\/diario\/#\/schema\/person\/220504871d765b4c30a0af1d2fe93533\",\"name\":\"Luis Miguel del Campo\",\"image\":{\"@type\":\"ImageObject\",\"inLanguage\":\"es\",\"@id\":\"https:\/\/www.fotografo-profesional.net\/diario\/#\/schema\/person\/image\/\",\"url\":\"https:\/\/secure.gravatar.com\/avatar\/84bb1120095136de86f122a882a42d61?s=96&d=mm&r=g\",\"contentUrl\":\"https:\/\/secure.gravatar.com\/avatar\/84bb1120095136de86f122a882a42d61?s=96&d=mm&r=g\",\"caption\":\"Luis Miguel del Campo\"},\"url\":\"https:\/\/www.fotografo-profesional.net\/diario\/author\/admin_lmdc\/\"}]}<\/script>\n<!-- \/ Yoast SEO plugin. -->","yoast_head_json":{"title":"Margaret Watkins. Retrospectiva en Madrid - Luis Miguel del Campo","description":"Una agradable sorpresa para los visitantes fue la retrospectiva antol\u00f3gica que PHotoESPA\u00d1A 2021 ofreci\u00f3 de la obra de Margaret Watkins","robots":{"index":"index","follow":"follow","max-snippet":"max-snippet:-1","max-image-preview":"max-image-preview:large","max-video-preview":"max-video-preview:-1"},"canonical":"https:\/\/www.fotografo-profesional.net\/diario\/2021\/11\/02\/margaret-watkins-retrospectiva-en-madrid\/","og_locale":"es_ES","og_type":"article","og_title":"Margaret Watkins. Retrospectiva en Madrid - Luis Miguel del Campo","og_description":"Una agradable sorpresa para los visitantes fue la retrospectiva antol\u00f3gica que PHotoESPA\u00d1A 2021 ofreci\u00f3 de la obra de Margaret Watkins","og_url":"https:\/\/www.fotografo-profesional.net\/diario\/2021\/11\/02\/margaret-watkins-retrospectiva-en-madrid\/","og_site_name":"Luis Miguel del Campo","article_published_time":"2021-11-02T08:56:34+00:00","og_image":[{"width":600,"height":400,"url":"https:\/\/www.fotografo-profesional.net\/diario\/wp-content\/uploads\/2021\/11\/Fotografo-profesional-en-Madrid-LMC-0232-1.jpg","type":"image\/jpeg"}],"author":"Luis Miguel del Campo","twitter_card":"summary_large_image","twitter_misc":{"Escrito por":"Luis Miguel del Campo","Tiempo de lectura":"2 minutos"},"schema":{"@context":"https:\/\/schema.org","@graph":[{"@type":"WebPage","@id":"https:\/\/www.fotografo-profesional.net\/diario\/2021\/11\/02\/margaret-watkins-retrospectiva-en-madrid\/","url":"https:\/\/www.fotografo-profesional.net\/diario\/2021\/11\/02\/margaret-watkins-retrospectiva-en-madrid\/","name":"Margaret Watkins. Retrospectiva en Madrid - Luis Miguel del Campo","isPartOf":{"@id":"https:\/\/www.fotografo-profesional.net\/diario\/#website"},"datePublished":"2021-11-02T08:56:34+00:00","dateModified":"2021-11-02T08:56:34+00:00","author":{"@id":"https:\/\/www.fotografo-profesional.net\/diario\/#\/schema\/person\/220504871d765b4c30a0af1d2fe93533"},"description":"Una agradable sorpresa para los visitantes fue la retrospectiva antol\u00f3gica que PHotoESPA\u00d1A 2021 ofreci\u00f3 de la obra de Margaret Watkins","breadcrumb":{"@id":"https:\/\/www.fotografo-profesional.net\/diario\/2021\/11\/02\/margaret-watkins-retrospectiva-en-madrid\/#breadcrumb"},"inLanguage":"es","potentialAction":[{"@type":"ReadAction","target":["https:\/\/www.fotografo-profesional.net\/diario\/2021\/11\/02\/margaret-watkins-retrospectiva-en-madrid\/"]}]},{"@type":"BreadcrumbList","@id":"https:\/\/www.fotografo-profesional.net\/diario\/2021\/11\/02\/margaret-watkins-retrospectiva-en-madrid\/#breadcrumb","itemListElement":[{"@type":"ListItem","position":1,"name":"Inicio","item":"https:\/\/www.fotografo-profesional.net\/diario\/"},{"@type":"ListItem","position":2,"name":"Margaret Watkins. Retrospectiva en Madrid"}]},{"@type":"WebSite","@id":"https:\/\/www.fotografo-profesional.net\/diario\/#website","url":"https:\/\/www.fotografo-profesional.net\/diario\/","name":"Luis Miguel del Campo","description":"Blog de un fot\u00f3grafo profesional","potentialAction":[{"@type":"SearchAction","target":{"@type":"EntryPoint","urlTemplate":"https:\/\/www.fotografo-profesional.net\/diario\/?s={search_term_string}"},"query-input":"required name=search_term_string"}],"inLanguage":"es"},{"@type":"Person","@id":"https:\/\/www.fotografo-profesional.net\/diario\/#\/schema\/person\/220504871d765b4c30a0af1d2fe93533","name":"Luis Miguel del Campo","image":{"@type":"ImageObject","inLanguage":"es","@id":"https:\/\/www.fotografo-profesional.net\/diario\/#\/schema\/person\/image\/","url":"https:\/\/secure.gravatar.com\/avatar\/84bb1120095136de86f122a882a42d61?s=96&d=mm&r=g","contentUrl":"https:\/\/secure.gravatar.com\/avatar\/84bb1120095136de86f122a882a42d61?s=96&d=mm&r=g","caption":"Luis Miguel del Campo"},"url":"https:\/\/www.fotografo-profesional.net\/diario\/author\/admin_lmdc\/"}]}},"_links":{"self":[{"href":"https:\/\/www.fotografo-profesional.net\/diario\/wp-json\/wp\/v2\/posts\/3026"}],"collection":[{"href":"https:\/\/www.fotografo-profesional.net\/diario\/wp-json\/wp\/v2\/posts"}],"about":[{"href":"https:\/\/www.fotografo-profesional.net\/diario\/wp-json\/wp\/v2\/types\/post"}],"author":[{"embeddable":true,"href":"https:\/\/www.fotografo-profesional.net\/diario\/wp-json\/wp\/v2\/users\/2"}],"replies":[{"embeddable":true,"href":"https:\/\/www.fotografo-profesional.net\/diario\/wp-json\/wp\/v2\/comments?post=3026"}],"version-history":[{"count":2,"href":"https:\/\/www.fotografo-profesional.net\/diario\/wp-json\/wp\/v2\/posts\/3026\/revisions"}],"predecessor-version":[{"id":3033,"href":"https:\/\/www.fotografo-profesional.net\/diario\/wp-json\/wp\/v2\/posts\/3026\/revisions\/3033"}],"wp:featuredmedia":[{"embeddable":true,"href":"https:\/\/www.fotografo-profesional.net\/diario\/wp-json\/wp\/v2\/media\/3032"}],"wp:attachment":[{"href":"https:\/\/www.fotografo-profesional.net\/diario\/wp-json\/wp\/v2\/media?parent=3026"}],"wp:term":[{"taxonomy":"category","embeddable":true,"href":"https:\/\/www.fotografo-profesional.net\/diario\/wp-json\/wp\/v2\/categories?post=3026"},{"taxonomy":"post_tag","embeddable":true,"href":"https:\/\/www.fotografo-profesional.net\/diario\/wp-json\/wp\/v2\/tags?post=3026"}],"curies":[{"name":"wp","href":"https:\/\/api.w.org\/{rel}","templated":true}]}}