{"id":3035,"date":"2021-11-09T12:23:55","date_gmt":"2021-11-09T11:23:55","guid":{"rendered":"https:\/\/www.fotografo-profesional.net\/diario\/?p=3035"},"modified":"2021-11-09T12:26:14","modified_gmt":"2021-11-09T11:26:14","slug":"de-la-peineta-a-estadio-metropolitano","status":"publish","type":"post","link":"https:\/\/www.fotografo-profesional.net\/diario\/2021\/11\/09\/de-la-peineta-a-estadio-metropolitano\/","title":{"rendered":"De La Peineta a estadio Metropolitano"},"content":{"rendered":"\r\n<h3><img decoding=\"async\" class=\"size-full wp-image-3041 aligncenter\" src=\"https:\/\/www.fotografo-profesional.net\/diario\/wp-content\/uploads\/2021\/11\/Fotografo-profesional-en-madrid-LMC-0233.jpg\" alt=\"Antiguo estadio de La Peineta\" width=\"600\" height=\"450\" srcset=\"https:\/\/www.fotografo-profesional.net\/diario\/wp-content\/uploads\/2021\/11\/Fotografo-profesional-en-madrid-LMC-0233.jpg 600w, https:\/\/www.fotografo-profesional.net\/diario\/wp-content\/uploads\/2021\/11\/Fotografo-profesional-en-madrid-LMC-0233-300x225.jpg 300w\" sizes=\"(max-width: 600px) 100vw, 600px\" \/><\/h3>\r\n<h3>Madrid preol\u00edmpica (0084). Distrito de San Blas-Canillejas.<\/h3>\r\n<p>El hoy estadio Metropolitano de Madrid fue hasta hace no muchos a\u00f1os el estadio de La Peineta. Este nombre, por el que era conocido popularmente, le ven\u00eda por la peculiar forma de su tribuna. Se utilizaba como estadio multiusos de Madrid desde que se inaugur\u00f3 el 6 de septiembre de 1994 en el barrio de Rosas.<\/p>\r\n<p>Fue elegido para convertirse en el estadio ol\u00edmpico de las fracasadas candidaturas de Madrid a sede ol\u00edmpica de 2012, 2016 y 2020. Pero no se lleg\u00f3 a acometer reforma alguna para adaptarlo a ese fin. Quiz\u00e1 pueda servir de consuelo que, durante varios cursos, el estadio de La Peineta albergara las olimpiadas escolares de la zona.<\/p>\r\n<p>En 2017, el estadio de La Peineta fue comprado por el Atl\u00e9tico de Madrid Club de F\u00fatbol, cuyo estadio (Vicente Calder\u00f3n), a su vez, hab\u00eda sido vendido a las sociedades Azora y CBRE, que lo derribar\u00edan para acometer una sustanciosa transformaci\u00f3n urban\u00edstica en esas parcelas de la ribera del Manzanares.<\/p>\r\n<p>Las obras de transformaci\u00f3n del antiguo estadio de La Peineta en el nuevo campo de f\u00fatbol del Atl\u00e9tico de Madrid culminar\u00edan en 2019. Lo har\u00edan con la inauguraci\u00f3n de la moderna construcci\u00f3n con el nombre oficial de estadio Wanda Metropolitano. Wanda por el grupo inmobiliario patrocinador y accionista del club, y Metropolitano en honor al nombre que ten\u00eda el primer campo en el que disputaba sus partidos de f\u00fatbol el club Atl\u00e9tico de Madrid. Para cubrir dicha inauguraci\u00f3n todos los medios no dudaron en enviar a un <a href=\"https:\/\/www.fotografo-profesional.net\/portfolio\/fotografia-de-espectaculos\/\"><span style=\"color: #0000ff;\">fot\u00f3grafo profesional cualificado<\/span><\/a>.<\/p>\r\n<h3>Visi\u00f3n de un fot\u00f3grafo profesional<\/h3>\r\n<p>La fotograf\u00eda ilustra el estado en que se encontraban los alrededores de La Peineta a principios de 2004. Quiz\u00e1 sea una imagen demasiado cruda o molesta, lo que explicar\u00eda que ning\u00fan otro fot\u00f3grafo profesional capturara alguna estampa similar de este entorno o, simplemente porque siempre se ha prestado menor atenci\u00f3n a <a href=\"https:\/\/www.fotografo-profesional.net\/diario\/2021\/07\/13\/antigua-carcel-de-carabanchel\/\"><span style=\"color: #0000ff;\">los barrios alejados del centro de Madrid<\/span><\/a>.<\/p>\r\n","protected":false},"excerpt":{"rendered":"<p>Madrid preol\u00edmpica (0084). Distrito de San Blas-Canillejas. El hoy estadio Metropolitano de Madrid fue hasta hace no muchos a\u00f1os el estadio de La Peineta. Este nombre, por el que era conocido popularmente, le ven\u00eda por la peculiar forma de su tribuna. Se utilizaba como estadio multiusos de Madrid desde que se inaugur\u00f3 el 6 de [&hellip;]<\/p>\n","protected":false},"author":2,"featured_media":3041,"comment_status":"closed","ping_status":"open","sticky":false,"template":"","format":"standard","meta":[],"categories":[48,45,406,172,207,215,74,116],"tags":[795,793,110,794,601,99,348,797,284,338,796,798,170,197,452],"yoast_head":"<!-- This site is optimized with the Yoast SEO plugin v20.8 - https:\/\/yoast.com\/wordpress\/plugins\/seo\/ -->\n<title>De La Peineta a estadio Metropolitano - Luis Miguel del Campo<\/title>\n<meta name=\"description\" content=\"El moderno Estadio Metropolitano de Madrid hasta hace poco era conocido vulgarmente como estadio de La Peineta, y se pens\u00f3 hacerlo ol\u00edmpico.\" \/>\n<meta name=\"robots\" content=\"index, follow, max-snippet:-1, max-image-preview:large, max-video-preview:-1\" \/>\n<link rel=\"canonical\" href=\"https:\/\/www.fotografo-profesional.net\/diario\/2021\/11\/09\/de-la-peineta-a-estadio-metropolitano\/\" \/>\n<meta property=\"og:locale\" content=\"es_ES\" \/>\n<meta property=\"og:type\" content=\"article\" \/>\n<meta property=\"og:title\" content=\"De La Peineta a estadio Metropolitano - Luis Miguel del Campo\" \/>\n<meta property=\"og:description\" content=\"El moderno Estadio Metropolitano de Madrid hasta hace poco era conocido vulgarmente como estadio de La Peineta, y se pens\u00f3 hacerlo ol\u00edmpico.\" \/>\n<meta property=\"og:url\" content=\"https:\/\/www.fotografo-profesional.net\/diario\/2021\/11\/09\/de-la-peineta-a-estadio-metropolitano\/\" \/>\n<meta property=\"og:site_name\" content=\"Luis Miguel del Campo\" \/>\n<meta property=\"article:published_time\" content=\"2021-11-09T11:23:55+00:00\" \/>\n<meta property=\"article:modified_time\" content=\"2021-11-09T11:26:14+00:00\" \/>\n<meta property=\"og:image\" content=\"https:\/\/www.fotografo-profesional.net\/diario\/wp-content\/uploads\/2021\/11\/Fotografo-profesional-en-madrid-LMC-0233.jpg\" \/>\n\t<meta property=\"og:image:width\" content=\"600\" \/>\n\t<meta property=\"og:image:height\" content=\"450\" \/>\n\t<meta property=\"og:image:type\" content=\"image\/jpeg\" \/>\n<meta name=\"author\" content=\"Luis Miguel del Campo\" \/>\n<meta name=\"twitter:card\" content=\"summary_large_image\" \/>\n<meta name=\"twitter:label1\" content=\"Escrito por\" \/>\n\t<meta name=\"twitter:data1\" content=\"Luis Miguel del Campo\" \/>\n\t<meta name=\"twitter:label2\" content=\"Tiempo de lectura\" \/>\n\t<meta name=\"twitter:data2\" content=\"2 minutos\" \/>\n<script type=\"application\/ld+json\" class=\"yoast-schema-graph\">{\"@context\":\"https:\/\/schema.org\",\"@graph\":[{\"@type\":\"WebPage\",\"@id\":\"https:\/\/www.fotografo-profesional.net\/diario\/2021\/11\/09\/de-la-peineta-a-estadio-metropolitano\/\",\"url\":\"https:\/\/www.fotografo-profesional.net\/diario\/2021\/11\/09\/de-la-peineta-a-estadio-metropolitano\/\",\"name\":\"De La Peineta a estadio Metropolitano - Luis Miguel del Campo\",\"isPartOf\":{\"@id\":\"https:\/\/www.fotografo-profesional.net\/diario\/#website\"},\"datePublished\":\"2021-11-09T11:23:55+00:00\",\"dateModified\":\"2021-11-09T11:26:14+00:00\",\"author\":{\"@id\":\"https:\/\/www.fotografo-profesional.net\/diario\/#\/schema\/person\/220504871d765b4c30a0af1d2fe93533\"},\"description\":\"El moderno Estadio Metropolitano de Madrid hasta hace poco era conocido vulgarmente como estadio de La Peineta, y se pens\u00f3 hacerlo ol\u00edmpico.\",\"breadcrumb\":{\"@id\":\"https:\/\/www.fotografo-profesional.net\/diario\/2021\/11\/09\/de-la-peineta-a-estadio-metropolitano\/#breadcrumb\"},\"inLanguage\":\"es\",\"potentialAction\":[{\"@type\":\"ReadAction\",\"target\":[\"https:\/\/www.fotografo-profesional.net\/diario\/2021\/11\/09\/de-la-peineta-a-estadio-metropolitano\/\"]}]},{\"@type\":\"BreadcrumbList\",\"@id\":\"https:\/\/www.fotografo-profesional.net\/diario\/2021\/11\/09\/de-la-peineta-a-estadio-metropolitano\/#breadcrumb\",\"itemListElement\":[{\"@type\":\"ListItem\",\"position\":1,\"name\":\"Inicio\",\"item\":\"https:\/\/www.fotografo-profesional.net\/diario\/\"},{\"@type\":\"ListItem\",\"position\":2,\"name\":\"De La Peineta a estadio Metropolitano\"}]},{\"@type\":\"WebSite\",\"@id\":\"https:\/\/www.fotografo-profesional.net\/diario\/#website\",\"url\":\"https:\/\/www.fotografo-profesional.net\/diario\/\",\"name\":\"Luis Miguel del Campo\",\"description\":\"Blog de un fot\u00f3grafo profesional\",\"potentialAction\":[{\"@type\":\"SearchAction\",\"target\":{\"@type\":\"EntryPoint\",\"urlTemplate\":\"https:\/\/www.fotografo-profesional.net\/diario\/?s={search_term_string}\"},\"query-input\":\"required name=search_term_string\"}],\"inLanguage\":\"es\"},{\"@type\":\"Person\",\"@id\":\"https:\/\/www.fotografo-profesional.net\/diario\/#\/schema\/person\/220504871d765b4c30a0af1d2fe93533\",\"name\":\"Luis Miguel del Campo\",\"image\":{\"@type\":\"ImageObject\",\"inLanguage\":\"es\",\"@id\":\"https:\/\/www.fotografo-profesional.net\/diario\/#\/schema\/person\/image\/\",\"url\":\"https:\/\/secure.gravatar.com\/avatar\/84bb1120095136de86f122a882a42d61?s=96&d=mm&r=g\",\"contentUrl\":\"https:\/\/secure.gravatar.com\/avatar\/84bb1120095136de86f122a882a42d61?s=96&d=mm&r=g\",\"caption\":\"Luis Miguel del Campo\"},\"url\":\"https:\/\/www.fotografo-profesional.net\/diario\/author\/admin_lmdc\/\"}]}<\/script>\n<!-- \/ Yoast SEO plugin. -->","yoast_head_json":{"title":"De La Peineta a estadio Metropolitano - Luis Miguel del Campo","description":"El moderno Estadio Metropolitano de Madrid hasta hace poco era conocido vulgarmente como estadio de La Peineta, y se pens\u00f3 hacerlo ol\u00edmpico.","robots":{"index":"index","follow":"follow","max-snippet":"max-snippet:-1","max-image-preview":"max-image-preview:large","max-video-preview":"max-video-preview:-1"},"canonical":"https:\/\/www.fotografo-profesional.net\/diario\/2021\/11\/09\/de-la-peineta-a-estadio-metropolitano\/","og_locale":"es_ES","og_type":"article","og_title":"De La Peineta a estadio Metropolitano - Luis Miguel del Campo","og_description":"El moderno Estadio Metropolitano de Madrid hasta hace poco era conocido vulgarmente como estadio de La Peineta, y se pens\u00f3 hacerlo ol\u00edmpico.","og_url":"https:\/\/www.fotografo-profesional.net\/diario\/2021\/11\/09\/de-la-peineta-a-estadio-metropolitano\/","og_site_name":"Luis Miguel del Campo","article_published_time":"2021-11-09T11:23:55+00:00","article_modified_time":"2021-11-09T11:26:14+00:00","og_image":[{"width":600,"height":450,"url":"https:\/\/www.fotografo-profesional.net\/diario\/wp-content\/uploads\/2021\/11\/Fotografo-profesional-en-madrid-LMC-0233.jpg","type":"image\/jpeg"}],"author":"Luis Miguel del Campo","twitter_card":"summary_large_image","twitter_misc":{"Escrito por":"Luis Miguel del Campo","Tiempo de lectura":"2 minutos"},"schema":{"@context":"https:\/\/schema.org","@graph":[{"@type":"WebPage","@id":"https:\/\/www.fotografo-profesional.net\/diario\/2021\/11\/09\/de-la-peineta-a-estadio-metropolitano\/","url":"https:\/\/www.fotografo-profesional.net\/diario\/2021\/11\/09\/de-la-peineta-a-estadio-metropolitano\/","name":"De La Peineta a estadio Metropolitano - Luis Miguel del Campo","isPartOf":{"@id":"https:\/\/www.fotografo-profesional.net\/diario\/#website"},"datePublished":"2021-11-09T11:23:55+00:00","dateModified":"2021-11-09T11:26:14+00:00","author":{"@id":"https:\/\/www.fotografo-profesional.net\/diario\/#\/schema\/person\/220504871d765b4c30a0af1d2fe93533"},"description":"El moderno Estadio Metropolitano de Madrid hasta hace poco era conocido vulgarmente como estadio de La Peineta, y se pens\u00f3 hacerlo ol\u00edmpico.","breadcrumb":{"@id":"https:\/\/www.fotografo-profesional.net\/diario\/2021\/11\/09\/de-la-peineta-a-estadio-metropolitano\/#breadcrumb"},"inLanguage":"es","potentialAction":[{"@type":"ReadAction","target":["https:\/\/www.fotografo-profesional.net\/diario\/2021\/11\/09\/de-la-peineta-a-estadio-metropolitano\/"]}]},{"@type":"BreadcrumbList","@id":"https:\/\/www.fotografo-profesional.net\/diario\/2021\/11\/09\/de-la-peineta-a-estadio-metropolitano\/#breadcrumb","itemListElement":[{"@type":"ListItem","position":1,"name":"Inicio","item":"https:\/\/www.fotografo-profesional.net\/diario\/"},{"@type":"ListItem","position":2,"name":"De La Peineta a estadio Metropolitano"}]},{"@type":"WebSite","@id":"https:\/\/www.fotografo-profesional.net\/diario\/#website","url":"https:\/\/www.fotografo-profesional.net\/diario\/","name":"Luis Miguel del Campo","description":"Blog de un fot\u00f3grafo profesional","potentialAction":[{"@type":"SearchAction","target":{"@type":"EntryPoint","urlTemplate":"https:\/\/www.fotografo-profesional.net\/diario\/?s={search_term_string}"},"query-input":"required name=search_term_string"}],"inLanguage":"es"},{"@type":"Person","@id":"https:\/\/www.fotografo-profesional.net\/diario\/#\/schema\/person\/220504871d765b4c30a0af1d2fe93533","name":"Luis Miguel del Campo","image":{"@type":"ImageObject","inLanguage":"es","@id":"https:\/\/www.fotografo-profesional.net\/diario\/#\/schema\/person\/image\/","url":"https:\/\/secure.gravatar.com\/avatar\/84bb1120095136de86f122a882a42d61?s=96&d=mm&r=g","contentUrl":"https:\/\/secure.gravatar.com\/avatar\/84bb1120095136de86f122a882a42d61?s=96&d=mm&r=g","caption":"Luis Miguel del Campo"},"url":"https:\/\/www.fotografo-profesional.net\/diario\/author\/admin_lmdc\/"}]}},"_links":{"self":[{"href":"https:\/\/www.fotografo-profesional.net\/diario\/wp-json\/wp\/v2\/posts\/3035"}],"collection":[{"href":"https:\/\/www.fotografo-profesional.net\/diario\/wp-json\/wp\/v2\/posts"}],"about":[{"href":"https:\/\/www.fotografo-profesional.net\/diario\/wp-json\/wp\/v2\/types\/post"}],"author":[{"embeddable":true,"href":"https:\/\/www.fotografo-profesional.net\/diario\/wp-json\/wp\/v2\/users\/2"}],"replies":[{"embeddable":true,"href":"https:\/\/www.fotografo-profesional.net\/diario\/wp-json\/wp\/v2\/comments?post=3035"}],"version-history":[{"count":4,"href":"https:\/\/www.fotografo-profesional.net\/diario\/wp-json\/wp\/v2\/posts\/3035\/revisions"}],"predecessor-version":[{"id":3044,"href":"https:\/\/www.fotografo-profesional.net\/diario\/wp-json\/wp\/v2\/posts\/3035\/revisions\/3044"}],"wp:featuredmedia":[{"embeddable":true,"href":"https:\/\/www.fotografo-profesional.net\/diario\/wp-json\/wp\/v2\/media\/3041"}],"wp:attachment":[{"href":"https:\/\/www.fotografo-profesional.net\/diario\/wp-json\/wp\/v2\/media?parent=3035"}],"wp:term":[{"taxonomy":"category","embeddable":true,"href":"https:\/\/www.fotografo-profesional.net\/diario\/wp-json\/wp\/v2\/categories?post=3035"},{"taxonomy":"post_tag","embeddable":true,"href":"https:\/\/www.fotografo-profesional.net\/diario\/wp-json\/wp\/v2\/tags?post=3035"}],"curies":[{"name":"wp","href":"https:\/\/api.w.org\/{rel}","templated":true}]}}