{"id":3046,"date":"2021-11-16T11:26:58","date_gmt":"2021-11-16T10:26:58","guid":{"rendered":"https:\/\/www.fotografo-profesional.net\/diario\/?p=3046"},"modified":"2021-11-16T11:26:58","modified_gmt":"2021-11-16T10:26:58","slug":"marilyn-monroe-en-cincuenta-sesiones","status":"publish","type":"post","link":"https:\/\/www.fotografo-profesional.net\/diario\/2021\/11\/16\/marilyn-monroe-en-cincuenta-sesiones\/","title":{"rendered":"Marilyn Monroe en cincuenta sesiones"},"content":{"rendered":"\r\n<p><img decoding=\"async\" class=\"size-full wp-image-3052 aligncenter\" src=\"https:\/\/www.fotografo-profesional.net\/diario\/wp-content\/uploads\/2021\/11\/Fotografo-profesional-en-madrid-LMC-0234-1.jpg\" alt=\"Fotograf\u00edas de Marilyn Monroe\" width=\"600\" height=\"400\" srcset=\"https:\/\/www.fotografo-profesional.net\/diario\/wp-content\/uploads\/2021\/11\/Fotografo-profesional-en-madrid-LMC-0234-1.jpg 600w, https:\/\/www.fotografo-profesional.net\/diario\/wp-content\/uploads\/2021\/11\/Fotografo-profesional-en-madrid-LMC-0234-1-300x200.jpg 300w\" sizes=\"(max-width: 600px) 100vw, 600px\" \/><\/p>\r\n<p>\u201cMarilyn Monroe, 50 sesiones fotogr\u00e1ficas\u201d es el t\u00edtulo de una de las exposiciones que est\u00e1 ofreciendo ALCINE 50. Para quien todav\u00eda no lo sepa, ALCINE es el festival de cine de Alcal\u00e1 de Henares. Cumpl\u00eda cincuenta ediciones en 2020. Como el a\u00f1o pasado, debido a la pandemia de covid-19, no se pudo celebrar como la ocasi\u00f3n requer\u00eda, lo ha hecho este 2021. Se est\u00e1n ofreciendo unas cuantas exposiciones fotogr\u00e1ficas relacionadas con el s\u00e9ptimo arte. <\/p>\r\n<p>Todas las fotograf\u00edas que se ofrecen de Marilyn Monroe en la citada muestra est\u00e1n tomadas por el fot\u00f3grafo Milton H. Greene, prestigioso profesional de moda y cine. El primer contacto entre el fot\u00f3grafo y la actriz fue en 1953. Milton H. Green la fotografi\u00f3 para la revista Look. A partir de ese momento, la relaci\u00f3n entre el fot\u00f3grafo y Marilyn fue haci\u00e9ndose m\u00e1s estrecha, y abarcando otros campos de la vida profesional de ambos. Llegaron a ser socios de la compa\u00f1\u00eda cinematogr\u00e1fica Marilyn Monroe Productions, creada con el fin de controlar su trabajo y su vida. Empez\u00f3 a funcionar como productora para el rodaje de El pr\u00edncipe y la corista.<\/p>\r\n<p>Desde la primera sesi\u00f3n fotogr\u00e1fica de ambos, Milton H. Green qued\u00f3 prendado de la fotogenia, desenvoltura y de la fascinante personalidad de la actriz. A partir de entonces, Milton se propuso mostrar al mundo a la verdadera Marilyn Monroe.<\/p>\r\n<p>La complicidad y camarader\u00eda que hab\u00eda entre ellos queda de manifiesto en las fotograf\u00edas en que se les puede ver juntos. Este motivo ayud\u00f3 a que el fot\u00f3grafo profesional consiguiera las m\u00e1s desenfadadas y espont\u00e1neas fotograf\u00edas de Marilyn Monroe. Algunas de ellas han pasado a ser sus im\u00e1genes ic\u00f3nicas y recordadas. <\/p>\r\n<p>En esta exposici\u00f3n de ALCINE 50 se puede disfrutar de sesiones en las que se muestran la versatilidad y todas las facetas del trabajo de Marilyn Monroe frente a una c\u00e1mara.<\/p>\r\n<p>Tambi\u00e9n hay alguna que otra fotograf\u00eda de rodajes y promociones que tomara Milton H. Green a modo de <a href=\"https:\/\/www.fotografo-profesional.net\/diario\/2019\/09\/15\/fotofija-de-cine-y-television\/\"><span style=\"color: #0000ff;\">fot\u00f3grafo de rodaje<\/span><\/a>. <\/p>\r\n","protected":false},"excerpt":{"rendered":"<p>\u201cMarilyn Monroe, 50 sesiones fotogr\u00e1ficas\u201d es el t\u00edtulo de una de las exposiciones que est\u00e1 ofreciendo ALCINE 50. Para quien todav\u00eda no lo sepa, ALCINE es el festival de cine de Alcal\u00e1 de Henares. Cumpl\u00eda cincuenta ediciones en 2020. Como el a\u00f1o pasado, debido a la pandemia de covid-19, no se pudo celebrar como la [&hellip;]<\/p>\n","protected":false},"author":2,"featured_media":3052,"comment_status":"closed","ping_status":"open","sticky":false,"template":"","format":"standard","meta":[],"categories":[189],"tags":[802,152,99,348,284,338,801,452],"yoast_head":"<!-- This site is optimized with the Yoast SEO plugin v20.8 - https:\/\/yoast.com\/wordpress\/plugins\/seo\/ -->\n<title>Marilyn Monroe en cincuenta sesiones - Luis Miguel del Campo<\/title>\n<meta name=\"description\" content=\"ALCINE 50 ofrece varias exposiciones fotogr\u00e1ficas en esta edici\u00f3n. La m\u00e1s internacional es la que muestra 50 sesiones de Marilyn Monroe.\" \/>\n<meta name=\"robots\" content=\"index, follow, max-snippet:-1, max-image-preview:large, max-video-preview:-1\" \/>\n<link rel=\"canonical\" href=\"https:\/\/www.fotografo-profesional.net\/diario\/2021\/11\/16\/marilyn-monroe-en-cincuenta-sesiones\/\" \/>\n<meta property=\"og:locale\" content=\"es_ES\" \/>\n<meta property=\"og:type\" content=\"article\" \/>\n<meta property=\"og:title\" content=\"Marilyn Monroe en cincuenta sesiones - Luis Miguel del Campo\" \/>\n<meta property=\"og:description\" content=\"ALCINE 50 ofrece varias exposiciones fotogr\u00e1ficas en esta edici\u00f3n. La m\u00e1s internacional es la que muestra 50 sesiones de Marilyn Monroe.\" \/>\n<meta property=\"og:url\" content=\"https:\/\/www.fotografo-profesional.net\/diario\/2021\/11\/16\/marilyn-monroe-en-cincuenta-sesiones\/\" \/>\n<meta property=\"og:site_name\" content=\"Luis Miguel del Campo\" \/>\n<meta property=\"article:published_time\" content=\"2021-11-16T10:26:58+00:00\" \/>\n<meta property=\"og:image\" content=\"https:\/\/www.fotografo-profesional.net\/diario\/wp-content\/uploads\/2021\/11\/Fotografo-profesional-en-madrid-LMC-0234-1.jpg\" \/>\n\t<meta property=\"og:image:width\" content=\"600\" \/>\n\t<meta property=\"og:image:height\" content=\"400\" \/>\n\t<meta property=\"og:image:type\" content=\"image\/jpeg\" \/>\n<meta name=\"author\" content=\"Luis Miguel del Campo\" \/>\n<meta name=\"twitter:card\" content=\"summary_large_image\" \/>\n<meta name=\"twitter:label1\" content=\"Escrito por\" \/>\n\t<meta name=\"twitter:data1\" content=\"Luis Miguel del Campo\" \/>\n\t<meta name=\"twitter:label2\" content=\"Tiempo de lectura\" \/>\n\t<meta name=\"twitter:data2\" content=\"2 minutos\" \/>\n<script type=\"application\/ld+json\" class=\"yoast-schema-graph\">{\"@context\":\"https:\/\/schema.org\",\"@graph\":[{\"@type\":\"WebPage\",\"@id\":\"https:\/\/www.fotografo-profesional.net\/diario\/2021\/11\/16\/marilyn-monroe-en-cincuenta-sesiones\/\",\"url\":\"https:\/\/www.fotografo-profesional.net\/diario\/2021\/11\/16\/marilyn-monroe-en-cincuenta-sesiones\/\",\"name\":\"Marilyn Monroe en cincuenta sesiones - Luis Miguel del Campo\",\"isPartOf\":{\"@id\":\"https:\/\/www.fotografo-profesional.net\/diario\/#website\"},\"datePublished\":\"2021-11-16T10:26:58+00:00\",\"dateModified\":\"2021-11-16T10:26:58+00:00\",\"author\":{\"@id\":\"https:\/\/www.fotografo-profesional.net\/diario\/#\/schema\/person\/220504871d765b4c30a0af1d2fe93533\"},\"description\":\"ALCINE 50 ofrece varias exposiciones fotogr\u00e1ficas en esta edici\u00f3n. La m\u00e1s internacional es la que muestra 50 sesiones de Marilyn Monroe.\",\"breadcrumb\":{\"@id\":\"https:\/\/www.fotografo-profesional.net\/diario\/2021\/11\/16\/marilyn-monroe-en-cincuenta-sesiones\/#breadcrumb\"},\"inLanguage\":\"es\",\"potentialAction\":[{\"@type\":\"ReadAction\",\"target\":[\"https:\/\/www.fotografo-profesional.net\/diario\/2021\/11\/16\/marilyn-monroe-en-cincuenta-sesiones\/\"]}]},{\"@type\":\"BreadcrumbList\",\"@id\":\"https:\/\/www.fotografo-profesional.net\/diario\/2021\/11\/16\/marilyn-monroe-en-cincuenta-sesiones\/#breadcrumb\",\"itemListElement\":[{\"@type\":\"ListItem\",\"position\":1,\"name\":\"Inicio\",\"item\":\"https:\/\/www.fotografo-profesional.net\/diario\/\"},{\"@type\":\"ListItem\",\"position\":2,\"name\":\"Marilyn Monroe en cincuenta sesiones\"}]},{\"@type\":\"WebSite\",\"@id\":\"https:\/\/www.fotografo-profesional.net\/diario\/#website\",\"url\":\"https:\/\/www.fotografo-profesional.net\/diario\/\",\"name\":\"Luis Miguel del Campo\",\"description\":\"Blog de un fot\u00f3grafo profesional\",\"potentialAction\":[{\"@type\":\"SearchAction\",\"target\":{\"@type\":\"EntryPoint\",\"urlTemplate\":\"https:\/\/www.fotografo-profesional.net\/diario\/?s={search_term_string}\"},\"query-input\":\"required name=search_term_string\"}],\"inLanguage\":\"es\"},{\"@type\":\"Person\",\"@id\":\"https:\/\/www.fotografo-profesional.net\/diario\/#\/schema\/person\/220504871d765b4c30a0af1d2fe93533\",\"name\":\"Luis Miguel del Campo\",\"image\":{\"@type\":\"ImageObject\",\"inLanguage\":\"es\",\"@id\":\"https:\/\/www.fotografo-profesional.net\/diario\/#\/schema\/person\/image\/\",\"url\":\"https:\/\/secure.gravatar.com\/avatar\/84bb1120095136de86f122a882a42d61?s=96&d=mm&r=g\",\"contentUrl\":\"https:\/\/secure.gravatar.com\/avatar\/84bb1120095136de86f122a882a42d61?s=96&d=mm&r=g\",\"caption\":\"Luis Miguel del Campo\"},\"url\":\"https:\/\/www.fotografo-profesional.net\/diario\/author\/admin_lmdc\/\"}]}<\/script>\n<!-- \/ Yoast SEO plugin. -->","yoast_head_json":{"title":"Marilyn Monroe en cincuenta sesiones - Luis Miguel del Campo","description":"ALCINE 50 ofrece varias exposiciones fotogr\u00e1ficas en esta edici\u00f3n. La m\u00e1s internacional es la que muestra 50 sesiones de Marilyn Monroe.","robots":{"index":"index","follow":"follow","max-snippet":"max-snippet:-1","max-image-preview":"max-image-preview:large","max-video-preview":"max-video-preview:-1"},"canonical":"https:\/\/www.fotografo-profesional.net\/diario\/2021\/11\/16\/marilyn-monroe-en-cincuenta-sesiones\/","og_locale":"es_ES","og_type":"article","og_title":"Marilyn Monroe en cincuenta sesiones - Luis Miguel del Campo","og_description":"ALCINE 50 ofrece varias exposiciones fotogr\u00e1ficas en esta edici\u00f3n. La m\u00e1s internacional es la que muestra 50 sesiones de Marilyn Monroe.","og_url":"https:\/\/www.fotografo-profesional.net\/diario\/2021\/11\/16\/marilyn-monroe-en-cincuenta-sesiones\/","og_site_name":"Luis Miguel del Campo","article_published_time":"2021-11-16T10:26:58+00:00","og_image":[{"width":600,"height":400,"url":"https:\/\/www.fotografo-profesional.net\/diario\/wp-content\/uploads\/2021\/11\/Fotografo-profesional-en-madrid-LMC-0234-1.jpg","type":"image\/jpeg"}],"author":"Luis Miguel del Campo","twitter_card":"summary_large_image","twitter_misc":{"Escrito por":"Luis Miguel del Campo","Tiempo de lectura":"2 minutos"},"schema":{"@context":"https:\/\/schema.org","@graph":[{"@type":"WebPage","@id":"https:\/\/www.fotografo-profesional.net\/diario\/2021\/11\/16\/marilyn-monroe-en-cincuenta-sesiones\/","url":"https:\/\/www.fotografo-profesional.net\/diario\/2021\/11\/16\/marilyn-monroe-en-cincuenta-sesiones\/","name":"Marilyn Monroe en cincuenta sesiones - Luis Miguel del Campo","isPartOf":{"@id":"https:\/\/www.fotografo-profesional.net\/diario\/#website"},"datePublished":"2021-11-16T10:26:58+00:00","dateModified":"2021-11-16T10:26:58+00:00","author":{"@id":"https:\/\/www.fotografo-profesional.net\/diario\/#\/schema\/person\/220504871d765b4c30a0af1d2fe93533"},"description":"ALCINE 50 ofrece varias exposiciones fotogr\u00e1ficas en esta edici\u00f3n. La m\u00e1s internacional es la que muestra 50 sesiones de Marilyn Monroe.","breadcrumb":{"@id":"https:\/\/www.fotografo-profesional.net\/diario\/2021\/11\/16\/marilyn-monroe-en-cincuenta-sesiones\/#breadcrumb"},"inLanguage":"es","potentialAction":[{"@type":"ReadAction","target":["https:\/\/www.fotografo-profesional.net\/diario\/2021\/11\/16\/marilyn-monroe-en-cincuenta-sesiones\/"]}]},{"@type":"BreadcrumbList","@id":"https:\/\/www.fotografo-profesional.net\/diario\/2021\/11\/16\/marilyn-monroe-en-cincuenta-sesiones\/#breadcrumb","itemListElement":[{"@type":"ListItem","position":1,"name":"Inicio","item":"https:\/\/www.fotografo-profesional.net\/diario\/"},{"@type":"ListItem","position":2,"name":"Marilyn Monroe en cincuenta sesiones"}]},{"@type":"WebSite","@id":"https:\/\/www.fotografo-profesional.net\/diario\/#website","url":"https:\/\/www.fotografo-profesional.net\/diario\/","name":"Luis Miguel del Campo","description":"Blog de un fot\u00f3grafo profesional","potentialAction":[{"@type":"SearchAction","target":{"@type":"EntryPoint","urlTemplate":"https:\/\/www.fotografo-profesional.net\/diario\/?s={search_term_string}"},"query-input":"required name=search_term_string"}],"inLanguage":"es"},{"@type":"Person","@id":"https:\/\/www.fotografo-profesional.net\/diario\/#\/schema\/person\/220504871d765b4c30a0af1d2fe93533","name":"Luis Miguel del Campo","image":{"@type":"ImageObject","inLanguage":"es","@id":"https:\/\/www.fotografo-profesional.net\/diario\/#\/schema\/person\/image\/","url":"https:\/\/secure.gravatar.com\/avatar\/84bb1120095136de86f122a882a42d61?s=96&d=mm&r=g","contentUrl":"https:\/\/secure.gravatar.com\/avatar\/84bb1120095136de86f122a882a42d61?s=96&d=mm&r=g","caption":"Luis Miguel del Campo"},"url":"https:\/\/www.fotografo-profesional.net\/diario\/author\/admin_lmdc\/"}]}},"_links":{"self":[{"href":"https:\/\/www.fotografo-profesional.net\/diario\/wp-json\/wp\/v2\/posts\/3046"}],"collection":[{"href":"https:\/\/www.fotografo-profesional.net\/diario\/wp-json\/wp\/v2\/posts"}],"about":[{"href":"https:\/\/www.fotografo-profesional.net\/diario\/wp-json\/wp\/v2\/types\/post"}],"author":[{"embeddable":true,"href":"https:\/\/www.fotografo-profesional.net\/diario\/wp-json\/wp\/v2\/users\/2"}],"replies":[{"embeddable":true,"href":"https:\/\/www.fotografo-profesional.net\/diario\/wp-json\/wp\/v2\/comments?post=3046"}],"version-history":[{"count":2,"href":"https:\/\/www.fotografo-profesional.net\/diario\/wp-json\/wp\/v2\/posts\/3046\/revisions"}],"predecessor-version":[{"id":3053,"href":"https:\/\/www.fotografo-profesional.net\/diario\/wp-json\/wp\/v2\/posts\/3046\/revisions\/3053"}],"wp:featuredmedia":[{"embeddable":true,"href":"https:\/\/www.fotografo-profesional.net\/diario\/wp-json\/wp\/v2\/media\/3052"}],"wp:attachment":[{"href":"https:\/\/www.fotografo-profesional.net\/diario\/wp-json\/wp\/v2\/media?parent=3046"}],"wp:term":[{"taxonomy":"category","embeddable":true,"href":"https:\/\/www.fotografo-profesional.net\/diario\/wp-json\/wp\/v2\/categories?post=3046"},{"taxonomy":"post_tag","embeddable":true,"href":"https:\/\/www.fotografo-profesional.net\/diario\/wp-json\/wp\/v2\/tags?post=3046"}],"curies":[{"name":"wp","href":"https:\/\/api.w.org\/{rel}","templated":true}]}}