{"id":3055,"date":"2021-11-23T10:02:11","date_gmt":"2021-11-23T09:02:11","guid":{"rendered":"https:\/\/www.fotografo-profesional.net\/diario\/?p=3055"},"modified":"2022-02-02T11:23:21","modified_gmt":"2022-02-02T10:23:21","slug":"el-cafe-comercial-de-madrid","status":"publish","type":"post","link":"https:\/\/www.fotografo-profesional.net\/diario\/2021\/11\/23\/el-cafe-comercial-de-madrid\/","title":{"rendered":"El  Caf\u00e9 Comercial de Madrid"},"content":{"rendered":"\r\n<h3><img decoding=\"async\" class=\"size-full wp-image-3174 aligncenter\" src=\"https:\/\/www.fotografo-profesional.net\/diario\/wp-content\/uploads\/2022\/02\/Fotografo-profesional-en-madrid-LMC-0257.jpg\" alt=\"Caf\u00e9 Comercial de Madrid el d\u00eda de su reinauguraci\u00f3n en 2017\" width=\"600\" height=\"400\" srcset=\"https:\/\/www.fotografo-profesional.net\/diario\/wp-content\/uploads\/2022\/02\/Fotografo-profesional-en-madrid-LMC-0257.jpg 600w, https:\/\/www.fotografo-profesional.net\/diario\/wp-content\/uploads\/2022\/02\/Fotografo-profesional-en-madrid-LMC-0257-300x200.jpg 300w\" sizes=\"(max-width: 600px) 100vw, 600px\" \/><\/h3>\r\n<h3>Estampas de Madrid (0100)<\/h3>\r\n<p>El Caf\u00e9 Comercial de Madrid tiene m\u00e1s de un siglo de existencia. Se inaugur\u00f3 en 1887 en un edificio de nueva construcci\u00f3n en el n\u00famero 7 de la Glorieta de Bilbao madrile\u00f1a. Su primer propietario ser\u00eda Antonio G\u00f3mez Fern\u00e1ndez, quien lo compr\u00f3 poco tiempo despu\u00e9s de acabadas las obras de adaptaci\u00f3n para esa actividad. Lo renombr\u00f3 como Gran Caf\u00e9 Comercial y empez\u00f3 a ofrecer conciertos de tr\u00edos de cuerda.<\/p>\r\n<p>Tras varios cambios de propietarios, se siguieron manteniendo los conciertos con el a\u00f1adido de la reproducci\u00f3n musical por gram\u00f3fono. Tambi\u00e9n se instalar\u00eda un billar en la planta superior, que se sol\u00eda alquilar para banquetes; y se fundar\u00eda un club de ajedrez. Un dato interesante es que durante la Guerra Civil el Caf\u00e9 Comercial fue gestionado por sus trabajadores. A principios de la d\u00e9cada de 1950 se produjo una gran renovaci\u00f3n del establecimiento, incluyendo su decoraci\u00f3n.<\/p>\r\n<p>Desde su apertura, el Caf\u00e9 Comercial fue lugar predilecto para celebrar tertulias y fundar pe\u00f1as de todo tipo. Congreg\u00f3 a escritores, poetas, cineastas y dramaturgos con asiduidad. Ignacio Aldecoa, Gloria Fuertes, Edgar Neville y Enrique Jardiel Poncela fueron clientes habituales. Hab\u00eda personas del mundo art\u00edstico que lo eleg\u00edan como lugar de trabajo porque les serv\u00eda de inspiraci\u00f3n. Tal fue el caso de Rafael Azcona, escritor y uno de los mejores guionistas que ha tenido el cine espa\u00f1ol de la segunda mitad del siglo XX y principios del XXI.<\/p>\r\n<p>No es de extra\u00f1ar, por tanto, que cualquier <a href=\"https:\/\/www.fotografo-profesional.net\/servicios\/\"><span style=\"color: #0000ff;\">fot\u00f3grafo profesional inquieto<\/span><\/a> se acercara por all\u00ed para conseguir alguna instant\u00e1nea jugosa, como la de Antonio Machado. <br \/>El tiempo parec\u00eda estancado en el Caf\u00e9 Comercial hasta que cerr\u00f3 en 2015. Este hecho gener\u00f3 incertidumbre sobre en qu\u00e9 se iba a convertir el establecimiento. \u00bfAcabar\u00eda convertido en una franquicia de alguna multinacional de comida r\u00e1pida?<\/p>\r\n<p>Las dudas se disiparon el 27 de marzo de 2017. Ese d\u00eda se abri\u00f3 el establecimiento reformado. Los transe\u00fantes se deten\u00edan intrigados a mirar por sus ventanas para saber en qu\u00e9 se hab\u00eda convertido. Esa <a href=\"https:\/\/www.fotografo-profesional.net\/diario\/2021\/08\/24\/reforma-del-estadio-santiago-bernabeu\/\"><span style=\"color: #0000ff;\">curiosa estampa<\/span><\/a> llam\u00f3 la atenci\u00f3n de este fot\u00f3grafo profesional. Y decid\u00ed capturarla.<\/p>\r\n","protected":false},"excerpt":{"rendered":"<p>Estampas de Madrid (0100) El Caf\u00e9 Comercial de Madrid tiene m\u00e1s de un siglo de existencia. Se inaugur\u00f3 en 1887 en un edificio de nueva construcci\u00f3n en el n\u00famero 7 de la Glorieta de Bilbao madrile\u00f1a. Su primer propietario ser\u00eda Antonio G\u00f3mez Fern\u00e1ndez, quien lo compr\u00f3 poco tiempo despu\u00e9s de acabadas las obras de adaptaci\u00f3n [&hellip;]<\/p>\n","protected":false},"author":2,"featured_media":0,"comment_status":"closed","ping_status":"open","sticky":false,"template":"","format":"standard","meta":[],"categories":[209,48,45,406,172,207,116],"tags":[805,806,109,110,794,99,348,284,338,307,452],"yoast_head":"<!-- This site is optimized with the Yoast SEO plugin v20.8 - https:\/\/yoast.com\/wordpress\/plugins\/seo\/ -->\n<title>El Caf\u00e9 Comercial de Madrid - Luis Miguel del Campo<\/title>\n<meta name=\"description\" content=\"El Caf\u00e9 Comercial es uno de los establecimientos t\u00edpicos y de gran tradici\u00f3n de Madrid. Fue inaugurado en 1887 en la misma ubicaci\u00f3n actual.\" \/>\n<meta name=\"robots\" content=\"index, follow, max-snippet:-1, max-image-preview:large, max-video-preview:-1\" \/>\n<link rel=\"canonical\" href=\"https:\/\/www.fotografo-profesional.net\/diario\/2021\/11\/23\/el-cafe-comercial-de-madrid\/\" \/>\n<meta property=\"og:locale\" content=\"es_ES\" \/>\n<meta property=\"og:type\" content=\"article\" \/>\n<meta property=\"og:title\" content=\"El Caf\u00e9 Comercial de Madrid - Luis Miguel del Campo\" \/>\n<meta property=\"og:description\" content=\"El Caf\u00e9 Comercial es uno de los establecimientos t\u00edpicos y de gran tradici\u00f3n de Madrid. Fue inaugurado en 1887 en la misma ubicaci\u00f3n actual.\" \/>\n<meta property=\"og:url\" content=\"https:\/\/www.fotografo-profesional.net\/diario\/2021\/11\/23\/el-cafe-comercial-de-madrid\/\" \/>\n<meta property=\"og:site_name\" content=\"Luis Miguel del Campo\" \/>\n<meta property=\"article:published_time\" content=\"2021-11-23T09:02:11+00:00\" \/>\n<meta property=\"article:modified_time\" content=\"2022-02-02T10:23:21+00:00\" \/>\n<meta property=\"og:image\" content=\"https:\/\/www.fotografo-profesional.net\/diario\/wp-content\/uploads\/2022\/02\/Fotografo-profesional-en-madrid-LMC-0257.jpg\" \/>\n<meta name=\"author\" content=\"Luis Miguel del Campo\" \/>\n<meta name=\"twitter:card\" content=\"summary_large_image\" \/>\n<meta name=\"twitter:label1\" content=\"Escrito por\" \/>\n\t<meta name=\"twitter:data1\" content=\"Luis Miguel del Campo\" \/>\n\t<meta name=\"twitter:label2\" content=\"Tiempo de lectura\" \/>\n\t<meta name=\"twitter:data2\" content=\"2 minutos\" \/>\n<script type=\"application\/ld+json\" class=\"yoast-schema-graph\">{\"@context\":\"https:\/\/schema.org\",\"@graph\":[{\"@type\":\"WebPage\",\"@id\":\"https:\/\/www.fotografo-profesional.net\/diario\/2021\/11\/23\/el-cafe-comercial-de-madrid\/\",\"url\":\"https:\/\/www.fotografo-profesional.net\/diario\/2021\/11\/23\/el-cafe-comercial-de-madrid\/\",\"name\":\"El Caf\u00e9 Comercial de Madrid - Luis Miguel del Campo\",\"isPartOf\":{\"@id\":\"https:\/\/www.fotografo-profesional.net\/diario\/#website\"},\"datePublished\":\"2021-11-23T09:02:11+00:00\",\"dateModified\":\"2022-02-02T10:23:21+00:00\",\"author\":{\"@id\":\"https:\/\/www.fotografo-profesional.net\/diario\/#\/schema\/person\/220504871d765b4c30a0af1d2fe93533\"},\"description\":\"El Caf\u00e9 Comercial es uno de los establecimientos t\u00edpicos y de gran tradici\u00f3n de Madrid. Fue inaugurado en 1887 en la misma ubicaci\u00f3n actual.\",\"breadcrumb\":{\"@id\":\"https:\/\/www.fotografo-profesional.net\/diario\/2021\/11\/23\/el-cafe-comercial-de-madrid\/#breadcrumb\"},\"inLanguage\":\"es\",\"potentialAction\":[{\"@type\":\"ReadAction\",\"target\":[\"https:\/\/www.fotografo-profesional.net\/diario\/2021\/11\/23\/el-cafe-comercial-de-madrid\/\"]}]},{\"@type\":\"BreadcrumbList\",\"@id\":\"https:\/\/www.fotografo-profesional.net\/diario\/2021\/11\/23\/el-cafe-comercial-de-madrid\/#breadcrumb\",\"itemListElement\":[{\"@type\":\"ListItem\",\"position\":1,\"name\":\"Inicio\",\"item\":\"https:\/\/www.fotografo-profesional.net\/diario\/\"},{\"@type\":\"ListItem\",\"position\":2,\"name\":\"El Caf\u00e9 Comercial de Madrid\"}]},{\"@type\":\"WebSite\",\"@id\":\"https:\/\/www.fotografo-profesional.net\/diario\/#website\",\"url\":\"https:\/\/www.fotografo-profesional.net\/diario\/\",\"name\":\"Luis Miguel del Campo\",\"description\":\"Blog de un fot\u00f3grafo profesional\",\"potentialAction\":[{\"@type\":\"SearchAction\",\"target\":{\"@type\":\"EntryPoint\",\"urlTemplate\":\"https:\/\/www.fotografo-profesional.net\/diario\/?s={search_term_string}\"},\"query-input\":\"required name=search_term_string\"}],\"inLanguage\":\"es\"},{\"@type\":\"Person\",\"@id\":\"https:\/\/www.fotografo-profesional.net\/diario\/#\/schema\/person\/220504871d765b4c30a0af1d2fe93533\",\"name\":\"Luis Miguel del Campo\",\"image\":{\"@type\":\"ImageObject\",\"inLanguage\":\"es\",\"@id\":\"https:\/\/www.fotografo-profesional.net\/diario\/#\/schema\/person\/image\/\",\"url\":\"https:\/\/secure.gravatar.com\/avatar\/84bb1120095136de86f122a882a42d61?s=96&d=mm&r=g\",\"contentUrl\":\"https:\/\/secure.gravatar.com\/avatar\/84bb1120095136de86f122a882a42d61?s=96&d=mm&r=g\",\"caption\":\"Luis Miguel del Campo\"},\"url\":\"https:\/\/www.fotografo-profesional.net\/diario\/author\/admin_lmdc\/\"}]}<\/script>\n<!-- \/ Yoast SEO plugin. -->","yoast_head_json":{"title":"El Caf\u00e9 Comercial de Madrid - Luis Miguel del Campo","description":"El Caf\u00e9 Comercial es uno de los establecimientos t\u00edpicos y de gran tradici\u00f3n de Madrid. Fue inaugurado en 1887 en la misma ubicaci\u00f3n actual.","robots":{"index":"index","follow":"follow","max-snippet":"max-snippet:-1","max-image-preview":"max-image-preview:large","max-video-preview":"max-video-preview:-1"},"canonical":"https:\/\/www.fotografo-profesional.net\/diario\/2021\/11\/23\/el-cafe-comercial-de-madrid\/","og_locale":"es_ES","og_type":"article","og_title":"El Caf\u00e9 Comercial de Madrid - Luis Miguel del Campo","og_description":"El Caf\u00e9 Comercial es uno de los establecimientos t\u00edpicos y de gran tradici\u00f3n de Madrid. Fue inaugurado en 1887 en la misma ubicaci\u00f3n actual.","og_url":"https:\/\/www.fotografo-profesional.net\/diario\/2021\/11\/23\/el-cafe-comercial-de-madrid\/","og_site_name":"Luis Miguel del Campo","article_published_time":"2021-11-23T09:02:11+00:00","article_modified_time":"2022-02-02T10:23:21+00:00","og_image":[{"url":"https:\/\/www.fotografo-profesional.net\/diario\/wp-content\/uploads\/2022\/02\/Fotografo-profesional-en-madrid-LMC-0257.jpg"}],"author":"Luis Miguel del Campo","twitter_card":"summary_large_image","twitter_misc":{"Escrito por":"Luis Miguel del Campo","Tiempo de lectura":"2 minutos"},"schema":{"@context":"https:\/\/schema.org","@graph":[{"@type":"WebPage","@id":"https:\/\/www.fotografo-profesional.net\/diario\/2021\/11\/23\/el-cafe-comercial-de-madrid\/","url":"https:\/\/www.fotografo-profesional.net\/diario\/2021\/11\/23\/el-cafe-comercial-de-madrid\/","name":"El Caf\u00e9 Comercial de Madrid - Luis Miguel del Campo","isPartOf":{"@id":"https:\/\/www.fotografo-profesional.net\/diario\/#website"},"datePublished":"2021-11-23T09:02:11+00:00","dateModified":"2022-02-02T10:23:21+00:00","author":{"@id":"https:\/\/www.fotografo-profesional.net\/diario\/#\/schema\/person\/220504871d765b4c30a0af1d2fe93533"},"description":"El Caf\u00e9 Comercial es uno de los establecimientos t\u00edpicos y de gran tradici\u00f3n de Madrid. Fue inaugurado en 1887 en la misma ubicaci\u00f3n actual.","breadcrumb":{"@id":"https:\/\/www.fotografo-profesional.net\/diario\/2021\/11\/23\/el-cafe-comercial-de-madrid\/#breadcrumb"},"inLanguage":"es","potentialAction":[{"@type":"ReadAction","target":["https:\/\/www.fotografo-profesional.net\/diario\/2021\/11\/23\/el-cafe-comercial-de-madrid\/"]}]},{"@type":"BreadcrumbList","@id":"https:\/\/www.fotografo-profesional.net\/diario\/2021\/11\/23\/el-cafe-comercial-de-madrid\/#breadcrumb","itemListElement":[{"@type":"ListItem","position":1,"name":"Inicio","item":"https:\/\/www.fotografo-profesional.net\/diario\/"},{"@type":"ListItem","position":2,"name":"El Caf\u00e9 Comercial de Madrid"}]},{"@type":"WebSite","@id":"https:\/\/www.fotografo-profesional.net\/diario\/#website","url":"https:\/\/www.fotografo-profesional.net\/diario\/","name":"Luis Miguel del Campo","description":"Blog de un fot\u00f3grafo profesional","potentialAction":[{"@type":"SearchAction","target":{"@type":"EntryPoint","urlTemplate":"https:\/\/www.fotografo-profesional.net\/diario\/?s={search_term_string}"},"query-input":"required name=search_term_string"}],"inLanguage":"es"},{"@type":"Person","@id":"https:\/\/www.fotografo-profesional.net\/diario\/#\/schema\/person\/220504871d765b4c30a0af1d2fe93533","name":"Luis Miguel del Campo","image":{"@type":"ImageObject","inLanguage":"es","@id":"https:\/\/www.fotografo-profesional.net\/diario\/#\/schema\/person\/image\/","url":"https:\/\/secure.gravatar.com\/avatar\/84bb1120095136de86f122a882a42d61?s=96&d=mm&r=g","contentUrl":"https:\/\/secure.gravatar.com\/avatar\/84bb1120095136de86f122a882a42d61?s=96&d=mm&r=g","caption":"Luis Miguel del Campo"},"url":"https:\/\/www.fotografo-profesional.net\/diario\/author\/admin_lmdc\/"}]}},"_links":{"self":[{"href":"https:\/\/www.fotografo-profesional.net\/diario\/wp-json\/wp\/v2\/posts\/3055"}],"collection":[{"href":"https:\/\/www.fotografo-profesional.net\/diario\/wp-json\/wp\/v2\/posts"}],"about":[{"href":"https:\/\/www.fotografo-profesional.net\/diario\/wp-json\/wp\/v2\/types\/post"}],"author":[{"embeddable":true,"href":"https:\/\/www.fotografo-profesional.net\/diario\/wp-json\/wp\/v2\/users\/2"}],"replies":[{"embeddable":true,"href":"https:\/\/www.fotografo-profesional.net\/diario\/wp-json\/wp\/v2\/comments?post=3055"}],"version-history":[{"count":5,"href":"https:\/\/www.fotografo-profesional.net\/diario\/wp-json\/wp\/v2\/posts\/3055\/revisions"}],"predecessor-version":[{"id":3178,"href":"https:\/\/www.fotografo-profesional.net\/diario\/wp-json\/wp\/v2\/posts\/3055\/revisions\/3178"}],"wp:attachment":[{"href":"https:\/\/www.fotografo-profesional.net\/diario\/wp-json\/wp\/v2\/media?parent=3055"}],"wp:term":[{"taxonomy":"category","embeddable":true,"href":"https:\/\/www.fotografo-profesional.net\/diario\/wp-json\/wp\/v2\/categories?post=3055"},{"taxonomy":"post_tag","embeddable":true,"href":"https:\/\/www.fotografo-profesional.net\/diario\/wp-json\/wp\/v2\/tags?post=3055"}],"curies":[{"name":"wp","href":"https:\/\/api.w.org\/{rel}","templated":true}]}}