{"id":3073,"date":"2021-11-30T10:00:40","date_gmt":"2021-11-30T09:00:40","guid":{"rendered":"https:\/\/www.fotografo-profesional.net\/diario\/?p=3073"},"modified":"2021-11-30T10:00:40","modified_gmt":"2021-11-30T09:00:40","slug":"jose-haro-fotografo-de-rodaje-y-mas","status":"publish","type":"post","link":"https:\/\/www.fotografo-profesional.net\/diario\/2021\/11\/30\/jose-haro-fotografo-de-rodaje-y-mas\/","title":{"rendered":"Jos\u00e9 Haro, fot\u00f3grafo de rodaje y m\u00e1s"},"content":{"rendered":"\r\n<p><img decoding=\"async\" class=\"size-full wp-image-3085 aligncenter\" src=\"https:\/\/www.fotografo-profesional.net\/diario\/wp-content\/uploads\/2021\/11\/Fotografo-profesional-en-madrid-LMC-0245-1.jpg\" alt=\"Fotograf\u00eda de un rodaje por Jos\u00e9 Haro\" width=\"600\" height=\"400\" srcset=\"https:\/\/www.fotografo-profesional.net\/diario\/wp-content\/uploads\/2021\/11\/Fotografo-profesional-en-madrid-LMC-0245-1.jpg 600w, https:\/\/www.fotografo-profesional.net\/diario\/wp-content\/uploads\/2021\/11\/Fotografo-profesional-en-madrid-LMC-0245-1-300x200.jpg 300w\" sizes=\"(max-width: 600px) 100vw, 600px\" \/><\/p>\r\n<p>Jos\u00e9 Haro es un fot\u00f3grafo profesional de rodaje de pel\u00edculas. Hace a\u00f1os, a su oficio siempre <a href=\"https:\/\/www.fotografo-profesional.net\/diario\/2019\/09\/15\/fotofija-de-cine-y-television\/\"><span style=\"color: #0000ff;\">se le denominaba foto-fija<\/span><\/a>. Todo cambia, aunque siga siendo lo mismo. O no. Porque el punto de partida del trabajo de Jos\u00e9 Haro no es calcado a lo que se ha hecho toda la vida. O s\u00ed. Pero algunas veces con otro planteamiento y un enfoque bien diferente. Sus fotograf\u00edas de rodaje no son cl\u00e1sicas. <\/p>\r\n<p>Contemplar la exposici\u00f3n que le ha dedicado <a href=\"https:\/\/www.fotografo-profesional.net\/diario\/2021\/11\/16\/marilyn-monroe-en-cincuenta-sesiones\/\"><span style=\"color: #0000ff;\">la 50\u00ba edici\u00f3n de ALCINE<\/span><\/a>, explica mucho mejor lo que acabo de escribir. Aunque alguna, como la de Juan Echanove mientras est\u00e1 siendo caracterizado como Quevedo, pudiera parecer cl\u00e1sica hay detalles que la hacen moderna. Como el punto de vista desde el que est\u00e1 tomada o la mirada del actor a c\u00e1mara, que rompe la apariencia de fotograf\u00eda documental del fot\u00f3grafo profesional cl\u00e1sico.<\/p>\r\n<p>Su trabajo destaca enormemente al compararlo con el de <a href=\"https:\/\/www.fotografo-profesional.net\/portfolio\/fotografia-de-espectaculos\/\"><span style=\"color: #0000ff;\">otros fot\u00f3grafos profesionales del sector<\/span><\/a>. Las im\u00e1genes de Jos\u00e9 Haro no son fotocromos para la cartelera. Cuentan una historia en s\u00ed mismas. Parte de la pel\u00edcula que se est\u00e1 rodando en ese momento o la de los profesionales del que aparecen en ella. A veces sin necesitar mostrar los rostros de los compa\u00f1eros de rodaje. De forma que todas las personas que trabajan o han trabajado en un departamento en el rodaje de una pel\u00edcula se sienten reflejados en ellas; aunque no aparezcan o nunca hayan trabajado para esa productora.<\/p>\r\n<h3>Esencia de sus fotograf\u00edas<\/h3>\r\n<p>Las capturas de Jos\u00e9 Haro son retratos de un oficio. Consigue plasmar su labor utilizando el menor n\u00famero de elementos para ello. Son evocadoras, po\u00e9ticas, estilizadas\u2026 Sus fotograf\u00edas del Festival de Cine del Sahara son buen ejemplo de ello. Mostrando \u00fanicamente detalles mediante puntos de vista y encuadres rigurosamente seleccionados da una idea precisa del espacio total. Y no solo eso, sino que informa de las circunstancias que lo rodean y de la actitud de los espectadores ante la muestra. <\/p>\r\n<p>Esto es algo que solo consigue un fot\u00f3grafo profesional dotado de mucho talento. <br \/><br \/><\/p>\r\n","protected":false},"excerpt":{"rendered":"<p>Jos\u00e9 Haro es un fot\u00f3grafo profesional de rodaje de pel\u00edculas. Hace a\u00f1os, a su oficio siempre se le denominaba foto-fija. Todo cambia, aunque siga siendo lo mismo. O no. Porque el punto de partida del trabajo de Jos\u00e9 Haro no es calcado a lo que se ha hecho toda la vida. O s\u00ed. Pero algunas [&hellip;]<\/p>\n","protected":false},"author":2,"featured_media":3085,"comment_status":"closed","ping_status":"open","sticky":false,"template":"","format":"standard","meta":[],"categories":[35,395,45,406,172,207,116],"tags":[810,802,506,532,808,809,99,348,284,338,807,452],"yoast_head":"<!-- This site is optimized with the Yoast SEO plugin v20.8 - https:\/\/yoast.com\/wordpress\/plugins\/seo\/ -->\n<title>Jos\u00e9 Haro, fot\u00f3grafo de rodaje y m\u00e1s - Luis Miguel del Campo<\/title>\n<meta name=\"description\" content=\"El trabajo de Jos\u00e9 Haro como foto-fija se ha podido contemplar en una exposici\u00f3n que le ha dedicado la 50\u00ba edici\u00f3n de ALCINE.\" \/>\n<meta name=\"robots\" content=\"index, follow, max-snippet:-1, max-image-preview:large, max-video-preview:-1\" \/>\n<link rel=\"canonical\" href=\"https:\/\/www.fotografo-profesional.net\/diario\/2021\/11\/30\/jose-haro-fotografo-de-rodaje-y-mas\/\" \/>\n<meta property=\"og:locale\" content=\"es_ES\" \/>\n<meta property=\"og:type\" content=\"article\" \/>\n<meta property=\"og:title\" content=\"Jos\u00e9 Haro, fot\u00f3grafo de rodaje y m\u00e1s - Luis Miguel del Campo\" \/>\n<meta property=\"og:description\" content=\"El trabajo de Jos\u00e9 Haro como foto-fija se ha podido contemplar en una exposici\u00f3n que le ha dedicado la 50\u00ba edici\u00f3n de ALCINE.\" \/>\n<meta property=\"og:url\" content=\"https:\/\/www.fotografo-profesional.net\/diario\/2021\/11\/30\/jose-haro-fotografo-de-rodaje-y-mas\/\" \/>\n<meta property=\"og:site_name\" content=\"Luis Miguel del Campo\" \/>\n<meta property=\"article:published_time\" content=\"2021-11-30T09:00:40+00:00\" \/>\n<meta property=\"og:image\" content=\"https:\/\/www.fotografo-profesional.net\/diario\/wp-content\/uploads\/2021\/11\/Fotografo-profesional-en-madrid-LMC-0245-1.jpg\" \/>\n\t<meta property=\"og:image:width\" content=\"600\" \/>\n\t<meta property=\"og:image:height\" content=\"400\" \/>\n\t<meta property=\"og:image:type\" content=\"image\/jpeg\" \/>\n<meta name=\"author\" content=\"Luis Miguel del Campo\" \/>\n<meta name=\"twitter:card\" content=\"summary_large_image\" \/>\n<meta name=\"twitter:label1\" content=\"Escrito por\" \/>\n\t<meta name=\"twitter:data1\" content=\"Luis Miguel del Campo\" \/>\n\t<meta name=\"twitter:label2\" content=\"Tiempo de lectura\" \/>\n\t<meta name=\"twitter:data2\" content=\"2 minutos\" \/>\n<script type=\"application\/ld+json\" class=\"yoast-schema-graph\">{\"@context\":\"https:\/\/schema.org\",\"@graph\":[{\"@type\":\"WebPage\",\"@id\":\"https:\/\/www.fotografo-profesional.net\/diario\/2021\/11\/30\/jose-haro-fotografo-de-rodaje-y-mas\/\",\"url\":\"https:\/\/www.fotografo-profesional.net\/diario\/2021\/11\/30\/jose-haro-fotografo-de-rodaje-y-mas\/\",\"name\":\"Jos\u00e9 Haro, fot\u00f3grafo de rodaje y m\u00e1s - Luis Miguel del Campo\",\"isPartOf\":{\"@id\":\"https:\/\/www.fotografo-profesional.net\/diario\/#website\"},\"datePublished\":\"2021-11-30T09:00:40+00:00\",\"dateModified\":\"2021-11-30T09:00:40+00:00\",\"author\":{\"@id\":\"https:\/\/www.fotografo-profesional.net\/diario\/#\/schema\/person\/220504871d765b4c30a0af1d2fe93533\"},\"description\":\"El trabajo de Jos\u00e9 Haro como foto-fija se ha podido contemplar en una exposici\u00f3n que le ha dedicado la 50\u00ba edici\u00f3n de ALCINE.\",\"breadcrumb\":{\"@id\":\"https:\/\/www.fotografo-profesional.net\/diario\/2021\/11\/30\/jose-haro-fotografo-de-rodaje-y-mas\/#breadcrumb\"},\"inLanguage\":\"es\",\"potentialAction\":[{\"@type\":\"ReadAction\",\"target\":[\"https:\/\/www.fotografo-profesional.net\/diario\/2021\/11\/30\/jose-haro-fotografo-de-rodaje-y-mas\/\"]}]},{\"@type\":\"BreadcrumbList\",\"@id\":\"https:\/\/www.fotografo-profesional.net\/diario\/2021\/11\/30\/jose-haro-fotografo-de-rodaje-y-mas\/#breadcrumb\",\"itemListElement\":[{\"@type\":\"ListItem\",\"position\":1,\"name\":\"Inicio\",\"item\":\"https:\/\/www.fotografo-profesional.net\/diario\/\"},{\"@type\":\"ListItem\",\"position\":2,\"name\":\"Jos\u00e9 Haro, fot\u00f3grafo de rodaje y m\u00e1s\"}]},{\"@type\":\"WebSite\",\"@id\":\"https:\/\/www.fotografo-profesional.net\/diario\/#website\",\"url\":\"https:\/\/www.fotografo-profesional.net\/diario\/\",\"name\":\"Luis Miguel del Campo\",\"description\":\"Blog de un fot\u00f3grafo profesional\",\"potentialAction\":[{\"@type\":\"SearchAction\",\"target\":{\"@type\":\"EntryPoint\",\"urlTemplate\":\"https:\/\/www.fotografo-profesional.net\/diario\/?s={search_term_string}\"},\"query-input\":\"required name=search_term_string\"}],\"inLanguage\":\"es\"},{\"@type\":\"Person\",\"@id\":\"https:\/\/www.fotografo-profesional.net\/diario\/#\/schema\/person\/220504871d765b4c30a0af1d2fe93533\",\"name\":\"Luis Miguel del Campo\",\"image\":{\"@type\":\"ImageObject\",\"inLanguage\":\"es\",\"@id\":\"https:\/\/www.fotografo-profesional.net\/diario\/#\/schema\/person\/image\/\",\"url\":\"https:\/\/secure.gravatar.com\/avatar\/84bb1120095136de86f122a882a42d61?s=96&d=mm&r=g\",\"contentUrl\":\"https:\/\/secure.gravatar.com\/avatar\/84bb1120095136de86f122a882a42d61?s=96&d=mm&r=g\",\"caption\":\"Luis Miguel del Campo\"},\"url\":\"https:\/\/www.fotografo-profesional.net\/diario\/author\/admin_lmdc\/\"}]}<\/script>\n<!-- \/ Yoast SEO plugin. -->","yoast_head_json":{"title":"Jos\u00e9 Haro, fot\u00f3grafo de rodaje y m\u00e1s - Luis Miguel del Campo","description":"El trabajo de Jos\u00e9 Haro como foto-fija se ha podido contemplar en una exposici\u00f3n que le ha dedicado la 50\u00ba edici\u00f3n de ALCINE.","robots":{"index":"index","follow":"follow","max-snippet":"max-snippet:-1","max-image-preview":"max-image-preview:large","max-video-preview":"max-video-preview:-1"},"canonical":"https:\/\/www.fotografo-profesional.net\/diario\/2021\/11\/30\/jose-haro-fotografo-de-rodaje-y-mas\/","og_locale":"es_ES","og_type":"article","og_title":"Jos\u00e9 Haro, fot\u00f3grafo de rodaje y m\u00e1s - Luis Miguel del Campo","og_description":"El trabajo de Jos\u00e9 Haro como foto-fija se ha podido contemplar en una exposici\u00f3n que le ha dedicado la 50\u00ba edici\u00f3n de ALCINE.","og_url":"https:\/\/www.fotografo-profesional.net\/diario\/2021\/11\/30\/jose-haro-fotografo-de-rodaje-y-mas\/","og_site_name":"Luis Miguel del Campo","article_published_time":"2021-11-30T09:00:40+00:00","og_image":[{"width":600,"height":400,"url":"https:\/\/www.fotografo-profesional.net\/diario\/wp-content\/uploads\/2021\/11\/Fotografo-profesional-en-madrid-LMC-0245-1.jpg","type":"image\/jpeg"}],"author":"Luis Miguel del Campo","twitter_card":"summary_large_image","twitter_misc":{"Escrito por":"Luis Miguel del Campo","Tiempo de lectura":"2 minutos"},"schema":{"@context":"https:\/\/schema.org","@graph":[{"@type":"WebPage","@id":"https:\/\/www.fotografo-profesional.net\/diario\/2021\/11\/30\/jose-haro-fotografo-de-rodaje-y-mas\/","url":"https:\/\/www.fotografo-profesional.net\/diario\/2021\/11\/30\/jose-haro-fotografo-de-rodaje-y-mas\/","name":"Jos\u00e9 Haro, fot\u00f3grafo de rodaje y m\u00e1s - Luis Miguel del Campo","isPartOf":{"@id":"https:\/\/www.fotografo-profesional.net\/diario\/#website"},"datePublished":"2021-11-30T09:00:40+00:00","dateModified":"2021-11-30T09:00:40+00:00","author":{"@id":"https:\/\/www.fotografo-profesional.net\/diario\/#\/schema\/person\/220504871d765b4c30a0af1d2fe93533"},"description":"El trabajo de Jos\u00e9 Haro como foto-fija se ha podido contemplar en una exposici\u00f3n que le ha dedicado la 50\u00ba edici\u00f3n de ALCINE.","breadcrumb":{"@id":"https:\/\/www.fotografo-profesional.net\/diario\/2021\/11\/30\/jose-haro-fotografo-de-rodaje-y-mas\/#breadcrumb"},"inLanguage":"es","potentialAction":[{"@type":"ReadAction","target":["https:\/\/www.fotografo-profesional.net\/diario\/2021\/11\/30\/jose-haro-fotografo-de-rodaje-y-mas\/"]}]},{"@type":"BreadcrumbList","@id":"https:\/\/www.fotografo-profesional.net\/diario\/2021\/11\/30\/jose-haro-fotografo-de-rodaje-y-mas\/#breadcrumb","itemListElement":[{"@type":"ListItem","position":1,"name":"Inicio","item":"https:\/\/www.fotografo-profesional.net\/diario\/"},{"@type":"ListItem","position":2,"name":"Jos\u00e9 Haro, fot\u00f3grafo de rodaje y m\u00e1s"}]},{"@type":"WebSite","@id":"https:\/\/www.fotografo-profesional.net\/diario\/#website","url":"https:\/\/www.fotografo-profesional.net\/diario\/","name":"Luis Miguel del Campo","description":"Blog de un fot\u00f3grafo profesional","potentialAction":[{"@type":"SearchAction","target":{"@type":"EntryPoint","urlTemplate":"https:\/\/www.fotografo-profesional.net\/diario\/?s={search_term_string}"},"query-input":"required name=search_term_string"}],"inLanguage":"es"},{"@type":"Person","@id":"https:\/\/www.fotografo-profesional.net\/diario\/#\/schema\/person\/220504871d765b4c30a0af1d2fe93533","name":"Luis Miguel del Campo","image":{"@type":"ImageObject","inLanguage":"es","@id":"https:\/\/www.fotografo-profesional.net\/diario\/#\/schema\/person\/image\/","url":"https:\/\/secure.gravatar.com\/avatar\/84bb1120095136de86f122a882a42d61?s=96&d=mm&r=g","contentUrl":"https:\/\/secure.gravatar.com\/avatar\/84bb1120095136de86f122a882a42d61?s=96&d=mm&r=g","caption":"Luis Miguel del Campo"},"url":"https:\/\/www.fotografo-profesional.net\/diario\/author\/admin_lmdc\/"}]}},"_links":{"self":[{"href":"https:\/\/www.fotografo-profesional.net\/diario\/wp-json\/wp\/v2\/posts\/3073"}],"collection":[{"href":"https:\/\/www.fotografo-profesional.net\/diario\/wp-json\/wp\/v2\/posts"}],"about":[{"href":"https:\/\/www.fotografo-profesional.net\/diario\/wp-json\/wp\/v2\/types\/post"}],"author":[{"embeddable":true,"href":"https:\/\/www.fotografo-profesional.net\/diario\/wp-json\/wp\/v2\/users\/2"}],"replies":[{"embeddable":true,"href":"https:\/\/www.fotografo-profesional.net\/diario\/wp-json\/wp\/v2\/comments?post=3073"}],"version-history":[{"count":2,"href":"https:\/\/www.fotografo-profesional.net\/diario\/wp-json\/wp\/v2\/posts\/3073\/revisions"}],"predecessor-version":[{"id":3086,"href":"https:\/\/www.fotografo-profesional.net\/diario\/wp-json\/wp\/v2\/posts\/3073\/revisions\/3086"}],"wp:featuredmedia":[{"embeddable":true,"href":"https:\/\/www.fotografo-profesional.net\/diario\/wp-json\/wp\/v2\/media\/3085"}],"wp:attachment":[{"href":"https:\/\/www.fotografo-profesional.net\/diario\/wp-json\/wp\/v2\/media?parent=3073"}],"wp:term":[{"taxonomy":"category","embeddable":true,"href":"https:\/\/www.fotografo-profesional.net\/diario\/wp-json\/wp\/v2\/categories?post=3073"},{"taxonomy":"post_tag","embeddable":true,"href":"https:\/\/www.fotografo-profesional.net\/diario\/wp-json\/wp\/v2\/tags?post=3073"}],"curies":[{"name":"wp","href":"https:\/\/api.w.org\/{rel}","templated":true}]}}