{"id":3091,"date":"2021-12-10T19:03:44","date_gmt":"2021-12-10T18:03:44","guid":{"rendered":"https:\/\/www.fotografo-profesional.net\/diario\/?p=3091"},"modified":"2021-12-10T19:03:44","modified_gmt":"2021-12-10T18:03:44","slug":"fotografia-de-bodas-en-la-intimidad","status":"publish","type":"post","link":"https:\/\/www.fotografo-profesional.net\/diario\/2021\/12\/10\/fotografia-de-bodas-en-la-intimidad\/","title":{"rendered":"Fotograf\u00eda de bodas en la intimidad"},"content":{"rendered":"\r\n<p>Hay parejas que deciden celebrar sus bodas en la intimidad por lo que piensan que el <a href=\"https:\/\/www.fotografo-profesional.net\/portfolio\/fotografia-de-bodas\/\"><span style=\"color: #0000ff;\">reportaje fotogr\u00e1fico<\/span><\/a> tiene que ser m\u00e1s econ\u00f3mico. Sobre todo si, adem\u00e1s, contratan a un fot\u00f3grafo de bodas barato. Pues depende&#8230; El n\u00famero de invitados no solo marca el<a href=\"https:\/\/www.fotografo-profesional.net\/diario\/2020\/07\/17\/tarifas-de-fotografo-de-bodas-barato-en-madrid\/\"><span style=\"color: #0000ff;\"> precio del reportaje<\/span><\/a>. No es lo m\u00e1s determinante. Es m\u00e1s importante el n\u00famero de horas que tenga que trabajar el fot\u00f3grafo profesional. A menos horas contratadas, menor precio; pero m\u00e1s cara saldr\u00e1 la hora de trabajo del fot\u00f3grafo. Simplemente porque, si contrat\u00e1is a un fot\u00f3grafo de bodas por cuatro horas, por muy barato que sea, el resto de horas del d\u00eda no las podr\u00e1 emplear en otro reportaje. As\u00ed, cada hora de trabajo de esas cuatro os saldr\u00e1 m\u00e1s cara que si tuviera que estar toda la jornada. Es decir: el precio total de reportaje ser\u00e1 menor pero el de cada hora, mayor.<\/p>\r\n<p>Con respecto al precio de las bodas celebradas en la m\u00e1s estricta intimidad ocurre algo parecido. Lo m\u00e1s importante en cuanto al precio siempre es el tiempo que est\u00e9n trabajando los fot\u00f3grafos profesionales. Se trate de un fot\u00f3grafo de bodas barato o no. Si ha sido contratado por la jornada completa, el fot\u00f3grafo va a estar haciendo fotos continuamente, como buen profesional. Da igual si son a los novios o a los invitados (sean estos muchos o pocos). <\/p>\r\n<p>Y que nadie piense que en ese reportaje de bodas celebradas en la intimidad habr\u00e1 muchas fotograf\u00edas que no merezcan la pena; qu\u00e9 va. Todas las entregadas en el \u00e1lbum o <a href=\"https:\/\/www.fotografo-profesional.net\/diario\/2020\/07\/10\/reportaje-de-boda-entregado-en-pendrive\/\"><span style=\"color: #0000ff;\">en el pendrive<\/span> <\/a>ser\u00e1n interesantes y de calidad. Aunque vuestras bodas se celebren en la intimidad, <span style=\"color: #0000ff;\">en un ayuntamiento<\/span> o en una <span style=\"color: #0000ff;\">ermita perdida en medio del monte<\/span> a la que solo invit\u00e9is a los padrinos y testigos. <br \/><br \/>Pod\u00e9is estar seguros de que <a href=\"https:\/\/www.fotografo-profesional.net\/diario\/2019\/12\/13\/fotografo-de-bodas-a-buen-precio\/\"><span style=\"color: #0000ff;\">os va a gustar el reportaje<\/span><\/a> que os entregue el fot\u00f3grafo, si es profesional. Si no lo es, habr\u00eda que verlo para creerlo&#8230;<br \/><br \/><\/p>\r\n","protected":false},"excerpt":{"rendered":"<p>Hay parejas que deciden celebrar sus bodas en la intimidad por lo que piensan que el reportaje fotogr\u00e1fico tiene que ser m\u00e1s econ\u00f3mico. Sobre todo si, adem\u00e1s, contratan a un fot\u00f3grafo de bodas barato. Pues depende&#8230; El n\u00famero de invitados no solo marca el precio del reportaje. No es lo m\u00e1s determinante. Es m\u00e1s importante [&hellip;]<\/p>\n","protected":false},"author":2,"featured_media":0,"comment_status":"closed","ping_status":"open","sticky":false,"template":"","format":"standard","meta":[],"categories":[175,254,171,255,45,406,172],"tags":[464,290,486,291,99,348,811,565,606,642,133,284,338,814,454,813,452],"yoast_head":"<!-- This site is optimized with the Yoast SEO plugin v20.8 - https:\/\/yoast.com\/wordpress\/plugins\/seo\/ -->\n<title>Fotograf\u00eda de bodas en la intimidad - Luis Miguel del Campo<\/title>\n<meta name=\"description\" content=\"Los reportajes de bodas celebrados en la intimidad no tienen por qu\u00e9 ser m\u00e1s baratos que aquellos en los que hay muchos invitados.\" \/>\n<meta name=\"robots\" content=\"index, follow, max-snippet:-1, max-image-preview:large, max-video-preview:-1\" \/>\n<link rel=\"canonical\" href=\"https:\/\/www.fotografo-profesional.net\/diario\/2021\/12\/10\/fotografia-de-bodas-en-la-intimidad\/\" \/>\n<meta property=\"og:locale\" content=\"es_ES\" \/>\n<meta property=\"og:type\" content=\"article\" \/>\n<meta property=\"og:title\" content=\"Fotograf\u00eda de bodas en la intimidad - Luis Miguel del Campo\" \/>\n<meta property=\"og:description\" content=\"Los reportajes de bodas celebrados en la intimidad no tienen por qu\u00e9 ser m\u00e1s baratos que aquellos en los que hay muchos invitados.\" \/>\n<meta property=\"og:url\" content=\"https:\/\/www.fotografo-profesional.net\/diario\/2021\/12\/10\/fotografia-de-bodas-en-la-intimidad\/\" \/>\n<meta property=\"og:site_name\" content=\"Luis Miguel del Campo\" \/>\n<meta property=\"article:published_time\" content=\"2021-12-10T18:03:44+00:00\" \/>\n<meta name=\"author\" content=\"Luis Miguel del Campo\" \/>\n<meta name=\"twitter:card\" content=\"summary_large_image\" \/>\n<meta name=\"twitter:label1\" content=\"Escrito por\" \/>\n\t<meta name=\"twitter:data1\" content=\"Luis Miguel del Campo\" \/>\n\t<meta name=\"twitter:label2\" content=\"Tiempo de lectura\" \/>\n\t<meta name=\"twitter:data2\" content=\"2 minutos\" \/>\n<script type=\"application\/ld+json\" class=\"yoast-schema-graph\">{\"@context\":\"https:\/\/schema.org\",\"@graph\":[{\"@type\":\"WebPage\",\"@id\":\"https:\/\/www.fotografo-profesional.net\/diario\/2021\/12\/10\/fotografia-de-bodas-en-la-intimidad\/\",\"url\":\"https:\/\/www.fotografo-profesional.net\/diario\/2021\/12\/10\/fotografia-de-bodas-en-la-intimidad\/\",\"name\":\"Fotograf\u00eda de bodas en la intimidad - Luis Miguel del Campo\",\"isPartOf\":{\"@id\":\"https:\/\/www.fotografo-profesional.net\/diario\/#website\"},\"datePublished\":\"2021-12-10T18:03:44+00:00\",\"dateModified\":\"2021-12-10T18:03:44+00:00\",\"author\":{\"@id\":\"https:\/\/www.fotografo-profesional.net\/diario\/#\/schema\/person\/220504871d765b4c30a0af1d2fe93533\"},\"description\":\"Los reportajes de bodas celebrados en la intimidad no tienen por qu\u00e9 ser m\u00e1s baratos que aquellos en los que hay muchos invitados.\",\"breadcrumb\":{\"@id\":\"https:\/\/www.fotografo-profesional.net\/diario\/2021\/12\/10\/fotografia-de-bodas-en-la-intimidad\/#breadcrumb\"},\"inLanguage\":\"es\",\"potentialAction\":[{\"@type\":\"ReadAction\",\"target\":[\"https:\/\/www.fotografo-profesional.net\/diario\/2021\/12\/10\/fotografia-de-bodas-en-la-intimidad\/\"]}]},{\"@type\":\"BreadcrumbList\",\"@id\":\"https:\/\/www.fotografo-profesional.net\/diario\/2021\/12\/10\/fotografia-de-bodas-en-la-intimidad\/#breadcrumb\",\"itemListElement\":[{\"@type\":\"ListItem\",\"position\":1,\"name\":\"Inicio\",\"item\":\"https:\/\/www.fotografo-profesional.net\/diario\/\"},{\"@type\":\"ListItem\",\"position\":2,\"name\":\"Fotograf\u00eda de bodas en la intimidad\"}]},{\"@type\":\"WebSite\",\"@id\":\"https:\/\/www.fotografo-profesional.net\/diario\/#website\",\"url\":\"https:\/\/www.fotografo-profesional.net\/diario\/\",\"name\":\"Luis Miguel del Campo\",\"description\":\"Blog de un fot\u00f3grafo profesional\",\"potentialAction\":[{\"@type\":\"SearchAction\",\"target\":{\"@type\":\"EntryPoint\",\"urlTemplate\":\"https:\/\/www.fotografo-profesional.net\/diario\/?s={search_term_string}\"},\"query-input\":\"required name=search_term_string\"}],\"inLanguage\":\"es\"},{\"@type\":\"Person\",\"@id\":\"https:\/\/www.fotografo-profesional.net\/diario\/#\/schema\/person\/220504871d765b4c30a0af1d2fe93533\",\"name\":\"Luis Miguel del Campo\",\"image\":{\"@type\":\"ImageObject\",\"inLanguage\":\"es\",\"@id\":\"https:\/\/www.fotografo-profesional.net\/diario\/#\/schema\/person\/image\/\",\"url\":\"https:\/\/secure.gravatar.com\/avatar\/84bb1120095136de86f122a882a42d61?s=96&d=mm&r=g\",\"contentUrl\":\"https:\/\/secure.gravatar.com\/avatar\/84bb1120095136de86f122a882a42d61?s=96&d=mm&r=g\",\"caption\":\"Luis Miguel del Campo\"},\"url\":\"https:\/\/www.fotografo-profesional.net\/diario\/author\/admin_lmdc\/\"}]}<\/script>\n<!-- \/ Yoast SEO plugin. -->","yoast_head_json":{"title":"Fotograf\u00eda de bodas en la intimidad - Luis Miguel del Campo","description":"Los reportajes de bodas celebrados en la intimidad no tienen por qu\u00e9 ser m\u00e1s baratos que aquellos en los que hay muchos invitados.","robots":{"index":"index","follow":"follow","max-snippet":"max-snippet:-1","max-image-preview":"max-image-preview:large","max-video-preview":"max-video-preview:-1"},"canonical":"https:\/\/www.fotografo-profesional.net\/diario\/2021\/12\/10\/fotografia-de-bodas-en-la-intimidad\/","og_locale":"es_ES","og_type":"article","og_title":"Fotograf\u00eda de bodas en la intimidad - Luis Miguel del Campo","og_description":"Los reportajes de bodas celebrados en la intimidad no tienen por qu\u00e9 ser m\u00e1s baratos que aquellos en los que hay muchos invitados.","og_url":"https:\/\/www.fotografo-profesional.net\/diario\/2021\/12\/10\/fotografia-de-bodas-en-la-intimidad\/","og_site_name":"Luis Miguel del Campo","article_published_time":"2021-12-10T18:03:44+00:00","author":"Luis Miguel del Campo","twitter_card":"summary_large_image","twitter_misc":{"Escrito por":"Luis Miguel del Campo","Tiempo de lectura":"2 minutos"},"schema":{"@context":"https:\/\/schema.org","@graph":[{"@type":"WebPage","@id":"https:\/\/www.fotografo-profesional.net\/diario\/2021\/12\/10\/fotografia-de-bodas-en-la-intimidad\/","url":"https:\/\/www.fotografo-profesional.net\/diario\/2021\/12\/10\/fotografia-de-bodas-en-la-intimidad\/","name":"Fotograf\u00eda de bodas en la intimidad - Luis Miguel del Campo","isPartOf":{"@id":"https:\/\/www.fotografo-profesional.net\/diario\/#website"},"datePublished":"2021-12-10T18:03:44+00:00","dateModified":"2021-12-10T18:03:44+00:00","author":{"@id":"https:\/\/www.fotografo-profesional.net\/diario\/#\/schema\/person\/220504871d765b4c30a0af1d2fe93533"},"description":"Los reportajes de bodas celebrados en la intimidad no tienen por qu\u00e9 ser m\u00e1s baratos que aquellos en los que hay muchos invitados.","breadcrumb":{"@id":"https:\/\/www.fotografo-profesional.net\/diario\/2021\/12\/10\/fotografia-de-bodas-en-la-intimidad\/#breadcrumb"},"inLanguage":"es","potentialAction":[{"@type":"ReadAction","target":["https:\/\/www.fotografo-profesional.net\/diario\/2021\/12\/10\/fotografia-de-bodas-en-la-intimidad\/"]}]},{"@type":"BreadcrumbList","@id":"https:\/\/www.fotografo-profesional.net\/diario\/2021\/12\/10\/fotografia-de-bodas-en-la-intimidad\/#breadcrumb","itemListElement":[{"@type":"ListItem","position":1,"name":"Inicio","item":"https:\/\/www.fotografo-profesional.net\/diario\/"},{"@type":"ListItem","position":2,"name":"Fotograf\u00eda de bodas en la intimidad"}]},{"@type":"WebSite","@id":"https:\/\/www.fotografo-profesional.net\/diario\/#website","url":"https:\/\/www.fotografo-profesional.net\/diario\/","name":"Luis Miguel del Campo","description":"Blog de un fot\u00f3grafo profesional","potentialAction":[{"@type":"SearchAction","target":{"@type":"EntryPoint","urlTemplate":"https:\/\/www.fotografo-profesional.net\/diario\/?s={search_term_string}"},"query-input":"required name=search_term_string"}],"inLanguage":"es"},{"@type":"Person","@id":"https:\/\/www.fotografo-profesional.net\/diario\/#\/schema\/person\/220504871d765b4c30a0af1d2fe93533","name":"Luis Miguel del Campo","image":{"@type":"ImageObject","inLanguage":"es","@id":"https:\/\/www.fotografo-profesional.net\/diario\/#\/schema\/person\/image\/","url":"https:\/\/secure.gravatar.com\/avatar\/84bb1120095136de86f122a882a42d61?s=96&d=mm&r=g","contentUrl":"https:\/\/secure.gravatar.com\/avatar\/84bb1120095136de86f122a882a42d61?s=96&d=mm&r=g","caption":"Luis Miguel del Campo"},"url":"https:\/\/www.fotografo-profesional.net\/diario\/author\/admin_lmdc\/"}]}},"_links":{"self":[{"href":"https:\/\/www.fotografo-profesional.net\/diario\/wp-json\/wp\/v2\/posts\/3091"}],"collection":[{"href":"https:\/\/www.fotografo-profesional.net\/diario\/wp-json\/wp\/v2\/posts"}],"about":[{"href":"https:\/\/www.fotografo-profesional.net\/diario\/wp-json\/wp\/v2\/types\/post"}],"author":[{"embeddable":true,"href":"https:\/\/www.fotografo-profesional.net\/diario\/wp-json\/wp\/v2\/users\/2"}],"replies":[{"embeddable":true,"href":"https:\/\/www.fotografo-profesional.net\/diario\/wp-json\/wp\/v2\/comments?post=3091"}],"version-history":[{"count":2,"href":"https:\/\/www.fotografo-profesional.net\/diario\/wp-json\/wp\/v2\/posts\/3091\/revisions"}],"predecessor-version":[{"id":3105,"href":"https:\/\/www.fotografo-profesional.net\/diario\/wp-json\/wp\/v2\/posts\/3091\/revisions\/3105"}],"wp:attachment":[{"href":"https:\/\/www.fotografo-profesional.net\/diario\/wp-json\/wp\/v2\/media?parent=3091"}],"wp:term":[{"taxonomy":"category","embeddable":true,"href":"https:\/\/www.fotografo-profesional.net\/diario\/wp-json\/wp\/v2\/categories?post=3091"},{"taxonomy":"post_tag","embeddable":true,"href":"https:\/\/www.fotografo-profesional.net\/diario\/wp-json\/wp\/v2\/tags?post=3091"}],"curies":[{"name":"wp","href":"https:\/\/api.w.org\/{rel}","templated":true}]}}