{"id":314,"date":"2018-11-11T16:48:16","date_gmt":"2018-11-11T15:48:16","guid":{"rendered":"https:\/\/www.fotografo-profesional.net\/diario\/?p=314"},"modified":"2020-04-25T19:33:03","modified_gmt":"2020-04-25T17:33:03","slug":"fotografia-eficaz-de-catalogo","status":"publish","type":"post","link":"https:\/\/www.fotografo-profesional.net\/diario\/2018\/11\/11\/fotografia-eficaz-de-catalogo\/","title":{"rendered":"Fotograf\u00eda eficaz de cat\u00e1logo"},"content":{"rendered":"<p><img decoding=\"async\" class=\"wp-image-335 size-full alignright\" src=\"https:\/\/www.fotografo-profesional.net\/diario\/wp-content\/uploads\/2018\/11\/Fotograf\u00eda-de-producto-004.jpg\" alt=\"Fotograf\u00eda de cat\u00e1logo por fot\u00f3grafo en Madrid\" width=\"382\" height=\"509\" srcset=\"https:\/\/www.fotografo-profesional.net\/diario\/wp-content\/uploads\/2018\/11\/Fotograf\u00eda-de-producto-004.jpg 382w, https:\/\/www.fotografo-profesional.net\/diario\/wp-content\/uploads\/2018\/11\/Fotograf\u00eda-de-producto-004-225x300.jpg 225w\" sizes=\"(max-width: 382px) 100vw, 382px\" \/><\/p>\n<p>Hay ocasiones en las que la<strong> fotograf\u00eda de cat\u00e1logo <\/strong>no resulta f\u00e1cil de resolver. Hace unos a\u00f1os me encargaron el cat\u00e1logo de una empresa que ofrec\u00eda comida mexicana precocinada. Hay pocas cosas menos fotogr\u00e1ficas que una lata de comida preparada.<br \/>\nEn este caso ten\u00eda la ventaja de que la fotograf\u00eda que utilizaba la marca para ilustrar la comida en la etiqueta de la lata por lo menos era vistosa y colorida, algo que ayudaba en parte a que el fot\u00f3grafo pudiera conseguir una imagen sugerente y atrayente, dentro de lo posible.<\/p>\n<p>Decid\u00ed que el fondo no fuera blanco, porque est\u00e1 demasiado visto y no resulta muy c\u00e1lido, as\u00ed que le di ese tono gris\u00e1ceo para salirme un poco de la rutina de la <span style=\"color: #000000;\">fotograf\u00eda de cat\u00e1logo<\/span>; con el benepl\u00e1cito del cliente, por supuesto. Adem\u00e1s iba bien con el color azul de la etiqueta y no resultaba mon\u00f3tono ni aburrido, algo imperdonable en la <em><a href=\"https:\/\/www.fotografo-profesional.net\/portfolio\/fotografia-publicitaria\/\">fotograf\u00eda publicitaria<\/a><\/em>.<\/p>\n<p>El siguiente paso era crear una iluminaci\u00f3n que, sin llamar demasiado la atenci\u00f3n para que esta se centrara en el producto, creara una sombra suave que resaltara con los contornos duros de la lata de comida.<br \/>\nAs\u00ed que<strong> utilic\u00e9 una iluminaci\u00f3n lateral como fuente principal de iluminaci\u00f3n,<\/strong> otro flash que iluminaba la lata desde abajo para suavizar la sombra y el fondo, y una luz de relleno para la parte izquierda de la fotograf\u00eda.<\/p>\n<p>El anterior fue el <strong>esquema b\u00e1sico de iluminaci\u00f3n<\/strong> que <a href=\"https:\/\/www.fotografo-profesional.net\/diario\/2018\/03\/03\/fotografia-de-producto-para-catalogo\/\"><span style=\"color: #3366ff;\"><em>utilic\u00e9 para todas las latas del <\/em><\/span><\/a><strong><span style=\"color: #3366ff;\"><em>cat\u00e1logo <\/em><\/span>de producto<\/strong> de la marca. Tan solo hice peque\u00f1as modificaciones seg\u00fan fuera el color predominante en la etiqueta de cada plato de la gastronom\u00eda mexicana, variando el color del fondo sobre el que se apoyaba la respectiva lata y suavizando o endureciendo la iluminaci\u00f3n principal seg\u00fan requiriese cada muestra.<\/p>\n<h5>Otros esquemas de iluminaci\u00f3n<\/h5>\n<p>Tambi\u00e9n tuve que hacer una fotograf\u00eda en la que aparecieran todas las variedades de latas que conformaban el cat\u00e1logo de comidas preparadas de la empresa, pero esa iluminaci\u00f3n requiri\u00f3 algo m\u00e1s de trabajo.<\/p>\n<p>Cada <a href=\"https:\/\/www.fotografo-profesional.net\/diario\/2018\/09\/26\/fotografia-para-publicidad-en-madrid\/\"><span style=\"color: #0000ff;\"><em>trabajo de publicidad<\/em><\/span> <\/a>requiere una iluminaci\u00f3n espec\u00edfica.<\/p>\n","protected":false},"excerpt":{"rendered":"<p>Hay ocasiones en las que la fotograf\u00eda de cat\u00e1logo no resulta f\u00e1cil de resolver. Hace unos a\u00f1os me encargaron el cat\u00e1logo de una empresa que ofrec\u00eda comida mexicana precocinada. Hay pocas cosas menos fotogr\u00e1ficas que una lata de comida preparada. En este caso ten\u00eda la ventaja de que la fotograf\u00eda que utilizaba la marca para [&hellip;]<\/p>\n","protected":false},"author":2,"featured_media":335,"comment_status":"closed","ping_status":"open","sticky":false,"template":"","format":"standard","meta":[],"categories":[88,19,18],"tags":[90,22,24,89,25,21,117,59,119,120,307],"yoast_head":"<!-- This site is optimized with the Yoast SEO plugin v20.8 - https:\/\/yoast.com\/wordpress\/plugins\/seo\/ -->\n<title>Fotograf\u00eda eficaz de cat\u00e1logo - Luis Miguel del Campo<\/title>\n<meta name=\"description\" content=\"Indicaciones a seguir en la elaboraci\u00f3n de una fotograf\u00eda de cat\u00e1logo para hacer el producto atrayente al p\u00fablico al que va dirigido.\" \/>\n<meta name=\"robots\" content=\"index, follow, max-snippet:-1, max-image-preview:large, max-video-preview:-1\" \/>\n<link rel=\"canonical\" href=\"https:\/\/www.fotografo-profesional.net\/diario\/2018\/11\/11\/fotografia-eficaz-de-catalogo\/\" \/>\n<meta property=\"og:locale\" content=\"es_ES\" \/>\n<meta property=\"og:type\" content=\"article\" \/>\n<meta property=\"og:title\" content=\"Fotograf\u00eda eficaz de cat\u00e1logo - Luis Miguel del Campo\" \/>\n<meta property=\"og:description\" content=\"Indicaciones a seguir en la elaboraci\u00f3n de una fotograf\u00eda de cat\u00e1logo para hacer el producto atrayente al p\u00fablico al que va dirigido.\" \/>\n<meta property=\"og:url\" content=\"https:\/\/www.fotografo-profesional.net\/diario\/2018\/11\/11\/fotografia-eficaz-de-catalogo\/\" \/>\n<meta property=\"og:site_name\" content=\"Luis Miguel del Campo\" \/>\n<meta property=\"article:published_time\" content=\"2018-11-11T15:48:16+00:00\" \/>\n<meta property=\"article:modified_time\" content=\"2020-04-25T17:33:03+00:00\" \/>\n<meta property=\"og:image\" content=\"https:\/\/www.fotografo-profesional.net\/diario\/wp-content\/uploads\/2018\/11\/Fotograf\u00eda-de-producto-004.jpg\" \/>\n\t<meta property=\"og:image:width\" content=\"382\" \/>\n\t<meta property=\"og:image:height\" content=\"509\" \/>\n\t<meta property=\"og:image:type\" content=\"image\/jpeg\" \/>\n<meta name=\"author\" content=\"Luis Miguel del Campo\" \/>\n<meta name=\"twitter:card\" content=\"summary_large_image\" \/>\n<meta name=\"twitter:label1\" content=\"Escrito por\" \/>\n\t<meta name=\"twitter:data1\" content=\"Luis Miguel del Campo\" \/>\n\t<meta name=\"twitter:label2\" content=\"Tiempo de lectura\" \/>\n\t<meta name=\"twitter:data2\" content=\"2 minutos\" \/>\n<script type=\"application\/ld+json\" class=\"yoast-schema-graph\">{\"@context\":\"https:\/\/schema.org\",\"@graph\":[{\"@type\":\"WebPage\",\"@id\":\"https:\/\/www.fotografo-profesional.net\/diario\/2018\/11\/11\/fotografia-eficaz-de-catalogo\/\",\"url\":\"https:\/\/www.fotografo-profesional.net\/diario\/2018\/11\/11\/fotografia-eficaz-de-catalogo\/\",\"name\":\"Fotograf\u00eda eficaz de cat\u00e1logo - Luis Miguel del Campo\",\"isPartOf\":{\"@id\":\"https:\/\/www.fotografo-profesional.net\/diario\/#website\"},\"datePublished\":\"2018-11-11T15:48:16+00:00\",\"dateModified\":\"2020-04-25T17:33:03+00:00\",\"author\":{\"@id\":\"https:\/\/www.fotografo-profesional.net\/diario\/#\/schema\/person\/220504871d765b4c30a0af1d2fe93533\"},\"description\":\"Indicaciones a seguir en la elaboraci\u00f3n de una fotograf\u00eda de cat\u00e1logo para hacer el producto atrayente al p\u00fablico al que va dirigido.\",\"breadcrumb\":{\"@id\":\"https:\/\/www.fotografo-profesional.net\/diario\/2018\/11\/11\/fotografia-eficaz-de-catalogo\/#breadcrumb\"},\"inLanguage\":\"es\",\"potentialAction\":[{\"@type\":\"ReadAction\",\"target\":[\"https:\/\/www.fotografo-profesional.net\/diario\/2018\/11\/11\/fotografia-eficaz-de-catalogo\/\"]}]},{\"@type\":\"BreadcrumbList\",\"@id\":\"https:\/\/www.fotografo-profesional.net\/diario\/2018\/11\/11\/fotografia-eficaz-de-catalogo\/#breadcrumb\",\"itemListElement\":[{\"@type\":\"ListItem\",\"position\":1,\"name\":\"Inicio\",\"item\":\"https:\/\/www.fotografo-profesional.net\/diario\/\"},{\"@type\":\"ListItem\",\"position\":2,\"name\":\"Fotograf\u00eda eficaz de cat\u00e1logo\"}]},{\"@type\":\"WebSite\",\"@id\":\"https:\/\/www.fotografo-profesional.net\/diario\/#website\",\"url\":\"https:\/\/www.fotografo-profesional.net\/diario\/\",\"name\":\"Luis Miguel del Campo\",\"description\":\"Blog de un fot\u00f3grafo profesional\",\"potentialAction\":[{\"@type\":\"SearchAction\",\"target\":{\"@type\":\"EntryPoint\",\"urlTemplate\":\"https:\/\/www.fotografo-profesional.net\/diario\/?s={search_term_string}\"},\"query-input\":\"required name=search_term_string\"}],\"inLanguage\":\"es\"},{\"@type\":\"Person\",\"@id\":\"https:\/\/www.fotografo-profesional.net\/diario\/#\/schema\/person\/220504871d765b4c30a0af1d2fe93533\",\"name\":\"Luis Miguel del Campo\",\"image\":{\"@type\":\"ImageObject\",\"inLanguage\":\"es\",\"@id\":\"https:\/\/www.fotografo-profesional.net\/diario\/#\/schema\/person\/image\/\",\"url\":\"https:\/\/secure.gravatar.com\/avatar\/84bb1120095136de86f122a882a42d61?s=96&d=mm&r=g\",\"contentUrl\":\"https:\/\/secure.gravatar.com\/avatar\/84bb1120095136de86f122a882a42d61?s=96&d=mm&r=g\",\"caption\":\"Luis Miguel del Campo\"},\"url\":\"https:\/\/www.fotografo-profesional.net\/diario\/author\/admin_lmdc\/\"}]}<\/script>\n<!-- \/ Yoast SEO plugin. -->","yoast_head_json":{"title":"Fotograf\u00eda eficaz de cat\u00e1logo - Luis Miguel del Campo","description":"Indicaciones a seguir en la elaboraci\u00f3n de una fotograf\u00eda de cat\u00e1logo para hacer el producto atrayente al p\u00fablico al que va dirigido.","robots":{"index":"index","follow":"follow","max-snippet":"max-snippet:-1","max-image-preview":"max-image-preview:large","max-video-preview":"max-video-preview:-1"},"canonical":"https:\/\/www.fotografo-profesional.net\/diario\/2018\/11\/11\/fotografia-eficaz-de-catalogo\/","og_locale":"es_ES","og_type":"article","og_title":"Fotograf\u00eda eficaz de cat\u00e1logo - Luis Miguel del Campo","og_description":"Indicaciones a seguir en la elaboraci\u00f3n de una fotograf\u00eda de cat\u00e1logo para hacer el producto atrayente al p\u00fablico al que va dirigido.","og_url":"https:\/\/www.fotografo-profesional.net\/diario\/2018\/11\/11\/fotografia-eficaz-de-catalogo\/","og_site_name":"Luis Miguel del Campo","article_published_time":"2018-11-11T15:48:16+00:00","article_modified_time":"2020-04-25T17:33:03+00:00","og_image":[{"width":382,"height":509,"url":"https:\/\/www.fotografo-profesional.net\/diario\/wp-content\/uploads\/2018\/11\/Fotograf\u00eda-de-producto-004.jpg","type":"image\/jpeg"}],"author":"Luis Miguel del Campo","twitter_card":"summary_large_image","twitter_misc":{"Escrito por":"Luis Miguel del Campo","Tiempo de lectura":"2 minutos"},"schema":{"@context":"https:\/\/schema.org","@graph":[{"@type":"WebPage","@id":"https:\/\/www.fotografo-profesional.net\/diario\/2018\/11\/11\/fotografia-eficaz-de-catalogo\/","url":"https:\/\/www.fotografo-profesional.net\/diario\/2018\/11\/11\/fotografia-eficaz-de-catalogo\/","name":"Fotograf\u00eda eficaz de cat\u00e1logo - Luis Miguel del Campo","isPartOf":{"@id":"https:\/\/www.fotografo-profesional.net\/diario\/#website"},"datePublished":"2018-11-11T15:48:16+00:00","dateModified":"2020-04-25T17:33:03+00:00","author":{"@id":"https:\/\/www.fotografo-profesional.net\/diario\/#\/schema\/person\/220504871d765b4c30a0af1d2fe93533"},"description":"Indicaciones a seguir en la elaboraci\u00f3n de una fotograf\u00eda de cat\u00e1logo para hacer el producto atrayente al p\u00fablico al que va dirigido.","breadcrumb":{"@id":"https:\/\/www.fotografo-profesional.net\/diario\/2018\/11\/11\/fotografia-eficaz-de-catalogo\/#breadcrumb"},"inLanguage":"es","potentialAction":[{"@type":"ReadAction","target":["https:\/\/www.fotografo-profesional.net\/diario\/2018\/11\/11\/fotografia-eficaz-de-catalogo\/"]}]},{"@type":"BreadcrumbList","@id":"https:\/\/www.fotografo-profesional.net\/diario\/2018\/11\/11\/fotografia-eficaz-de-catalogo\/#breadcrumb","itemListElement":[{"@type":"ListItem","position":1,"name":"Inicio","item":"https:\/\/www.fotografo-profesional.net\/diario\/"},{"@type":"ListItem","position":2,"name":"Fotograf\u00eda eficaz de cat\u00e1logo"}]},{"@type":"WebSite","@id":"https:\/\/www.fotografo-profesional.net\/diario\/#website","url":"https:\/\/www.fotografo-profesional.net\/diario\/","name":"Luis Miguel del Campo","description":"Blog de un fot\u00f3grafo profesional","potentialAction":[{"@type":"SearchAction","target":{"@type":"EntryPoint","urlTemplate":"https:\/\/www.fotografo-profesional.net\/diario\/?s={search_term_string}"},"query-input":"required name=search_term_string"}],"inLanguage":"es"},{"@type":"Person","@id":"https:\/\/www.fotografo-profesional.net\/diario\/#\/schema\/person\/220504871d765b4c30a0af1d2fe93533","name":"Luis Miguel del Campo","image":{"@type":"ImageObject","inLanguage":"es","@id":"https:\/\/www.fotografo-profesional.net\/diario\/#\/schema\/person\/image\/","url":"https:\/\/secure.gravatar.com\/avatar\/84bb1120095136de86f122a882a42d61?s=96&d=mm&r=g","contentUrl":"https:\/\/secure.gravatar.com\/avatar\/84bb1120095136de86f122a882a42d61?s=96&d=mm&r=g","caption":"Luis Miguel del Campo"},"url":"https:\/\/www.fotografo-profesional.net\/diario\/author\/admin_lmdc\/"}]}},"_links":{"self":[{"href":"https:\/\/www.fotografo-profesional.net\/diario\/wp-json\/wp\/v2\/posts\/314"}],"collection":[{"href":"https:\/\/www.fotografo-profesional.net\/diario\/wp-json\/wp\/v2\/posts"}],"about":[{"href":"https:\/\/www.fotografo-profesional.net\/diario\/wp-json\/wp\/v2\/types\/post"}],"author":[{"embeddable":true,"href":"https:\/\/www.fotografo-profesional.net\/diario\/wp-json\/wp\/v2\/users\/2"}],"replies":[{"embeddable":true,"href":"https:\/\/www.fotografo-profesional.net\/diario\/wp-json\/wp\/v2\/comments?post=314"}],"version-history":[{"count":10,"href":"https:\/\/www.fotografo-profesional.net\/diario\/wp-json\/wp\/v2\/posts\/314\/revisions"}],"predecessor-version":[{"id":1795,"href":"https:\/\/www.fotografo-profesional.net\/diario\/wp-json\/wp\/v2\/posts\/314\/revisions\/1795"}],"wp:featuredmedia":[{"embeddable":true,"href":"https:\/\/www.fotografo-profesional.net\/diario\/wp-json\/wp\/v2\/media\/335"}],"wp:attachment":[{"href":"https:\/\/www.fotografo-profesional.net\/diario\/wp-json\/wp\/v2\/media?parent=314"}],"wp:term":[{"taxonomy":"category","embeddable":true,"href":"https:\/\/www.fotografo-profesional.net\/diario\/wp-json\/wp\/v2\/categories?post=314"},{"taxonomy":"post_tag","embeddable":true,"href":"https:\/\/www.fotografo-profesional.net\/diario\/wp-json\/wp\/v2\/tags?post=314"}],"curies":[{"name":"wp","href":"https:\/\/api.w.org\/{rel}","templated":true}]}}