{"id":3146,"date":"2022-01-25T22:55:30","date_gmt":"2022-01-25T21:55:30","guid":{"rendered":"https:\/\/www.fotografo-profesional.net\/diario\/?p=3146"},"modified":"2022-01-25T23:13:37","modified_gmt":"2022-01-25T22:13:37","slug":"muestras-fotograficas-durante-2021","status":"publish","type":"post","link":"https:\/\/www.fotografo-profesional.net\/diario\/2022\/01\/25\/muestras-fotograficas-durante-2021\/","title":{"rendered":"Muestras fotogr\u00e1ficas durante 2021"},"content":{"rendered":"\r\n<p>De las muestras fotogr\u00e1ficas estatales, la de mayor envergadura e importancia es PHotoESPA\u00d1A. En la edici\u00f3n de 2021 volvi\u00f3 a ofrecer muy interesantes exposiciones de grandes fot\u00f3grafos con significativas carreras profesionales. Unos m\u00e1s conocidos por el gran p\u00fablico; otros, totalmente desconocidos pese a su importancia en la historia de la fotograf\u00eda.<\/p>\r\n<p>Este \u00faltimo ser\u00eda el caso de <a href=\"https:\/\/www.fotografo-profesional.net\/diario\/2021\/11\/02\/margaret-watkins-retrospectiva-en-madrid\/\"><span style=\"color: #0000ff;\">la fot\u00f3grafa Margaret Watkins<\/span><\/a>, de una trayectoria profesional que anticipar\u00eda posturas est\u00e9ticas y conceptuales posteriores. Otra mujer, <a href=\"https:\/\/www.fotografo-profesional.net\/diario\/2021\/10\/12\/los-inicios-de-ouka-leele-en-el-arte\/\"><span style=\"color: #0000ff;\">Ouka Leele, comenz\u00f3<\/span><\/a> en el mundo del arte al tiempo que en Madrid surg\u00eda el fen\u00f3meno cultural conocido como La Movida. <a href=\"https:\/\/www.fotografo-profesional.net\/diario\/2021\/07\/28\/pablo-perez-minguez-revisitado\/\"><span style=\"color: #0000ff;\">Pablo P\u00e9rez-M\u00ednguez retrat\u00f3 a muchos<\/span><\/a> de sus protagonistas. De estos dos fot\u00f3grafos se han ofrecido muestras fotogr\u00e1ficas de sus carreras profesionales en esta edici\u00f3n de PHotoESPA\u00d1A en Madrid.<\/p>\r\n<p>Otro ejemplo de fot\u00f3grafa de trayectoria rupturista con la manera tradicional de concebir la fotograf\u00eda fue el de <a href=\"https:\/\/www.fotografo-profesional.net\/diario\/2021\/09\/28\/barbara-morgan-gesto-danza-y-expresionismo\/\"><span style=\"color: #0000ff;\">Barbara Morgan a lo largo de su vida<\/span> <\/a>profesional. Ejemplo de b\u00fasqueda personal en nuestros d\u00edas son los de las <a href=\"https:\/\/www.fotografo-profesional.net\/diario\/2021\/08\/17\/montserrat-soto-doom-city\/\"><span style=\"color: #0000ff;\">fot\u00f3grafas Monserrat Soto y<\/span><\/a> Merilene Ribero; sus muestras fotogr\u00e1ficas las albergaron el Real Jard\u00edn Bot\u00e1nico y la Casa de Am\u00e9rica.<\/p>\r\n<p>Tambi\u00e9n ha tenido cabida una muestra antol\u00f3gica de un fot\u00f3grafo profesional muy nombrado, <a href=\"https:\/\/www.fotografo-profesional.net\/diario\/2021\/12\/15\/alfonso-mas-que-fotografo-una-marca\/\"><span style=\"color: #0000ff;\">como Alfonso<\/span><\/a>, que en realidad eran tres personas. Su obra se pudo contemplar en la sala Canal hasta hace unos d\u00edas.<\/p>\r\n<p>Una de las mejores muestras fotogr\u00e1ficas ofrecidas en 2021 fue <a href=\"https:\/\/www.fotografo-profesional.net\/diario\/2021\/06\/29\/bill-brandt-en-photoespana-2021\/\"><span style=\"color: #0000ff;\">la obra de Bill Brandt<\/span><\/a>. Siempre sorprendente para quien la contempla por primera vez y nuevamente reveladora para el que vuelve a ella. Las mujeres, las ventanas, la luz y las sombras fueron las <a href=\"https:\/\/www.fotografo-profesional.net\/diario\/2021\/09\/14\/leopoldo-pomes-retrospectiva-en-photoespana\/\"><span style=\"color: #0000ff;\">obsesiones vitales de Leopoldo Pom\u00e9s<\/span><\/a>, que pudieron contemplarse en el Museo Cerralbo.<\/p>\r\n<p>De perfil, y en una ubicaci\u00f3n poco corriente y quiz\u00e1 no aparente, PHotoESPA\u00d1A 2021 ofreci\u00f3 varias<a href=\"https:\/\/www.fotografo-profesional.net\/diario\/2021\/12\/30\/alex-webb-y-rebecca-norris-webb-en-madrid\/\"><span style=\"color: #0000ff;\"> fotograf\u00edas de Alex Webb<\/span><\/a> y Rebecca Norris Webb. Pocas, aunque sustanciosas.<\/p>\r\n<h3>Valoraci\u00f3n<\/h3>\r\n<p>En definitiva, ha sido una muy buena edici\u00f3n teniendo en cuenta las circunstancias tana adversas para organizarla.<\/p>\r\n","protected":false},"excerpt":{"rendered":"<p>De las muestras fotogr\u00e1ficas estatales, la de mayor envergadura e importancia es PHotoESPA\u00d1A. En la edici\u00f3n de 2021 volvi\u00f3 a ofrecer muy interesantes exposiciones de grandes fot\u00f3grafos con significativas carreras profesionales. Unos m\u00e1s conocidos por el gran p\u00fablico; otros, totalmente desconocidos pese a su importancia en la historia de la fotograf\u00eda. Este \u00faltimo ser\u00eda el [&hellip;]<\/p>\n","protected":false},"author":2,"featured_media":0,"comment_status":"closed","ping_status":"open","sticky":false,"template":"","format":"standard","meta":[],"categories":[431,35,395,330,45,406,174,207,257,74],"tags":[506,329,99,348,284,338,755,823,744,740,527,730],"yoast_head":"<!-- This site is optimized with the Yoast SEO plugin v20.8 - https:\/\/yoast.com\/wordpress\/plugins\/seo\/ -->\n<title>Muestras fotogr\u00e1ficas durante 2021 - Luis Miguel del Campo<\/title>\n<meta name=\"description\" content=\"Breve resumen y valoraci\u00f3n de las muestras fotogr\u00e1ficas que se pudieron contemplar durante PHotoEspa\u00f1a 2021.\" \/>\n<meta name=\"robots\" content=\"index, follow, max-snippet:-1, max-image-preview:large, max-video-preview:-1\" \/>\n<link rel=\"canonical\" href=\"https:\/\/www.fotografo-profesional.net\/diario\/2022\/01\/25\/muestras-fotograficas-durante-2021\/\" \/>\n<meta property=\"og:locale\" content=\"es_ES\" \/>\n<meta property=\"og:type\" content=\"article\" \/>\n<meta property=\"og:title\" content=\"Muestras fotogr\u00e1ficas durante 2021 - Luis Miguel del Campo\" \/>\n<meta property=\"og:description\" content=\"Breve resumen y valoraci\u00f3n de las muestras fotogr\u00e1ficas que se pudieron contemplar durante PHotoEspa\u00f1a 2021.\" \/>\n<meta property=\"og:url\" content=\"https:\/\/www.fotografo-profesional.net\/diario\/2022\/01\/25\/muestras-fotograficas-durante-2021\/\" \/>\n<meta property=\"og:site_name\" content=\"Luis Miguel del Campo\" \/>\n<meta property=\"article:published_time\" content=\"2022-01-25T21:55:30+00:00\" \/>\n<meta property=\"article:modified_time\" content=\"2022-01-25T22:13:37+00:00\" \/>\n<meta name=\"author\" content=\"Luis Miguel del Campo\" \/>\n<meta name=\"twitter:card\" content=\"summary_large_image\" \/>\n<meta name=\"twitter:label1\" content=\"Escrito por\" \/>\n\t<meta name=\"twitter:data1\" content=\"Luis Miguel del Campo\" \/>\n\t<meta name=\"twitter:label2\" content=\"Tiempo de lectura\" \/>\n\t<meta name=\"twitter:data2\" content=\"2 minutos\" \/>\n<script type=\"application\/ld+json\" class=\"yoast-schema-graph\">{\"@context\":\"https:\/\/schema.org\",\"@graph\":[{\"@type\":\"WebPage\",\"@id\":\"https:\/\/www.fotografo-profesional.net\/diario\/2022\/01\/25\/muestras-fotograficas-durante-2021\/\",\"url\":\"https:\/\/www.fotografo-profesional.net\/diario\/2022\/01\/25\/muestras-fotograficas-durante-2021\/\",\"name\":\"Muestras fotogr\u00e1ficas durante 2021 - Luis Miguel del Campo\",\"isPartOf\":{\"@id\":\"https:\/\/www.fotografo-profesional.net\/diario\/#website\"},\"datePublished\":\"2022-01-25T21:55:30+00:00\",\"dateModified\":\"2022-01-25T22:13:37+00:00\",\"author\":{\"@id\":\"https:\/\/www.fotografo-profesional.net\/diario\/#\/schema\/person\/220504871d765b4c30a0af1d2fe93533\"},\"description\":\"Breve resumen y valoraci\u00f3n de las muestras fotogr\u00e1ficas que se pudieron contemplar durante PHotoEspa\u00f1a 2021.\",\"breadcrumb\":{\"@id\":\"https:\/\/www.fotografo-profesional.net\/diario\/2022\/01\/25\/muestras-fotograficas-durante-2021\/#breadcrumb\"},\"inLanguage\":\"es\",\"potentialAction\":[{\"@type\":\"ReadAction\",\"target\":[\"https:\/\/www.fotografo-profesional.net\/diario\/2022\/01\/25\/muestras-fotograficas-durante-2021\/\"]}]},{\"@type\":\"BreadcrumbList\",\"@id\":\"https:\/\/www.fotografo-profesional.net\/diario\/2022\/01\/25\/muestras-fotograficas-durante-2021\/#breadcrumb\",\"itemListElement\":[{\"@type\":\"ListItem\",\"position\":1,\"name\":\"Inicio\",\"item\":\"https:\/\/www.fotografo-profesional.net\/diario\/\"},{\"@type\":\"ListItem\",\"position\":2,\"name\":\"Muestras fotogr\u00e1ficas durante 2021\"}]},{\"@type\":\"WebSite\",\"@id\":\"https:\/\/www.fotografo-profesional.net\/diario\/#website\",\"url\":\"https:\/\/www.fotografo-profesional.net\/diario\/\",\"name\":\"Luis Miguel del Campo\",\"description\":\"Blog de un fot\u00f3grafo profesional\",\"potentialAction\":[{\"@type\":\"SearchAction\",\"target\":{\"@type\":\"EntryPoint\",\"urlTemplate\":\"https:\/\/www.fotografo-profesional.net\/diario\/?s={search_term_string}\"},\"query-input\":\"required name=search_term_string\"}],\"inLanguage\":\"es\"},{\"@type\":\"Person\",\"@id\":\"https:\/\/www.fotografo-profesional.net\/diario\/#\/schema\/person\/220504871d765b4c30a0af1d2fe93533\",\"name\":\"Luis Miguel del Campo\",\"image\":{\"@type\":\"ImageObject\",\"inLanguage\":\"es\",\"@id\":\"https:\/\/www.fotografo-profesional.net\/diario\/#\/schema\/person\/image\/\",\"url\":\"https:\/\/secure.gravatar.com\/avatar\/84bb1120095136de86f122a882a42d61?s=96&d=mm&r=g\",\"contentUrl\":\"https:\/\/secure.gravatar.com\/avatar\/84bb1120095136de86f122a882a42d61?s=96&d=mm&r=g\",\"caption\":\"Luis Miguel del Campo\"},\"url\":\"https:\/\/www.fotografo-profesional.net\/diario\/author\/admin_lmdc\/\"}]}<\/script>\n<!-- \/ Yoast SEO plugin. -->","yoast_head_json":{"title":"Muestras fotogr\u00e1ficas durante 2021 - Luis Miguel del Campo","description":"Breve resumen y valoraci\u00f3n de las muestras fotogr\u00e1ficas que se pudieron contemplar durante PHotoEspa\u00f1a 2021.","robots":{"index":"index","follow":"follow","max-snippet":"max-snippet:-1","max-image-preview":"max-image-preview:large","max-video-preview":"max-video-preview:-1"},"canonical":"https:\/\/www.fotografo-profesional.net\/diario\/2022\/01\/25\/muestras-fotograficas-durante-2021\/","og_locale":"es_ES","og_type":"article","og_title":"Muestras fotogr\u00e1ficas durante 2021 - Luis Miguel del Campo","og_description":"Breve resumen y valoraci\u00f3n de las muestras fotogr\u00e1ficas que se pudieron contemplar durante PHotoEspa\u00f1a 2021.","og_url":"https:\/\/www.fotografo-profesional.net\/diario\/2022\/01\/25\/muestras-fotograficas-durante-2021\/","og_site_name":"Luis Miguel del Campo","article_published_time":"2022-01-25T21:55:30+00:00","article_modified_time":"2022-01-25T22:13:37+00:00","author":"Luis Miguel del Campo","twitter_card":"summary_large_image","twitter_misc":{"Escrito por":"Luis Miguel del Campo","Tiempo de lectura":"2 minutos"},"schema":{"@context":"https:\/\/schema.org","@graph":[{"@type":"WebPage","@id":"https:\/\/www.fotografo-profesional.net\/diario\/2022\/01\/25\/muestras-fotograficas-durante-2021\/","url":"https:\/\/www.fotografo-profesional.net\/diario\/2022\/01\/25\/muestras-fotograficas-durante-2021\/","name":"Muestras fotogr\u00e1ficas durante 2021 - Luis Miguel del Campo","isPartOf":{"@id":"https:\/\/www.fotografo-profesional.net\/diario\/#website"},"datePublished":"2022-01-25T21:55:30+00:00","dateModified":"2022-01-25T22:13:37+00:00","author":{"@id":"https:\/\/www.fotografo-profesional.net\/diario\/#\/schema\/person\/220504871d765b4c30a0af1d2fe93533"},"description":"Breve resumen y valoraci\u00f3n de las muestras fotogr\u00e1ficas que se pudieron contemplar durante PHotoEspa\u00f1a 2021.","breadcrumb":{"@id":"https:\/\/www.fotografo-profesional.net\/diario\/2022\/01\/25\/muestras-fotograficas-durante-2021\/#breadcrumb"},"inLanguage":"es","potentialAction":[{"@type":"ReadAction","target":["https:\/\/www.fotografo-profesional.net\/diario\/2022\/01\/25\/muestras-fotograficas-durante-2021\/"]}]},{"@type":"BreadcrumbList","@id":"https:\/\/www.fotografo-profesional.net\/diario\/2022\/01\/25\/muestras-fotograficas-durante-2021\/#breadcrumb","itemListElement":[{"@type":"ListItem","position":1,"name":"Inicio","item":"https:\/\/www.fotografo-profesional.net\/diario\/"},{"@type":"ListItem","position":2,"name":"Muestras fotogr\u00e1ficas durante 2021"}]},{"@type":"WebSite","@id":"https:\/\/www.fotografo-profesional.net\/diario\/#website","url":"https:\/\/www.fotografo-profesional.net\/diario\/","name":"Luis Miguel del Campo","description":"Blog de un fot\u00f3grafo profesional","potentialAction":[{"@type":"SearchAction","target":{"@type":"EntryPoint","urlTemplate":"https:\/\/www.fotografo-profesional.net\/diario\/?s={search_term_string}"},"query-input":"required name=search_term_string"}],"inLanguage":"es"},{"@type":"Person","@id":"https:\/\/www.fotografo-profesional.net\/diario\/#\/schema\/person\/220504871d765b4c30a0af1d2fe93533","name":"Luis Miguel del Campo","image":{"@type":"ImageObject","inLanguage":"es","@id":"https:\/\/www.fotografo-profesional.net\/diario\/#\/schema\/person\/image\/","url":"https:\/\/secure.gravatar.com\/avatar\/84bb1120095136de86f122a882a42d61?s=96&d=mm&r=g","contentUrl":"https:\/\/secure.gravatar.com\/avatar\/84bb1120095136de86f122a882a42d61?s=96&d=mm&r=g","caption":"Luis Miguel del Campo"},"url":"https:\/\/www.fotografo-profesional.net\/diario\/author\/admin_lmdc\/"}]}},"_links":{"self":[{"href":"https:\/\/www.fotografo-profesional.net\/diario\/wp-json\/wp\/v2\/posts\/3146"}],"collection":[{"href":"https:\/\/www.fotografo-profesional.net\/diario\/wp-json\/wp\/v2\/posts"}],"about":[{"href":"https:\/\/www.fotografo-profesional.net\/diario\/wp-json\/wp\/v2\/types\/post"}],"author":[{"embeddable":true,"href":"https:\/\/www.fotografo-profesional.net\/diario\/wp-json\/wp\/v2\/users\/2"}],"replies":[{"embeddable":true,"href":"https:\/\/www.fotografo-profesional.net\/diario\/wp-json\/wp\/v2\/comments?post=3146"}],"version-history":[{"count":6,"href":"https:\/\/www.fotografo-profesional.net\/diario\/wp-json\/wp\/v2\/posts\/3146\/revisions"}],"predecessor-version":[{"id":3162,"href":"https:\/\/www.fotografo-profesional.net\/diario\/wp-json\/wp\/v2\/posts\/3146\/revisions\/3162"}],"wp:attachment":[{"href":"https:\/\/www.fotografo-profesional.net\/diario\/wp-json\/wp\/v2\/media?parent=3146"}],"wp:term":[{"taxonomy":"category","embeddable":true,"href":"https:\/\/www.fotografo-profesional.net\/diario\/wp-json\/wp\/v2\/categories?post=3146"},{"taxonomy":"post_tag","embeddable":true,"href":"https:\/\/www.fotografo-profesional.net\/diario\/wp-json\/wp\/v2\/tags?post=3146"}],"curies":[{"name":"wp","href":"https:\/\/api.w.org\/{rel}","templated":true}]}}